{"id":78273,"date":"2025-03-19T09:27:00","date_gmt":"2025-03-19T06:27:00","guid":{"rendered":"https:\/\/kibrisdakik.com\/index.php\/2025\/03\/19\/italyan-kasabasinda-kahve-parasina-ev-satiliyor\/"},"modified":"2025-03-19T09:27:00","modified_gmt":"2025-03-19T06:27:00","slug":"italyan-kasabasinda-kahve-parasina-ev-satiliyor","status":"publish","type":"post","link":"https:\/\/kibrisdakik.com\/?p=78273","title":{"rendered":"\u0130talyan kasabas\u0131nda kahve paras\u0131na ev sat\u0131l\u0131yor"},"content":{"rendered":"<p><\/p>\n<div>\n<div class=\"mariselle-image-container center\">\n                <img loading=\"lazy\" decoding=\"async\" width=\"1280\" height=\"720\" class=\"lazy-image\" alt=\"\" sizes=\"auto, (max-width: 1280px) 100vw, 1280px\" src=\"https:\/\/brtk.net\/wp-content\/uploads\/2025\/03\/19\/abrzzo-cnn-2343564-1.jpg?ver=98fb576e2ad89ba91a32f5df8cc5f150\" srcset=\"https:\/\/brtk.net\/wp-content\/uploads\/2025\/03\/19\/abrzzo-cnn-2343564-1.jpg?ver=98fb576e2ad89ba91a32f5df8cc5f150 1280w, https:\/\/brtk.net\/wp-content\/uploads\/2025\/03\/19\/abrzzo-cnn-2343564-1-300x169.jpg?ver=98fb576e2ad89ba91a32f5df8cc5f150 300w, https:\/\/brtk.net\/wp-content\/uploads\/2025\/03\/19\/abrzzo-cnn-2343564-1-1024x576.jpg?ver=4f383e53da08526c6f968bc1505c69a2 1024w, https:\/\/brtk.net\/wp-content\/uploads\/2025\/03\/19\/abrzzo-cnn-2343564-1-768x432.jpg?ver=4f383e53da08526c6f968bc1505c69a2 768w\"\/>                            <\/div>\n<p>\u0130talya\u2019n\u0131n Abruzzo b\u00f6lgesindeki bir kasabada, n\u00fcfus azalmas\u0131n\u0131 durdurmak amac\u0131yla, terk edilmi\u015f evler bir 1 euro kar\u015f\u0131l\u0131\u011f\u0131nda sat\u0131l\u0131yor. Temel \u015fart, al\u0131nan evin restore edilmesi.<\/p>\n<p>\u0130talya\u2019n\u0131n orta kesimindeki Abruzzo b\u00f6lgesinde, Adriyatik k\u0131y\u0131s\u0131 ile Gran Sasso s\u0131rada\u011flar\u0131 aras\u0131nda yer alan Penne kasabas\u0131, 1 euroluk (yakla\u015f\u0131k 40 TL) evleriyle g\u00fcndemde.<\/p>\n<p>Azalan n\u00fcfusa ve terk edilmi\u015fli\u011fe \u00e7\u00f6z\u00fcm arayan kasabada, evleri alacak ki\u015filerden \u00fc\u00e7 y\u0131l i\u00e7inde restorasyon yapmalar\u0131 konusunda taahh\u00fct isteniyor. S\u00f6z konusu kimselerden, 2 bin ila 5 bin euro aras\u0131nda bir depozito \u00f6demesi talep ediliyor; \u00e7al\u0131\u015fmalar tamamland\u0131\u011f\u0131nda depozito iade ediliyor.<\/p>\n<p>Penne Belediye Ba\u015fkan\u0131 Petrucci, \u201cYenileme \u00e7al\u0131\u015fmalar\u0131nda dan\u0131\u015fmanl\u0131k ve destek verebilecek, m\u00fcteahhitler ve bilirki\u015filer bulabilecek, al\u0131c\u0131lara evlerinin onar\u0131ld\u0131ktan sonra nas\u0131l g\u00f6r\u00fcnece\u011fini \u00e7izimlerle g\u00f6sterebilecek ve yenileme a\u015famalar\u0131 boyunca dan\u0131\u015fmanl\u0131k yapabilecek mimar ve uzmanlardan olu\u015fan bir ekibimiz var.\u201d diye konu\u015ftu.<\/p>\n<p>Petrucci\u2019ye g\u00f6re, k\u00fc\u00e7\u00fck-orta b\u00fcy\u00fckl\u00fckteki bir evin temel tadilat\u0131n\u0131n ba\u015flang\u0131\u00e7 \u200b\u200bmaliyeti 20 bin euro civar\u0131nda.<\/p>\n<\/p><\/div>\n<p><script async\n                    defer\n                    crossorigin=\"anonymous\"\n                    src=\"https:\/\/connect.facebook.net\/tr_TR\/sdk.js#xfbml=1&#038;version=v3.3\"\n            ><\/script><\/p>\n","protected":false},"excerpt":{"rendered":"<p>\u0130talya\u2019n\u0131n Abruzzo b\u00f6lgesindeki bir kasabada, n\u00fcfus azalmas\u0131n\u0131 durdurmak amac\u0131yla, terk edilmi\u015f evler bir 1 euro kar\u015f\u0131l\u0131\u011f\u0131nda sat\u0131l\u0131yor. Temel \u015fart, al\u0131nan evin restore edilmesi. \u0130talya\u2019n\u0131n orta kesimindeki Abruzzo b\u00f6lgesinde, Adriyatik k\u0131y\u0131s\u0131 ile Gran Sasso s\u0131rada\u011flar\u0131 aras\u0131nda yer alan Penne kasabas\u0131, 1 euroluk (yakla\u015f\u0131k 40 TL) evleriyle g\u00fcndemde. Azalan n\u00fcfusa ve terk edilmi\u015fli\u011fe \u00e7\u00f6z\u00fcm arayan kasabada, evleri<\/p>\n","protected":false},"author":1,"featured_media":78274,"comment_status":"open","ping_status":"open","sticky":false,"template":"","format":"standard","meta":{"footnotes":""},"categories":[1],"tags":[],"class_list":["post-78273","post","type-post","status-publish","format-standard","has-post-thumbnail","hentry","category-gundem"],"yoast_head":"<!-- This site is optimized with the Yoast SEO plugin v27.4 - https:\/\/yoast.com\/product\/yoast-seo-wordpress\/ -->\n<title>\u0130talyan kasabas\u0131nda kahve paras\u0131na ev sat\u0131l\u0131yor -<\/title>\n<meta name=\"robots\" content=\"index, follow, max-snippet:-1, max-image-preview:large, max-video-preview:-1\" \/>\n<link rel=\"canonical\" href=\"https:\/\/kibrisdakik.com\/?p=78273\" \/>\n<meta property=\"og:locale\" content=\"tr_TR\" \/>\n<meta property=\"og:type\" content=\"article\" \/>\n<meta property=\"og:title\" content=\"\u0130talyan kasabas\u0131nda kahve paras\u0131na ev sat\u0131l\u0131yor -\" \/>\n<meta property=\"og:description\" content=\"\u0130talya\u2019n\u0131n Abruzzo b\u00f6lgesindeki bir kasabada, n\u00fcfus azalmas\u0131n\u0131 durdurmak amac\u0131yla, terk edilmi\u015f evler bir 1 euro kar\u015f\u0131l\u0131\u011f\u0131nda sat\u0131l\u0131yor. Temel \u015fart, al\u0131nan evin restore edilmesi. \u0130talya\u2019n\u0131n orta kesimindeki Abruzzo b\u00f6lgesinde, Adriyatik k\u0131y\u0131s\u0131 ile Gran Sasso s\u0131rada\u011flar\u0131 aras\u0131nda yer alan Penne kasabas\u0131, 1 euroluk (yakla\u015f\u0131k 40 TL) evleriyle g\u00fcndemde. Azalan n\u00fcfusa ve terk edilmi\u015fli\u011fe \u00e7\u00f6z\u00fcm arayan kasabada, evleri\" \/>\n<meta property=\"og:url\" content=\"https:\/\/kibrisdakik.com\/?p=78273\" \/>\n<meta property=\"article:published_time\" content=\"2025-03-19T06:27:00+00:00\" \/>\n<meta property=\"og:image\" content=\"https:\/\/kibrisdakik.com\/wp-content\/uploads\/2025\/03\/abrzzo-cnn-2343564-1-740x420.jpg\" \/>\n\t<meta property=\"og:image:width\" content=\"1280\" \/>\n\t<meta property=\"og:image:height\" content=\"720\" \/>\n\t<meta property=\"og:image:type\" content=\"image\/jpeg\" \/>\n<meta name=\"author\" content=\"admin\" \/>\n<meta name=\"twitter:card\" content=\"summary_large_image\" \/>\n<meta name=\"twitter:label1\" content=\"Yazan:\" \/>\n\t<meta name=\"twitter:data1\" content=\"admin\" \/>\n\t<meta name=\"twitter:label2\" content=\"Tahmini okuma s\u00fcresi\" \/>\n\t<meta name=\"twitter:data2\" content=\"1 dakika\" \/>\n<script type=\"application\/ld+json\" class=\"yoast-schema-graph\">{\"@context\":\"https:\\\/\\\/schema.org\",\"@graph\":[{\"@type\":\"Article\",\"@id\":\"https:\\\/\\\/kibrisdakik.com\\\/?p=78273#article\",\"isPartOf\":{\"@id\":\"https:\\\/\\\/kibrisdakik.com\\\/?p=78273\"},\"author\":{\"name\":\"admin\",\"@id\":\"https:\\\/\\\/kibrisdakik.com\\\/#\\\/schema\\\/person\\\/9cd9d437bbb44f72b73ba127e06d8e79\"},\"headline\":\"\u0130talyan kasabas\u0131nda kahve paras\u0131na ev sat\u0131l\u0131yor\",\"datePublished\":\"2025-03-19T06:27:00+00:00\",\"mainEntityOfPage\":{\"@id\":\"https:\\\/\\\/kibrisdakik.com\\\/?p=78273\"},\"wordCount\":203,\"commentCount\":0,\"image\":{\"@id\":\"https:\\\/\\\/kibrisdakik.com\\\/?p=78273#primaryimage\"},\"thumbnailUrl\":\"https:\\\/\\\/kibrisdakik.com\\\/wp-content\\\/uploads\\\/2025\\\/03\\\/abrzzo-cnn-2343564-1-740x420.jpg\",\"articleSection\":[\"G\u00fcndem\"],\"inLanguage\":\"tr\",\"potentialAction\":[{\"@type\":\"CommentAction\",\"name\":\"Comment\",\"target\":[\"https:\\\/\\\/kibrisdakik.com\\\/?p=78273#respond\"]}]},{\"@type\":\"WebPage\",\"@id\":\"https:\\\/\\\/kibrisdakik.com\\\/?p=78273\",\"url\":\"https:\\\/\\\/kibrisdakik.com\\\/?p=78273\",\"name\":\"\u0130talyan kasabas\u0131nda kahve paras\u0131na ev sat\u0131l\u0131yor -\",\"isPartOf\":{\"@id\":\"https:\\\/\\\/kibrisdakik.com\\\/#website\"},\"primaryImageOfPage\":{\"@id\":\"https:\\\/\\\/kibrisdakik.com\\\/?p=78273#primaryimage\"},\"image\":{\"@id\":\"https:\\\/\\\/kibrisdakik.com\\\/?p=78273#primaryimage\"},\"thumbnailUrl\":\"https:\\\/\\\/kibrisdakik.com\\\/wp-content\\\/uploads\\\/2025\\\/03\\\/abrzzo-cnn-2343564-1-740x420.jpg\",\"datePublished\":\"2025-03-19T06:27:00+00:00\",\"author\":{\"@id\":\"https:\\\/\\\/kibrisdakik.com\\\/#\\\/schema\\\/person\\\/9cd9d437bbb44f72b73ba127e06d8e79\"},\"breadcrumb\":{\"@id\":\"https:\\\/\\\/kibrisdakik.com\\\/?p=78273#breadcrumb\"},\"inLanguage\":\"tr\",\"potentialAction\":[{\"@type\":\"ReadAction\",\"target\":[\"https:\\\/\\\/kibrisdakik.com\\\/?p=78273\"]}]},{\"@type\":\"ImageObject\",\"inLanguage\":\"tr\",\"@id\":\"https:\\\/\\\/kibrisdakik.com\\\/?p=78273#primaryimage\",\"url\":\"https:\\\/\\\/kibrisdakik.com\\\/wp-content\\\/uploads\\\/2025\\\/03\\\/abrzzo-cnn-2343564-1-740x420.jpg\",\"contentUrl\":\"https:\\\/\\\/kibrisdakik.com\\\/wp-content\\\/uploads\\\/2025\\\/03\\\/abrzzo-cnn-2343564-1-740x420.jpg\",\"width\":1280,\"height\":720},{\"@type\":\"BreadcrumbList\",\"@id\":\"https:\\\/\\\/kibrisdakik.com\\\/?p=78273#breadcrumb\",\"itemListElement\":[{\"@type\":\"ListItem\",\"position\":1,\"name\":\"Home\",\"item\":\"https:\\\/\\\/kibrisdakik.com\\\/\"},{\"@type\":\"ListItem\",\"position\":2,\"name\":\"\u0130talyan kasabas\u0131nda kahve paras\u0131na ev sat\u0131l\u0131yor\"}]},{\"@type\":\"WebSite\",\"@id\":\"https:\\\/\\\/kibrisdakik.com\\\/#website\",\"url\":\"https:\\\/\\\/kibrisdakik.com\\\/\",\"name\":\"\",\"description\":\"Tam vaktinde haber\",\"potentialAction\":[{\"@type\":\"SearchAction\",\"target\":{\"@type\":\"EntryPoint\",\"urlTemplate\":\"https:\\\/\\\/kibrisdakik.com\\\/?s={search_term_string}\"},\"query-input\":{\"@type\":\"PropertyValueSpecification\",\"valueRequired\":true,\"valueName\":\"search_term_string\"}}],\"inLanguage\":\"tr\"},{\"@type\":\"Person\",\"@id\":\"https:\\\/\\\/kibrisdakik.com\\\/#\\\/schema\\\/person\\\/9cd9d437bbb44f72b73ba127e06d8e79\",\"name\":\"admin\",\"image\":{\"@type\":\"ImageObject\",\"inLanguage\":\"tr\",\"@id\":\"https:\\\/\\\/secure.gravatar.com\\\/avatar\\\/ccc17943b9d660506c869530f897617f7cb1c21a4bf30023f252596d83e1f007?s=96&d=mm&r=g\",\"url\":\"https:\\\/\\\/secure.gravatar.com\\\/avatar\\\/ccc17943b9d660506c869530f897617f7cb1c21a4bf30023f252596d83e1f007?s=96&d=mm&r=g\",\"contentUrl\":\"https:\\\/\\\/secure.gravatar.com\\\/avatar\\\/ccc17943b9d660506c869530f897617f7cb1c21a4bf30023f252596d83e1f007?s=96&d=mm&r=g\",\"caption\":\"admin\"},\"sameAs\":[\"https:\\\/\\\/kibrisdakik.com\"],\"url\":\"https:\\\/\\\/kibrisdakik.com\\\/?author=1\"}]}<\/script>\n<!-- \/ Yoast SEO plugin. -->","yoast_head_json":{"title":"\u0130talyan kasabas\u0131nda kahve paras\u0131na ev sat\u0131l\u0131yor -","robots":{"index":"index","follow":"follow","max-snippet":"max-snippet:-1","max-image-preview":"max-image-preview:large","max-video-preview":"max-video-preview:-1"},"canonical":"https:\/\/kibrisdakik.com\/?p=78273","og_locale":"tr_TR","og_type":"article","og_title":"\u0130talyan kasabas\u0131nda kahve paras\u0131na ev sat\u0131l\u0131yor -","og_description":"\u0130talya\u2019n\u0131n Abruzzo b\u00f6lgesindeki bir kasabada, n\u00fcfus azalmas\u0131n\u0131 durdurmak amac\u0131yla, terk edilmi\u015f evler bir 1 euro kar\u015f\u0131l\u0131\u011f\u0131nda sat\u0131l\u0131yor. Temel \u015fart, al\u0131nan evin restore edilmesi. \u0130talya\u2019n\u0131n orta kesimindeki Abruzzo b\u00f6lgesinde, Adriyatik k\u0131y\u0131s\u0131 ile Gran Sasso s\u0131rada\u011flar\u0131 aras\u0131nda yer alan Penne kasabas\u0131, 1 euroluk (yakla\u015f\u0131k 40 TL) evleriyle g\u00fcndemde. Azalan n\u00fcfusa ve terk edilmi\u015fli\u011fe \u00e7\u00f6z\u00fcm arayan kasabada, evleri","og_url":"https:\/\/kibrisdakik.com\/?p=78273","article_published_time":"2025-03-19T06:27:00+00:00","og_image":[{"width":1280,"height":720,"url":"https:\/\/kibrisdakik.com\/wp-content\/uploads\/2025\/03\/abrzzo-cnn-2343564-1-740x420.jpg","type":"image\/jpeg"}],"author":"admin","twitter_card":"summary_large_image","twitter_misc":{"Yazan:":"admin","Tahmini okuma s\u00fcresi":"1 dakika"},"schema":{"@context":"https:\/\/schema.org","@graph":[{"@type":"Article","@id":"https:\/\/kibrisdakik.com\/?p=78273#article","isPartOf":{"@id":"https:\/\/kibrisdakik.com\/?p=78273"},"author":{"name":"admin","@id":"https:\/\/kibrisdakik.com\/#\/schema\/person\/9cd9d437bbb44f72b73ba127e06d8e79"},"headline":"\u0130talyan kasabas\u0131nda kahve paras\u0131na ev sat\u0131l\u0131yor","datePublished":"2025-03-19T06:27:00+00:00","mainEntityOfPage":{"@id":"https:\/\/kibrisdakik.com\/?p=78273"},"wordCount":203,"commentCount":0,"image":{"@id":"https:\/\/kibrisdakik.com\/?p=78273#primaryimage"},"thumbnailUrl":"https:\/\/kibrisdakik.com\/wp-content\/uploads\/2025\/03\/abrzzo-cnn-2343564-1-740x420.jpg","articleSection":["G\u00fcndem"],"inLanguage":"tr","potentialAction":[{"@type":"CommentAction","name":"Comment","target":["https:\/\/kibrisdakik.com\/?p=78273#respond"]}]},{"@type":"WebPage","@id":"https:\/\/kibrisdakik.com\/?p=78273","url":"https:\/\/kibrisdakik.com\/?p=78273","name":"\u0130talyan kasabas\u0131nda kahve paras\u0131na ev sat\u0131l\u0131yor -","isPartOf":{"@id":"https:\/\/kibrisdakik.com\/#website"},"primaryImageOfPage":{"@id":"https:\/\/kibrisdakik.com\/?p=78273#primaryimage"},"image":{"@id":"https:\/\/kibrisdakik.com\/?p=78273#primaryimage"},"thumbnailUrl":"https:\/\/kibrisdakik.com\/wp-content\/uploads\/2025\/03\/abrzzo-cnn-2343564-1-740x420.jpg","datePublished":"2025-03-19T06:27:00+00:00","author":{"@id":"https:\/\/kibrisdakik.com\/#\/schema\/person\/9cd9d437bbb44f72b73ba127e06d8e79"},"breadcrumb":{"@id":"https:\/\/kibrisdakik.com\/?p=78273#breadcrumb"},"inLanguage":"tr","potentialAction":[{"@type":"ReadAction","target":["https:\/\/kibrisdakik.com\/?p=78273"]}]},{"@type":"ImageObject","inLanguage":"tr","@id":"https:\/\/kibrisdakik.com\/?p=78273#primaryimage","url":"https:\/\/kibrisdakik.com\/wp-content\/uploads\/2025\/03\/abrzzo-cnn-2343564-1-740x420.jpg","contentUrl":"https:\/\/kibrisdakik.com\/wp-content\/uploads\/2025\/03\/abrzzo-cnn-2343564-1-740x420.jpg","width":1280,"height":720},{"@type":"BreadcrumbList","@id":"https:\/\/kibrisdakik.com\/?p=78273#breadcrumb","itemListElement":[{"@type":"ListItem","position":1,"name":"Home","item":"https:\/\/kibrisdakik.com\/"},{"@type":"ListItem","position":2,"name":"\u0130talyan kasabas\u0131nda kahve paras\u0131na ev sat\u0131l\u0131yor"}]},{"@type":"WebSite","@id":"https:\/\/kibrisdakik.com\/#website","url":"https:\/\/kibrisdakik.com\/","name":"","description":"Tam vaktinde haber","potentialAction":[{"@type":"SearchAction","target":{"@type":"EntryPoint","urlTemplate":"https:\/\/kibrisdakik.com\/?s={search_term_string}"},"query-input":{"@type":"PropertyValueSpecification","valueRequired":true,"valueName":"search_term_string"}}],"inLanguage":"tr"},{"@type":"Person","@id":"https:\/\/kibrisdakik.com\/#\/schema\/person\/9cd9d437bbb44f72b73ba127e06d8e79","name":"admin","image":{"@type":"ImageObject","inLanguage":"tr","@id":"https:\/\/secure.gravatar.com\/avatar\/ccc17943b9d660506c869530f897617f7cb1c21a4bf30023f252596d83e1f007?s=96&d=mm&r=g","url":"https:\/\/secure.gravatar.com\/avatar\/ccc17943b9d660506c869530f897617f7cb1c21a4bf30023f252596d83e1f007?s=96&d=mm&r=g","contentUrl":"https:\/\/secure.gravatar.com\/avatar\/ccc17943b9d660506c869530f897617f7cb1c21a4bf30023f252596d83e1f007?s=96&d=mm&r=g","caption":"admin"},"sameAs":["https:\/\/kibrisdakik.com"],"url":"https:\/\/kibrisdakik.com\/?author=1"}]}},"_links":{"self":[{"href":"https:\/\/kibrisdakik.com\/index.php?rest_route=\/wp\/v2\/posts\/78273","targetHints":{"allow":["GET"]}}],"collection":[{"href":"https:\/\/kibrisdakik.com\/index.php?rest_route=\/wp\/v2\/posts"}],"about":[{"href":"https:\/\/kibrisdakik.com\/index.php?rest_route=\/wp\/v2\/types\/post"}],"author":[{"embeddable":true,"href":"https:\/\/kibrisdakik.com\/index.php?rest_route=\/wp\/v2\/users\/1"}],"replies":[{"embeddable":true,"href":"https:\/\/kibrisdakik.com\/index.php?rest_route=%2Fwp%2Fv2%2Fcomments&post=78273"}],"version-history":[{"count":0,"href":"https:\/\/kibrisdakik.com\/index.php?rest_route=\/wp\/v2\/posts\/78273\/revisions"}],"wp:featuredmedia":[{"embeddable":true,"href":"https:\/\/kibrisdakik.com\/index.php?rest_route=\/wp\/v2\/media\/78274"}],"wp:attachment":[{"href":"https:\/\/kibrisdakik.com\/index.php?rest_route=%2Fwp%2Fv2%2Fmedia&parent=78273"}],"wp:term":[{"taxonomy":"category","embeddable":true,"href":"https:\/\/kibrisdakik.com\/index.php?rest_route=%2Fwp%2Fv2%2Fcategories&post=78273"},{"taxonomy":"post_tag","embeddable":true,"href":"https:\/\/kibrisdakik.com\/index.php?rest_route=%2Fwp%2Fv2%2Ftags&post=78273"}],"curies":[{"name":"wp","href":"https:\/\/api.w.org\/{rel}","templated":true}]}}