{"id":78299,"date":"2025-03-20T14:29:00","date_gmt":"2025-03-20T11:29:00","guid":{"rendered":"https:\/\/kibrisdakik.com\/index.php\/2025\/03\/20\/ozgur-ozel-sarachanedeki-ibb-binasi-onunde-toplananlara-hitap-etti\/"},"modified":"2025-03-20T14:29:00","modified_gmt":"2025-03-20T11:29:00","slug":"ozgur-ozel-sarachanedeki-ibb-binasi-onunde-toplananlara-hitap-etti","status":"publish","type":"post","link":"https:\/\/kibrisdakik.com\/?p=78299","title":{"rendered":"\u00d6zg\u00fcr \u00d6zel, Sara\u00e7hane\u2019deki \u0130BB binas\u0131 \u00f6n\u00fcnde toplananlara hitap etti"},"content":{"rendered":"<p><\/p>\n<div>\n<div class=\"mariselle-image-container center\">\n                <img loading=\"lazy\" decoding=\"async\" width=\"2048\" height=\"1365\" class=\"lazy-image\" alt=\"\u00f6zg\u00fcr \u00f6zel\" sizes=\"auto, (max-width: 2048px) 100vw, 2048px\" src=\"https:\/\/brtk.net\/wp-content\/uploads\/2025\/03\/20\/0932842.jpg?ver=61230df6249a1f98c5b39c862178ed11\" srcset=\"https:\/\/brtk.net\/wp-content\/uploads\/2025\/03\/20\/0932842.jpg?ver=61230df6249a1f98c5b39c862178ed11 2048w, https:\/\/brtk.net\/wp-content\/uploads\/2025\/03\/20\/0932842-300x200.jpg?ver=fd39b04990a1dd243531ad01b508226f 300w, https:\/\/brtk.net\/wp-content\/uploads\/2025\/03\/20\/0932842-1024x683.jpg?ver=fd39b04990a1dd243531ad01b508226f 1024w, https:\/\/brtk.net\/wp-content\/uploads\/2025\/03\/20\/0932842-768x512.jpg?ver=0ffa0ed1c0d870e8125b5e7cf5531846 768w, https:\/\/brtk.net\/wp-content\/uploads\/2025\/03\/20\/0932842-1536x1024.jpg?ver=e7b50e43d503d667558fa75350cf99a8 1536w\"\/>                            <\/div>\n<p> CHP Genel Ba\u015fkan\u0131 \u00d6zg\u00fcr \u00d6zel, \u201cCumhuriyet Halk Partisinin Genel Ba\u015fkan\u0131 olarak, b\u00fct\u00fcn \u00fcyelerime dan\u0131\u015farak en do\u011fru aday\u0131 belirlemek i\u00e7in gayret sarf ettim. Bir yol y\u00fcr\u00fcyorum ve o yolun sonunda iktidar g\u00f6r\u00fcyorum, zafer g\u00f6r\u00fcyorum.\u201d dedi.<\/p>\n<p>\u00d6zel, \u0130stanbul B\u00fcy\u00fck\u015fehir Belediye (\u0130BB) Ba\u015fkan\u0131 Ekrem \u0130mamo\u011flu\u2019nun \u0130BB\u2019ye y\u00f6nelik ter\u00f6r ve \u00f6rg\u00fctl\u00fc su\u00e7larla ilgili y\u00fcr\u00fct\u00fclen soru\u015fturmalar kapsam\u0131nda g\u00f6zalt\u0131na al\u0131nmas\u0131n\u0131n ard\u0131ndan d\u00fcn ak\u015fam Sara\u00e7hane\u2019deki \u0130BB binas\u0131 \u00f6n\u00fcnde otob\u00fcs \u00fczerinden vatanda\u015flara hitap etti.<\/p>\n<p>D\u00fcnden bu yana olan bitenin bir darbe giri\u015fimi oldu\u011funu iddia eden \u00d6zel, \u201c\u0130stanbullular\u0131n tam 3 kez B\u00fcy\u00fck\u015fehire se\u00e7tikleri, emanet ettikleri sizlerin karde\u015fi, a\u011fabeyi, evlad\u0131 Ekrem \u0130mamo\u011flu\u2019na yap\u0131lan darbe giri\u015fimi, milli iradeye yap\u0131lan darbe giri\u015fimidir.\u201d diye konu\u015ftu.<\/p>\n<p>\u00d6zel, kendileriyle ayn\u0131 g\u00f6r\u00fc\u015fte bulunmayanlar\u0131n da vicdan\u0131na, ahlak\u0131na, insaf\u0131na, sa\u011fduyusuna \u00e7ok ihtiyac\u0131 olduklar\u0131n\u0131 dile getirdi.<\/p>\n<p>\u201cCumhuriyet Halk Partisinin Genel Ba\u015fkan\u0131 olarak, b\u00fct\u00fcn \u00fcyelerime dan\u0131\u015farak en do\u011fru aday\u0131 belirlemek i\u00e7in gayret sarf ettim. Bir yol y\u00fcr\u00fcyorum ve o yolun sonunda iktidar g\u00f6r\u00fcyorum, zafer g\u00f6r\u00fcyorum.\u201d diyen \u00d6zel, mert\u00e7e bir m\u00fccadele i\u00e7in kendilerinin, \u0130stanbul\u2019un ve T\u00fcrkiye\u2019nin haz\u0131r oldu\u011funu kaydetti.<\/p>\n<p>\u00d6zel, bu meselenin art\u0131k bir Ekrem \u0130mamo\u011flu meselesi olmaktan \u00e7\u0131kt\u0131\u011f\u0131n\u0131, milletin tamam\u0131n\u0131n meselesi haline geldi\u011fini belirterek, \u201cD\u00fcn ak\u015fam iptal edilen \u015fey Ekrem \u0130mamo\u011flu\u2019nun diplomas\u0131 de\u011fil, T\u00fcrkiye Cumhuriyeti\u2019nde ya\u015fayan herkesin hukuk g\u00fcvencesi, mal g\u00fcvencesi, can g\u00fcvencesidir.\u201d ifadelerini kulland\u0131.<\/p>\n<p>G\u00f6zalt\u0131na al\u0131nan \u0130mamo\u011flu ile avukatlar\u0131n\u0131n g\u00f6r\u00fc\u015ft\u00fcklerini hat\u0131rlatan \u00d6zel, \u015f\u00f6yle devam etti:<\/p>\n<p>\u201cYoksulluktan b\u0131kan, i\u015fsizlikten b\u0131kan, a\u00e7l\u0131ktan b\u0131kan, g\u00fcvencesizlikten b\u0131kan, gelecek kayg\u0131s\u0131ndan b\u0131kan milyonlar\u0131 pazar sabah\u0131 kalkmaya, sokaklara d\u00f6k\u00fclmeye, Cumhuriyet Halk Partilileri bir sand\u0131kta cumhurba\u015fkan\u0131 aday\u0131n\u0131 belirlemeye, olmayanlar\u0131 di\u011fer sand\u0131kta dayan\u0131\u015fmalar\u0131n\u0131 g\u00f6stermeye, Ekrem Ba\u015fkan\u2019a, T\u00fcrkiye\u2019nin gelecek Cumhurba\u015fkan\u0131na sahip \u00e7\u0131kmaya \u00e7a\u011f\u0131r\u0131yorum. O zaman pazar g\u00fcn\u00fc binler, on binler, milyonlar, on milyonlar hep birlikte sokaklarday\u0131z, sand\u0131ktay\u0131z, meydanlarday\u0131z. 86 milyonu itiraz etmeye, ses y\u00fckseltmeye, sesini duyurmaya, yan\u0131ndakini ikna etmeye, uzaktakine sesini duyurmaya, m\u00fccadeleye, aya\u011fa kalkmaya davet ediyorum.\u201d<\/p>\n<p>\u201cBiz kazanaca\u011f\u0131z, siz kazanacaks\u0131n\u0131z, T\u00fcrkiye kazanacak. Size inan\u0131yor, g\u00fcveniyoruz.\u201d diyen \u00d6zel, \u0130mamo\u011flu\u2019na sahip \u00e7\u0131kmak i\u00e7in Sara\u00e7hane\u2019den ayr\u0131lmayacaklar\u0131n\u0131 bildirdi.<\/p>\n<p>Etkinlik \u00f6ncesinde Vatan Caddesi\u2019nde toplanan partililer, CHP Genel Ba\u015fkan\u0131 \u00d6zg\u00fcr \u00d6zel\u2019in \u00e7a\u011fr\u0131s\u0131yla Sara\u00e7hane\u2019deki \u0130BB binas\u0131n\u0131n \u00f6n\u00fcne geldi.<\/p>\n<p>Etkinli\u011fe, CHP \u0130stanbul \u0130l Ba\u015fkan\u0131 \u00d6zg\u00fcr \u00c7elik, Eski CHP Genel Ba\u015fkanlar\u0131ndan Hikmet \u00c7etin ve Altan \u00d6ymen, Eski SHP Genel Ba\u015fkan\u0131 Murat Karayal\u00e7\u0131n, Ekrem \u0130mamo\u011flu\u2019nun e\u015fi Dilek \u0130mamo\u011flu ve o\u011flu Selim \u0130mamo\u011flu ile partililer kat\u0131ld\u0131.<\/p>\n<\/p><\/div>\n<p><script async\n                    defer\n                    crossorigin=\"anonymous\"\n                    src=\"https:\/\/connect.facebook.net\/tr_TR\/sdk.js#xfbml=1&#038;version=v3.3\"\n            ><\/script><\/p>\n","protected":false},"excerpt":{"rendered":"<p>CHP Genel Ba\u015fkan\u0131 \u00d6zg\u00fcr \u00d6zel, \u201cCumhuriyet Halk Partisinin Genel Ba\u015fkan\u0131 olarak, b\u00fct\u00fcn \u00fcyelerime dan\u0131\u015farak en do\u011fru aday\u0131 belirlemek i\u00e7in gayret sarf ettim. Bir yol y\u00fcr\u00fcyorum ve o yolun sonunda iktidar g\u00f6r\u00fcyorum, zafer g\u00f6r\u00fcyorum.\u201d dedi. \u00d6zel, \u0130stanbul B\u00fcy\u00fck\u015fehir Belediye (\u0130BB) Ba\u015fkan\u0131 Ekrem \u0130mamo\u011flu\u2019nun \u0130BB\u2019ye y\u00f6nelik ter\u00f6r ve \u00f6rg\u00fctl\u00fc su\u00e7larla ilgili y\u00fcr\u00fct\u00fclen soru\u015fturmalar kapsam\u0131nda g\u00f6zalt\u0131na al\u0131nmas\u0131n\u0131n ard\u0131ndan<\/p>\n","protected":false},"author":1,"featured_media":78300,"comment_status":"open","ping_status":"open","sticky":false,"template":"","format":"standard","meta":{"footnotes":""},"categories":[86],"tags":[],"class_list":["post-78299","post","type-post","status-publish","format-standard","has-post-thumbnail","hentry","category-turkiye"],"yoast_head":"<!-- This site is optimized with the Yoast SEO plugin v27.4 - https:\/\/yoast.com\/product\/yoast-seo-wordpress\/ -->\n<title>\u00d6zg\u00fcr \u00d6zel, Sara\u00e7hane\u2019deki \u0130BB binas\u0131 \u00f6n\u00fcnde toplananlara hitap etti -<\/title>\n<meta name=\"robots\" content=\"index, follow, max-snippet:-1, max-image-preview:large, max-video-preview:-1\" \/>\n<link rel=\"canonical\" href=\"https:\/\/kibrisdakik.com\/?p=78299\" \/>\n<meta property=\"og:locale\" content=\"tr_TR\" \/>\n<meta property=\"og:type\" content=\"article\" \/>\n<meta property=\"og:title\" content=\"\u00d6zg\u00fcr \u00d6zel, Sara\u00e7hane\u2019deki \u0130BB binas\u0131 \u00f6n\u00fcnde toplananlara hitap etti -\" \/>\n<meta property=\"og:description\" content=\"CHP Genel Ba\u015fkan\u0131 \u00d6zg\u00fcr \u00d6zel, \u201cCumhuriyet Halk Partisinin Genel Ba\u015fkan\u0131 olarak, b\u00fct\u00fcn \u00fcyelerime dan\u0131\u015farak en do\u011fru aday\u0131 belirlemek i\u00e7in gayret sarf ettim. Bir yol y\u00fcr\u00fcyorum ve o yolun sonunda iktidar g\u00f6r\u00fcyorum, zafer g\u00f6r\u00fcyorum.\u201d dedi. \u00d6zel, \u0130stanbul B\u00fcy\u00fck\u015fehir Belediye (\u0130BB) Ba\u015fkan\u0131 Ekrem \u0130mamo\u011flu\u2019nun \u0130BB\u2019ye y\u00f6nelik ter\u00f6r ve \u00f6rg\u00fctl\u00fc su\u00e7larla ilgili y\u00fcr\u00fct\u00fclen soru\u015fturmalar kapsam\u0131nda g\u00f6zalt\u0131na al\u0131nmas\u0131n\u0131n ard\u0131ndan\" \/>\n<meta property=\"og:url\" content=\"https:\/\/kibrisdakik.com\/?p=78299\" \/>\n<meta property=\"article:published_time\" content=\"2025-03-20T11:29:00+00:00\" \/>\n<meta property=\"og:image\" content=\"https:\/\/kibrisdakik.com\/wp-content\/uploads\/2025\/03\/0932842-740x420.jpg\" \/>\n\t<meta property=\"og:image:width\" content=\"2048\" \/>\n\t<meta property=\"og:image:height\" content=\"1365\" \/>\n\t<meta property=\"og:image:type\" content=\"image\/jpeg\" \/>\n<meta name=\"author\" content=\"admin\" \/>\n<meta name=\"twitter:card\" content=\"summary_large_image\" \/>\n<meta name=\"twitter:label1\" content=\"Yazan:\" \/>\n\t<meta name=\"twitter:data1\" content=\"admin\" \/>\n\t<meta name=\"twitter:label2\" content=\"Tahmini okuma s\u00fcresi\" \/>\n\t<meta name=\"twitter:data2\" content=\"3 dakika\" \/>\n<script type=\"application\/ld+json\" class=\"yoast-schema-graph\">{\"@context\":\"https:\\\/\\\/schema.org\",\"@graph\":[{\"@type\":\"Article\",\"@id\":\"https:\\\/\\\/kibrisdakik.com\\\/?p=78299#article\",\"isPartOf\":{\"@id\":\"https:\\\/\\\/kibrisdakik.com\\\/?p=78299\"},\"author\":{\"name\":\"admin\",\"@id\":\"https:\\\/\\\/kibrisdakik.com\\\/#\\\/schema\\\/person\\\/9cd9d437bbb44f72b73ba127e06d8e79\"},\"headline\":\"\u00d6zg\u00fcr \u00d6zel, Sara\u00e7hane\u2019deki \u0130BB binas\u0131 \u00f6n\u00fcnde toplananlara hitap etti\",\"datePublished\":\"2025-03-20T11:29:00+00:00\",\"mainEntityOfPage\":{\"@id\":\"https:\\\/\\\/kibrisdakik.com\\\/?p=78299\"},\"wordCount\":550,\"commentCount\":0,\"image\":{\"@id\":\"https:\\\/\\\/kibrisdakik.com\\\/?p=78299#primaryimage\"},\"thumbnailUrl\":\"https:\\\/\\\/kibrisdakik.com\\\/wp-content\\\/uploads\\\/2025\\\/03\\\/0932842-740x420.jpg\",\"articleSection\":[\"T\u00fcrkiye\"],\"inLanguage\":\"tr\",\"potentialAction\":[{\"@type\":\"CommentAction\",\"name\":\"Comment\",\"target\":[\"https:\\\/\\\/kibrisdakik.com\\\/?p=78299#respond\"]}]},{\"@type\":\"WebPage\",\"@id\":\"https:\\\/\\\/kibrisdakik.com\\\/?p=78299\",\"url\":\"https:\\\/\\\/kibrisdakik.com\\\/?p=78299\",\"name\":\"\u00d6zg\u00fcr \u00d6zel, Sara\u00e7hane\u2019deki \u0130BB binas\u0131 \u00f6n\u00fcnde toplananlara hitap etti -\",\"isPartOf\":{\"@id\":\"https:\\\/\\\/kibrisdakik.com\\\/#website\"},\"primaryImageOfPage\":{\"@id\":\"https:\\\/\\\/kibrisdakik.com\\\/?p=78299#primaryimage\"},\"image\":{\"@id\":\"https:\\\/\\\/kibrisdakik.com\\\/?p=78299#primaryimage\"},\"thumbnailUrl\":\"https:\\\/\\\/kibrisdakik.com\\\/wp-content\\\/uploads\\\/2025\\\/03\\\/0932842-740x420.jpg\",\"datePublished\":\"2025-03-20T11:29:00+00:00\",\"author\":{\"@id\":\"https:\\\/\\\/kibrisdakik.com\\\/#\\\/schema\\\/person\\\/9cd9d437bbb44f72b73ba127e06d8e79\"},\"breadcrumb\":{\"@id\":\"https:\\\/\\\/kibrisdakik.com\\\/?p=78299#breadcrumb\"},\"inLanguage\":\"tr\",\"potentialAction\":[{\"@type\":\"ReadAction\",\"target\":[\"https:\\\/\\\/kibrisdakik.com\\\/?p=78299\"]}]},{\"@type\":\"ImageObject\",\"inLanguage\":\"tr\",\"@id\":\"https:\\\/\\\/kibrisdakik.com\\\/?p=78299#primaryimage\",\"url\":\"https:\\\/\\\/kibrisdakik.com\\\/wp-content\\\/uploads\\\/2025\\\/03\\\/0932842-740x420.jpg\",\"contentUrl\":\"https:\\\/\\\/kibrisdakik.com\\\/wp-content\\\/uploads\\\/2025\\\/03\\\/0932842-740x420.jpg\",\"width\":2048,\"height\":1365},{\"@type\":\"BreadcrumbList\",\"@id\":\"https:\\\/\\\/kibrisdakik.com\\\/?p=78299#breadcrumb\",\"itemListElement\":[{\"@type\":\"ListItem\",\"position\":1,\"name\":\"Home\",\"item\":\"https:\\\/\\\/kibrisdakik.com\\\/\"},{\"@type\":\"ListItem\",\"position\":2,\"name\":\"\u00d6zg\u00fcr \u00d6zel, Sara\u00e7hane\u2019deki \u0130BB binas\u0131 \u00f6n\u00fcnde toplananlara hitap etti\"}]},{\"@type\":\"WebSite\",\"@id\":\"https:\\\/\\\/kibrisdakik.com\\\/#website\",\"url\":\"https:\\\/\\\/kibrisdakik.com\\\/\",\"name\":\"\",\"description\":\"Tam vaktinde haber\",\"potentialAction\":[{\"@type\":\"SearchAction\",\"target\":{\"@type\":\"EntryPoint\",\"urlTemplate\":\"https:\\\/\\\/kibrisdakik.com\\\/?s={search_term_string}\"},\"query-input\":{\"@type\":\"PropertyValueSpecification\",\"valueRequired\":true,\"valueName\":\"search_term_string\"}}],\"inLanguage\":\"tr\"},{\"@type\":\"Person\",\"@id\":\"https:\\\/\\\/kibrisdakik.com\\\/#\\\/schema\\\/person\\\/9cd9d437bbb44f72b73ba127e06d8e79\",\"name\":\"admin\",\"image\":{\"@type\":\"ImageObject\",\"inLanguage\":\"tr\",\"@id\":\"https:\\\/\\\/secure.gravatar.com\\\/avatar\\\/ccc17943b9d660506c869530f897617f7cb1c21a4bf30023f252596d83e1f007?s=96&d=mm&r=g\",\"url\":\"https:\\\/\\\/secure.gravatar.com\\\/avatar\\\/ccc17943b9d660506c869530f897617f7cb1c21a4bf30023f252596d83e1f007?s=96&d=mm&r=g\",\"contentUrl\":\"https:\\\/\\\/secure.gravatar.com\\\/avatar\\\/ccc17943b9d660506c869530f897617f7cb1c21a4bf30023f252596d83e1f007?s=96&d=mm&r=g\",\"caption\":\"admin\"},\"sameAs\":[\"https:\\\/\\\/kibrisdakik.com\"],\"url\":\"https:\\\/\\\/kibrisdakik.com\\\/?author=1\"}]}<\/script>\n<!-- \/ Yoast SEO plugin. -->","yoast_head_json":{"title":"\u00d6zg\u00fcr \u00d6zel, Sara\u00e7hane\u2019deki \u0130BB binas\u0131 \u00f6n\u00fcnde toplananlara hitap etti -","robots":{"index":"index","follow":"follow","max-snippet":"max-snippet:-1","max-image-preview":"max-image-preview:large","max-video-preview":"max-video-preview:-1"},"canonical":"https:\/\/kibrisdakik.com\/?p=78299","og_locale":"tr_TR","og_type":"article","og_title":"\u00d6zg\u00fcr \u00d6zel, Sara\u00e7hane\u2019deki \u0130BB binas\u0131 \u00f6n\u00fcnde toplananlara hitap etti -","og_description":"CHP Genel Ba\u015fkan\u0131 \u00d6zg\u00fcr \u00d6zel, \u201cCumhuriyet Halk Partisinin Genel Ba\u015fkan\u0131 olarak, b\u00fct\u00fcn \u00fcyelerime dan\u0131\u015farak en do\u011fru aday\u0131 belirlemek i\u00e7in gayret sarf ettim. Bir yol y\u00fcr\u00fcyorum ve o yolun sonunda iktidar g\u00f6r\u00fcyorum, zafer g\u00f6r\u00fcyorum.\u201d dedi. \u00d6zel, \u0130stanbul B\u00fcy\u00fck\u015fehir Belediye (\u0130BB) Ba\u015fkan\u0131 Ekrem \u0130mamo\u011flu\u2019nun \u0130BB\u2019ye y\u00f6nelik ter\u00f6r ve \u00f6rg\u00fctl\u00fc su\u00e7larla ilgili y\u00fcr\u00fct\u00fclen soru\u015fturmalar kapsam\u0131nda g\u00f6zalt\u0131na al\u0131nmas\u0131n\u0131n ard\u0131ndan","og_url":"https:\/\/kibrisdakik.com\/?p=78299","article_published_time":"2025-03-20T11:29:00+00:00","og_image":[{"width":2048,"height":1365,"url":"https:\/\/kibrisdakik.com\/wp-content\/uploads\/2025\/03\/0932842-740x420.jpg","type":"image\/jpeg"}],"author":"admin","twitter_card":"summary_large_image","twitter_misc":{"Yazan:":"admin","Tahmini okuma s\u00fcresi":"3 dakika"},"schema":{"@context":"https:\/\/schema.org","@graph":[{"@type":"Article","@id":"https:\/\/kibrisdakik.com\/?p=78299#article","isPartOf":{"@id":"https:\/\/kibrisdakik.com\/?p=78299"},"author":{"name":"admin","@id":"https:\/\/kibrisdakik.com\/#\/schema\/person\/9cd9d437bbb44f72b73ba127e06d8e79"},"headline":"\u00d6zg\u00fcr \u00d6zel, Sara\u00e7hane\u2019deki \u0130BB binas\u0131 \u00f6n\u00fcnde toplananlara hitap etti","datePublished":"2025-03-20T11:29:00+00:00","mainEntityOfPage":{"@id":"https:\/\/kibrisdakik.com\/?p=78299"},"wordCount":550,"commentCount":0,"image":{"@id":"https:\/\/kibrisdakik.com\/?p=78299#primaryimage"},"thumbnailUrl":"https:\/\/kibrisdakik.com\/wp-content\/uploads\/2025\/03\/0932842-740x420.jpg","articleSection":["T\u00fcrkiye"],"inLanguage":"tr","potentialAction":[{"@type":"CommentAction","name":"Comment","target":["https:\/\/kibrisdakik.com\/?p=78299#respond"]}]},{"@type":"WebPage","@id":"https:\/\/kibrisdakik.com\/?p=78299","url":"https:\/\/kibrisdakik.com\/?p=78299","name":"\u00d6zg\u00fcr \u00d6zel, Sara\u00e7hane\u2019deki \u0130BB binas\u0131 \u00f6n\u00fcnde toplananlara hitap etti -","isPartOf":{"@id":"https:\/\/kibrisdakik.com\/#website"},"primaryImageOfPage":{"@id":"https:\/\/kibrisdakik.com\/?p=78299#primaryimage"},"image":{"@id":"https:\/\/kibrisdakik.com\/?p=78299#primaryimage"},"thumbnailUrl":"https:\/\/kibrisdakik.com\/wp-content\/uploads\/2025\/03\/0932842-740x420.jpg","datePublished":"2025-03-20T11:29:00+00:00","author":{"@id":"https:\/\/kibrisdakik.com\/#\/schema\/person\/9cd9d437bbb44f72b73ba127e06d8e79"},"breadcrumb":{"@id":"https:\/\/kibrisdakik.com\/?p=78299#breadcrumb"},"inLanguage":"tr","potentialAction":[{"@type":"ReadAction","target":["https:\/\/kibrisdakik.com\/?p=78299"]}]},{"@type":"ImageObject","inLanguage":"tr","@id":"https:\/\/kibrisdakik.com\/?p=78299#primaryimage","url":"https:\/\/kibrisdakik.com\/wp-content\/uploads\/2025\/03\/0932842-740x420.jpg","contentUrl":"https:\/\/kibrisdakik.com\/wp-content\/uploads\/2025\/03\/0932842-740x420.jpg","width":2048,"height":1365},{"@type":"BreadcrumbList","@id":"https:\/\/kibrisdakik.com\/?p=78299#breadcrumb","itemListElement":[{"@type":"ListItem","position":1,"name":"Home","item":"https:\/\/kibrisdakik.com\/"},{"@type":"ListItem","position":2,"name":"\u00d6zg\u00fcr \u00d6zel, Sara\u00e7hane\u2019deki \u0130BB binas\u0131 \u00f6n\u00fcnde toplananlara hitap etti"}]},{"@type":"WebSite","@id":"https:\/\/kibrisdakik.com\/#website","url":"https:\/\/kibrisdakik.com\/","name":"","description":"Tam vaktinde haber","potentialAction":[{"@type":"SearchAction","target":{"@type":"EntryPoint","urlTemplate":"https:\/\/kibrisdakik.com\/?s={search_term_string}"},"query-input":{"@type":"PropertyValueSpecification","valueRequired":true,"valueName":"search_term_string"}}],"inLanguage":"tr"},{"@type":"Person","@id":"https:\/\/kibrisdakik.com\/#\/schema\/person\/9cd9d437bbb44f72b73ba127e06d8e79","name":"admin","image":{"@type":"ImageObject","inLanguage":"tr","@id":"https:\/\/secure.gravatar.com\/avatar\/ccc17943b9d660506c869530f897617f7cb1c21a4bf30023f252596d83e1f007?s=96&d=mm&r=g","url":"https:\/\/secure.gravatar.com\/avatar\/ccc17943b9d660506c869530f897617f7cb1c21a4bf30023f252596d83e1f007?s=96&d=mm&r=g","contentUrl":"https:\/\/secure.gravatar.com\/avatar\/ccc17943b9d660506c869530f897617f7cb1c21a4bf30023f252596d83e1f007?s=96&d=mm&r=g","caption":"admin"},"sameAs":["https:\/\/kibrisdakik.com"],"url":"https:\/\/kibrisdakik.com\/?author=1"}]}},"_links":{"self":[{"href":"https:\/\/kibrisdakik.com\/index.php?rest_route=\/wp\/v2\/posts\/78299","targetHints":{"allow":["GET"]}}],"collection":[{"href":"https:\/\/kibrisdakik.com\/index.php?rest_route=\/wp\/v2\/posts"}],"about":[{"href":"https:\/\/kibrisdakik.com\/index.php?rest_route=\/wp\/v2\/types\/post"}],"author":[{"embeddable":true,"href":"https:\/\/kibrisdakik.com\/index.php?rest_route=\/wp\/v2\/users\/1"}],"replies":[{"embeddable":true,"href":"https:\/\/kibrisdakik.com\/index.php?rest_route=%2Fwp%2Fv2%2Fcomments&post=78299"}],"version-history":[{"count":0,"href":"https:\/\/kibrisdakik.com\/index.php?rest_route=\/wp\/v2\/posts\/78299\/revisions"}],"wp:featuredmedia":[{"embeddable":true,"href":"https:\/\/kibrisdakik.com\/index.php?rest_route=\/wp\/v2\/media\/78300"}],"wp:attachment":[{"href":"https:\/\/kibrisdakik.com\/index.php?rest_route=%2Fwp%2Fv2%2Fmedia&parent=78299"}],"wp:term":[{"taxonomy":"category","embeddable":true,"href":"https:\/\/kibrisdakik.com\/index.php?rest_route=%2Fwp%2Fv2%2Fcategories&post=78299"},{"taxonomy":"post_tag","embeddable":true,"href":"https:\/\/kibrisdakik.com\/index.php?rest_route=%2Fwp%2Fv2%2Ftags&post=78299"}],"curies":[{"name":"wp","href":"https:\/\/api.w.org\/{rel}","templated":true}]}}