{"id":78313,"date":"2025-03-20T16:01:00","date_gmt":"2025-03-20T13:01:00","guid":{"rendered":"https:\/\/kibrisdakik.com\/index.php\/2025\/03\/20\/maliye-bakani-berova-turkiye-ticaret-bakani-bolat-ile-ankarada-gorustu\/"},"modified":"2025-03-20T16:01:00","modified_gmt":"2025-03-20T13:01:00","slug":"maliye-bakani-berova-turkiye-ticaret-bakani-bolat-ile-ankarada-gorustu","status":"publish","type":"post","link":"https:\/\/kibrisdakik.com\/?p=78313","title":{"rendered":"Maliye Bakan\u0131 Berova, T\u00fcrkiye Ticaret Bakan\u0131 Bolat ile Ankara\u2019da g\u00f6r\u00fc\u015ft\u00fc"},"content":{"rendered":"<p><\/p>\n<div>\n<div class=\"mariselle-image-container center\">\n                <img loading=\"lazy\" decoding=\"async\" width=\"2048\" height=\"1366\" class=\"lazy-image\" alt=\"\" sizes=\"auto, (max-width: 2048px) 100vw, 2048px\" src=\"https:\/\/brtk.net\/wp-content\/uploads\/2025\/03\/20\/98980.jpg?ver=b87de59403e99dd7b37a4b325a8802da\" srcset=\"https:\/\/brtk.net\/wp-content\/uploads\/2025\/03\/20\/98980.jpg?ver=b87de59403e99dd7b37a4b325a8802da 2048w, https:\/\/brtk.net\/wp-content\/uploads\/2025\/03\/20\/98980-300x200.jpg?ver=b87de59403e99dd7b37a4b325a8802da 300w, https:\/\/brtk.net\/wp-content\/uploads\/2025\/03\/20\/98980-1024x683.jpg?ver=ed0747479b7c0e50ae94fb0bf427b73c 1024w, https:\/\/brtk.net\/wp-content\/uploads\/2025\/03\/20\/98980-768x512.jpg?ver=ed0747479b7c0e50ae94fb0bf427b73c 768w, https:\/\/brtk.net\/wp-content\/uploads\/2025\/03\/20\/98980-1536x1025.jpg?ver=37344a14370f1df8cde28ffc3cb499e7 1536w\"\/>                            <\/div>\n<p>T\u00fcrkiye Ticaret Bakan\u0131 \u00d6mer Bolat, Maliye Bakan\u0131 \u00d6zdemir Berova ile bir araya geldiklerini bildirerek,\u201dGazima\u011fusa Liman\u0131\u2019na x-ray cihazlar\u0131n\u0131n teslimini tamamlarken, g\u00fcmr\u00fck otomasyon sistemlerinin modernizasyonu ve \u00fcr\u00fcn g\u00fcvenli\u011fi alan\u0131nda i\u015fbirli\u011fi noktas\u0131nda teknik ekiplerimiz \u00e7al\u0131\u015fmalar\u0131n\u0131 s\u00fcrd\u00fcrmektedir.\u201d ifadesini kulland\u0131.<\/p>\n<p>Bolat, sosyal medya hesab\u0131ndan, Maliye Bakan\u0131 Berova ile yapt\u0131\u011f\u0131 g\u00f6r\u00fc\u015fmeye ili\u015fkin payla\u015f\u0131m yapt\u0131.<\/p>\n<p>Her ko\u015fulda K\u0131br\u0131s T\u00fcrklerinin yan\u0131nda yer alan T\u00fcrkiye\u2019nin, KKTC ile ikili ticaret hacmini art\u0131rmaya, i\u015fbirli\u011fi alanlar\u0131n\u0131 geni\u015fletmeye b\u00fcy\u00fck \u00f6nem verdi\u011fine dikkati \u00e7eken Bolat, Bakanl\u0131k olarak da KKTC\u2019li firmalara fuar kat\u0131l\u0131m ve al\u0131m heyeti deste\u011fi sa\u011flad\u0131klar\u0131n\u0131 aktard\u0131.<\/p>\n<p>Bolat, g\u00fcmr\u00fcklerin modernizasyonu, teknolojik altyap\u0131n\u0131n g\u00fc\u00e7lendirilmesi, \u00fcr\u00fcn g\u00fcvenli\u011fi denetimlerini yapacak laboratuvarlar ile so\u011fuk hava deposunun kurulmas\u0131 konular\u0131nda da ortak ad\u0131mlar atmaya devam ettiklerini bildirerek, \u015funlar\u0131 kaydetti:<\/p>\n<p>\u201cBu kapsamda, Gazima\u011fusa Liman\u0131\u2019na x-ray cihazlar\u0131n\u0131n teslimini tamamlarken, g\u00fcmr\u00fck otomasyon sistemlerinin modernizasyonu ve \u00fcr\u00fcn g\u00fcvenli\u011fi alan\u0131nda i\u015fbirli\u011fi noktas\u0131nda teknik ekiplerimiz \u00e7al\u0131\u015fmalar\u0131n\u0131 s\u00fcrd\u00fcrmektedir. Bakan Berova ile ger\u00e7ekle\u015ftirdi\u011fimiz g\u00f6r\u00fc\u015fmelerin, T\u00fcrkiye ile KKTC ili\u015fkilerinin ve ticari alandaki i\u015fbirli\u011finin g\u00fc\u00e7lendirilerek s\u00fcrmesine katk\u0131 sa\u011flamas\u0131n\u0131 temenni ediyorum.\u201d<\/p>\n<\/p><\/div>\n<p><script async\n                    defer\n                    crossorigin=\"anonymous\"\n                    src=\"https:\/\/connect.facebook.net\/tr_TR\/sdk.js#xfbml=1&#038;version=v3.3\"\n            ><\/script><\/p>\n","protected":false},"excerpt":{"rendered":"<p>T\u00fcrkiye Ticaret Bakan\u0131 \u00d6mer Bolat, Maliye Bakan\u0131 \u00d6zdemir Berova ile bir araya geldiklerini bildirerek,\u201dGazima\u011fusa Liman\u0131\u2019na x-ray cihazlar\u0131n\u0131n teslimini tamamlarken, g\u00fcmr\u00fck otomasyon sistemlerinin modernizasyonu ve \u00fcr\u00fcn g\u00fcvenli\u011fi alan\u0131nda i\u015fbirli\u011fi noktas\u0131nda teknik ekiplerimiz \u00e7al\u0131\u015fmalar\u0131n\u0131 s\u00fcrd\u00fcrmektedir.\u201d ifadesini kulland\u0131. Bolat, sosyal medya hesab\u0131ndan, Maliye Bakan\u0131 Berova ile yapt\u0131\u011f\u0131 g\u00f6r\u00fc\u015fmeye ili\u015fkin payla\u015f\u0131m yapt\u0131. Her ko\u015fulda K\u0131br\u0131s T\u00fcrklerinin yan\u0131nda yer alan<\/p>\n","protected":false},"author":1,"featured_media":78314,"comment_status":"open","ping_status":"open","sticky":false,"template":"","format":"standard","meta":{"footnotes":""},"categories":[86],"tags":[],"class_list":["post-78313","post","type-post","status-publish","format-standard","has-post-thumbnail","hentry","category-turkiye"],"yoast_head":"<!-- This site is optimized with the Yoast SEO plugin v27.4 - https:\/\/yoast.com\/product\/yoast-seo-wordpress\/ -->\n<title>Maliye Bakan\u0131 Berova, T\u00fcrkiye Ticaret Bakan\u0131 Bolat ile Ankara\u2019da g\u00f6r\u00fc\u015ft\u00fc -<\/title>\n<meta name=\"robots\" content=\"index, follow, max-snippet:-1, max-image-preview:large, max-video-preview:-1\" \/>\n<link rel=\"canonical\" href=\"https:\/\/kibrisdakik.com\/?p=78313\" \/>\n<meta property=\"og:locale\" content=\"tr_TR\" \/>\n<meta property=\"og:type\" content=\"article\" \/>\n<meta property=\"og:title\" content=\"Maliye Bakan\u0131 Berova, T\u00fcrkiye Ticaret Bakan\u0131 Bolat ile Ankara\u2019da g\u00f6r\u00fc\u015ft\u00fc -\" \/>\n<meta property=\"og:description\" content=\"T\u00fcrkiye Ticaret Bakan\u0131 \u00d6mer Bolat, Maliye Bakan\u0131 \u00d6zdemir Berova ile bir araya geldiklerini bildirerek,\u201dGazima\u011fusa Liman\u0131\u2019na x-ray cihazlar\u0131n\u0131n teslimini tamamlarken, g\u00fcmr\u00fck otomasyon sistemlerinin modernizasyonu ve \u00fcr\u00fcn g\u00fcvenli\u011fi alan\u0131nda i\u015fbirli\u011fi noktas\u0131nda teknik ekiplerimiz \u00e7al\u0131\u015fmalar\u0131n\u0131 s\u00fcrd\u00fcrmektedir.\u201d ifadesini kulland\u0131. Bolat, sosyal medya hesab\u0131ndan, Maliye Bakan\u0131 Berova ile yapt\u0131\u011f\u0131 g\u00f6r\u00fc\u015fmeye ili\u015fkin payla\u015f\u0131m yapt\u0131. Her ko\u015fulda K\u0131br\u0131s T\u00fcrklerinin yan\u0131nda yer alan\" \/>\n<meta property=\"og:url\" content=\"https:\/\/kibrisdakik.com\/?p=78313\" \/>\n<meta property=\"article:published_time\" content=\"2025-03-20T13:01:00+00:00\" \/>\n<meta property=\"og:image\" content=\"https:\/\/kibrisdakik.com\/wp-content\/uploads\/2025\/03\/98980-740x420.jpg\" \/>\n\t<meta property=\"og:image:width\" content=\"2048\" \/>\n\t<meta property=\"og:image:height\" content=\"1366\" \/>\n\t<meta property=\"og:image:type\" content=\"image\/jpeg\" \/>\n<meta name=\"author\" content=\"admin\" \/>\n<meta name=\"twitter:card\" content=\"summary_large_image\" \/>\n<meta name=\"twitter:label1\" content=\"Yazan:\" \/>\n\t<meta name=\"twitter:data1\" content=\"admin\" \/>\n\t<meta name=\"twitter:label2\" content=\"Tahmini okuma s\u00fcresi\" \/>\n\t<meta name=\"twitter:data2\" content=\"1 dakika\" \/>\n<script type=\"application\/ld+json\" class=\"yoast-schema-graph\">{\"@context\":\"https:\\\/\\\/schema.org\",\"@graph\":[{\"@type\":\"Article\",\"@id\":\"https:\\\/\\\/kibrisdakik.com\\\/?p=78313#article\",\"isPartOf\":{\"@id\":\"https:\\\/\\\/kibrisdakik.com\\\/?p=78313\"},\"author\":{\"name\":\"admin\",\"@id\":\"https:\\\/\\\/kibrisdakik.com\\\/#\\\/schema\\\/person\\\/9cd9d437bbb44f72b73ba127e06d8e79\"},\"headline\":\"Maliye Bakan\u0131 Berova, T\u00fcrkiye Ticaret Bakan\u0131 Bolat ile Ankara\u2019da g\u00f6r\u00fc\u015ft\u00fc\",\"datePublished\":\"2025-03-20T13:01:00+00:00\",\"mainEntityOfPage\":{\"@id\":\"https:\\\/\\\/kibrisdakik.com\\\/?p=78313\"},\"wordCount\":254,\"commentCount\":0,\"image\":{\"@id\":\"https:\\\/\\\/kibrisdakik.com\\\/?p=78313#primaryimage\"},\"thumbnailUrl\":\"https:\\\/\\\/kibrisdakik.com\\\/wp-content\\\/uploads\\\/2025\\\/03\\\/98980-740x420.jpg\",\"articleSection\":[\"T\u00fcrkiye\"],\"inLanguage\":\"tr\",\"potentialAction\":[{\"@type\":\"CommentAction\",\"name\":\"Comment\",\"target\":[\"https:\\\/\\\/kibrisdakik.com\\\/?p=78313#respond\"]}]},{\"@type\":\"WebPage\",\"@id\":\"https:\\\/\\\/kibrisdakik.com\\\/?p=78313\",\"url\":\"https:\\\/\\\/kibrisdakik.com\\\/?p=78313\",\"name\":\"Maliye Bakan\u0131 Berova, T\u00fcrkiye Ticaret Bakan\u0131 Bolat ile Ankara\u2019da g\u00f6r\u00fc\u015ft\u00fc -\",\"isPartOf\":{\"@id\":\"https:\\\/\\\/kibrisdakik.com\\\/#website\"},\"primaryImageOfPage\":{\"@id\":\"https:\\\/\\\/kibrisdakik.com\\\/?p=78313#primaryimage\"},\"image\":{\"@id\":\"https:\\\/\\\/kibrisdakik.com\\\/?p=78313#primaryimage\"},\"thumbnailUrl\":\"https:\\\/\\\/kibrisdakik.com\\\/wp-content\\\/uploads\\\/2025\\\/03\\\/98980-740x420.jpg\",\"datePublished\":\"2025-03-20T13:01:00+00:00\",\"author\":{\"@id\":\"https:\\\/\\\/kibrisdakik.com\\\/#\\\/schema\\\/person\\\/9cd9d437bbb44f72b73ba127e06d8e79\"},\"breadcrumb\":{\"@id\":\"https:\\\/\\\/kibrisdakik.com\\\/?p=78313#breadcrumb\"},\"inLanguage\":\"tr\",\"potentialAction\":[{\"@type\":\"ReadAction\",\"target\":[\"https:\\\/\\\/kibrisdakik.com\\\/?p=78313\"]}]},{\"@type\":\"ImageObject\",\"inLanguage\":\"tr\",\"@id\":\"https:\\\/\\\/kibrisdakik.com\\\/?p=78313#primaryimage\",\"url\":\"https:\\\/\\\/kibrisdakik.com\\\/wp-content\\\/uploads\\\/2025\\\/03\\\/98980-740x420.jpg\",\"contentUrl\":\"https:\\\/\\\/kibrisdakik.com\\\/wp-content\\\/uploads\\\/2025\\\/03\\\/98980-740x420.jpg\",\"width\":2048,\"height\":1366},{\"@type\":\"BreadcrumbList\",\"@id\":\"https:\\\/\\\/kibrisdakik.com\\\/?p=78313#breadcrumb\",\"itemListElement\":[{\"@type\":\"ListItem\",\"position\":1,\"name\":\"Home\",\"item\":\"https:\\\/\\\/kibrisdakik.com\\\/\"},{\"@type\":\"ListItem\",\"position\":2,\"name\":\"Maliye Bakan\u0131 Berova, T\u00fcrkiye Ticaret Bakan\u0131 Bolat ile Ankara\u2019da g\u00f6r\u00fc\u015ft\u00fc\"}]},{\"@type\":\"WebSite\",\"@id\":\"https:\\\/\\\/kibrisdakik.com\\\/#website\",\"url\":\"https:\\\/\\\/kibrisdakik.com\\\/\",\"name\":\"\",\"description\":\"Tam vaktinde haber\",\"potentialAction\":[{\"@type\":\"SearchAction\",\"target\":{\"@type\":\"EntryPoint\",\"urlTemplate\":\"https:\\\/\\\/kibrisdakik.com\\\/?s={search_term_string}\"},\"query-input\":{\"@type\":\"PropertyValueSpecification\",\"valueRequired\":true,\"valueName\":\"search_term_string\"}}],\"inLanguage\":\"tr\"},{\"@type\":\"Person\",\"@id\":\"https:\\\/\\\/kibrisdakik.com\\\/#\\\/schema\\\/person\\\/9cd9d437bbb44f72b73ba127e06d8e79\",\"name\":\"admin\",\"image\":{\"@type\":\"ImageObject\",\"inLanguage\":\"tr\",\"@id\":\"https:\\\/\\\/secure.gravatar.com\\\/avatar\\\/ccc17943b9d660506c869530f897617f7cb1c21a4bf30023f252596d83e1f007?s=96&d=mm&r=g\",\"url\":\"https:\\\/\\\/secure.gravatar.com\\\/avatar\\\/ccc17943b9d660506c869530f897617f7cb1c21a4bf30023f252596d83e1f007?s=96&d=mm&r=g\",\"contentUrl\":\"https:\\\/\\\/secure.gravatar.com\\\/avatar\\\/ccc17943b9d660506c869530f897617f7cb1c21a4bf30023f252596d83e1f007?s=96&d=mm&r=g\",\"caption\":\"admin\"},\"sameAs\":[\"https:\\\/\\\/kibrisdakik.com\"],\"url\":\"https:\\\/\\\/kibrisdakik.com\\\/?author=1\"}]}<\/script>\n<!-- \/ Yoast SEO plugin. -->","yoast_head_json":{"title":"Maliye Bakan\u0131 Berova, T\u00fcrkiye Ticaret Bakan\u0131 Bolat ile Ankara\u2019da g\u00f6r\u00fc\u015ft\u00fc -","robots":{"index":"index","follow":"follow","max-snippet":"max-snippet:-1","max-image-preview":"max-image-preview:large","max-video-preview":"max-video-preview:-1"},"canonical":"https:\/\/kibrisdakik.com\/?p=78313","og_locale":"tr_TR","og_type":"article","og_title":"Maliye Bakan\u0131 Berova, T\u00fcrkiye Ticaret Bakan\u0131 Bolat ile Ankara\u2019da g\u00f6r\u00fc\u015ft\u00fc -","og_description":"T\u00fcrkiye Ticaret Bakan\u0131 \u00d6mer Bolat, Maliye Bakan\u0131 \u00d6zdemir Berova ile bir araya geldiklerini bildirerek,\u201dGazima\u011fusa Liman\u0131\u2019na x-ray cihazlar\u0131n\u0131n teslimini tamamlarken, g\u00fcmr\u00fck otomasyon sistemlerinin modernizasyonu ve \u00fcr\u00fcn g\u00fcvenli\u011fi alan\u0131nda i\u015fbirli\u011fi noktas\u0131nda teknik ekiplerimiz \u00e7al\u0131\u015fmalar\u0131n\u0131 s\u00fcrd\u00fcrmektedir.\u201d ifadesini kulland\u0131. Bolat, sosyal medya hesab\u0131ndan, Maliye Bakan\u0131 Berova ile yapt\u0131\u011f\u0131 g\u00f6r\u00fc\u015fmeye ili\u015fkin payla\u015f\u0131m yapt\u0131. Her ko\u015fulda K\u0131br\u0131s T\u00fcrklerinin yan\u0131nda yer alan","og_url":"https:\/\/kibrisdakik.com\/?p=78313","article_published_time":"2025-03-20T13:01:00+00:00","og_image":[{"width":2048,"height":1366,"url":"https:\/\/kibrisdakik.com\/wp-content\/uploads\/2025\/03\/98980-740x420.jpg","type":"image\/jpeg"}],"author":"admin","twitter_card":"summary_large_image","twitter_misc":{"Yazan:":"admin","Tahmini okuma s\u00fcresi":"1 dakika"},"schema":{"@context":"https:\/\/schema.org","@graph":[{"@type":"Article","@id":"https:\/\/kibrisdakik.com\/?p=78313#article","isPartOf":{"@id":"https:\/\/kibrisdakik.com\/?p=78313"},"author":{"name":"admin","@id":"https:\/\/kibrisdakik.com\/#\/schema\/person\/9cd9d437bbb44f72b73ba127e06d8e79"},"headline":"Maliye Bakan\u0131 Berova, T\u00fcrkiye Ticaret Bakan\u0131 Bolat ile Ankara\u2019da g\u00f6r\u00fc\u015ft\u00fc","datePublished":"2025-03-20T13:01:00+00:00","mainEntityOfPage":{"@id":"https:\/\/kibrisdakik.com\/?p=78313"},"wordCount":254,"commentCount":0,"image":{"@id":"https:\/\/kibrisdakik.com\/?p=78313#primaryimage"},"thumbnailUrl":"https:\/\/kibrisdakik.com\/wp-content\/uploads\/2025\/03\/98980-740x420.jpg","articleSection":["T\u00fcrkiye"],"inLanguage":"tr","potentialAction":[{"@type":"CommentAction","name":"Comment","target":["https:\/\/kibrisdakik.com\/?p=78313#respond"]}]},{"@type":"WebPage","@id":"https:\/\/kibrisdakik.com\/?p=78313","url":"https:\/\/kibrisdakik.com\/?p=78313","name":"Maliye Bakan\u0131 Berova, T\u00fcrkiye Ticaret Bakan\u0131 Bolat ile Ankara\u2019da g\u00f6r\u00fc\u015ft\u00fc -","isPartOf":{"@id":"https:\/\/kibrisdakik.com\/#website"},"primaryImageOfPage":{"@id":"https:\/\/kibrisdakik.com\/?p=78313#primaryimage"},"image":{"@id":"https:\/\/kibrisdakik.com\/?p=78313#primaryimage"},"thumbnailUrl":"https:\/\/kibrisdakik.com\/wp-content\/uploads\/2025\/03\/98980-740x420.jpg","datePublished":"2025-03-20T13:01:00+00:00","author":{"@id":"https:\/\/kibrisdakik.com\/#\/schema\/person\/9cd9d437bbb44f72b73ba127e06d8e79"},"breadcrumb":{"@id":"https:\/\/kibrisdakik.com\/?p=78313#breadcrumb"},"inLanguage":"tr","potentialAction":[{"@type":"ReadAction","target":["https:\/\/kibrisdakik.com\/?p=78313"]}]},{"@type":"ImageObject","inLanguage":"tr","@id":"https:\/\/kibrisdakik.com\/?p=78313#primaryimage","url":"https:\/\/kibrisdakik.com\/wp-content\/uploads\/2025\/03\/98980-740x420.jpg","contentUrl":"https:\/\/kibrisdakik.com\/wp-content\/uploads\/2025\/03\/98980-740x420.jpg","width":2048,"height":1366},{"@type":"BreadcrumbList","@id":"https:\/\/kibrisdakik.com\/?p=78313#breadcrumb","itemListElement":[{"@type":"ListItem","position":1,"name":"Home","item":"https:\/\/kibrisdakik.com\/"},{"@type":"ListItem","position":2,"name":"Maliye Bakan\u0131 Berova, T\u00fcrkiye Ticaret Bakan\u0131 Bolat ile Ankara\u2019da g\u00f6r\u00fc\u015ft\u00fc"}]},{"@type":"WebSite","@id":"https:\/\/kibrisdakik.com\/#website","url":"https:\/\/kibrisdakik.com\/","name":"","description":"Tam vaktinde haber","potentialAction":[{"@type":"SearchAction","target":{"@type":"EntryPoint","urlTemplate":"https:\/\/kibrisdakik.com\/?s={search_term_string}"},"query-input":{"@type":"PropertyValueSpecification","valueRequired":true,"valueName":"search_term_string"}}],"inLanguage":"tr"},{"@type":"Person","@id":"https:\/\/kibrisdakik.com\/#\/schema\/person\/9cd9d437bbb44f72b73ba127e06d8e79","name":"admin","image":{"@type":"ImageObject","inLanguage":"tr","@id":"https:\/\/secure.gravatar.com\/avatar\/ccc17943b9d660506c869530f897617f7cb1c21a4bf30023f252596d83e1f007?s=96&d=mm&r=g","url":"https:\/\/secure.gravatar.com\/avatar\/ccc17943b9d660506c869530f897617f7cb1c21a4bf30023f252596d83e1f007?s=96&d=mm&r=g","contentUrl":"https:\/\/secure.gravatar.com\/avatar\/ccc17943b9d660506c869530f897617f7cb1c21a4bf30023f252596d83e1f007?s=96&d=mm&r=g","caption":"admin"},"sameAs":["https:\/\/kibrisdakik.com"],"url":"https:\/\/kibrisdakik.com\/?author=1"}]}},"_links":{"self":[{"href":"https:\/\/kibrisdakik.com\/index.php?rest_route=\/wp\/v2\/posts\/78313","targetHints":{"allow":["GET"]}}],"collection":[{"href":"https:\/\/kibrisdakik.com\/index.php?rest_route=\/wp\/v2\/posts"}],"about":[{"href":"https:\/\/kibrisdakik.com\/index.php?rest_route=\/wp\/v2\/types\/post"}],"author":[{"embeddable":true,"href":"https:\/\/kibrisdakik.com\/index.php?rest_route=\/wp\/v2\/users\/1"}],"replies":[{"embeddable":true,"href":"https:\/\/kibrisdakik.com\/index.php?rest_route=%2Fwp%2Fv2%2Fcomments&post=78313"}],"version-history":[{"count":0,"href":"https:\/\/kibrisdakik.com\/index.php?rest_route=\/wp\/v2\/posts\/78313\/revisions"}],"wp:featuredmedia":[{"embeddable":true,"href":"https:\/\/kibrisdakik.com\/index.php?rest_route=\/wp\/v2\/media\/78314"}],"wp:attachment":[{"href":"https:\/\/kibrisdakik.com\/index.php?rest_route=%2Fwp%2Fv2%2Fmedia&parent=78313"}],"wp:term":[{"taxonomy":"category","embeddable":true,"href":"https:\/\/kibrisdakik.com\/index.php?rest_route=%2Fwp%2Fv2%2Fcategories&post=78313"},{"taxonomy":"post_tag","embeddable":true,"href":"https:\/\/kibrisdakik.com\/index.php?rest_route=%2Fwp%2Fv2%2Ftags&post=78313"}],"curies":[{"name":"wp","href":"https:\/\/api.w.org\/{rel}","templated":true}]}}