{"id":78334,"date":"2025-03-20T20:48:38","date_gmt":"2025-03-20T17:48:38","guid":{"rendered":"https:\/\/kibrisdakik.com\/index.php\/2025\/03\/20\/cumhurbaskani-tatar-mormenekse-kadinlar-birligi-heyetini-kabul-etti\/"},"modified":"2025-03-20T20:48:38","modified_gmt":"2025-03-20T17:48:38","slug":"cumhurbaskani-tatar-mormenekse-kadinlar-birligi-heyetini-kabul-etti","status":"publish","type":"post","link":"https:\/\/kibrisdakik.com\/?p=78334","title":{"rendered":"Cumhurba\u015fkan\u0131 Tatar, Mormenek\u015fe Kad\u0131nlar Birli\u011fi heyetini kabul etti"},"content":{"rendered":"<div>\n<div class=\"mariselle-image-container center\">\n                                            <\/div>\n<p>Cumhurba\u015fkan\u0131 Ersin Tatar, Mormenek\u015fe Kad\u0131nlar Birli\u011fi Ba\u015fkan\u0131 ve Festival Komitesi Ba\u015fkan\u0131 Er\u015fen Ummanel ile beraberindeki heyeti kabul etti.<\/p>\n<p>Cumhurba\u015fkanl\u0131\u011f\u0131\u2019ndan yap\u0131lan a\u00e7\u0131klamaya g\u00f6re, Mormenek\u015fe Kad\u0131nlar Birli\u011fi ve Festival Komitesi\u2019nin ge\u00e7mi\u015fi ya\u015fatmak amac\u0131yla \u00f6nemli \u00e7al\u0131\u015fmalar y\u00fcr\u00fctt\u00fc\u011f\u00fcn\u00fc vurgulayan Cumhurba\u015fkan\u0131 Tatar, milli de\u011ferlerin ya\u015fat\u0131lmas\u0131 i\u00e7in verilen bu m\u00fccadelede eme\u011fi ge\u00e7en herkesi tebrik etti ve \u00e7al\u0131\u015fmalar\u0131nda ba\u015far\u0131lar diledi.<\/p>\n<p>Cumhurba\u015fkan\u0131 Tatar, yap\u0131lacak olan 13. Enginar Festivali\u2019nin hay\u0131rl\u0131 olmas\u0131n\u0131 dileyerek, K\u0131br\u0131s T\u00fcrk k\u00fclt\u00fcr\u00fcn\u00fcn ya\u015fat\u0131lmas\u0131 ve gelecek nesillere aktar\u0131lmas\u0131 a\u00e7\u0131s\u0131ndan festivalin \u00f6nemli bir organizasyon oldu\u011funu belirtti.<\/p>\n<p>\u201cGen\u00e7lerimize k\u00fclt\u00fcr\u00fcm\u00fcz\u00fc g\u00f6stermek, adadaki varl\u0131\u011f\u0131m\u0131z\u0131n simgesi haline gelen geleneklerimizi d\u00fcnyaya tan\u0131tmak ve turizm sekt\u00f6r\u00fcne katk\u0131 sa\u011flamak ad\u0131na d\u00fczenlenecek olan bu festival olduk\u00e7a \u00f6nemlidir.\u201d diyen Tatar, enginar\u0131n K\u0131br\u0131s k\u00fclt\u00fcr\u00fcne ait bir simge oldu\u011funu vurgulad\u0131.<\/p>\n<p>Enginar\u0131n markala\u015fmas\u0131 gerekti\u011fini ifade eden Cumhurba\u015fkan\u0131 Tatar, festivalin d\u00fczenlenmesine katk\u0131 koyan herkesi tebrik etti ve K\u0131br\u0131s T\u00fcrk k\u00fclt\u00fcr\u00fcn\u00fcn tan\u0131t\u0131m\u0131 i\u00e7in bu t\u00fcr \u00e7al\u0131\u015fmalar\u0131n devam etmesi gerekti\u011fini kaydetti.<\/p>\n<p>Festival Komitesi Ba\u015fkan\u0131 Er\u015fen Ummanel ise kabulden duydu\u011fu memnuniyeti dile getirerek, Cumhurba\u015fkan\u0131 Tatar\u2019a desteklerinden dolay\u0131 te\u015fekk\u00fcr etti. Ummanel, Cumhurba\u015fkan\u0131 Tatar\u2019\u0131 13. Mormenek\u015fe Enginar Festivali\u2019ne davet ederken, bu festival ile K\u0131br\u0131s k\u00fclt\u00fcr\u00fcne iz b\u0131rakmay\u0131 hedeflediklerini belirtti.<\/p>\n<p>Festivalin i\u00e7eri\u011fi hakk\u0131nda bilgi veren Ummanel, Enginar Festivali\u2019nin kad\u0131nlar\u0131n m\u00fccadele y\u0131llar\u0131n\u0131n bir simgesi olaca\u011f\u0131n\u0131 kaydetti. M\u00fccadele y\u0131llar\u0131nda t\u00fcm zorluklara ra\u011fmen \u00fcretime devam eden emek\u00e7i kad\u0131nlar\u0131n bir\u00e7ok el i\u015finin sergilenece\u011fini ifade eden Ummanel, festivalde milli de\u011ferlerin \u00f6n plana \u00e7\u0131kaca\u011f\u0131n\u0131 ve K\u0131br\u0131s T\u00fcrk  k\u00fclt\u00fcr\u00fcn\u00fcn \u00fclke tan\u0131t\u0131m\u0131na katk\u0131 sa\u011flayaca\u011f\u0131n\u0131 belirtti.<\/p>\n<\/p><\/div>\n<p><script async\n                    defer\n                    crossorigin=\"anonymous\"\n                    src=\"https:\/\/connect.facebook.net\/tr_TR\/sdk.js#xfbml=1&#038;version=v3.3\"\n            ><\/script><\/p>\n","protected":false},"excerpt":{"rendered":"<p>Cumhurba\u015fkan\u0131 Ersin Tatar, Mormenek\u015fe Kad\u0131nlar Birli\u011fi Ba\u015fkan\u0131 ve Festival Komitesi Ba\u015fkan\u0131 Er\u015fen Ummanel ile beraberindeki heyeti kabul etti. Cumhurba\u015fkanl\u0131\u011f\u0131\u2019ndan yap\u0131lan a\u00e7\u0131klamaya g\u00f6re, Mormenek\u015fe Kad\u0131nlar Birli\u011fi ve Festival Komitesi\u2019nin ge\u00e7mi\u015fi ya\u015fatmak amac\u0131yla \u00f6nemli \u00e7al\u0131\u015fmalar y\u00fcr\u00fctt\u00fc\u011f\u00fcn\u00fc vurgulayan Cumhurba\u015fkan\u0131 Tatar, milli de\u011ferlerin ya\u015fat\u0131lmas\u0131 i\u00e7in verilen bu m\u00fccadelede eme\u011fi ge\u00e7en herkesi tebrik etti ve \u00e7al\u0131\u015fmalar\u0131nda ba\u015far\u0131lar diledi. Cumhurba\u015fkan\u0131 Tatar,<\/p>\n","protected":false},"author":1,"featured_media":78335,"comment_status":"open","ping_status":"open","sticky":false,"template":"","format":"standard","meta":{"footnotes":""},"categories":[81,101],"tags":[],"class_list":["post-78334","post","type-post","status-publish","format-standard","has-post-thumbnail","hentry","category-kibris","category-manset"],"yoast_head":"<!-- This site is optimized with the Yoast SEO plugin v27.4 - https:\/\/yoast.com\/product\/yoast-seo-wordpress\/ -->\n<title>Cumhurba\u015fkan\u0131 Tatar, Mormenek\u015fe Kad\u0131nlar Birli\u011fi heyetini kabul etti -<\/title>\n<meta name=\"robots\" content=\"index, follow, max-snippet:-1, max-image-preview:large, max-video-preview:-1\" \/>\n<link rel=\"canonical\" href=\"https:\/\/kibrisdakik.com\/?p=78334\" \/>\n<meta property=\"og:locale\" content=\"tr_TR\" \/>\n<meta property=\"og:type\" content=\"article\" \/>\n<meta property=\"og:title\" content=\"Cumhurba\u015fkan\u0131 Tatar, Mormenek\u015fe Kad\u0131nlar Birli\u011fi heyetini kabul etti -\" \/>\n<meta property=\"og:description\" content=\"Cumhurba\u015fkan\u0131 Ersin Tatar, Mormenek\u015fe Kad\u0131nlar Birli\u011fi Ba\u015fkan\u0131 ve Festival Komitesi Ba\u015fkan\u0131 Er\u015fen Ummanel ile beraberindeki heyeti kabul etti. Cumhurba\u015fkanl\u0131\u011f\u0131\u2019ndan yap\u0131lan a\u00e7\u0131klamaya g\u00f6re, Mormenek\u015fe Kad\u0131nlar Birli\u011fi ve Festival Komitesi\u2019nin ge\u00e7mi\u015fi ya\u015fatmak amac\u0131yla \u00f6nemli \u00e7al\u0131\u015fmalar y\u00fcr\u00fctt\u00fc\u011f\u00fcn\u00fc vurgulayan Cumhurba\u015fkan\u0131 Tatar, milli de\u011ferlerin ya\u015fat\u0131lmas\u0131 i\u00e7in verilen bu m\u00fccadelede eme\u011fi ge\u00e7en herkesi tebrik etti ve \u00e7al\u0131\u015fmalar\u0131nda ba\u015far\u0131lar diledi. Cumhurba\u015fkan\u0131 Tatar,\" \/>\n<meta property=\"og:url\" content=\"https:\/\/kibrisdakik.com\/?p=78334\" \/>\n<meta property=\"article:published_time\" content=\"2025-03-20T17:48:38+00:00\" \/>\n<meta property=\"og:image\" content=\"https:\/\/kibrisdakik.com\/wp-content\/uploads\/2025\/03\/10491-740x420.jpg\" \/>\n\t<meta property=\"og:image:width\" content=\"2560\" \/>\n\t<meta property=\"og:image:height\" content=\"1706\" \/>\n\t<meta property=\"og:image:type\" content=\"image\/jpeg\" \/>\n<meta name=\"author\" content=\"admin\" \/>\n<meta name=\"twitter:card\" content=\"summary_large_image\" \/>\n<meta name=\"twitter:label1\" content=\"Yazan:\" \/>\n\t<meta name=\"twitter:data1\" content=\"admin\" \/>\n\t<meta name=\"twitter:label2\" content=\"Tahmini okuma s\u00fcresi\" \/>\n\t<meta name=\"twitter:data2\" content=\"2 dakika\" \/>\n<script type=\"application\/ld+json\" class=\"yoast-schema-graph\">{\"@context\":\"https:\\\/\\\/schema.org\",\"@graph\":[{\"@type\":\"Article\",\"@id\":\"https:\\\/\\\/kibrisdakik.com\\\/?p=78334#article\",\"isPartOf\":{\"@id\":\"https:\\\/\\\/kibrisdakik.com\\\/?p=78334\"},\"author\":{\"name\":\"admin\",\"@id\":\"https:\\\/\\\/kibrisdakik.com\\\/#\\\/schema\\\/person\\\/9cd9d437bbb44f72b73ba127e06d8e79\"},\"headline\":\"Cumhurba\u015fkan\u0131 Tatar, Mormenek\u015fe Kad\u0131nlar Birli\u011fi heyetini kabul etti\",\"datePublished\":\"2025-03-20T17:48:38+00:00\",\"mainEntityOfPage\":{\"@id\":\"https:\\\/\\\/kibrisdakik.com\\\/?p=78334\"},\"wordCount\":379,\"commentCount\":0,\"image\":{\"@id\":\"https:\\\/\\\/kibrisdakik.com\\\/?p=78334#primaryimage\"},\"thumbnailUrl\":\"https:\\\/\\\/kibrisdakik.com\\\/wp-content\\\/uploads\\\/2025\\\/03\\\/10491-740x420.jpg\",\"articleSection\":[\"K\u0131br\u0131s\",\"Man\u015fet\"],\"inLanguage\":\"tr\",\"potentialAction\":[{\"@type\":\"CommentAction\",\"name\":\"Comment\",\"target\":[\"https:\\\/\\\/kibrisdakik.com\\\/?p=78334#respond\"]}]},{\"@type\":\"WebPage\",\"@id\":\"https:\\\/\\\/kibrisdakik.com\\\/?p=78334\",\"url\":\"https:\\\/\\\/kibrisdakik.com\\\/?p=78334\",\"name\":\"Cumhurba\u015fkan\u0131 Tatar, Mormenek\u015fe Kad\u0131nlar Birli\u011fi heyetini kabul etti -\",\"isPartOf\":{\"@id\":\"https:\\\/\\\/kibrisdakik.com\\\/#website\"},\"primaryImageOfPage\":{\"@id\":\"https:\\\/\\\/kibrisdakik.com\\\/?p=78334#primaryimage\"},\"image\":{\"@id\":\"https:\\\/\\\/kibrisdakik.com\\\/?p=78334#primaryimage\"},\"thumbnailUrl\":\"https:\\\/\\\/kibrisdakik.com\\\/wp-content\\\/uploads\\\/2025\\\/03\\\/10491-740x420.jpg\",\"datePublished\":\"2025-03-20T17:48:38+00:00\",\"author\":{\"@id\":\"https:\\\/\\\/kibrisdakik.com\\\/#\\\/schema\\\/person\\\/9cd9d437bbb44f72b73ba127e06d8e79\"},\"breadcrumb\":{\"@id\":\"https:\\\/\\\/kibrisdakik.com\\\/?p=78334#breadcrumb\"},\"inLanguage\":\"tr\",\"potentialAction\":[{\"@type\":\"ReadAction\",\"target\":[\"https:\\\/\\\/kibrisdakik.com\\\/?p=78334\"]}]},{\"@type\":\"ImageObject\",\"inLanguage\":\"tr\",\"@id\":\"https:\\\/\\\/kibrisdakik.com\\\/?p=78334#primaryimage\",\"url\":\"https:\\\/\\\/kibrisdakik.com\\\/wp-content\\\/uploads\\\/2025\\\/03\\\/10491-740x420.jpg\",\"contentUrl\":\"https:\\\/\\\/kibrisdakik.com\\\/wp-content\\\/uploads\\\/2025\\\/03\\\/10491-740x420.jpg\",\"width\":2560,\"height\":1706},{\"@type\":\"BreadcrumbList\",\"@id\":\"https:\\\/\\\/kibrisdakik.com\\\/?p=78334#breadcrumb\",\"itemListElement\":[{\"@type\":\"ListItem\",\"position\":1,\"name\":\"Home\",\"item\":\"https:\\\/\\\/kibrisdakik.com\\\/\"},{\"@type\":\"ListItem\",\"position\":2,\"name\":\"Cumhurba\u015fkan\u0131 Tatar, Mormenek\u015fe Kad\u0131nlar Birli\u011fi heyetini kabul etti\"}]},{\"@type\":\"WebSite\",\"@id\":\"https:\\\/\\\/kibrisdakik.com\\\/#website\",\"url\":\"https:\\\/\\\/kibrisdakik.com\\\/\",\"name\":\"\",\"description\":\"Tam vaktinde haber\",\"potentialAction\":[{\"@type\":\"SearchAction\",\"target\":{\"@type\":\"EntryPoint\",\"urlTemplate\":\"https:\\\/\\\/kibrisdakik.com\\\/?s={search_term_string}\"},\"query-input\":{\"@type\":\"PropertyValueSpecification\",\"valueRequired\":true,\"valueName\":\"search_term_string\"}}],\"inLanguage\":\"tr\"},{\"@type\":\"Person\",\"@id\":\"https:\\\/\\\/kibrisdakik.com\\\/#\\\/schema\\\/person\\\/9cd9d437bbb44f72b73ba127e06d8e79\",\"name\":\"admin\",\"image\":{\"@type\":\"ImageObject\",\"inLanguage\":\"tr\",\"@id\":\"https:\\\/\\\/secure.gravatar.com\\\/avatar\\\/ccc17943b9d660506c869530f897617f7cb1c21a4bf30023f252596d83e1f007?s=96&d=mm&r=g\",\"url\":\"https:\\\/\\\/secure.gravatar.com\\\/avatar\\\/ccc17943b9d660506c869530f897617f7cb1c21a4bf30023f252596d83e1f007?s=96&d=mm&r=g\",\"contentUrl\":\"https:\\\/\\\/secure.gravatar.com\\\/avatar\\\/ccc17943b9d660506c869530f897617f7cb1c21a4bf30023f252596d83e1f007?s=96&d=mm&r=g\",\"caption\":\"admin\"},\"sameAs\":[\"https:\\\/\\\/kibrisdakik.com\"],\"url\":\"https:\\\/\\\/kibrisdakik.com\\\/?author=1\"}]}<\/script>\n<!-- \/ Yoast SEO plugin. -->","yoast_head_json":{"title":"Cumhurba\u015fkan\u0131 Tatar, Mormenek\u015fe Kad\u0131nlar Birli\u011fi heyetini kabul etti -","robots":{"index":"index","follow":"follow","max-snippet":"max-snippet:-1","max-image-preview":"max-image-preview:large","max-video-preview":"max-video-preview:-1"},"canonical":"https:\/\/kibrisdakik.com\/?p=78334","og_locale":"tr_TR","og_type":"article","og_title":"Cumhurba\u015fkan\u0131 Tatar, Mormenek\u015fe Kad\u0131nlar Birli\u011fi heyetini kabul etti -","og_description":"Cumhurba\u015fkan\u0131 Ersin Tatar, Mormenek\u015fe Kad\u0131nlar Birli\u011fi Ba\u015fkan\u0131 ve Festival Komitesi Ba\u015fkan\u0131 Er\u015fen Ummanel ile beraberindeki heyeti kabul etti. Cumhurba\u015fkanl\u0131\u011f\u0131\u2019ndan yap\u0131lan a\u00e7\u0131klamaya g\u00f6re, Mormenek\u015fe Kad\u0131nlar Birli\u011fi ve Festival Komitesi\u2019nin ge\u00e7mi\u015fi ya\u015fatmak amac\u0131yla \u00f6nemli \u00e7al\u0131\u015fmalar y\u00fcr\u00fctt\u00fc\u011f\u00fcn\u00fc vurgulayan Cumhurba\u015fkan\u0131 Tatar, milli de\u011ferlerin ya\u015fat\u0131lmas\u0131 i\u00e7in verilen bu m\u00fccadelede eme\u011fi ge\u00e7en herkesi tebrik etti ve \u00e7al\u0131\u015fmalar\u0131nda ba\u015far\u0131lar diledi. Cumhurba\u015fkan\u0131 Tatar,","og_url":"https:\/\/kibrisdakik.com\/?p=78334","article_published_time":"2025-03-20T17:48:38+00:00","og_image":[{"width":2560,"height":1706,"url":"https:\/\/kibrisdakik.com\/wp-content\/uploads\/2025\/03\/10491-740x420.jpg","type":"image\/jpeg"}],"author":"admin","twitter_card":"summary_large_image","twitter_misc":{"Yazan:":"admin","Tahmini okuma s\u00fcresi":"2 dakika"},"schema":{"@context":"https:\/\/schema.org","@graph":[{"@type":"Article","@id":"https:\/\/kibrisdakik.com\/?p=78334#article","isPartOf":{"@id":"https:\/\/kibrisdakik.com\/?p=78334"},"author":{"name":"admin","@id":"https:\/\/kibrisdakik.com\/#\/schema\/person\/9cd9d437bbb44f72b73ba127e06d8e79"},"headline":"Cumhurba\u015fkan\u0131 Tatar, Mormenek\u015fe Kad\u0131nlar Birli\u011fi heyetini kabul etti","datePublished":"2025-03-20T17:48:38+00:00","mainEntityOfPage":{"@id":"https:\/\/kibrisdakik.com\/?p=78334"},"wordCount":379,"commentCount":0,"image":{"@id":"https:\/\/kibrisdakik.com\/?p=78334#primaryimage"},"thumbnailUrl":"https:\/\/kibrisdakik.com\/wp-content\/uploads\/2025\/03\/10491-740x420.jpg","articleSection":["K\u0131br\u0131s","Man\u015fet"],"inLanguage":"tr","potentialAction":[{"@type":"CommentAction","name":"Comment","target":["https:\/\/kibrisdakik.com\/?p=78334#respond"]}]},{"@type":"WebPage","@id":"https:\/\/kibrisdakik.com\/?p=78334","url":"https:\/\/kibrisdakik.com\/?p=78334","name":"Cumhurba\u015fkan\u0131 Tatar, Mormenek\u015fe Kad\u0131nlar Birli\u011fi heyetini kabul etti -","isPartOf":{"@id":"https:\/\/kibrisdakik.com\/#website"},"primaryImageOfPage":{"@id":"https:\/\/kibrisdakik.com\/?p=78334#primaryimage"},"image":{"@id":"https:\/\/kibrisdakik.com\/?p=78334#primaryimage"},"thumbnailUrl":"https:\/\/kibrisdakik.com\/wp-content\/uploads\/2025\/03\/10491-740x420.jpg","datePublished":"2025-03-20T17:48:38+00:00","author":{"@id":"https:\/\/kibrisdakik.com\/#\/schema\/person\/9cd9d437bbb44f72b73ba127e06d8e79"},"breadcrumb":{"@id":"https:\/\/kibrisdakik.com\/?p=78334#breadcrumb"},"inLanguage":"tr","potentialAction":[{"@type":"ReadAction","target":["https:\/\/kibrisdakik.com\/?p=78334"]}]},{"@type":"ImageObject","inLanguage":"tr","@id":"https:\/\/kibrisdakik.com\/?p=78334#primaryimage","url":"https:\/\/kibrisdakik.com\/wp-content\/uploads\/2025\/03\/10491-740x420.jpg","contentUrl":"https:\/\/kibrisdakik.com\/wp-content\/uploads\/2025\/03\/10491-740x420.jpg","width":2560,"height":1706},{"@type":"BreadcrumbList","@id":"https:\/\/kibrisdakik.com\/?p=78334#breadcrumb","itemListElement":[{"@type":"ListItem","position":1,"name":"Home","item":"https:\/\/kibrisdakik.com\/"},{"@type":"ListItem","position":2,"name":"Cumhurba\u015fkan\u0131 Tatar, Mormenek\u015fe Kad\u0131nlar Birli\u011fi heyetini kabul etti"}]},{"@type":"WebSite","@id":"https:\/\/kibrisdakik.com\/#website","url":"https:\/\/kibrisdakik.com\/","name":"","description":"Tam vaktinde haber","potentialAction":[{"@type":"SearchAction","target":{"@type":"EntryPoint","urlTemplate":"https:\/\/kibrisdakik.com\/?s={search_term_string}"},"query-input":{"@type":"PropertyValueSpecification","valueRequired":true,"valueName":"search_term_string"}}],"inLanguage":"tr"},{"@type":"Person","@id":"https:\/\/kibrisdakik.com\/#\/schema\/person\/9cd9d437bbb44f72b73ba127e06d8e79","name":"admin","image":{"@type":"ImageObject","inLanguage":"tr","@id":"https:\/\/secure.gravatar.com\/avatar\/ccc17943b9d660506c869530f897617f7cb1c21a4bf30023f252596d83e1f007?s=96&d=mm&r=g","url":"https:\/\/secure.gravatar.com\/avatar\/ccc17943b9d660506c869530f897617f7cb1c21a4bf30023f252596d83e1f007?s=96&d=mm&r=g","contentUrl":"https:\/\/secure.gravatar.com\/avatar\/ccc17943b9d660506c869530f897617f7cb1c21a4bf30023f252596d83e1f007?s=96&d=mm&r=g","caption":"admin"},"sameAs":["https:\/\/kibrisdakik.com"],"url":"https:\/\/kibrisdakik.com\/?author=1"}]}},"_links":{"self":[{"href":"https:\/\/kibrisdakik.com\/index.php?rest_route=\/wp\/v2\/posts\/78334","targetHints":{"allow":["GET"]}}],"collection":[{"href":"https:\/\/kibrisdakik.com\/index.php?rest_route=\/wp\/v2\/posts"}],"about":[{"href":"https:\/\/kibrisdakik.com\/index.php?rest_route=\/wp\/v2\/types\/post"}],"author":[{"embeddable":true,"href":"https:\/\/kibrisdakik.com\/index.php?rest_route=\/wp\/v2\/users\/1"}],"replies":[{"embeddable":true,"href":"https:\/\/kibrisdakik.com\/index.php?rest_route=%2Fwp%2Fv2%2Fcomments&post=78334"}],"version-history":[{"count":0,"href":"https:\/\/kibrisdakik.com\/index.php?rest_route=\/wp\/v2\/posts\/78334\/revisions"}],"wp:featuredmedia":[{"embeddable":true,"href":"https:\/\/kibrisdakik.com\/index.php?rest_route=\/wp\/v2\/media\/78335"}],"wp:attachment":[{"href":"https:\/\/kibrisdakik.com\/index.php?rest_route=%2Fwp%2Fv2%2Fmedia&parent=78334"}],"wp:term":[{"taxonomy":"category","embeddable":true,"href":"https:\/\/kibrisdakik.com\/index.php?rest_route=%2Fwp%2Fv2%2Fcategories&post=78334"},{"taxonomy":"post_tag","embeddable":true,"href":"https:\/\/kibrisdakik.com\/index.php?rest_route=%2Fwp%2Fv2%2Ftags&post=78334"}],"curies":[{"name":"wp","href":"https:\/\/api.w.org\/{rel}","templated":true}]}}