{"id":78339,"date":"2025-03-20T20:58:22","date_gmt":"2025-03-20T17:58:22","guid":{"rendered":"https:\/\/kibrisdakik.com\/index.php\/2025\/03\/20\/omodan-dunya-ormancilik-gunu-mesaji-yanan-alanlar-yeterince-agaclandirilmiyor\/"},"modified":"2025-03-20T20:58:22","modified_gmt":"2025-03-20T17:58:22","slug":"omodan-dunya-ormancilik-gunu-mesaji-yanan-alanlar-yeterince-agaclandirilmiyor","status":"publish","type":"post","link":"https:\/\/kibrisdakik.com\/?p=78339","title":{"rendered":"OMO\u2019dan D\u00fcnya Ormanc\u0131l\u0131k G\u00fcn\u00fc mesaj\u0131: \u201cYanan alanlar yeterince a\u011fa\u00e7land\u0131r\u0131lm\u0131yor\u201d"},"content":{"rendered":"<div>\n<div class=\"mariselle-image-container center\">\n                                            <\/div>\n<p>21 Mart D\u00fcnya Ormanc\u0131l\u0131k G\u00fcn\u00fc nedeniyle mesaj yay\u0131mlayan Orman M\u00fchendisleri Odas\u0131 (OMO), son 8 y\u0131lda yang\u0131nlarla kaybedilen orman alanlar\u0131n\u0131n yerine yeterli a\u011fa\u00e7land\u0131rma yap\u0131lmad\u0131\u011f\u0131n\u0131 belirtti. <\/p>\n<p>Yanan sahalar\u0131n yeniden a\u011fa\u00e7land\u0131r\u0131lmas\u0131 i\u00e7in yanan fidan miktar\u0131ndan daha fazla dikim yap\u0131lmas\u0131 gerekti\u011fini vurgulayan Oda, orman arazilerinin farkl\u0131 ama\u00e7larla kullan\u0131m\u0131n\u0131n durdurulmas\u0131n\u0131; \u00e7am kese b\u00f6ce\u011fiyle m\u00fccadeleye, zarar e\u015fik de\u011feri kabul edilebilir seviyeey d\u00fc\u015f\u00fcnceye kadar devam edilmesini istedi.<\/p>\n<p>Orman M\u00fchendisleri Odas\u0131 Ba\u015fkan\u0131 Ahmet \u0130yig\u00fcn mesaj\u0131nda, halk\u0131n ve ormanc\u0131lar\u0131n 21 Mart D\u00fcnya Ormanc\u0131l\u0131k G\u00fcn\u00fc\u2019n\u00fc kutlad\u0131.<\/p>\n<p>\u0130yig\u00fcn mesaj\u0131nda, 21 Mart D\u00fcnya Ormanc\u0131l\u0131k G\u00fcn\u00fc\u2019nde ormanlar\u0131n korunmas\u0131, geli\u015ftirilmesi, faydalar\u0131n\u0131n halka duyurulmas\u0131 ve bu y\u00f6ndeki fark\u0131ndal\u0131\u011f\u0131n art\u0131r\u0131lmas\u0131 amac\u0131yla \u00e7e\u015fitli etkinlikler d\u00fczenlendi\u011fini belirterek, \u201cOrman m\u00fchendisleri olarak bizler de ormanc\u0131l\u0131k alan\u0131ndaki sorunlar\u0131 g\u00fcndeme getirerek azalan ormanlar\u0131m\u0131z i\u00e7in fark\u0131ndal\u0131k yaratma \u00e7abas\u0131nday\u0131z.\u201d dedi.<\/p>\n<p>-\u201cYanan fidan miktar\u0131ndan daha fazla dikim yap\u0131lmal\u0131d\u0131r\u201d<\/p>\n<p>Orman yang\u0131nlar\u0131 ile orman alanlar\u0131n\u0131n azald\u0131\u011f\u0131n\u0131 belirten \u0130yig\u00fcn, yanan orman alanlar\u0131ndaki a\u011fa\u00e7land\u0131rma \u00e7al\u0131\u015fmalar\u0131n\u0131n yetersiz oldu\u011funu kaydetti ve yanan sahalar\u0131n yeniden a\u011fa\u00e7land\u0131r\u0131lmas\u0131 i\u00e7in yanan fidan miktar\u0131ndan daha fazla dikim yap\u0131lmas\u0131 gerekti\u011fini vurgulad\u0131.<\/p>\n<p>Ahmet \u0130yig\u00fcn, yanan saha, a\u011fa\u00e7land\u0131r\u0131lan saha ve fidan \u00fcretimi rakamlar\u0131na da yer vererek son 8 y\u0131lda yang\u0131nlarla kaybedilen orman alanlar\u0131n\u0131n yerine yeterli a\u011fa\u00e7land\u0131rma yap\u0131lmad\u0131\u011f\u0131n\u0131 belirtti. <\/p>\n<p>\u0130yig\u00fcn, orman arazilerinin tar\u0131m arazisi, g\u00fcne\u015f enerjisi paneli kurulumu, kum \u00e7ak\u0131l depolama alan\u0131 gibi \u00e7e\u015fitli ama\u00e7larla kiralanmas\u0131n\u0131n ve ormandan \u00e7\u0131kar\u0131larak turizm ama\u00e7l\u0131 kullan\u0131ma tahsis edilmesinin durdurulmas\u0131n\u0131 da istedi.<\/p>\n<p>\u00c7am kese b\u00f6ce\u011fi ile m\u00fccadelenin zarar e\u015fik de\u011feri kabul edilebilir seviyeye d\u00fc\u015f\u00fcnceye kadar devam etmesi gerekti\u011fini de kaydeden \u0130yig\u00fcn, bununla m\u00fccadele y\u00f6ntemlerini de sayd\u0131.<\/p>\n<p>\u00c7am kese b\u00f6ce\u011fi ile etkili m\u00fccadele y\u00f6ntemlerinden birinin biyolojik larvasit uygulamas\u0131 oldu\u011funu aktaran \u0130yig\u00fcn, Orman Dairesi\u2019ne gerekli b\u00fct\u00e7e ayr\u0131larak uygulamalar\u0131n zaman\u0131nda yap\u0131lmas\u0131 gerekti\u011fini vurgulad\u0131.<\/p>\n<p>Orman Dairesi, Ta\u015fkent Do\u011fa Park\u0131 ve YD\u00dc i\u015f birli\u011fiyle Calosoma Sycophanta\u2019n\u0131n (avc\u0131 b\u00f6cek) \u00fcretimine ba\u015fland\u0131\u011f\u0131n\u0131 ve biyolojik m\u00fccadele ama\u00e7l\u0131 olarak orman alanlar\u0131na sal\u0131m\u0131n\u0131n yap\u0131ld\u0131\u011f\u0131n\u0131 belirten \u0130yig\u00fcn, \u015funlar\u0131 ekledi:<\/p>\n<p>\u201cOrman Dairesi ve Ta\u015fkent Do\u011fa Park\u0131 i\u015fbirli\u011fi ile kurulan laboratuvar bu b\u00f6ce\u011fin \u00fcretimini yapabilmektedir ancak bu \u00fcretim kapasitesinin her y\u0131l art\u0131r\u0131larak devam ettirilmesi gerekmektedir. Uygun y\u00f6ntemler denenerek orman zararl\u0131lar\u0131yla m\u00fccadelede istenilen seviyede ba\u015far\u0131 sa\u011flanmas\u0131 en b\u00fcy\u00fck dile\u011fimiz olup bu vesileyle halk\u0131m\u0131z\u0131n ve ormanc\u0131lar\u0131m\u0131z\u0131n D\u00fcnya Ormanc\u0131l\u0131k G\u00fcn\u00fc\u2019n\u00fc kutlar\u0131z.\u201d<\/p>\n<\/p><\/div>\n<p><script async\n                    defer\n                    crossorigin=\"anonymous\"\n                    src=\"https:\/\/connect.facebook.net\/tr_TR\/sdk.js#xfbml=1&#038;version=v3.3\"\n            ><\/script><\/p>\n","protected":false},"excerpt":{"rendered":"<p>21 Mart D\u00fcnya Ormanc\u0131l\u0131k G\u00fcn\u00fc nedeniyle mesaj yay\u0131mlayan Orman M\u00fchendisleri Odas\u0131 (OMO), son 8 y\u0131lda yang\u0131nlarla kaybedilen orman alanlar\u0131n\u0131n yerine yeterli a\u011fa\u00e7land\u0131rma yap\u0131lmad\u0131\u011f\u0131n\u0131 belirtti. Yanan sahalar\u0131n yeniden a\u011fa\u00e7land\u0131r\u0131lmas\u0131 i\u00e7in yanan fidan miktar\u0131ndan daha fazla dikim yap\u0131lmas\u0131 gerekti\u011fini vurgulayan Oda, orman arazilerinin farkl\u0131 ama\u00e7larla kullan\u0131m\u0131n\u0131n durdurulmas\u0131n\u0131; \u00e7am kese b\u00f6ce\u011fiyle m\u00fccadeleye, zarar e\u015fik de\u011feri kabul edilebilir seviyeey<\/p>\n","protected":false},"author":1,"featured_media":78340,"comment_status":"open","ping_status":"open","sticky":false,"template":"","format":"standard","meta":{"footnotes":""},"categories":[81,101],"tags":[],"class_list":["post-78339","post","type-post","status-publish","format-standard","has-post-thumbnail","hentry","category-kibris","category-manset"],"yoast_head":"<!-- This site is optimized with the Yoast SEO plugin v27.5 - https:\/\/yoast.com\/product\/yoast-seo-wordpress\/ -->\n<title>OMO\u2019dan D\u00fcnya Ormanc\u0131l\u0131k G\u00fcn\u00fc mesaj\u0131: \u201cYanan alanlar yeterince a\u011fa\u00e7land\u0131r\u0131lm\u0131yor\u201d -<\/title>\n<meta name=\"robots\" content=\"index, follow, max-snippet:-1, max-image-preview:large, max-video-preview:-1\" \/>\n<link rel=\"canonical\" href=\"https:\/\/kibrisdakik.com\/?p=78339\" \/>\n<meta property=\"og:locale\" content=\"tr_TR\" \/>\n<meta property=\"og:type\" content=\"article\" \/>\n<meta property=\"og:title\" content=\"OMO\u2019dan D\u00fcnya Ormanc\u0131l\u0131k G\u00fcn\u00fc mesaj\u0131: \u201cYanan alanlar yeterince a\u011fa\u00e7land\u0131r\u0131lm\u0131yor\u201d -\" \/>\n<meta property=\"og:description\" content=\"21 Mart D\u00fcnya Ormanc\u0131l\u0131k G\u00fcn\u00fc nedeniyle mesaj yay\u0131mlayan Orman M\u00fchendisleri Odas\u0131 (OMO), son 8 y\u0131lda yang\u0131nlarla kaybedilen orman alanlar\u0131n\u0131n yerine yeterli a\u011fa\u00e7land\u0131rma yap\u0131lmad\u0131\u011f\u0131n\u0131 belirtti. Yanan sahalar\u0131n yeniden a\u011fa\u00e7land\u0131r\u0131lmas\u0131 i\u00e7in yanan fidan miktar\u0131ndan daha fazla dikim yap\u0131lmas\u0131 gerekti\u011fini vurgulayan Oda, orman arazilerinin farkl\u0131 ama\u00e7larla kullan\u0131m\u0131n\u0131n durdurulmas\u0131n\u0131; \u00e7am kese b\u00f6ce\u011fiyle m\u00fccadeleye, zarar e\u015fik de\u011feri kabul edilebilir seviyeey\" \/>\n<meta property=\"og:url\" content=\"https:\/\/kibrisdakik.com\/?p=78339\" \/>\n<meta property=\"article:published_time\" content=\"2025-03-20T17:58:22+00:00\" \/>\n<meta property=\"og:image\" content=\"https:\/\/kibrisdakik.com\/wp-content\/uploads\/2025\/03\/92842-740x420.jpg\" \/>\n\t<meta property=\"og:image:width\" content=\"1200\" \/>\n\t<meta property=\"og:image:height\" content=\"627\" \/>\n\t<meta property=\"og:image:type\" content=\"image\/jpeg\" \/>\n<meta name=\"author\" content=\"admin\" \/>\n<meta name=\"twitter:card\" content=\"summary_large_image\" \/>\n<meta name=\"twitter:label1\" content=\"Yazan:\" \/>\n\t<meta name=\"twitter:data1\" content=\"admin\" \/>\n\t<meta name=\"twitter:label2\" content=\"Tahmini okuma s\u00fcresi\" \/>\n\t<meta name=\"twitter:data2\" content=\"3 dakika\" \/>\n<script type=\"application\/ld+json\" class=\"yoast-schema-graph\">{\"@context\":\"https:\\\/\\\/schema.org\",\"@graph\":[{\"@type\":\"Article\",\"@id\":\"https:\\\/\\\/kibrisdakik.com\\\/?p=78339#article\",\"isPartOf\":{\"@id\":\"https:\\\/\\\/kibrisdakik.com\\\/?p=78339\"},\"author\":{\"name\":\"admin\",\"@id\":\"https:\\\/\\\/kibrisdakik.com\\\/#\\\/schema\\\/person\\\/9cd9d437bbb44f72b73ba127e06d8e79\"},\"headline\":\"OMO\u2019dan D\u00fcnya Ormanc\u0131l\u0131k G\u00fcn\u00fc mesaj\u0131: \u201cYanan alanlar yeterince a\u011fa\u00e7land\u0131r\u0131lm\u0131yor\u201d\",\"datePublished\":\"2025-03-20T17:58:22+00:00\",\"mainEntityOfPage\":{\"@id\":\"https:\\\/\\\/kibrisdakik.com\\\/?p=78339\"},\"wordCount\":549,\"commentCount\":0,\"image\":{\"@id\":\"https:\\\/\\\/kibrisdakik.com\\\/?p=78339#primaryimage\"},\"thumbnailUrl\":\"https:\\\/\\\/kibrisdakik.com\\\/wp-content\\\/uploads\\\/2025\\\/03\\\/92842-740x420.jpg\",\"articleSection\":[\"K\u0131br\u0131s\",\"Man\u015fet\"],\"inLanguage\":\"tr\",\"potentialAction\":[{\"@type\":\"CommentAction\",\"name\":\"Comment\",\"target\":[\"https:\\\/\\\/kibrisdakik.com\\\/?p=78339#respond\"]}]},{\"@type\":\"WebPage\",\"@id\":\"https:\\\/\\\/kibrisdakik.com\\\/?p=78339\",\"url\":\"https:\\\/\\\/kibrisdakik.com\\\/?p=78339\",\"name\":\"OMO\u2019dan D\u00fcnya Ormanc\u0131l\u0131k G\u00fcn\u00fc mesaj\u0131: \u201cYanan alanlar yeterince a\u011fa\u00e7land\u0131r\u0131lm\u0131yor\u201d -\",\"isPartOf\":{\"@id\":\"https:\\\/\\\/kibrisdakik.com\\\/#website\"},\"primaryImageOfPage\":{\"@id\":\"https:\\\/\\\/kibrisdakik.com\\\/?p=78339#primaryimage\"},\"image\":{\"@id\":\"https:\\\/\\\/kibrisdakik.com\\\/?p=78339#primaryimage\"},\"thumbnailUrl\":\"https:\\\/\\\/kibrisdakik.com\\\/wp-content\\\/uploads\\\/2025\\\/03\\\/92842-740x420.jpg\",\"datePublished\":\"2025-03-20T17:58:22+00:00\",\"author\":{\"@id\":\"https:\\\/\\\/kibrisdakik.com\\\/#\\\/schema\\\/person\\\/9cd9d437bbb44f72b73ba127e06d8e79\"},\"breadcrumb\":{\"@id\":\"https:\\\/\\\/kibrisdakik.com\\\/?p=78339#breadcrumb\"},\"inLanguage\":\"tr\",\"potentialAction\":[{\"@type\":\"ReadAction\",\"target\":[\"https:\\\/\\\/kibrisdakik.com\\\/?p=78339\"]}]},{\"@type\":\"ImageObject\",\"inLanguage\":\"tr\",\"@id\":\"https:\\\/\\\/kibrisdakik.com\\\/?p=78339#primaryimage\",\"url\":\"https:\\\/\\\/kibrisdakik.com\\\/wp-content\\\/uploads\\\/2025\\\/03\\\/92842-740x420.jpg\",\"contentUrl\":\"https:\\\/\\\/kibrisdakik.com\\\/wp-content\\\/uploads\\\/2025\\\/03\\\/92842-740x420.jpg\",\"width\":1200,\"height\":627},{\"@type\":\"BreadcrumbList\",\"@id\":\"https:\\\/\\\/kibrisdakik.com\\\/?p=78339#breadcrumb\",\"itemListElement\":[{\"@type\":\"ListItem\",\"position\":1,\"name\":\"Home\",\"item\":\"https:\\\/\\\/kibrisdakik.com\\\/\"},{\"@type\":\"ListItem\",\"position\":2,\"name\":\"OMO\u2019dan D\u00fcnya Ormanc\u0131l\u0131k G\u00fcn\u00fc mesaj\u0131: \u201cYanan alanlar yeterince a\u011fa\u00e7land\u0131r\u0131lm\u0131yor\u201d\"}]},{\"@type\":\"WebSite\",\"@id\":\"https:\\\/\\\/kibrisdakik.com\\\/#website\",\"url\":\"https:\\\/\\\/kibrisdakik.com\\\/\",\"name\":\"\",\"description\":\"Tam vaktinde haber\",\"potentialAction\":[{\"@type\":\"SearchAction\",\"target\":{\"@type\":\"EntryPoint\",\"urlTemplate\":\"https:\\\/\\\/kibrisdakik.com\\\/?s={search_term_string}\"},\"query-input\":{\"@type\":\"PropertyValueSpecification\",\"valueRequired\":true,\"valueName\":\"search_term_string\"}}],\"inLanguage\":\"tr\"},{\"@type\":\"Person\",\"@id\":\"https:\\\/\\\/kibrisdakik.com\\\/#\\\/schema\\\/person\\\/9cd9d437bbb44f72b73ba127e06d8e79\",\"name\":\"admin\",\"image\":{\"@type\":\"ImageObject\",\"inLanguage\":\"tr\",\"@id\":\"https:\\\/\\\/secure.gravatar.com\\\/avatar\\\/ccc17943b9d660506c869530f897617f7cb1c21a4bf30023f252596d83e1f007?s=96&d=mm&r=g\",\"url\":\"https:\\\/\\\/secure.gravatar.com\\\/avatar\\\/ccc17943b9d660506c869530f897617f7cb1c21a4bf30023f252596d83e1f007?s=96&d=mm&r=g\",\"contentUrl\":\"https:\\\/\\\/secure.gravatar.com\\\/avatar\\\/ccc17943b9d660506c869530f897617f7cb1c21a4bf30023f252596d83e1f007?s=96&d=mm&r=g\",\"caption\":\"admin\"},\"sameAs\":[\"https:\\\/\\\/kibrisdakik.com\"],\"url\":\"https:\\\/\\\/kibrisdakik.com\\\/?author=1\"}]}<\/script>\n<!-- \/ Yoast SEO plugin. -->","yoast_head_json":{"title":"OMO\u2019dan D\u00fcnya Ormanc\u0131l\u0131k G\u00fcn\u00fc mesaj\u0131: \u201cYanan alanlar yeterince a\u011fa\u00e7land\u0131r\u0131lm\u0131yor\u201d -","robots":{"index":"index","follow":"follow","max-snippet":"max-snippet:-1","max-image-preview":"max-image-preview:large","max-video-preview":"max-video-preview:-1"},"canonical":"https:\/\/kibrisdakik.com\/?p=78339","og_locale":"tr_TR","og_type":"article","og_title":"OMO\u2019dan D\u00fcnya Ormanc\u0131l\u0131k G\u00fcn\u00fc mesaj\u0131: \u201cYanan alanlar yeterince a\u011fa\u00e7land\u0131r\u0131lm\u0131yor\u201d -","og_description":"21 Mart D\u00fcnya Ormanc\u0131l\u0131k G\u00fcn\u00fc nedeniyle mesaj yay\u0131mlayan Orman M\u00fchendisleri Odas\u0131 (OMO), son 8 y\u0131lda yang\u0131nlarla kaybedilen orman alanlar\u0131n\u0131n yerine yeterli a\u011fa\u00e7land\u0131rma yap\u0131lmad\u0131\u011f\u0131n\u0131 belirtti. Yanan sahalar\u0131n yeniden a\u011fa\u00e7land\u0131r\u0131lmas\u0131 i\u00e7in yanan fidan miktar\u0131ndan daha fazla dikim yap\u0131lmas\u0131 gerekti\u011fini vurgulayan Oda, orman arazilerinin farkl\u0131 ama\u00e7larla kullan\u0131m\u0131n\u0131n durdurulmas\u0131n\u0131; \u00e7am kese b\u00f6ce\u011fiyle m\u00fccadeleye, zarar e\u015fik de\u011feri kabul edilebilir seviyeey","og_url":"https:\/\/kibrisdakik.com\/?p=78339","article_published_time":"2025-03-20T17:58:22+00:00","og_image":[{"width":1200,"height":627,"url":"https:\/\/kibrisdakik.com\/wp-content\/uploads\/2025\/03\/92842-740x420.jpg","type":"image\/jpeg"}],"author":"admin","twitter_card":"summary_large_image","twitter_misc":{"Yazan:":"admin","Tahmini okuma s\u00fcresi":"3 dakika"},"schema":{"@context":"https:\/\/schema.org","@graph":[{"@type":"Article","@id":"https:\/\/kibrisdakik.com\/?p=78339#article","isPartOf":{"@id":"https:\/\/kibrisdakik.com\/?p=78339"},"author":{"name":"admin","@id":"https:\/\/kibrisdakik.com\/#\/schema\/person\/9cd9d437bbb44f72b73ba127e06d8e79"},"headline":"OMO\u2019dan D\u00fcnya Ormanc\u0131l\u0131k G\u00fcn\u00fc mesaj\u0131: \u201cYanan alanlar yeterince a\u011fa\u00e7land\u0131r\u0131lm\u0131yor\u201d","datePublished":"2025-03-20T17:58:22+00:00","mainEntityOfPage":{"@id":"https:\/\/kibrisdakik.com\/?p=78339"},"wordCount":549,"commentCount":0,"image":{"@id":"https:\/\/kibrisdakik.com\/?p=78339#primaryimage"},"thumbnailUrl":"https:\/\/kibrisdakik.com\/wp-content\/uploads\/2025\/03\/92842-740x420.jpg","articleSection":["K\u0131br\u0131s","Man\u015fet"],"inLanguage":"tr","potentialAction":[{"@type":"CommentAction","name":"Comment","target":["https:\/\/kibrisdakik.com\/?p=78339#respond"]}]},{"@type":"WebPage","@id":"https:\/\/kibrisdakik.com\/?p=78339","url":"https:\/\/kibrisdakik.com\/?p=78339","name":"OMO\u2019dan D\u00fcnya Ormanc\u0131l\u0131k G\u00fcn\u00fc mesaj\u0131: \u201cYanan alanlar yeterince a\u011fa\u00e7land\u0131r\u0131lm\u0131yor\u201d -","isPartOf":{"@id":"https:\/\/kibrisdakik.com\/#website"},"primaryImageOfPage":{"@id":"https:\/\/kibrisdakik.com\/?p=78339#primaryimage"},"image":{"@id":"https:\/\/kibrisdakik.com\/?p=78339#primaryimage"},"thumbnailUrl":"https:\/\/kibrisdakik.com\/wp-content\/uploads\/2025\/03\/92842-740x420.jpg","datePublished":"2025-03-20T17:58:22+00:00","author":{"@id":"https:\/\/kibrisdakik.com\/#\/schema\/person\/9cd9d437bbb44f72b73ba127e06d8e79"},"breadcrumb":{"@id":"https:\/\/kibrisdakik.com\/?p=78339#breadcrumb"},"inLanguage":"tr","potentialAction":[{"@type":"ReadAction","target":["https:\/\/kibrisdakik.com\/?p=78339"]}]},{"@type":"ImageObject","inLanguage":"tr","@id":"https:\/\/kibrisdakik.com\/?p=78339#primaryimage","url":"https:\/\/kibrisdakik.com\/wp-content\/uploads\/2025\/03\/92842-740x420.jpg","contentUrl":"https:\/\/kibrisdakik.com\/wp-content\/uploads\/2025\/03\/92842-740x420.jpg","width":1200,"height":627},{"@type":"BreadcrumbList","@id":"https:\/\/kibrisdakik.com\/?p=78339#breadcrumb","itemListElement":[{"@type":"ListItem","position":1,"name":"Home","item":"https:\/\/kibrisdakik.com\/"},{"@type":"ListItem","position":2,"name":"OMO\u2019dan D\u00fcnya Ormanc\u0131l\u0131k G\u00fcn\u00fc mesaj\u0131: \u201cYanan alanlar yeterince a\u011fa\u00e7land\u0131r\u0131lm\u0131yor\u201d"}]},{"@type":"WebSite","@id":"https:\/\/kibrisdakik.com\/#website","url":"https:\/\/kibrisdakik.com\/","name":"","description":"Tam vaktinde haber","potentialAction":[{"@type":"SearchAction","target":{"@type":"EntryPoint","urlTemplate":"https:\/\/kibrisdakik.com\/?s={search_term_string}"},"query-input":{"@type":"PropertyValueSpecification","valueRequired":true,"valueName":"search_term_string"}}],"inLanguage":"tr"},{"@type":"Person","@id":"https:\/\/kibrisdakik.com\/#\/schema\/person\/9cd9d437bbb44f72b73ba127e06d8e79","name":"admin","image":{"@type":"ImageObject","inLanguage":"tr","@id":"https:\/\/secure.gravatar.com\/avatar\/ccc17943b9d660506c869530f897617f7cb1c21a4bf30023f252596d83e1f007?s=96&d=mm&r=g","url":"https:\/\/secure.gravatar.com\/avatar\/ccc17943b9d660506c869530f897617f7cb1c21a4bf30023f252596d83e1f007?s=96&d=mm&r=g","contentUrl":"https:\/\/secure.gravatar.com\/avatar\/ccc17943b9d660506c869530f897617f7cb1c21a4bf30023f252596d83e1f007?s=96&d=mm&r=g","caption":"admin"},"sameAs":["https:\/\/kibrisdakik.com"],"url":"https:\/\/kibrisdakik.com\/?author=1"}]}},"_links":{"self":[{"href":"https:\/\/kibrisdakik.com\/index.php?rest_route=\/wp\/v2\/posts\/78339","targetHints":{"allow":["GET"]}}],"collection":[{"href":"https:\/\/kibrisdakik.com\/index.php?rest_route=\/wp\/v2\/posts"}],"about":[{"href":"https:\/\/kibrisdakik.com\/index.php?rest_route=\/wp\/v2\/types\/post"}],"author":[{"embeddable":true,"href":"https:\/\/kibrisdakik.com\/index.php?rest_route=\/wp\/v2\/users\/1"}],"replies":[{"embeddable":true,"href":"https:\/\/kibrisdakik.com\/index.php?rest_route=%2Fwp%2Fv2%2Fcomments&post=78339"}],"version-history":[{"count":0,"href":"https:\/\/kibrisdakik.com\/index.php?rest_route=\/wp\/v2\/posts\/78339\/revisions"}],"wp:featuredmedia":[{"embeddable":true,"href":"https:\/\/kibrisdakik.com\/index.php?rest_route=\/wp\/v2\/media\/78340"}],"wp:attachment":[{"href":"https:\/\/kibrisdakik.com\/index.php?rest_route=%2Fwp%2Fv2%2Fmedia&parent=78339"}],"wp:term":[{"taxonomy":"category","embeddable":true,"href":"https:\/\/kibrisdakik.com\/index.php?rest_route=%2Fwp%2Fv2%2Fcategories&post=78339"},{"taxonomy":"post_tag","embeddable":true,"href":"https:\/\/kibrisdakik.com\/index.php?rest_route=%2Fwp%2Fv2%2Ftags&post=78339"}],"curies":[{"name":"wp","href":"https:\/\/api.w.org\/{rel}","templated":true}]}}