{"id":78347,"date":"2025-03-20T22:05:00","date_gmt":"2025-03-20T19:05:00","guid":{"rendered":"https:\/\/kibrisdakik.com\/index.php\/2025\/03\/20\/osman-sinav-hayatini-kaybetti\/"},"modified":"2025-03-20T22:05:00","modified_gmt":"2025-03-20T19:05:00","slug":"osman-sinav-hayatini-kaybetti","status":"publish","type":"post","link":"https:\/\/kibrisdakik.com\/?p=78347","title":{"rendered":"Osman S\u0131nav hayat\u0131n\u0131 kaybetti"},"content":{"rendered":"<p><\/p>\n<div>\n<div class=\"mariselle-image-container center\">\n                <img loading=\"lazy\" decoding=\"async\" width=\"1200\" height=\"675\" class=\"lazy-image\" alt=\"\" sizes=\"auto, (max-width: 1200px) 100vw, 1200px\" src=\"https:\/\/brtk.net\/wp-content\/uploads\/2025\/03\/20\/osman-sinav.webp?ver=fb520b7ef1b5af1e00f438fac559462f\" srcset=\"https:\/\/brtk.net\/wp-content\/uploads\/2025\/03\/20\/osman-sinav.webp?ver=fb520b7ef1b5af1e00f438fac559462f 1200w, https:\/\/brtk.net\/wp-content\/uploads\/2025\/03\/20\/osman-sinav-300x169.webp?ver=fb520b7ef1b5af1e00f438fac559462f 300w, https:\/\/brtk.net\/wp-content\/uploads\/2025\/03\/20\/osman-sinav-1024x576.webp?ver=fb520b7ef1b5af1e00f438fac559462f 1024w, https:\/\/brtk.net\/wp-content\/uploads\/2025\/03\/20\/osman-sinav-768x432.webp?ver=fb520b7ef1b5af1e00f438fac559462f 768w\"\/>                            <\/div>\n<p>\u201cKurtlar Vadisi\u201d, \u201cEkmek Teknesi\u201d ve \u201cDeli Y\u00fcrek\u201din aras\u0131nda oldu\u011fu unutulmaz dizilere imza atan yap\u0131mc\u0131, y\u00f6netmen ve senarist Osman S\u0131nav, 69 ya\u015f\u0131nda \u0130stanbul\u2019da vefat etti.<\/p>\n<p>Uzun s\u00fcredir kanser tedavisi g\u00f6ren Osman S\u0131nav, bir\u00e7ok \u00fcnl\u00fc ismin kariyerinde \u00f6nemli rol oynad\u0131.<\/p>\n<p>S\u0131nav\u2019\u0131n vefat\u0131na dair, Sinegraf Film\u2019in sosyal medya hesab\u0131ndan yap\u0131lan a\u00e7\u0131klamada, \u201cSanat hayat\u0131 boyunca T\u00fcrk televizyon tarihine y\u00f6n veren, y\u00f6netti\u011fi diziler ve sinema filmleriyle b\u00fcy\u00fck izler b\u0131rakan duayen yap\u0131mc\u0131m\u0131z ve y\u00f6netmenimiz Osman S\u0131nav\u2019\u0131 kaybetmenin derin \u00fcz\u00fcnt\u00fcs\u00fc i\u00e7indeyiz. Kendisine Allah\u2019tan rahmet, ailesine, sevenlerine ve t\u00fcm sanat camias\u0131na ba\u015fsa\u011fl\u0131\u011f\u0131 dileriz.\u201d ifadelerine yer verildi.<\/p>\n<p><strong>Osman S\u0131nav kimdir?<\/strong><br \/>S\u0131nav, 1958 y\u0131l\u0131nda Burdur\u2019da do\u011fdu, 1975-1979 y\u0131llar\u0131 aras\u0131nda \u0130stanbul Devlet G\u00fczel Sanatlar Akademisinde \u00f6nce resim ve tekstil tasar\u0131m\u0131, ard\u0131ndan sinema ve televizyon e\u011fitimi ald\u0131.<\/p>\n<p>Kariyerine reklam sekt\u00f6r\u00fcnde metin yazarl\u0131\u011f\u0131 ve y\u00f6netmenlikle ba\u015flayan S\u0131nav, 1984\u2019te Sinegraf isimli film yap\u0131m \u015firketini kurdu, 1984-1987 y\u0131llar\u0131 aras\u0131nda 500\u2019\u00fc a\u015fk\u0131n reklam filmi \u00e7ekti.<\/p>\n<p>S\u0131nav, daha sonra g\u00f6rsel sanatlara duydu\u011fu heyecan ve birikimini sinemaya ta\u015f\u0131yarak 1987\u2019de ba\u015flad\u0131\u011f\u0131 sinema yolculu\u011funda televizyon i\u00e7in \u201cBir Muharririn \u00d6l\u00fcm\u00fc\u201d, \u201cYalanc\u0131 \u015eafak\u201d, \u201cAtl\u0131kar\u0131nca\u201d, \u201cH\u00fcnkar\u0131n Bir G\u00fcn\u00fc\u201d, \u201cK\u00fc\u00e7\u00fck D\u00fcnya\u201d, \u201cA\u015fka Kimse Yok\u201d, \u201cKap\u0131lar\u0131 A\u00e7mak\u201d ve \u201cYalanc\u0131\u201d isimli filmleri \u00e7ekti.<\/p>\n<p>Sinema i\u00e7in de \u201cGerilla\u201d, \u201cDeli Y\u00fcrek Bumerang Cehennemi\u201d, \u201cPars Kiraz Operasyonu\u201d, \u201cUzun Hikaye\u201d ve \u201cA\u015fk K\u0131rm\u0131z\u0131\u201d filmlerine imza att\u0131.<\/p>\n<p>Osman S\u0131nav, 1991\u2019de televizyonlar i\u00e7in dizi film \u00e7al\u0131\u015fmalar\u0131na yo\u011funla\u015ft\u0131. Usta bir y\u00f6netmen olarak kendini kabul ettiren sanat\u00e7\u0131, i\u00e7erisinde \u201cS\u00fcper Baba\u201d, \u201cDeli Y\u00fcrek\u201d, \u201cHayat Ba\u011flar\u0131\u201d, \u201cEkmek Teknesi\u201d, \u201cAc\u0131 Hayat\u201d, \u201cKurtlar Vadisi\u201d, \u201cSakarya F\u0131rat\u201d ve \u201cSen Anlat Karadeniz\u201d gibi \u00e7ok sevilen 25 dizi filminin yap\u0131mc\u0131s\u0131 ve y\u00f6netmeni oldu.<\/p>\n<p>S\u0131nav\u2019\u0131n dizileri sadece T\u00fcrkiye\u2019de de\u011fil, \u00e7ok say\u0131da \u00fclkede be\u011feniyle izlendi. Y\u00f6netmenler Derne\u011fi ile Televizyon ve Sinema Filmi Yap\u0131mc\u0131lar\u0131 Birli\u011finin \u00fcyesi de olan S\u0131nav, Mimar Sinan G\u00fczel Sanatlar \u00dcniversitesi Prof. Sami \u015eekero\u011flu Sinema-TV Merkezi\u2019nde \u00f6\u011fretim g\u00f6revlisi olarak da g\u00f6rev yapt\u0131.<\/p>\n<\/p><\/div>\n<p><script async\n                    defer\n                    crossorigin=\"anonymous\"\n                    src=\"https:\/\/connect.facebook.net\/tr_TR\/sdk.js#xfbml=1&#038;version=v3.3\"\n            ><\/script><\/p>\n","protected":false},"excerpt":{"rendered":"<p>\u201cKurtlar Vadisi\u201d, \u201cEkmek Teknesi\u201d ve \u201cDeli Y\u00fcrek\u201din aras\u0131nda oldu\u011fu unutulmaz dizilere imza atan yap\u0131mc\u0131, y\u00f6netmen ve senarist Osman S\u0131nav, 69 ya\u015f\u0131nda \u0130stanbul\u2019da vefat etti. Uzun s\u00fcredir kanser tedavisi g\u00f6ren Osman S\u0131nav, bir\u00e7ok \u00fcnl\u00fc ismin kariyerinde \u00f6nemli rol oynad\u0131. S\u0131nav\u2019\u0131n vefat\u0131na dair, Sinegraf Film\u2019in sosyal medya hesab\u0131ndan yap\u0131lan a\u00e7\u0131klamada, \u201cSanat hayat\u0131 boyunca T\u00fcrk televizyon tarihine y\u00f6n<\/p>\n","protected":false},"author":1,"featured_media":78348,"comment_status":"open","ping_status":"open","sticky":false,"template":"","format":"standard","meta":{"footnotes":""},"categories":[86],"tags":[],"class_list":["post-78347","post","type-post","status-publish","format-standard","has-post-thumbnail","hentry","category-turkiye"],"yoast_head":"<!-- This site is optimized with the Yoast SEO plugin v27.4 - https:\/\/yoast.com\/product\/yoast-seo-wordpress\/ -->\n<title>Osman S\u0131nav hayat\u0131n\u0131 kaybetti -<\/title>\n<meta name=\"robots\" content=\"index, follow, max-snippet:-1, max-image-preview:large, max-video-preview:-1\" \/>\n<link rel=\"canonical\" href=\"https:\/\/kibrisdakik.com\/?p=78347\" \/>\n<meta property=\"og:locale\" content=\"tr_TR\" \/>\n<meta property=\"og:type\" content=\"article\" \/>\n<meta property=\"og:title\" content=\"Osman S\u0131nav hayat\u0131n\u0131 kaybetti -\" \/>\n<meta property=\"og:description\" content=\"\u201cKurtlar Vadisi\u201d, \u201cEkmek Teknesi\u201d ve \u201cDeli Y\u00fcrek\u201din aras\u0131nda oldu\u011fu unutulmaz dizilere imza atan yap\u0131mc\u0131, y\u00f6netmen ve senarist Osman S\u0131nav, 69 ya\u015f\u0131nda \u0130stanbul\u2019da vefat etti. Uzun s\u00fcredir kanser tedavisi g\u00f6ren Osman S\u0131nav, bir\u00e7ok \u00fcnl\u00fc ismin kariyerinde \u00f6nemli rol oynad\u0131. S\u0131nav\u2019\u0131n vefat\u0131na dair, Sinegraf Film\u2019in sosyal medya hesab\u0131ndan yap\u0131lan a\u00e7\u0131klamada, \u201cSanat hayat\u0131 boyunca T\u00fcrk televizyon tarihine y\u00f6n\" \/>\n<meta property=\"og:url\" content=\"https:\/\/kibrisdakik.com\/?p=78347\" \/>\n<meta property=\"article:published_time\" content=\"2025-03-20T19:05:00+00:00\" \/>\n<meta property=\"og:image\" content=\"https:\/\/kibrisdakik.com\/wp-content\/uploads\/2025\/03\/osman-sinav.webp-740x420.webp\" \/>\n\t<meta property=\"og:image:width\" content=\"1200\" \/>\n\t<meta property=\"og:image:height\" content=\"675\" \/>\n\t<meta property=\"og:image:type\" content=\"image\/webp\" \/>\n<meta name=\"author\" content=\"admin\" \/>\n<meta name=\"twitter:card\" content=\"summary_large_image\" \/>\n<meta name=\"twitter:label1\" content=\"Yazan:\" \/>\n\t<meta name=\"twitter:data1\" content=\"admin\" \/>\n\t<meta name=\"twitter:label2\" content=\"Tahmini okuma s\u00fcresi\" \/>\n\t<meta name=\"twitter:data2\" content=\"2 dakika\" \/>\n<script type=\"application\/ld+json\" class=\"yoast-schema-graph\">{\"@context\":\"https:\\\/\\\/schema.org\",\"@graph\":[{\"@type\":\"Article\",\"@id\":\"https:\\\/\\\/kibrisdakik.com\\\/?p=78347#article\",\"isPartOf\":{\"@id\":\"https:\\\/\\\/kibrisdakik.com\\\/?p=78347\"},\"author\":{\"name\":\"admin\",\"@id\":\"https:\\\/\\\/kibrisdakik.com\\\/#\\\/schema\\\/person\\\/9cd9d437bbb44f72b73ba127e06d8e79\"},\"headline\":\"Osman S\u0131nav hayat\u0131n\u0131 kaybetti\",\"datePublished\":\"2025-03-20T19:05:00+00:00\",\"mainEntityOfPage\":{\"@id\":\"https:\\\/\\\/kibrisdakik.com\\\/?p=78347\"},\"wordCount\":401,\"commentCount\":0,\"image\":{\"@id\":\"https:\\\/\\\/kibrisdakik.com\\\/?p=78347#primaryimage\"},\"thumbnailUrl\":\"https:\\\/\\\/kibrisdakik.com\\\/wp-content\\\/uploads\\\/2025\\\/03\\\/osman-sinav.webp-740x420.webp\",\"articleSection\":[\"T\u00fcrkiye\"],\"inLanguage\":\"tr\",\"potentialAction\":[{\"@type\":\"CommentAction\",\"name\":\"Comment\",\"target\":[\"https:\\\/\\\/kibrisdakik.com\\\/?p=78347#respond\"]}]},{\"@type\":\"WebPage\",\"@id\":\"https:\\\/\\\/kibrisdakik.com\\\/?p=78347\",\"url\":\"https:\\\/\\\/kibrisdakik.com\\\/?p=78347\",\"name\":\"Osman S\u0131nav hayat\u0131n\u0131 kaybetti -\",\"isPartOf\":{\"@id\":\"https:\\\/\\\/kibrisdakik.com\\\/#website\"},\"primaryImageOfPage\":{\"@id\":\"https:\\\/\\\/kibrisdakik.com\\\/?p=78347#primaryimage\"},\"image\":{\"@id\":\"https:\\\/\\\/kibrisdakik.com\\\/?p=78347#primaryimage\"},\"thumbnailUrl\":\"https:\\\/\\\/kibrisdakik.com\\\/wp-content\\\/uploads\\\/2025\\\/03\\\/osman-sinav.webp-740x420.webp\",\"datePublished\":\"2025-03-20T19:05:00+00:00\",\"author\":{\"@id\":\"https:\\\/\\\/kibrisdakik.com\\\/#\\\/schema\\\/person\\\/9cd9d437bbb44f72b73ba127e06d8e79\"},\"breadcrumb\":{\"@id\":\"https:\\\/\\\/kibrisdakik.com\\\/?p=78347#breadcrumb\"},\"inLanguage\":\"tr\",\"potentialAction\":[{\"@type\":\"ReadAction\",\"target\":[\"https:\\\/\\\/kibrisdakik.com\\\/?p=78347\"]}]},{\"@type\":\"ImageObject\",\"inLanguage\":\"tr\",\"@id\":\"https:\\\/\\\/kibrisdakik.com\\\/?p=78347#primaryimage\",\"url\":\"https:\\\/\\\/kibrisdakik.com\\\/wp-content\\\/uploads\\\/2025\\\/03\\\/osman-sinav.webp-740x420.webp\",\"contentUrl\":\"https:\\\/\\\/kibrisdakik.com\\\/wp-content\\\/uploads\\\/2025\\\/03\\\/osman-sinav.webp-740x420.webp\",\"width\":1200,\"height\":675},{\"@type\":\"BreadcrumbList\",\"@id\":\"https:\\\/\\\/kibrisdakik.com\\\/?p=78347#breadcrumb\",\"itemListElement\":[{\"@type\":\"ListItem\",\"position\":1,\"name\":\"Home\",\"item\":\"https:\\\/\\\/kibrisdakik.com\\\/\"},{\"@type\":\"ListItem\",\"position\":2,\"name\":\"Osman S\u0131nav hayat\u0131n\u0131 kaybetti\"}]},{\"@type\":\"WebSite\",\"@id\":\"https:\\\/\\\/kibrisdakik.com\\\/#website\",\"url\":\"https:\\\/\\\/kibrisdakik.com\\\/\",\"name\":\"\",\"description\":\"Tam vaktinde haber\",\"potentialAction\":[{\"@type\":\"SearchAction\",\"target\":{\"@type\":\"EntryPoint\",\"urlTemplate\":\"https:\\\/\\\/kibrisdakik.com\\\/?s={search_term_string}\"},\"query-input\":{\"@type\":\"PropertyValueSpecification\",\"valueRequired\":true,\"valueName\":\"search_term_string\"}}],\"inLanguage\":\"tr\"},{\"@type\":\"Person\",\"@id\":\"https:\\\/\\\/kibrisdakik.com\\\/#\\\/schema\\\/person\\\/9cd9d437bbb44f72b73ba127e06d8e79\",\"name\":\"admin\",\"image\":{\"@type\":\"ImageObject\",\"inLanguage\":\"tr\",\"@id\":\"https:\\\/\\\/secure.gravatar.com\\\/avatar\\\/ccc17943b9d660506c869530f897617f7cb1c21a4bf30023f252596d83e1f007?s=96&d=mm&r=g\",\"url\":\"https:\\\/\\\/secure.gravatar.com\\\/avatar\\\/ccc17943b9d660506c869530f897617f7cb1c21a4bf30023f252596d83e1f007?s=96&d=mm&r=g\",\"contentUrl\":\"https:\\\/\\\/secure.gravatar.com\\\/avatar\\\/ccc17943b9d660506c869530f897617f7cb1c21a4bf30023f252596d83e1f007?s=96&d=mm&r=g\",\"caption\":\"admin\"},\"sameAs\":[\"https:\\\/\\\/kibrisdakik.com\"],\"url\":\"https:\\\/\\\/kibrisdakik.com\\\/?author=1\"}]}<\/script>\n<!-- \/ Yoast SEO plugin. -->","yoast_head_json":{"title":"Osman S\u0131nav hayat\u0131n\u0131 kaybetti -","robots":{"index":"index","follow":"follow","max-snippet":"max-snippet:-1","max-image-preview":"max-image-preview:large","max-video-preview":"max-video-preview:-1"},"canonical":"https:\/\/kibrisdakik.com\/?p=78347","og_locale":"tr_TR","og_type":"article","og_title":"Osman S\u0131nav hayat\u0131n\u0131 kaybetti -","og_description":"\u201cKurtlar Vadisi\u201d, \u201cEkmek Teknesi\u201d ve \u201cDeli Y\u00fcrek\u201din aras\u0131nda oldu\u011fu unutulmaz dizilere imza atan yap\u0131mc\u0131, y\u00f6netmen ve senarist Osman S\u0131nav, 69 ya\u015f\u0131nda \u0130stanbul\u2019da vefat etti. Uzun s\u00fcredir kanser tedavisi g\u00f6ren Osman S\u0131nav, bir\u00e7ok \u00fcnl\u00fc ismin kariyerinde \u00f6nemli rol oynad\u0131. S\u0131nav\u2019\u0131n vefat\u0131na dair, Sinegraf Film\u2019in sosyal medya hesab\u0131ndan yap\u0131lan a\u00e7\u0131klamada, \u201cSanat hayat\u0131 boyunca T\u00fcrk televizyon tarihine y\u00f6n","og_url":"https:\/\/kibrisdakik.com\/?p=78347","article_published_time":"2025-03-20T19:05:00+00:00","og_image":[{"width":1200,"height":675,"url":"https:\/\/kibrisdakik.com\/wp-content\/uploads\/2025\/03\/osman-sinav.webp-740x420.webp","type":"image\/webp"}],"author":"admin","twitter_card":"summary_large_image","twitter_misc":{"Yazan:":"admin","Tahmini okuma s\u00fcresi":"2 dakika"},"schema":{"@context":"https:\/\/schema.org","@graph":[{"@type":"Article","@id":"https:\/\/kibrisdakik.com\/?p=78347#article","isPartOf":{"@id":"https:\/\/kibrisdakik.com\/?p=78347"},"author":{"name":"admin","@id":"https:\/\/kibrisdakik.com\/#\/schema\/person\/9cd9d437bbb44f72b73ba127e06d8e79"},"headline":"Osman S\u0131nav hayat\u0131n\u0131 kaybetti","datePublished":"2025-03-20T19:05:00+00:00","mainEntityOfPage":{"@id":"https:\/\/kibrisdakik.com\/?p=78347"},"wordCount":401,"commentCount":0,"image":{"@id":"https:\/\/kibrisdakik.com\/?p=78347#primaryimage"},"thumbnailUrl":"https:\/\/kibrisdakik.com\/wp-content\/uploads\/2025\/03\/osman-sinav.webp-740x420.webp","articleSection":["T\u00fcrkiye"],"inLanguage":"tr","potentialAction":[{"@type":"CommentAction","name":"Comment","target":["https:\/\/kibrisdakik.com\/?p=78347#respond"]}]},{"@type":"WebPage","@id":"https:\/\/kibrisdakik.com\/?p=78347","url":"https:\/\/kibrisdakik.com\/?p=78347","name":"Osman S\u0131nav hayat\u0131n\u0131 kaybetti -","isPartOf":{"@id":"https:\/\/kibrisdakik.com\/#website"},"primaryImageOfPage":{"@id":"https:\/\/kibrisdakik.com\/?p=78347#primaryimage"},"image":{"@id":"https:\/\/kibrisdakik.com\/?p=78347#primaryimage"},"thumbnailUrl":"https:\/\/kibrisdakik.com\/wp-content\/uploads\/2025\/03\/osman-sinav.webp-740x420.webp","datePublished":"2025-03-20T19:05:00+00:00","author":{"@id":"https:\/\/kibrisdakik.com\/#\/schema\/person\/9cd9d437bbb44f72b73ba127e06d8e79"},"breadcrumb":{"@id":"https:\/\/kibrisdakik.com\/?p=78347#breadcrumb"},"inLanguage":"tr","potentialAction":[{"@type":"ReadAction","target":["https:\/\/kibrisdakik.com\/?p=78347"]}]},{"@type":"ImageObject","inLanguage":"tr","@id":"https:\/\/kibrisdakik.com\/?p=78347#primaryimage","url":"https:\/\/kibrisdakik.com\/wp-content\/uploads\/2025\/03\/osman-sinav.webp-740x420.webp","contentUrl":"https:\/\/kibrisdakik.com\/wp-content\/uploads\/2025\/03\/osman-sinav.webp-740x420.webp","width":1200,"height":675},{"@type":"BreadcrumbList","@id":"https:\/\/kibrisdakik.com\/?p=78347#breadcrumb","itemListElement":[{"@type":"ListItem","position":1,"name":"Home","item":"https:\/\/kibrisdakik.com\/"},{"@type":"ListItem","position":2,"name":"Osman S\u0131nav hayat\u0131n\u0131 kaybetti"}]},{"@type":"WebSite","@id":"https:\/\/kibrisdakik.com\/#website","url":"https:\/\/kibrisdakik.com\/","name":"","description":"Tam vaktinde haber","potentialAction":[{"@type":"SearchAction","target":{"@type":"EntryPoint","urlTemplate":"https:\/\/kibrisdakik.com\/?s={search_term_string}"},"query-input":{"@type":"PropertyValueSpecification","valueRequired":true,"valueName":"search_term_string"}}],"inLanguage":"tr"},{"@type":"Person","@id":"https:\/\/kibrisdakik.com\/#\/schema\/person\/9cd9d437bbb44f72b73ba127e06d8e79","name":"admin","image":{"@type":"ImageObject","inLanguage":"tr","@id":"https:\/\/secure.gravatar.com\/avatar\/ccc17943b9d660506c869530f897617f7cb1c21a4bf30023f252596d83e1f007?s=96&d=mm&r=g","url":"https:\/\/secure.gravatar.com\/avatar\/ccc17943b9d660506c869530f897617f7cb1c21a4bf30023f252596d83e1f007?s=96&d=mm&r=g","contentUrl":"https:\/\/secure.gravatar.com\/avatar\/ccc17943b9d660506c869530f897617f7cb1c21a4bf30023f252596d83e1f007?s=96&d=mm&r=g","caption":"admin"},"sameAs":["https:\/\/kibrisdakik.com"],"url":"https:\/\/kibrisdakik.com\/?author=1"}]}},"_links":{"self":[{"href":"https:\/\/kibrisdakik.com\/index.php?rest_route=\/wp\/v2\/posts\/78347","targetHints":{"allow":["GET"]}}],"collection":[{"href":"https:\/\/kibrisdakik.com\/index.php?rest_route=\/wp\/v2\/posts"}],"about":[{"href":"https:\/\/kibrisdakik.com\/index.php?rest_route=\/wp\/v2\/types\/post"}],"author":[{"embeddable":true,"href":"https:\/\/kibrisdakik.com\/index.php?rest_route=\/wp\/v2\/users\/1"}],"replies":[{"embeddable":true,"href":"https:\/\/kibrisdakik.com\/index.php?rest_route=%2Fwp%2Fv2%2Fcomments&post=78347"}],"version-history":[{"count":0,"href":"https:\/\/kibrisdakik.com\/index.php?rest_route=\/wp\/v2\/posts\/78347\/revisions"}],"wp:featuredmedia":[{"embeddable":true,"href":"https:\/\/kibrisdakik.com\/index.php?rest_route=\/wp\/v2\/media\/78348"}],"wp:attachment":[{"href":"https:\/\/kibrisdakik.com\/index.php?rest_route=%2Fwp%2Fv2%2Fmedia&parent=78347"}],"wp:term":[{"taxonomy":"category","embeddable":true,"href":"https:\/\/kibrisdakik.com\/index.php?rest_route=%2Fwp%2Fv2%2Fcategories&post=78347"},{"taxonomy":"post_tag","embeddable":true,"href":"https:\/\/kibrisdakik.com\/index.php?rest_route=%2Fwp%2Fv2%2Ftags&post=78347"}],"curies":[{"name":"wp","href":"https:\/\/api.w.org\/{rel}","templated":true}]}}