{"id":78349,"date":"2025-03-20T15:52:00","date_gmt":"2025-03-20T12:52:00","guid":{"rendered":"https:\/\/kibrisdakik.com\/index.php\/2025\/03\/20\/tc-disisleri-bakani-fidan-adadaki-adaletsizligin-giderilmesi-lazim\/"},"modified":"2025-03-20T15:52:00","modified_gmt":"2025-03-20T12:52:00","slug":"tc-disisleri-bakani-fidan-adadaki-adaletsizligin-giderilmesi-lazim","status":"publish","type":"post","link":"https:\/\/kibrisdakik.com\/?p=78349","title":{"rendered":"TC D\u0131\u015fi\u015fleri Bakan\u0131 Fidan: Adadaki adaletsizli\u011fin giderilmesi laz\u0131m"},"content":{"rendered":"<p><\/p>\n<div>\n<div class=\"mariselle-image-container center\">\n                <img loading=\"lazy\" decoding=\"async\" width=\"922\" height=\"415\" class=\"lazy-image\" alt=\"\" sizes=\"auto, (max-width: 922px) 100vw, 922px\" src=\"https:\/\/brtk.net\/wp-content\/uploads\/2025\/03\/20\/fg.jpg?ver=c377a3e17169e78637a662cb4507c2d6\" srcset=\"https:\/\/brtk.net\/wp-content\/uploads\/2025\/03\/20\/fg.jpg?ver=c377a3e17169e78637a662cb4507c2d6 922w, https:\/\/brtk.net\/wp-content\/uploads\/2025\/03\/20\/fg-300x135.jpg?ver=c377a3e17169e78637a662cb4507c2d6 300w, https:\/\/brtk.net\/wp-content\/uploads\/2025\/03\/20\/fg-768x346.jpg?ver=c377a3e17169e78637a662cb4507c2d6 768w\"\/>                            <\/div>\n<p>T\u00fcrkiye D\u0131\u015fi\u015fleri Bakan\u0131 Fidan, Cenevre toplant\u0131s\u0131yla ilgili de\u011ferlendirme yapt\u0131. <\/p>\n<p>Fidan, \u201cBM Genel Sekreteri ger\u00e7ekten bizim takdir etti\u011fimiz, nitelikli bir lider. Uluslararas\u0131 sistemin bir noktaya kadar vicdan\u0131n\u0131 da yans\u0131tan bir makam. K\u0131br\u0131s meselesiyle ilgili bu gayriresmi toplant\u0131 teklifini, yap\u0131c\u0131 tutumumuzu g\u00f6stermek ad\u0131na Cumhurba\u015fkan\u0131m\u0131z kabul etti\u201d diye konu\u015ftu. <\/p>\n<p>\tK\u0131br\u0131s konusuna da de\u011finen T\u00fcrkiye D\u0131\u015fi\u015fleri Bakan\u0131 Fidan \u015funlar\u0131 kaydetti:<\/p>\n<p>\u201cAdada iki toplumun kendi ba\u015f\u0131na, kendi kurumlar\u0131yla ayr\u0131 ayr\u0131 ya\u015f\u0131yor olmas\u0131 gibi bir ger\u00e7eklik var. Bunlardan birinin devlet olarak tan\u0131n\u0131p her t\u00fcrl\u00fc imkana eri\u015fmesi, di\u011ferinin tan\u0131nmamas\u0131 adadaki adaletsizli\u011fin temel sebebidir. Bu adaletsizli\u011fin mutlaka giderilmesi laz\u0131m. <\/p>\n<p>Biz ge\u00e7mi\u015fte uluslararas\u0131 sistemin hakemli\u011fine g\u00fcvenerek haz\u0131rlanm\u0131\u015f BM \u00e7\u00f6z\u00fcm taslaklar\u0131na tamam dedik ama Rumlar buna yana\u015fmad\u0131lar. Bug\u00fcn art\u0131k sahada ba\u015fka bir durum var. Bu durum, siyasi \u00e7\u00f6z\u00fcm aray\u0131\u015flar\u0131na yans\u0131mak zorunda.\u201d<\/p>\n<\/p><\/div>\n<p><script async\n                    defer\n                    crossorigin=\"anonymous\"\n                    src=\"https:\/\/connect.facebook.net\/tr_TR\/sdk.js#xfbml=1&#038;version=v3.3\"\n            ><\/script><\/p>\n","protected":false},"excerpt":{"rendered":"<p>T\u00fcrkiye D\u0131\u015fi\u015fleri Bakan\u0131 Fidan, Cenevre toplant\u0131s\u0131yla ilgili de\u011ferlendirme yapt\u0131. Fidan, \u201cBM Genel Sekreteri ger\u00e7ekten bizim takdir etti\u011fimiz, nitelikli bir lider. Uluslararas\u0131 sistemin bir noktaya kadar vicdan\u0131n\u0131 da yans\u0131tan bir makam. K\u0131br\u0131s meselesiyle ilgili bu gayriresmi toplant\u0131 teklifini, yap\u0131c\u0131 tutumumuzu g\u00f6stermek ad\u0131na Cumhurba\u015fkan\u0131m\u0131z kabul etti\u201d diye konu\u015ftu. K\u0131br\u0131s konusuna da de\u011finen T\u00fcrkiye D\u0131\u015fi\u015fleri Bakan\u0131 Fidan \u015funlar\u0131<\/p>\n","protected":false},"author":1,"featured_media":78350,"comment_status":"open","ping_status":"open","sticky":false,"template":"","format":"standard","meta":{"footnotes":""},"categories":[86],"tags":[],"class_list":["post-78349","post","type-post","status-publish","format-standard","has-post-thumbnail","hentry","category-turkiye"],"yoast_head":"<!-- This site is optimized with the Yoast SEO plugin v27.4 - https:\/\/yoast.com\/product\/yoast-seo-wordpress\/ -->\n<title>TC D\u0131\u015fi\u015fleri Bakan\u0131 Fidan: Adadaki adaletsizli\u011fin giderilmesi laz\u0131m -<\/title>\n<meta name=\"robots\" content=\"index, follow, max-snippet:-1, max-image-preview:large, max-video-preview:-1\" \/>\n<link rel=\"canonical\" href=\"https:\/\/kibrisdakik.com\/?p=78349\" \/>\n<meta property=\"og:locale\" content=\"tr_TR\" \/>\n<meta property=\"og:type\" content=\"article\" \/>\n<meta property=\"og:title\" content=\"TC D\u0131\u015fi\u015fleri Bakan\u0131 Fidan: Adadaki adaletsizli\u011fin giderilmesi laz\u0131m -\" \/>\n<meta property=\"og:description\" content=\"T\u00fcrkiye D\u0131\u015fi\u015fleri Bakan\u0131 Fidan, Cenevre toplant\u0131s\u0131yla ilgili de\u011ferlendirme yapt\u0131. Fidan, \u201cBM Genel Sekreteri ger\u00e7ekten bizim takdir etti\u011fimiz, nitelikli bir lider. Uluslararas\u0131 sistemin bir noktaya kadar vicdan\u0131n\u0131 da yans\u0131tan bir makam. K\u0131br\u0131s meselesiyle ilgili bu gayriresmi toplant\u0131 teklifini, yap\u0131c\u0131 tutumumuzu g\u00f6stermek ad\u0131na Cumhurba\u015fkan\u0131m\u0131z kabul etti\u201d diye konu\u015ftu. K\u0131br\u0131s konusuna da de\u011finen T\u00fcrkiye D\u0131\u015fi\u015fleri Bakan\u0131 Fidan \u015funlar\u0131\" \/>\n<meta property=\"og:url\" content=\"https:\/\/kibrisdakik.com\/?p=78349\" \/>\n<meta property=\"article:published_time\" content=\"2025-03-20T12:52:00+00:00\" \/>\n<meta property=\"og:image\" content=\"https:\/\/kibrisdakik.com\/wp-content\/uploads\/2025\/03\/fg-740x415.jpg\" \/>\n\t<meta property=\"og:image:width\" content=\"922\" \/>\n\t<meta property=\"og:image:height\" content=\"415\" \/>\n\t<meta property=\"og:image:type\" content=\"image\/jpeg\" \/>\n<meta name=\"author\" content=\"admin\" \/>\n<meta name=\"twitter:card\" content=\"summary_large_image\" \/>\n<meta name=\"twitter:label1\" content=\"Yazan:\" \/>\n\t<meta name=\"twitter:data1\" content=\"admin\" \/>\n\t<meta name=\"twitter:label2\" content=\"Tahmini okuma s\u00fcresi\" \/>\n\t<meta name=\"twitter:data2\" content=\"1 dakika\" \/>\n<script type=\"application\/ld+json\" class=\"yoast-schema-graph\">{\"@context\":\"https:\\\/\\\/schema.org\",\"@graph\":[{\"@type\":\"Article\",\"@id\":\"https:\\\/\\\/kibrisdakik.com\\\/?p=78349#article\",\"isPartOf\":{\"@id\":\"https:\\\/\\\/kibrisdakik.com\\\/?p=78349\"},\"author\":{\"name\":\"admin\",\"@id\":\"https:\\\/\\\/kibrisdakik.com\\\/#\\\/schema\\\/person\\\/9cd9d437bbb44f72b73ba127e06d8e79\"},\"headline\":\"TC D\u0131\u015fi\u015fleri Bakan\u0131 Fidan: Adadaki adaletsizli\u011fin giderilmesi laz\u0131m\",\"datePublished\":\"2025-03-20T12:52:00+00:00\",\"mainEntityOfPage\":{\"@id\":\"https:\\\/\\\/kibrisdakik.com\\\/?p=78349\"},\"wordCount\":187,\"commentCount\":0,\"image\":{\"@id\":\"https:\\\/\\\/kibrisdakik.com\\\/?p=78349#primaryimage\"},\"thumbnailUrl\":\"https:\\\/\\\/kibrisdakik.com\\\/wp-content\\\/uploads\\\/2025\\\/03\\\/fg-740x415.jpg\",\"articleSection\":[\"T\u00fcrkiye\"],\"inLanguage\":\"tr\",\"potentialAction\":[{\"@type\":\"CommentAction\",\"name\":\"Comment\",\"target\":[\"https:\\\/\\\/kibrisdakik.com\\\/?p=78349#respond\"]}]},{\"@type\":\"WebPage\",\"@id\":\"https:\\\/\\\/kibrisdakik.com\\\/?p=78349\",\"url\":\"https:\\\/\\\/kibrisdakik.com\\\/?p=78349\",\"name\":\"TC D\u0131\u015fi\u015fleri Bakan\u0131 Fidan: Adadaki adaletsizli\u011fin giderilmesi laz\u0131m -\",\"isPartOf\":{\"@id\":\"https:\\\/\\\/kibrisdakik.com\\\/#website\"},\"primaryImageOfPage\":{\"@id\":\"https:\\\/\\\/kibrisdakik.com\\\/?p=78349#primaryimage\"},\"image\":{\"@id\":\"https:\\\/\\\/kibrisdakik.com\\\/?p=78349#primaryimage\"},\"thumbnailUrl\":\"https:\\\/\\\/kibrisdakik.com\\\/wp-content\\\/uploads\\\/2025\\\/03\\\/fg-740x415.jpg\",\"datePublished\":\"2025-03-20T12:52:00+00:00\",\"author\":{\"@id\":\"https:\\\/\\\/kibrisdakik.com\\\/#\\\/schema\\\/person\\\/9cd9d437bbb44f72b73ba127e06d8e79\"},\"breadcrumb\":{\"@id\":\"https:\\\/\\\/kibrisdakik.com\\\/?p=78349#breadcrumb\"},\"inLanguage\":\"tr\",\"potentialAction\":[{\"@type\":\"ReadAction\",\"target\":[\"https:\\\/\\\/kibrisdakik.com\\\/?p=78349\"]}]},{\"@type\":\"ImageObject\",\"inLanguage\":\"tr\",\"@id\":\"https:\\\/\\\/kibrisdakik.com\\\/?p=78349#primaryimage\",\"url\":\"https:\\\/\\\/kibrisdakik.com\\\/wp-content\\\/uploads\\\/2025\\\/03\\\/fg-740x415.jpg\",\"contentUrl\":\"https:\\\/\\\/kibrisdakik.com\\\/wp-content\\\/uploads\\\/2025\\\/03\\\/fg-740x415.jpg\",\"width\":922,\"height\":415},{\"@type\":\"BreadcrumbList\",\"@id\":\"https:\\\/\\\/kibrisdakik.com\\\/?p=78349#breadcrumb\",\"itemListElement\":[{\"@type\":\"ListItem\",\"position\":1,\"name\":\"Home\",\"item\":\"https:\\\/\\\/kibrisdakik.com\\\/\"},{\"@type\":\"ListItem\",\"position\":2,\"name\":\"TC D\u0131\u015fi\u015fleri Bakan\u0131 Fidan: Adadaki adaletsizli\u011fin giderilmesi laz\u0131m\"}]},{\"@type\":\"WebSite\",\"@id\":\"https:\\\/\\\/kibrisdakik.com\\\/#website\",\"url\":\"https:\\\/\\\/kibrisdakik.com\\\/\",\"name\":\"\",\"description\":\"Tam vaktinde haber\",\"potentialAction\":[{\"@type\":\"SearchAction\",\"target\":{\"@type\":\"EntryPoint\",\"urlTemplate\":\"https:\\\/\\\/kibrisdakik.com\\\/?s={search_term_string}\"},\"query-input\":{\"@type\":\"PropertyValueSpecification\",\"valueRequired\":true,\"valueName\":\"search_term_string\"}}],\"inLanguage\":\"tr\"},{\"@type\":\"Person\",\"@id\":\"https:\\\/\\\/kibrisdakik.com\\\/#\\\/schema\\\/person\\\/9cd9d437bbb44f72b73ba127e06d8e79\",\"name\":\"admin\",\"image\":{\"@type\":\"ImageObject\",\"inLanguage\":\"tr\",\"@id\":\"https:\\\/\\\/secure.gravatar.com\\\/avatar\\\/ccc17943b9d660506c869530f897617f7cb1c21a4bf30023f252596d83e1f007?s=96&d=mm&r=g\",\"url\":\"https:\\\/\\\/secure.gravatar.com\\\/avatar\\\/ccc17943b9d660506c869530f897617f7cb1c21a4bf30023f252596d83e1f007?s=96&d=mm&r=g\",\"contentUrl\":\"https:\\\/\\\/secure.gravatar.com\\\/avatar\\\/ccc17943b9d660506c869530f897617f7cb1c21a4bf30023f252596d83e1f007?s=96&d=mm&r=g\",\"caption\":\"admin\"},\"sameAs\":[\"https:\\\/\\\/kibrisdakik.com\"],\"url\":\"https:\\\/\\\/kibrisdakik.com\\\/?author=1\"}]}<\/script>\n<!-- \/ Yoast SEO plugin. -->","yoast_head_json":{"title":"TC D\u0131\u015fi\u015fleri Bakan\u0131 Fidan: Adadaki adaletsizli\u011fin giderilmesi laz\u0131m -","robots":{"index":"index","follow":"follow","max-snippet":"max-snippet:-1","max-image-preview":"max-image-preview:large","max-video-preview":"max-video-preview:-1"},"canonical":"https:\/\/kibrisdakik.com\/?p=78349","og_locale":"tr_TR","og_type":"article","og_title":"TC D\u0131\u015fi\u015fleri Bakan\u0131 Fidan: Adadaki adaletsizli\u011fin giderilmesi laz\u0131m -","og_description":"T\u00fcrkiye D\u0131\u015fi\u015fleri Bakan\u0131 Fidan, Cenevre toplant\u0131s\u0131yla ilgili de\u011ferlendirme yapt\u0131. Fidan, \u201cBM Genel Sekreteri ger\u00e7ekten bizim takdir etti\u011fimiz, nitelikli bir lider. Uluslararas\u0131 sistemin bir noktaya kadar vicdan\u0131n\u0131 da yans\u0131tan bir makam. K\u0131br\u0131s meselesiyle ilgili bu gayriresmi toplant\u0131 teklifini, yap\u0131c\u0131 tutumumuzu g\u00f6stermek ad\u0131na Cumhurba\u015fkan\u0131m\u0131z kabul etti\u201d diye konu\u015ftu. K\u0131br\u0131s konusuna da de\u011finen T\u00fcrkiye D\u0131\u015fi\u015fleri Bakan\u0131 Fidan \u015funlar\u0131","og_url":"https:\/\/kibrisdakik.com\/?p=78349","article_published_time":"2025-03-20T12:52:00+00:00","og_image":[{"width":922,"height":415,"url":"https:\/\/kibrisdakik.com\/wp-content\/uploads\/2025\/03\/fg-740x415.jpg","type":"image\/jpeg"}],"author":"admin","twitter_card":"summary_large_image","twitter_misc":{"Yazan:":"admin","Tahmini okuma s\u00fcresi":"1 dakika"},"schema":{"@context":"https:\/\/schema.org","@graph":[{"@type":"Article","@id":"https:\/\/kibrisdakik.com\/?p=78349#article","isPartOf":{"@id":"https:\/\/kibrisdakik.com\/?p=78349"},"author":{"name":"admin","@id":"https:\/\/kibrisdakik.com\/#\/schema\/person\/9cd9d437bbb44f72b73ba127e06d8e79"},"headline":"TC D\u0131\u015fi\u015fleri Bakan\u0131 Fidan: Adadaki adaletsizli\u011fin giderilmesi laz\u0131m","datePublished":"2025-03-20T12:52:00+00:00","mainEntityOfPage":{"@id":"https:\/\/kibrisdakik.com\/?p=78349"},"wordCount":187,"commentCount":0,"image":{"@id":"https:\/\/kibrisdakik.com\/?p=78349#primaryimage"},"thumbnailUrl":"https:\/\/kibrisdakik.com\/wp-content\/uploads\/2025\/03\/fg-740x415.jpg","articleSection":["T\u00fcrkiye"],"inLanguage":"tr","potentialAction":[{"@type":"CommentAction","name":"Comment","target":["https:\/\/kibrisdakik.com\/?p=78349#respond"]}]},{"@type":"WebPage","@id":"https:\/\/kibrisdakik.com\/?p=78349","url":"https:\/\/kibrisdakik.com\/?p=78349","name":"TC D\u0131\u015fi\u015fleri Bakan\u0131 Fidan: Adadaki adaletsizli\u011fin giderilmesi laz\u0131m -","isPartOf":{"@id":"https:\/\/kibrisdakik.com\/#website"},"primaryImageOfPage":{"@id":"https:\/\/kibrisdakik.com\/?p=78349#primaryimage"},"image":{"@id":"https:\/\/kibrisdakik.com\/?p=78349#primaryimage"},"thumbnailUrl":"https:\/\/kibrisdakik.com\/wp-content\/uploads\/2025\/03\/fg-740x415.jpg","datePublished":"2025-03-20T12:52:00+00:00","author":{"@id":"https:\/\/kibrisdakik.com\/#\/schema\/person\/9cd9d437bbb44f72b73ba127e06d8e79"},"breadcrumb":{"@id":"https:\/\/kibrisdakik.com\/?p=78349#breadcrumb"},"inLanguage":"tr","potentialAction":[{"@type":"ReadAction","target":["https:\/\/kibrisdakik.com\/?p=78349"]}]},{"@type":"ImageObject","inLanguage":"tr","@id":"https:\/\/kibrisdakik.com\/?p=78349#primaryimage","url":"https:\/\/kibrisdakik.com\/wp-content\/uploads\/2025\/03\/fg-740x415.jpg","contentUrl":"https:\/\/kibrisdakik.com\/wp-content\/uploads\/2025\/03\/fg-740x415.jpg","width":922,"height":415},{"@type":"BreadcrumbList","@id":"https:\/\/kibrisdakik.com\/?p=78349#breadcrumb","itemListElement":[{"@type":"ListItem","position":1,"name":"Home","item":"https:\/\/kibrisdakik.com\/"},{"@type":"ListItem","position":2,"name":"TC D\u0131\u015fi\u015fleri Bakan\u0131 Fidan: Adadaki adaletsizli\u011fin giderilmesi laz\u0131m"}]},{"@type":"WebSite","@id":"https:\/\/kibrisdakik.com\/#website","url":"https:\/\/kibrisdakik.com\/","name":"","description":"Tam vaktinde haber","potentialAction":[{"@type":"SearchAction","target":{"@type":"EntryPoint","urlTemplate":"https:\/\/kibrisdakik.com\/?s={search_term_string}"},"query-input":{"@type":"PropertyValueSpecification","valueRequired":true,"valueName":"search_term_string"}}],"inLanguage":"tr"},{"@type":"Person","@id":"https:\/\/kibrisdakik.com\/#\/schema\/person\/9cd9d437bbb44f72b73ba127e06d8e79","name":"admin","image":{"@type":"ImageObject","inLanguage":"tr","@id":"https:\/\/secure.gravatar.com\/avatar\/ccc17943b9d660506c869530f897617f7cb1c21a4bf30023f252596d83e1f007?s=96&d=mm&r=g","url":"https:\/\/secure.gravatar.com\/avatar\/ccc17943b9d660506c869530f897617f7cb1c21a4bf30023f252596d83e1f007?s=96&d=mm&r=g","contentUrl":"https:\/\/secure.gravatar.com\/avatar\/ccc17943b9d660506c869530f897617f7cb1c21a4bf30023f252596d83e1f007?s=96&d=mm&r=g","caption":"admin"},"sameAs":["https:\/\/kibrisdakik.com"],"url":"https:\/\/kibrisdakik.com\/?author=1"}]}},"_links":{"self":[{"href":"https:\/\/kibrisdakik.com\/index.php?rest_route=\/wp\/v2\/posts\/78349","targetHints":{"allow":["GET"]}}],"collection":[{"href":"https:\/\/kibrisdakik.com\/index.php?rest_route=\/wp\/v2\/posts"}],"about":[{"href":"https:\/\/kibrisdakik.com\/index.php?rest_route=\/wp\/v2\/types\/post"}],"author":[{"embeddable":true,"href":"https:\/\/kibrisdakik.com\/index.php?rest_route=\/wp\/v2\/users\/1"}],"replies":[{"embeddable":true,"href":"https:\/\/kibrisdakik.com\/index.php?rest_route=%2Fwp%2Fv2%2Fcomments&post=78349"}],"version-history":[{"count":0,"href":"https:\/\/kibrisdakik.com\/index.php?rest_route=\/wp\/v2\/posts\/78349\/revisions"}],"wp:featuredmedia":[{"embeddable":true,"href":"https:\/\/kibrisdakik.com\/index.php?rest_route=\/wp\/v2\/media\/78350"}],"wp:attachment":[{"href":"https:\/\/kibrisdakik.com\/index.php?rest_route=%2Fwp%2Fv2%2Fmedia&parent=78349"}],"wp:term":[{"taxonomy":"category","embeddable":true,"href":"https:\/\/kibrisdakik.com\/index.php?rest_route=%2Fwp%2Fv2%2Fcategories&post=78349"},{"taxonomy":"post_tag","embeddable":true,"href":"https:\/\/kibrisdakik.com\/index.php?rest_route=%2Fwp%2Fv2%2Ftags&post=78349"}],"curies":[{"name":"wp","href":"https:\/\/api.w.org\/{rel}","templated":true}]}}