{"id":7835,"date":"2023-05-29T12:56:21","date_gmt":"2023-05-29T12:56:21","guid":{"rendered":"https:\/\/kibrisdakik.com\/index.php\/2023\/05\/29\/itfaiye-14-yangina-ve-23-hususi-servis-olayina-mudahale-etti\/"},"modified":"2023-05-29T12:56:21","modified_gmt":"2023-05-29T12:56:21","slug":"itfaiye-14-yangina-ve-23-hususi-servis-olayina-mudahale-etti","status":"publish","type":"post","link":"https:\/\/kibrisdakik.com\/?p=7835","title":{"rendered":"\u0130tfaiye 14 yang\u0131na ve 23 hususi servis olay\u0131na m\u00fcdahale etti"},"content":{"rendered":"<p><\/p>\n<div>\n<div class=\"mariselle-image-container center\">\n                <img width=\"880\" height=\"440\" class=\"lazy-image\" alt=\"\" decoding=\"async\" loading=\"lazy\" sizes=\"auto, (max-width: 880px) 100vw, 880px\" src=\"https:\/\/brtk.net\/wp-content\/uploads\/2023\/05\/29\/itfaiye28.jpg?ver=19bdfeb89ffeba787ce02c5c776f2d5e\" srcset=\"https:\/\/brtk.net\/wp-content\/uploads\/2023\/05\/29\/itfaiye28.jpg?ver=19bdfeb89ffeba787ce02c5c776f2d5e 880w, https:\/\/brtk.net\/wp-content\/uploads\/2023\/05\/29\/itfaiye28-300x150.jpg?ver=19bdfeb89ffeba787ce02c5c776f2d5e 300w, https:\/\/brtk.net\/wp-content\/uploads\/2023\/05\/29\/itfaiye28-768x384.jpg?ver=e8e8b6b0f3063b025b65ab94bb5cebb4 768w, https:\/\/brtk.net\/wp-content\/uploads\/2023\/05\/29\/itfaiye28-720x360.jpg?ver=e8e8b6b0f3063b025b65ab94bb5cebb4 720w\"\/>                            <\/div>\n<p>\n\u0130tfaiyenin bir haftada 14 yang\u0131na, 23 de hususi servis olay\u0131na m\u00fcdahale etti\u011fi bildirildi.<br \/>\n\u0130tfaiyeden yap\u0131lan a\u00e7\u0131klamada, 22-28 May\u0131s tarihlerini kapsayan s\u00fcrede \u00fclke genelinde meydana gelen 14 yang\u0131n\u0131n neden oldu\u011fu hasar\u0131n ise yakla\u015f\u0131k 683 bin 350 TL oldu\u011fu duyuruldu.<br \/>\nYang\u0131n\u0131n muhtemel sebepleri, \u201cElektrik kaynakl\u0131 k\u0131sa devre, s\u00f6nd\u00fcr\u00fclmeden at\u0131lan sigara izmariti; elektrik tellerinin birbirine temas\u0131yla \u00e7\u0131kan k\u0131v\u0131lc\u0131mlar\u0131n kuru otlar\u0131 tutu\u015fturmas\u0131; rulo bayla makinesine ait rulman\u0131n s\u0131k\u0131\u015f\u0131p \u0131s\u0131nmas\u0131 ve frit\u00f6zde unutulan ya\u011f\u0131n \u0131s\u0131n\u0131p alevlenmesi\u201d olarak a\u00e7\u0131kland\u0131.<\/p>\n<p>Hususi servis olaylar\u0131 ise \u015fu \u015fekilde payla\u015f\u0131ld\u0131:<br \/>\u201cApartmanda mahsur kalan \u015fahs\u0131n kurtar\u0131lmas\u0131, iki duvar aras\u0131nda s\u0131k\u0131\u015fan, r\u00f6gara d\u00fc\u015fen ve y\u00fczme havuzunun motor odas\u0131na d\u00fc\u015fen k\u00f6peklerin kurtar\u0131lmas\u0131; kuyuya d\u00fc\u015fen ke\u00e7inin kurtar\u0131lmas\u0131; arac\u0131n makine b\u00f6l\u00fcm\u00fcnde s\u0131k\u0131\u015fan kedilerin kurtar\u0131lmas\u0131, ormanl\u0131k alanda ipe dolan\u0131p a\u011fa\u00e7ta mahsur kalan kargan\u0131n kurtar\u0131lmas\u0131, hayat\u0131n\u0131 kaybeden \u015fah\u0131slar\u0131n adli soru\u015fturma ama\u00e7l\u0131 hastaneye sevki, yang\u0131na kar\u015f\u0131 tedbir, yol g\u00fcvenli\u011fi, \u00f6zel g\u00f6rev ve trafik kazas\u0131 sonucu ara\u00e7ta s\u0131k\u0131\u015fan \u015fahs\u0131n \u00e7\u0131kar\u0131l\u0131p ambulansla hastaneye sevki..\u201d<\/p>\n<\/p><\/div>\n<p><script async\n                    defer\n                    crossorigin=\"anonymous\"\n                    src=\"https:\/\/connect.facebook.net\/tr_TR\/sdk.js#xfbml=1&#038;version=v3.3\"\n            ><\/script><\/p>\n","protected":false},"excerpt":{"rendered":"<p>\u0130tfaiyenin bir haftada 14 yang\u0131na, 23 de hususi servis olay\u0131na m\u00fcdahale etti\u011fi bildirildi. \u0130tfaiyeden yap\u0131lan a\u00e7\u0131klamada, 22-28 May\u0131s tarihlerini kapsayan s\u00fcrede \u00fclke genelinde meydana gelen 14 yang\u0131n\u0131n neden oldu\u011fu hasar\u0131n ise yakla\u015f\u0131k 683 bin 350 TL oldu\u011fu duyuruldu. Yang\u0131n\u0131n muhtemel sebepleri, \u201cElektrik kaynakl\u0131 k\u0131sa devre, s\u00f6nd\u00fcr\u00fclmeden at\u0131lan sigara izmariti; elektrik tellerinin birbirine temas\u0131yla \u00e7\u0131kan k\u0131v\u0131lc\u0131mlar\u0131n<\/p>\n","protected":false},"author":1,"featured_media":7836,"comment_status":"open","ping_status":"open","sticky":false,"template":"","format":"standard","meta":{"footnotes":""},"categories":[1],"tags":[],"class_list":["post-7835","post","type-post","status-publish","format-standard","has-post-thumbnail","hentry","category-gundem"],"yoast_head":"<!-- This site is optimized with the Yoast SEO plugin v27.5 - https:\/\/yoast.com\/product\/yoast-seo-wordpress\/ -->\n<title>\u0130tfaiye 14 yang\u0131na ve 23 hususi servis olay\u0131na m\u00fcdahale etti -<\/title>\n<meta name=\"robots\" content=\"index, follow, max-snippet:-1, max-image-preview:large, max-video-preview:-1\" \/>\n<link rel=\"canonical\" href=\"https:\/\/kibrisdakik.com\/?p=7835\" \/>\n<meta property=\"og:locale\" content=\"tr_TR\" \/>\n<meta property=\"og:type\" content=\"article\" \/>\n<meta property=\"og:title\" content=\"\u0130tfaiye 14 yang\u0131na ve 23 hususi servis olay\u0131na m\u00fcdahale etti -\" \/>\n<meta property=\"og:description\" content=\"\u0130tfaiyenin bir haftada 14 yang\u0131na, 23 de hususi servis olay\u0131na m\u00fcdahale etti\u011fi bildirildi. \u0130tfaiyeden yap\u0131lan a\u00e7\u0131klamada, 22-28 May\u0131s tarihlerini kapsayan s\u00fcrede \u00fclke genelinde meydana gelen 14 yang\u0131n\u0131n neden oldu\u011fu hasar\u0131n ise yakla\u015f\u0131k 683 bin 350 TL oldu\u011fu duyuruldu. Yang\u0131n\u0131n muhtemel sebepleri, \u201cElektrik kaynakl\u0131 k\u0131sa devre, s\u00f6nd\u00fcr\u00fclmeden at\u0131lan sigara izmariti; elektrik tellerinin birbirine temas\u0131yla \u00e7\u0131kan k\u0131v\u0131lc\u0131mlar\u0131n\" \/>\n<meta property=\"og:url\" content=\"https:\/\/kibrisdakik.com\/?p=7835\" \/>\n<meta property=\"article:published_time\" content=\"2023-05-29T12:56:21+00:00\" \/>\n<meta property=\"og:image\" content=\"https:\/\/kibrisdakik.com\/wp-content\/uploads\/2023\/05\/itfaiye28-740x420.jpg\" \/>\n\t<meta property=\"og:image:width\" content=\"880\" \/>\n\t<meta property=\"og:image:height\" content=\"440\" \/>\n\t<meta property=\"og:image:type\" content=\"image\/jpeg\" \/>\n<meta name=\"author\" content=\"admin\" \/>\n<meta name=\"twitter:card\" content=\"summary_large_image\" \/>\n<meta name=\"twitter:label1\" content=\"Yazan:\" \/>\n\t<meta name=\"twitter:data1\" content=\"admin\" \/>\n\t<meta name=\"twitter:label2\" content=\"Tahmini okuma s\u00fcresi\" \/>\n\t<meta name=\"twitter:data2\" content=\"1 dakika\" \/>\n<script type=\"application\/ld+json\" class=\"yoast-schema-graph\">{\"@context\":\"https:\\\/\\\/schema.org\",\"@graph\":[{\"@type\":\"Article\",\"@id\":\"https:\\\/\\\/kibrisdakik.com\\\/?p=7835#article\",\"isPartOf\":{\"@id\":\"https:\\\/\\\/kibrisdakik.com\\\/?p=7835\"},\"author\":{\"name\":\"admin\",\"@id\":\"https:\\\/\\\/kibrisdakik.com\\\/#\\\/schema\\\/person\\\/9cd9d437bbb44f72b73ba127e06d8e79\"},\"headline\":\"\u0130tfaiye 14 yang\u0131na ve 23 hususi servis olay\u0131na m\u00fcdahale etti\",\"datePublished\":\"2023-05-29T12:56:21+00:00\",\"mainEntityOfPage\":{\"@id\":\"https:\\\/\\\/kibrisdakik.com\\\/?p=7835\"},\"wordCount\":230,\"commentCount\":0,\"image\":{\"@id\":\"https:\\\/\\\/kibrisdakik.com\\\/?p=7835#primaryimage\"},\"thumbnailUrl\":\"https:\\\/\\\/kibrisdakik.com\\\/wp-content\\\/uploads\\\/2023\\\/05\\\/itfaiye28-740x420.jpg\",\"articleSection\":[\"G\u00fcndem\"],\"inLanguage\":\"tr\",\"potentialAction\":[{\"@type\":\"CommentAction\",\"name\":\"Comment\",\"target\":[\"https:\\\/\\\/kibrisdakik.com\\\/?p=7835#respond\"]}]},{\"@type\":\"WebPage\",\"@id\":\"https:\\\/\\\/kibrisdakik.com\\\/?p=7835\",\"url\":\"https:\\\/\\\/kibrisdakik.com\\\/?p=7835\",\"name\":\"\u0130tfaiye 14 yang\u0131na ve 23 hususi servis olay\u0131na m\u00fcdahale etti -\",\"isPartOf\":{\"@id\":\"https:\\\/\\\/kibrisdakik.com\\\/#website\"},\"primaryImageOfPage\":{\"@id\":\"https:\\\/\\\/kibrisdakik.com\\\/?p=7835#primaryimage\"},\"image\":{\"@id\":\"https:\\\/\\\/kibrisdakik.com\\\/?p=7835#primaryimage\"},\"thumbnailUrl\":\"https:\\\/\\\/kibrisdakik.com\\\/wp-content\\\/uploads\\\/2023\\\/05\\\/itfaiye28-740x420.jpg\",\"datePublished\":\"2023-05-29T12:56:21+00:00\",\"author\":{\"@id\":\"https:\\\/\\\/kibrisdakik.com\\\/#\\\/schema\\\/person\\\/9cd9d437bbb44f72b73ba127e06d8e79\"},\"breadcrumb\":{\"@id\":\"https:\\\/\\\/kibrisdakik.com\\\/?p=7835#breadcrumb\"},\"inLanguage\":\"tr\",\"potentialAction\":[{\"@type\":\"ReadAction\",\"target\":[\"https:\\\/\\\/kibrisdakik.com\\\/?p=7835\"]}]},{\"@type\":\"ImageObject\",\"inLanguage\":\"tr\",\"@id\":\"https:\\\/\\\/kibrisdakik.com\\\/?p=7835#primaryimage\",\"url\":\"https:\\\/\\\/kibrisdakik.com\\\/wp-content\\\/uploads\\\/2023\\\/05\\\/itfaiye28-740x420.jpg\",\"contentUrl\":\"https:\\\/\\\/kibrisdakik.com\\\/wp-content\\\/uploads\\\/2023\\\/05\\\/itfaiye28-740x420.jpg\",\"width\":880,\"height\":440},{\"@type\":\"BreadcrumbList\",\"@id\":\"https:\\\/\\\/kibrisdakik.com\\\/?p=7835#breadcrumb\",\"itemListElement\":[{\"@type\":\"ListItem\",\"position\":1,\"name\":\"Home\",\"item\":\"https:\\\/\\\/kibrisdakik.com\\\/\"},{\"@type\":\"ListItem\",\"position\":2,\"name\":\"\u0130tfaiye 14 yang\u0131na ve 23 hususi servis olay\u0131na m\u00fcdahale etti\"}]},{\"@type\":\"WebSite\",\"@id\":\"https:\\\/\\\/kibrisdakik.com\\\/#website\",\"url\":\"https:\\\/\\\/kibrisdakik.com\\\/\",\"name\":\"\",\"description\":\"Tam vaktinde haber\",\"potentialAction\":[{\"@type\":\"SearchAction\",\"target\":{\"@type\":\"EntryPoint\",\"urlTemplate\":\"https:\\\/\\\/kibrisdakik.com\\\/?s={search_term_string}\"},\"query-input\":{\"@type\":\"PropertyValueSpecification\",\"valueRequired\":true,\"valueName\":\"search_term_string\"}}],\"inLanguage\":\"tr\"},{\"@type\":\"Person\",\"@id\":\"https:\\\/\\\/kibrisdakik.com\\\/#\\\/schema\\\/person\\\/9cd9d437bbb44f72b73ba127e06d8e79\",\"name\":\"admin\",\"image\":{\"@type\":\"ImageObject\",\"inLanguage\":\"tr\",\"@id\":\"https:\\\/\\\/secure.gravatar.com\\\/avatar\\\/ccc17943b9d660506c869530f897617f7cb1c21a4bf30023f252596d83e1f007?s=96&d=mm&r=g\",\"url\":\"https:\\\/\\\/secure.gravatar.com\\\/avatar\\\/ccc17943b9d660506c869530f897617f7cb1c21a4bf30023f252596d83e1f007?s=96&d=mm&r=g\",\"contentUrl\":\"https:\\\/\\\/secure.gravatar.com\\\/avatar\\\/ccc17943b9d660506c869530f897617f7cb1c21a4bf30023f252596d83e1f007?s=96&d=mm&r=g\",\"caption\":\"admin\"},\"sameAs\":[\"https:\\\/\\\/kibrisdakik.com\"],\"url\":\"https:\\\/\\\/kibrisdakik.com\\\/?author=1\"}]}<\/script>\n<!-- \/ Yoast SEO plugin. -->","yoast_head_json":{"title":"\u0130tfaiye 14 yang\u0131na ve 23 hususi servis olay\u0131na m\u00fcdahale etti -","robots":{"index":"index","follow":"follow","max-snippet":"max-snippet:-1","max-image-preview":"max-image-preview:large","max-video-preview":"max-video-preview:-1"},"canonical":"https:\/\/kibrisdakik.com\/?p=7835","og_locale":"tr_TR","og_type":"article","og_title":"\u0130tfaiye 14 yang\u0131na ve 23 hususi servis olay\u0131na m\u00fcdahale etti -","og_description":"\u0130tfaiyenin bir haftada 14 yang\u0131na, 23 de hususi servis olay\u0131na m\u00fcdahale etti\u011fi bildirildi. \u0130tfaiyeden yap\u0131lan a\u00e7\u0131klamada, 22-28 May\u0131s tarihlerini kapsayan s\u00fcrede \u00fclke genelinde meydana gelen 14 yang\u0131n\u0131n neden oldu\u011fu hasar\u0131n ise yakla\u015f\u0131k 683 bin 350 TL oldu\u011fu duyuruldu. Yang\u0131n\u0131n muhtemel sebepleri, \u201cElektrik kaynakl\u0131 k\u0131sa devre, s\u00f6nd\u00fcr\u00fclmeden at\u0131lan sigara izmariti; elektrik tellerinin birbirine temas\u0131yla \u00e7\u0131kan k\u0131v\u0131lc\u0131mlar\u0131n","og_url":"https:\/\/kibrisdakik.com\/?p=7835","article_published_time":"2023-05-29T12:56:21+00:00","og_image":[{"width":880,"height":440,"url":"https:\/\/kibrisdakik.com\/wp-content\/uploads\/2023\/05\/itfaiye28-740x420.jpg","type":"image\/jpeg"}],"author":"admin","twitter_card":"summary_large_image","twitter_misc":{"Yazan:":"admin","Tahmini okuma s\u00fcresi":"1 dakika"},"schema":{"@context":"https:\/\/schema.org","@graph":[{"@type":"Article","@id":"https:\/\/kibrisdakik.com\/?p=7835#article","isPartOf":{"@id":"https:\/\/kibrisdakik.com\/?p=7835"},"author":{"name":"admin","@id":"https:\/\/kibrisdakik.com\/#\/schema\/person\/9cd9d437bbb44f72b73ba127e06d8e79"},"headline":"\u0130tfaiye 14 yang\u0131na ve 23 hususi servis olay\u0131na m\u00fcdahale etti","datePublished":"2023-05-29T12:56:21+00:00","mainEntityOfPage":{"@id":"https:\/\/kibrisdakik.com\/?p=7835"},"wordCount":230,"commentCount":0,"image":{"@id":"https:\/\/kibrisdakik.com\/?p=7835#primaryimage"},"thumbnailUrl":"https:\/\/kibrisdakik.com\/wp-content\/uploads\/2023\/05\/itfaiye28-740x420.jpg","articleSection":["G\u00fcndem"],"inLanguage":"tr","potentialAction":[{"@type":"CommentAction","name":"Comment","target":["https:\/\/kibrisdakik.com\/?p=7835#respond"]}]},{"@type":"WebPage","@id":"https:\/\/kibrisdakik.com\/?p=7835","url":"https:\/\/kibrisdakik.com\/?p=7835","name":"\u0130tfaiye 14 yang\u0131na ve 23 hususi servis olay\u0131na m\u00fcdahale etti -","isPartOf":{"@id":"https:\/\/kibrisdakik.com\/#website"},"primaryImageOfPage":{"@id":"https:\/\/kibrisdakik.com\/?p=7835#primaryimage"},"image":{"@id":"https:\/\/kibrisdakik.com\/?p=7835#primaryimage"},"thumbnailUrl":"https:\/\/kibrisdakik.com\/wp-content\/uploads\/2023\/05\/itfaiye28-740x420.jpg","datePublished":"2023-05-29T12:56:21+00:00","author":{"@id":"https:\/\/kibrisdakik.com\/#\/schema\/person\/9cd9d437bbb44f72b73ba127e06d8e79"},"breadcrumb":{"@id":"https:\/\/kibrisdakik.com\/?p=7835#breadcrumb"},"inLanguage":"tr","potentialAction":[{"@type":"ReadAction","target":["https:\/\/kibrisdakik.com\/?p=7835"]}]},{"@type":"ImageObject","inLanguage":"tr","@id":"https:\/\/kibrisdakik.com\/?p=7835#primaryimage","url":"https:\/\/kibrisdakik.com\/wp-content\/uploads\/2023\/05\/itfaiye28-740x420.jpg","contentUrl":"https:\/\/kibrisdakik.com\/wp-content\/uploads\/2023\/05\/itfaiye28-740x420.jpg","width":880,"height":440},{"@type":"BreadcrumbList","@id":"https:\/\/kibrisdakik.com\/?p=7835#breadcrumb","itemListElement":[{"@type":"ListItem","position":1,"name":"Home","item":"https:\/\/kibrisdakik.com\/"},{"@type":"ListItem","position":2,"name":"\u0130tfaiye 14 yang\u0131na ve 23 hususi servis olay\u0131na m\u00fcdahale etti"}]},{"@type":"WebSite","@id":"https:\/\/kibrisdakik.com\/#website","url":"https:\/\/kibrisdakik.com\/","name":"","description":"Tam vaktinde haber","potentialAction":[{"@type":"SearchAction","target":{"@type":"EntryPoint","urlTemplate":"https:\/\/kibrisdakik.com\/?s={search_term_string}"},"query-input":{"@type":"PropertyValueSpecification","valueRequired":true,"valueName":"search_term_string"}}],"inLanguage":"tr"},{"@type":"Person","@id":"https:\/\/kibrisdakik.com\/#\/schema\/person\/9cd9d437bbb44f72b73ba127e06d8e79","name":"admin","image":{"@type":"ImageObject","inLanguage":"tr","@id":"https:\/\/secure.gravatar.com\/avatar\/ccc17943b9d660506c869530f897617f7cb1c21a4bf30023f252596d83e1f007?s=96&d=mm&r=g","url":"https:\/\/secure.gravatar.com\/avatar\/ccc17943b9d660506c869530f897617f7cb1c21a4bf30023f252596d83e1f007?s=96&d=mm&r=g","contentUrl":"https:\/\/secure.gravatar.com\/avatar\/ccc17943b9d660506c869530f897617f7cb1c21a4bf30023f252596d83e1f007?s=96&d=mm&r=g","caption":"admin"},"sameAs":["https:\/\/kibrisdakik.com"],"url":"https:\/\/kibrisdakik.com\/?author=1"}]}},"_links":{"self":[{"href":"https:\/\/kibrisdakik.com\/index.php?rest_route=\/wp\/v2\/posts\/7835","targetHints":{"allow":["GET"]}}],"collection":[{"href":"https:\/\/kibrisdakik.com\/index.php?rest_route=\/wp\/v2\/posts"}],"about":[{"href":"https:\/\/kibrisdakik.com\/index.php?rest_route=\/wp\/v2\/types\/post"}],"author":[{"embeddable":true,"href":"https:\/\/kibrisdakik.com\/index.php?rest_route=\/wp\/v2\/users\/1"}],"replies":[{"embeddable":true,"href":"https:\/\/kibrisdakik.com\/index.php?rest_route=%2Fwp%2Fv2%2Fcomments&post=7835"}],"version-history":[{"count":0,"href":"https:\/\/kibrisdakik.com\/index.php?rest_route=\/wp\/v2\/posts\/7835\/revisions"}],"wp:featuredmedia":[{"embeddable":true,"href":"https:\/\/kibrisdakik.com\/index.php?rest_route=\/wp\/v2\/media\/7836"}],"wp:attachment":[{"href":"https:\/\/kibrisdakik.com\/index.php?rest_route=%2Fwp%2Fv2%2Fmedia&parent=7835"}],"wp:term":[{"taxonomy":"category","embeddable":true,"href":"https:\/\/kibrisdakik.com\/index.php?rest_route=%2Fwp%2Fv2%2Fcategories&post=7835"},{"taxonomy":"post_tag","embeddable":true,"href":"https:\/\/kibrisdakik.com\/index.php?rest_route=%2Fwp%2Fv2%2Ftags&post=7835"}],"curies":[{"name":"wp","href":"https:\/\/api.w.org\/{rel}","templated":true}]}}