{"id":78353,"date":"2025-03-20T21:58:00","date_gmt":"2025-03-20T18:58:00","guid":{"rendered":"https:\/\/kibrisdakik.com\/index.php\/2025\/03\/20\/yunanistan-basbakani-micotakis-cenevrede-gerceklesen-kibris-konulu-toplantinin-sonucundan-memnun\/"},"modified":"2025-03-20T21:58:00","modified_gmt":"2025-03-20T18:58:00","slug":"yunanistan-basbakani-micotakis-cenevrede-gerceklesen-kibris-konulu-toplantinin-sonucundan-memnun","status":"publish","type":"post","link":"https:\/\/kibrisdakik.com\/?p=78353","title":{"rendered":"Yunanistan Ba\u015fbakan\u0131 Mi\u00e7otakis Cenevre\u2019de ger\u00e7ekle\u015fen K\u0131br\u0131s konulu toplant\u0131n\u0131n sonucundan memnun"},"content":{"rendered":"<p><\/p>\n<div>\n<div class=\"mariselle-image-container center\">\n                <img loading=\"lazy\" decoding=\"async\" width=\"864\" height=\"486\" class=\"lazy-image\" alt=\"\" sizes=\"auto, (max-width: 864px) 100vw, 864px\" src=\"https:\/\/brtk.net\/wp-content\/uploads\/2025\/03\/20\/micotakis.jpg?ver=2cac844170f7faa772a12497cc3b435b\" srcset=\"https:\/\/brtk.net\/wp-content\/uploads\/2025\/03\/20\/micotakis.jpg?ver=2cac844170f7faa772a12497cc3b435b 864w, https:\/\/brtk.net\/wp-content\/uploads\/2025\/03\/20\/micotakis-300x169.jpg?ver=5c8d7d3925351fc86f08589c85b29156 300w, https:\/\/brtk.net\/wp-content\/uploads\/2025\/03\/20\/micotakis-768x432.jpg?ver=5c8d7d3925351fc86f08589c85b29156 768w\"\/>                            <\/div>\n<p>Yunanistan Ba\u015fbakan\u0131 Kiryakos Mi\u00e7otakis, Cenevre\u2019de 17-19 Mart\u2019da d\u00fczenlenen K\u0131br\u0131s konulu geni\u015fletilmi\u015f formatl\u0131 gayriresmi toplant\u0131n\u0131n sonucundan memnun oldu\u011funu kaydetti.<\/p>\n<p>Br\u00fcksel\u2019de d\u00fczenlenen Avrupa Birli\u011fi (AB) Zirvesine kat\u0131lan Mi\u00e7otakis, burada gazetecilere yapt\u0131\u011f\u0131 a\u00e7\u0131klamada, g\u00fcndeme ili\u015fkin de\u011ferlendirmede bulundu.<\/p>\n<p>Mi\u00e7otakis, Birle\u015fmi\u015f Milletler (BM) Genel Sekreteri Antonio Guterres\u2019in de bug\u00fcnk\u00fc zirveye kat\u0131laca\u011f\u0131n\u0131 belirterek, \u201cBu vesileyle, Cenevre\u2019deki be\u015fli toplant\u0131n\u0131n sonu\u00e7lar\u0131ndan duydu\u011fum memnuniyeti dile getirmek isterim.\u201d diye konu\u015ftu.<\/p>\n<p>Yunanistan ve G\u00fcney K\u0131br\u0131s Rum Y\u00f6netiminin (GKRY) adan\u0131n birle\u015fmesine y\u00f6nelik m\u00fczakere s\u00fcrecinin canl\u0131 tutulmas\u0131 niyetini ifade eden Mi\u00e7otakis, \u201cBM Genel Sekreterinin, yaz\u0131n yap\u0131lacak bir sonraki toplant\u0131 \u00f6ncesinde s\u00fcrecin canl\u0131 tutulabilmesini sa\u011flayacak \u00f6zel temsilci atama karar\u0131n\u0131 son derece olumlu buluyorum.\u201d dedi.<\/p>\n<p>Mi\u00e7otakis, ayr\u0131ca, AB \u00fcye \u00fclkelerinin savunma harcamalar\u0131na esneklik getirmesi g\u00f6r\u00fc\u015f\u00fcn\u00fc desteklediklerini yineleyerek, d\u00fczensiz g\u00f6\u00e7 konusunda da iltica hakk\u0131 olmayanlar\u0131n \u00fclkelerine geri d\u00f6nmelerinden yana olduklar\u0131n\u0131 tekrarlad\u0131.<\/p>\n<\/p><\/div>\n<p><script async\n                    defer\n                    crossorigin=\"anonymous\"\n                    src=\"https:\/\/connect.facebook.net\/tr_TR\/sdk.js#xfbml=1&#038;version=v3.3\"\n            ><\/script><\/p>\n","protected":false},"excerpt":{"rendered":"<p>Yunanistan Ba\u015fbakan\u0131 Kiryakos Mi\u00e7otakis, Cenevre\u2019de 17-19 Mart\u2019da d\u00fczenlenen K\u0131br\u0131s konulu geni\u015fletilmi\u015f formatl\u0131 gayriresmi toplant\u0131n\u0131n sonucundan memnun oldu\u011funu kaydetti. Br\u00fcksel\u2019de d\u00fczenlenen Avrupa Birli\u011fi (AB) Zirvesine kat\u0131lan Mi\u00e7otakis, burada gazetecilere yapt\u0131\u011f\u0131 a\u00e7\u0131klamada, g\u00fcndeme ili\u015fkin de\u011ferlendirmede bulundu. Mi\u00e7otakis, Birle\u015fmi\u015f Milletler (BM) Genel Sekreteri Antonio Guterres\u2019in de bug\u00fcnk\u00fc zirveye kat\u0131laca\u011f\u0131n\u0131 belirterek, \u201cBu vesileyle, Cenevre\u2019deki be\u015fli toplant\u0131n\u0131n sonu\u00e7lar\u0131ndan duydu\u011fum memnuniyeti<\/p>\n","protected":false},"author":1,"featured_media":78354,"comment_status":"open","ping_status":"open","sticky":false,"template":"","format":"standard","meta":{"footnotes":""},"categories":[1],"tags":[],"class_list":["post-78353","post","type-post","status-publish","format-standard","has-post-thumbnail","hentry","category-gundem"],"yoast_head":"<!-- This site is optimized with the Yoast SEO plugin v27.5 - https:\/\/yoast.com\/product\/yoast-seo-wordpress\/ -->\n<title>Yunanistan Ba\u015fbakan\u0131 Mi\u00e7otakis Cenevre\u2019de ger\u00e7ekle\u015fen K\u0131br\u0131s konulu toplant\u0131n\u0131n sonucundan memnun -<\/title>\n<meta name=\"robots\" content=\"index, follow, max-snippet:-1, max-image-preview:large, max-video-preview:-1\" \/>\n<link rel=\"canonical\" href=\"https:\/\/kibrisdakik.com\/?p=78353\" \/>\n<meta property=\"og:locale\" content=\"tr_TR\" \/>\n<meta property=\"og:type\" content=\"article\" \/>\n<meta property=\"og:title\" content=\"Yunanistan Ba\u015fbakan\u0131 Mi\u00e7otakis Cenevre\u2019de ger\u00e7ekle\u015fen K\u0131br\u0131s konulu toplant\u0131n\u0131n sonucundan memnun -\" \/>\n<meta property=\"og:description\" content=\"Yunanistan Ba\u015fbakan\u0131 Kiryakos Mi\u00e7otakis, Cenevre\u2019de 17-19 Mart\u2019da d\u00fczenlenen K\u0131br\u0131s konulu geni\u015fletilmi\u015f formatl\u0131 gayriresmi toplant\u0131n\u0131n sonucundan memnun oldu\u011funu kaydetti. Br\u00fcksel\u2019de d\u00fczenlenen Avrupa Birli\u011fi (AB) Zirvesine kat\u0131lan Mi\u00e7otakis, burada gazetecilere yapt\u0131\u011f\u0131 a\u00e7\u0131klamada, g\u00fcndeme ili\u015fkin de\u011ferlendirmede bulundu. Mi\u00e7otakis, Birle\u015fmi\u015f Milletler (BM) Genel Sekreteri Antonio Guterres\u2019in de bug\u00fcnk\u00fc zirveye kat\u0131laca\u011f\u0131n\u0131 belirterek, \u201cBu vesileyle, Cenevre\u2019deki be\u015fli toplant\u0131n\u0131n sonu\u00e7lar\u0131ndan duydu\u011fum memnuniyeti\" \/>\n<meta property=\"og:url\" content=\"https:\/\/kibrisdakik.com\/?p=78353\" \/>\n<meta property=\"article:published_time\" content=\"2025-03-20T18:58:00+00:00\" \/>\n<meta property=\"og:image\" content=\"https:\/\/kibrisdakik.com\/wp-content\/uploads\/2025\/03\/micotakis-740x420.jpg\" \/>\n\t<meta property=\"og:image:width\" content=\"864\" \/>\n\t<meta property=\"og:image:height\" content=\"486\" \/>\n\t<meta property=\"og:image:type\" content=\"image\/jpeg\" \/>\n<meta name=\"author\" content=\"admin\" \/>\n<meta name=\"twitter:card\" content=\"summary_large_image\" \/>\n<meta name=\"twitter:label1\" content=\"Yazan:\" \/>\n\t<meta name=\"twitter:data1\" content=\"admin\" \/>\n\t<meta name=\"twitter:label2\" content=\"Tahmini okuma s\u00fcresi\" \/>\n\t<meta name=\"twitter:data2\" content=\"1 dakika\" \/>\n<script type=\"application\/ld+json\" class=\"yoast-schema-graph\">{\"@context\":\"https:\\\/\\\/schema.org\",\"@graph\":[{\"@type\":\"Article\",\"@id\":\"https:\\\/\\\/kibrisdakik.com\\\/?p=78353#article\",\"isPartOf\":{\"@id\":\"https:\\\/\\\/kibrisdakik.com\\\/?p=78353\"},\"author\":{\"name\":\"admin\",\"@id\":\"https:\\\/\\\/kibrisdakik.com\\\/#\\\/schema\\\/person\\\/9cd9d437bbb44f72b73ba127e06d8e79\"},\"headline\":\"Yunanistan Ba\u015fbakan\u0131 Mi\u00e7otakis Cenevre\u2019de ger\u00e7ekle\u015fen K\u0131br\u0131s konulu toplant\u0131n\u0131n sonucundan memnun\",\"datePublished\":\"2025-03-20T18:58:00+00:00\",\"mainEntityOfPage\":{\"@id\":\"https:\\\/\\\/kibrisdakik.com\\\/?p=78353\"},\"wordCount\":203,\"commentCount\":0,\"image\":{\"@id\":\"https:\\\/\\\/kibrisdakik.com\\\/?p=78353#primaryimage\"},\"thumbnailUrl\":\"https:\\\/\\\/kibrisdakik.com\\\/wp-content\\\/uploads\\\/2025\\\/03\\\/micotakis-740x420.jpg\",\"articleSection\":[\"G\u00fcndem\"],\"inLanguage\":\"tr\",\"potentialAction\":[{\"@type\":\"CommentAction\",\"name\":\"Comment\",\"target\":[\"https:\\\/\\\/kibrisdakik.com\\\/?p=78353#respond\"]}]},{\"@type\":\"WebPage\",\"@id\":\"https:\\\/\\\/kibrisdakik.com\\\/?p=78353\",\"url\":\"https:\\\/\\\/kibrisdakik.com\\\/?p=78353\",\"name\":\"Yunanistan Ba\u015fbakan\u0131 Mi\u00e7otakis Cenevre\u2019de ger\u00e7ekle\u015fen K\u0131br\u0131s konulu toplant\u0131n\u0131n sonucundan memnun -\",\"isPartOf\":{\"@id\":\"https:\\\/\\\/kibrisdakik.com\\\/#website\"},\"primaryImageOfPage\":{\"@id\":\"https:\\\/\\\/kibrisdakik.com\\\/?p=78353#primaryimage\"},\"image\":{\"@id\":\"https:\\\/\\\/kibrisdakik.com\\\/?p=78353#primaryimage\"},\"thumbnailUrl\":\"https:\\\/\\\/kibrisdakik.com\\\/wp-content\\\/uploads\\\/2025\\\/03\\\/micotakis-740x420.jpg\",\"datePublished\":\"2025-03-20T18:58:00+00:00\",\"author\":{\"@id\":\"https:\\\/\\\/kibrisdakik.com\\\/#\\\/schema\\\/person\\\/9cd9d437bbb44f72b73ba127e06d8e79\"},\"breadcrumb\":{\"@id\":\"https:\\\/\\\/kibrisdakik.com\\\/?p=78353#breadcrumb\"},\"inLanguage\":\"tr\",\"potentialAction\":[{\"@type\":\"ReadAction\",\"target\":[\"https:\\\/\\\/kibrisdakik.com\\\/?p=78353\"]}]},{\"@type\":\"ImageObject\",\"inLanguage\":\"tr\",\"@id\":\"https:\\\/\\\/kibrisdakik.com\\\/?p=78353#primaryimage\",\"url\":\"https:\\\/\\\/kibrisdakik.com\\\/wp-content\\\/uploads\\\/2025\\\/03\\\/micotakis-740x420.jpg\",\"contentUrl\":\"https:\\\/\\\/kibrisdakik.com\\\/wp-content\\\/uploads\\\/2025\\\/03\\\/micotakis-740x420.jpg\",\"width\":864,\"height\":486},{\"@type\":\"BreadcrumbList\",\"@id\":\"https:\\\/\\\/kibrisdakik.com\\\/?p=78353#breadcrumb\",\"itemListElement\":[{\"@type\":\"ListItem\",\"position\":1,\"name\":\"Home\",\"item\":\"https:\\\/\\\/kibrisdakik.com\\\/\"},{\"@type\":\"ListItem\",\"position\":2,\"name\":\"Yunanistan Ba\u015fbakan\u0131 Mi\u00e7otakis Cenevre\u2019de ger\u00e7ekle\u015fen K\u0131br\u0131s konulu toplant\u0131n\u0131n sonucundan memnun\"}]},{\"@type\":\"WebSite\",\"@id\":\"https:\\\/\\\/kibrisdakik.com\\\/#website\",\"url\":\"https:\\\/\\\/kibrisdakik.com\\\/\",\"name\":\"\",\"description\":\"Tam vaktinde haber\",\"potentialAction\":[{\"@type\":\"SearchAction\",\"target\":{\"@type\":\"EntryPoint\",\"urlTemplate\":\"https:\\\/\\\/kibrisdakik.com\\\/?s={search_term_string}\"},\"query-input\":{\"@type\":\"PropertyValueSpecification\",\"valueRequired\":true,\"valueName\":\"search_term_string\"}}],\"inLanguage\":\"tr\"},{\"@type\":\"Person\",\"@id\":\"https:\\\/\\\/kibrisdakik.com\\\/#\\\/schema\\\/person\\\/9cd9d437bbb44f72b73ba127e06d8e79\",\"name\":\"admin\",\"image\":{\"@type\":\"ImageObject\",\"inLanguage\":\"tr\",\"@id\":\"https:\\\/\\\/secure.gravatar.com\\\/avatar\\\/ccc17943b9d660506c869530f897617f7cb1c21a4bf30023f252596d83e1f007?s=96&d=mm&r=g\",\"url\":\"https:\\\/\\\/secure.gravatar.com\\\/avatar\\\/ccc17943b9d660506c869530f897617f7cb1c21a4bf30023f252596d83e1f007?s=96&d=mm&r=g\",\"contentUrl\":\"https:\\\/\\\/secure.gravatar.com\\\/avatar\\\/ccc17943b9d660506c869530f897617f7cb1c21a4bf30023f252596d83e1f007?s=96&d=mm&r=g\",\"caption\":\"admin\"},\"sameAs\":[\"https:\\\/\\\/kibrisdakik.com\"],\"url\":\"https:\\\/\\\/kibrisdakik.com\\\/?author=1\"}]}<\/script>\n<!-- \/ Yoast SEO plugin. -->","yoast_head_json":{"title":"Yunanistan Ba\u015fbakan\u0131 Mi\u00e7otakis Cenevre\u2019de ger\u00e7ekle\u015fen K\u0131br\u0131s konulu toplant\u0131n\u0131n sonucundan memnun -","robots":{"index":"index","follow":"follow","max-snippet":"max-snippet:-1","max-image-preview":"max-image-preview:large","max-video-preview":"max-video-preview:-1"},"canonical":"https:\/\/kibrisdakik.com\/?p=78353","og_locale":"tr_TR","og_type":"article","og_title":"Yunanistan Ba\u015fbakan\u0131 Mi\u00e7otakis Cenevre\u2019de ger\u00e7ekle\u015fen K\u0131br\u0131s konulu toplant\u0131n\u0131n sonucundan memnun -","og_description":"Yunanistan Ba\u015fbakan\u0131 Kiryakos Mi\u00e7otakis, Cenevre\u2019de 17-19 Mart\u2019da d\u00fczenlenen K\u0131br\u0131s konulu geni\u015fletilmi\u015f formatl\u0131 gayriresmi toplant\u0131n\u0131n sonucundan memnun oldu\u011funu kaydetti. Br\u00fcksel\u2019de d\u00fczenlenen Avrupa Birli\u011fi (AB) Zirvesine kat\u0131lan Mi\u00e7otakis, burada gazetecilere yapt\u0131\u011f\u0131 a\u00e7\u0131klamada, g\u00fcndeme ili\u015fkin de\u011ferlendirmede bulundu. Mi\u00e7otakis, Birle\u015fmi\u015f Milletler (BM) Genel Sekreteri Antonio Guterres\u2019in de bug\u00fcnk\u00fc zirveye kat\u0131laca\u011f\u0131n\u0131 belirterek, \u201cBu vesileyle, Cenevre\u2019deki be\u015fli toplant\u0131n\u0131n sonu\u00e7lar\u0131ndan duydu\u011fum memnuniyeti","og_url":"https:\/\/kibrisdakik.com\/?p=78353","article_published_time":"2025-03-20T18:58:00+00:00","og_image":[{"width":864,"height":486,"url":"https:\/\/kibrisdakik.com\/wp-content\/uploads\/2025\/03\/micotakis-740x420.jpg","type":"image\/jpeg"}],"author":"admin","twitter_card":"summary_large_image","twitter_misc":{"Yazan:":"admin","Tahmini okuma s\u00fcresi":"1 dakika"},"schema":{"@context":"https:\/\/schema.org","@graph":[{"@type":"Article","@id":"https:\/\/kibrisdakik.com\/?p=78353#article","isPartOf":{"@id":"https:\/\/kibrisdakik.com\/?p=78353"},"author":{"name":"admin","@id":"https:\/\/kibrisdakik.com\/#\/schema\/person\/9cd9d437bbb44f72b73ba127e06d8e79"},"headline":"Yunanistan Ba\u015fbakan\u0131 Mi\u00e7otakis Cenevre\u2019de ger\u00e7ekle\u015fen K\u0131br\u0131s konulu toplant\u0131n\u0131n sonucundan memnun","datePublished":"2025-03-20T18:58:00+00:00","mainEntityOfPage":{"@id":"https:\/\/kibrisdakik.com\/?p=78353"},"wordCount":203,"commentCount":0,"image":{"@id":"https:\/\/kibrisdakik.com\/?p=78353#primaryimage"},"thumbnailUrl":"https:\/\/kibrisdakik.com\/wp-content\/uploads\/2025\/03\/micotakis-740x420.jpg","articleSection":["G\u00fcndem"],"inLanguage":"tr","potentialAction":[{"@type":"CommentAction","name":"Comment","target":["https:\/\/kibrisdakik.com\/?p=78353#respond"]}]},{"@type":"WebPage","@id":"https:\/\/kibrisdakik.com\/?p=78353","url":"https:\/\/kibrisdakik.com\/?p=78353","name":"Yunanistan Ba\u015fbakan\u0131 Mi\u00e7otakis Cenevre\u2019de ger\u00e7ekle\u015fen K\u0131br\u0131s konulu toplant\u0131n\u0131n sonucundan memnun -","isPartOf":{"@id":"https:\/\/kibrisdakik.com\/#website"},"primaryImageOfPage":{"@id":"https:\/\/kibrisdakik.com\/?p=78353#primaryimage"},"image":{"@id":"https:\/\/kibrisdakik.com\/?p=78353#primaryimage"},"thumbnailUrl":"https:\/\/kibrisdakik.com\/wp-content\/uploads\/2025\/03\/micotakis-740x420.jpg","datePublished":"2025-03-20T18:58:00+00:00","author":{"@id":"https:\/\/kibrisdakik.com\/#\/schema\/person\/9cd9d437bbb44f72b73ba127e06d8e79"},"breadcrumb":{"@id":"https:\/\/kibrisdakik.com\/?p=78353#breadcrumb"},"inLanguage":"tr","potentialAction":[{"@type":"ReadAction","target":["https:\/\/kibrisdakik.com\/?p=78353"]}]},{"@type":"ImageObject","inLanguage":"tr","@id":"https:\/\/kibrisdakik.com\/?p=78353#primaryimage","url":"https:\/\/kibrisdakik.com\/wp-content\/uploads\/2025\/03\/micotakis-740x420.jpg","contentUrl":"https:\/\/kibrisdakik.com\/wp-content\/uploads\/2025\/03\/micotakis-740x420.jpg","width":864,"height":486},{"@type":"BreadcrumbList","@id":"https:\/\/kibrisdakik.com\/?p=78353#breadcrumb","itemListElement":[{"@type":"ListItem","position":1,"name":"Home","item":"https:\/\/kibrisdakik.com\/"},{"@type":"ListItem","position":2,"name":"Yunanistan Ba\u015fbakan\u0131 Mi\u00e7otakis Cenevre\u2019de ger\u00e7ekle\u015fen K\u0131br\u0131s konulu toplant\u0131n\u0131n sonucundan memnun"}]},{"@type":"WebSite","@id":"https:\/\/kibrisdakik.com\/#website","url":"https:\/\/kibrisdakik.com\/","name":"","description":"Tam vaktinde haber","potentialAction":[{"@type":"SearchAction","target":{"@type":"EntryPoint","urlTemplate":"https:\/\/kibrisdakik.com\/?s={search_term_string}"},"query-input":{"@type":"PropertyValueSpecification","valueRequired":true,"valueName":"search_term_string"}}],"inLanguage":"tr"},{"@type":"Person","@id":"https:\/\/kibrisdakik.com\/#\/schema\/person\/9cd9d437bbb44f72b73ba127e06d8e79","name":"admin","image":{"@type":"ImageObject","inLanguage":"tr","@id":"https:\/\/secure.gravatar.com\/avatar\/ccc17943b9d660506c869530f897617f7cb1c21a4bf30023f252596d83e1f007?s=96&d=mm&r=g","url":"https:\/\/secure.gravatar.com\/avatar\/ccc17943b9d660506c869530f897617f7cb1c21a4bf30023f252596d83e1f007?s=96&d=mm&r=g","contentUrl":"https:\/\/secure.gravatar.com\/avatar\/ccc17943b9d660506c869530f897617f7cb1c21a4bf30023f252596d83e1f007?s=96&d=mm&r=g","caption":"admin"},"sameAs":["https:\/\/kibrisdakik.com"],"url":"https:\/\/kibrisdakik.com\/?author=1"}]}},"_links":{"self":[{"href":"https:\/\/kibrisdakik.com\/index.php?rest_route=\/wp\/v2\/posts\/78353","targetHints":{"allow":["GET"]}}],"collection":[{"href":"https:\/\/kibrisdakik.com\/index.php?rest_route=\/wp\/v2\/posts"}],"about":[{"href":"https:\/\/kibrisdakik.com\/index.php?rest_route=\/wp\/v2\/types\/post"}],"author":[{"embeddable":true,"href":"https:\/\/kibrisdakik.com\/index.php?rest_route=\/wp\/v2\/users\/1"}],"replies":[{"embeddable":true,"href":"https:\/\/kibrisdakik.com\/index.php?rest_route=%2Fwp%2Fv2%2Fcomments&post=78353"}],"version-history":[{"count":0,"href":"https:\/\/kibrisdakik.com\/index.php?rest_route=\/wp\/v2\/posts\/78353\/revisions"}],"wp:featuredmedia":[{"embeddable":true,"href":"https:\/\/kibrisdakik.com\/index.php?rest_route=\/wp\/v2\/media\/78354"}],"wp:attachment":[{"href":"https:\/\/kibrisdakik.com\/index.php?rest_route=%2Fwp%2Fv2%2Fmedia&parent=78353"}],"wp:term":[{"taxonomy":"category","embeddable":true,"href":"https:\/\/kibrisdakik.com\/index.php?rest_route=%2Fwp%2Fv2%2Fcategories&post=78353"},{"taxonomy":"post_tag","embeddable":true,"href":"https:\/\/kibrisdakik.com\/index.php?rest_route=%2Fwp%2Fv2%2Ftags&post=78353"}],"curies":[{"name":"wp","href":"https:\/\/api.w.org\/{rel}","templated":true}]}}