{"id":78430,"date":"2025-03-21T21:35:41","date_gmt":"2025-03-21T18:35:41","guid":{"rendered":"https:\/\/kibrisdakik.com\/index.php\/2025\/03\/21\/cumhurbaskani-tatar-sizler-bizler-icin-cok-kiymetlisiniz\/"},"modified":"2025-03-21T21:35:41","modified_gmt":"2025-03-21T18:35:41","slug":"cumhurbaskani-tatar-sizler-bizler-icin-cok-kiymetlisiniz","status":"publish","type":"post","link":"https:\/\/kibrisdakik.com\/?p=78430","title":{"rendered":"Cumhurba\u015fkan\u0131 Tatar: Sizler bizler i\u00e7in \u00e7ok k\u0131ymetlisiniz"},"content":{"rendered":"<div>\n<div class=\"mariselle-image-container center\">\n                                            <\/div>\n<p>Cumhurba\u015fkan\u0131 Ersin Tatar, 21 Mart D\u00fcnya Down Sendromu Fark\u0131ndal\u0131k G\u00fcn\u00fc nedeniyle Uluslararas\u0131 Down Federasyonu KKTC Ba\u015fkan\u0131 T\u00fclay Umut ve \u00f6zel e\u011fitim okullar\u0131nda e\u011fitim g\u00f6ren \u00f6\u011frencileri kabul etti.<\/p>\n<p>Milli E\u011fitim Bakanl\u0131\u011f\u0131\u2019ndan yetkililer, \u00f6\u011fretmenler ve velilerin de yer ald\u0131\u011f\u0131 kabulde, Cumhurba\u015fkan\u0131 Tatar\u2019a hediye takdiminde bulunuldu. Cumhurba\u015fkan\u0131 da, \u00f6\u011frencilere hediye paketleri takdim etti.<\/p>\n<p>Kabul\u00fcn ard\u0131ndan Ye\u015filyurt \u00d6zel E\u011fitim Merkezi \u00f6\u011frencisi Tuana Zehirok ile Lefke Gazi Lisesi \u00f6\u011frencisi H\u00fcseyin G\u00fcney, Cumhurba\u015fkanl\u0131\u011f\u0131 bah\u00e7esinde dans g\u00f6sterisi sundu.<\/p>\n<p>Cumhurba\u015fkan\u0131 Tatar kabulde yapt\u0131\u011f\u0131 konu\u015fmada, \u201cBiz hep beraberiz\u201d diyerek, federasyonun duyarl\u0131l\u0131\u011f\u0131n\u0131 takdir etti\u011fini s\u00f6yledi. \u201cBu \u00e7ocuklar bizim \u00e7ocuklar\u0131m\u0131z, evlatlar\u0131m\u0131z. Onlar\u0131 en iyi \u015fekilde gelece\u011fe haz\u0131rlayabilmek, e\u011fitmek ve topluma kazand\u0131rmak hepimizin g\u00f6revidir.\u201d vurgusu yapan Cumhurba\u015fkan\u0131 Tatar, anne, baba ve \u00f6\u011fretmenleri tebrik etti.<\/p>\n<p>E\u011fitimin \u00f6nemini belirten Cumhurba\u015fkan\u0131 Tatar, t\u0131ptaki geli\u015fmelere dikkat \u00e7ekerek, ilerleyen s\u00fcre\u00e7te \u00e7ocuklara daha iyi bir gelecek haz\u0131rlama temennisini dile getirdi. Cumhurba\u015fkan\u0131 Tatar, devletin imkanlar\u0131n\u0131 zaman i\u00e7erisinde art\u0131rarak, ihtiya\u00e7l\u0131 bireylere daha iyi bir gelecek sa\u011flamak i\u00e7in \u00e7al\u0131\u015fmalar\u0131n\u0131 s\u00fcrd\u00fcrd\u00fcklerini kaydetti.<\/p>\n<p>T\u00fcrkiye Cumhuriyeti\u2019nin, b\u00fcy\u00fck bir devlet olarak imkanlar\u0131n\u0131, KKTC ile payla\u015fmas\u0131n\u0131n bir ayr\u0131cal\u0131k ve \u015fans oldu\u011funu ifade eden Cumhurba\u015fkan\u0131 Tatar, T\u00fcrkiye\u2019deki federasyonla ba\u011flar\u0131n artmas\u0131n\u0131 temenni etti.<\/p>\n<p>N\u00fcfus artt\u0131k\u00e7a, down sendromlu bireylerin say\u0131s\u0131n\u0131n da artabilece\u011fini belirten Cumhurba\u015fkan\u0131 Tatar, \u201cBu bir realitedir\u2026 Onlar\u0131 e\u011fitmek, onlar\u0131 gelece\u011fe haz\u0131rlay\u0131p, yeti\u015ftirmek bizlerin g\u00f6revidir\u201d diye konu\u015ftu.<\/p>\n<p>Down sendromlu \u00f6\u011frencilere de hitap eden Cumhurba\u015fkan\u0131 Tatar, \u201cSizler bizler i\u00e7in \u00e7ok k\u0131ymetlisiniz, \u00e7ok de\u011ferlisiniz. Her zaman sizlerle beraberiz, sizleri seviyoruz ve sizler ad\u0131na \u00f6\u011fretmenlerinize, annelerinize, babalar\u0131n\u0131za \u00e7ok te\u015fekk\u00fcr etmek istiyorum. Sizler her zaman bizlerin kalbindesiniz\u201d ifadelerini kulland\u0131.<\/p>\n<p>Uluslararas\u0131 Down Federasyonu KKTC Ba\u015fkan\u0131 T\u00fclay Umut da, kabul\u00fc nedeniyle Cumhurba\u015fkan\u0131 Tatar\u2019a te\u015fekk\u00fcr etti.<\/p>\n<p>Uluslararas\u0131 Down Federasyonu\u2019nun sekiz y\u0131l \u00f6nce kuruldu\u011funu ifade eden Umut, birlikte bir\u00e7ok etkinlikler yapt\u0131klar\u0131n\u0131 belirterek, Girne\u2019de ilk kez Uluslararas\u0131 Plaj Futbol Turnuvas\u0131 d\u00fczenlediklerini hat\u0131rlatt\u0131. Umut, Cumhurba\u015fkan\u0131\u2019n\u0131n e\u015fi Sibel Tatar\u2019\u0131n deste\u011fiyle 2023 y\u0131l\u0131nda da Gazima\u011fusa\u2019da sekiz \u00fclkeden 100 misafirin kat\u0131l\u0131m\u0131yla plaj turnuvas\u0131 d\u00fczenlediklerini dile getirdi.<\/p>\n<p>Down sendromlu bireylerin, sa\u011fl\u0131k ve e\u011fitimde ihtiya\u00e7lar\u0131 do\u011frultusunda uluslararas\u0131 kaliteyi yakalama hedefinde olduklar\u0131n\u0131 ifade eden Umut, T\u00fcrkiye ile birlikte koordineli \u00e7al\u0131\u015fmaya devam ettiklerini s\u00f6yledi.<\/p>\n<p>T\u00fclay Umut, Cumhurba\u015fkan\u0131 Tatar\u2019\u0131n her zaman yanlar\u0131nda oldu\u011funu da vurgulad\u0131.<\/p>\n<\/p><\/div>\n<p><script async\n                    defer\n                    crossorigin=\"anonymous\"\n                    src=\"https:\/\/connect.facebook.net\/tr_TR\/sdk.js#xfbml=1&#038;version=v3.3\"\n            ><\/script><\/p>\n","protected":false},"excerpt":{"rendered":"<p>Cumhurba\u015fkan\u0131 Ersin Tatar, 21 Mart D\u00fcnya Down Sendromu Fark\u0131ndal\u0131k G\u00fcn\u00fc nedeniyle Uluslararas\u0131 Down Federasyonu KKTC Ba\u015fkan\u0131 T\u00fclay Umut ve \u00f6zel e\u011fitim okullar\u0131nda e\u011fitim g\u00f6ren \u00f6\u011frencileri kabul etti. Milli E\u011fitim Bakanl\u0131\u011f\u0131\u2019ndan yetkililer, \u00f6\u011fretmenler ve velilerin de yer ald\u0131\u011f\u0131 kabulde, Cumhurba\u015fkan\u0131 Tatar\u2019a hediye takdiminde bulunuldu. Cumhurba\u015fkan\u0131 da, \u00f6\u011frencilere hediye paketleri takdim etti. Kabul\u00fcn ard\u0131ndan Ye\u015filyurt \u00d6zel E\u011fitim<\/p>\n","protected":false},"author":1,"featured_media":78431,"comment_status":"open","ping_status":"open","sticky":false,"template":"","format":"standard","meta":{"footnotes":""},"categories":[81,101],"tags":[],"class_list":["post-78430","post","type-post","status-publish","format-standard","has-post-thumbnail","hentry","category-kibris","category-manset"],"yoast_head":"<!-- This site is optimized with the Yoast SEO plugin v27.4 - https:\/\/yoast.com\/product\/yoast-seo-wordpress\/ -->\n<title>Cumhurba\u015fkan\u0131 Tatar: Sizler bizler i\u00e7in \u00e7ok k\u0131ymetlisiniz -<\/title>\n<meta name=\"robots\" content=\"index, follow, max-snippet:-1, max-image-preview:large, max-video-preview:-1\" \/>\n<link rel=\"canonical\" href=\"https:\/\/kibrisdakik.com\/?p=78430\" \/>\n<meta property=\"og:locale\" content=\"tr_TR\" \/>\n<meta property=\"og:type\" content=\"article\" \/>\n<meta property=\"og:title\" content=\"Cumhurba\u015fkan\u0131 Tatar: Sizler bizler i\u00e7in \u00e7ok k\u0131ymetlisiniz -\" \/>\n<meta property=\"og:description\" content=\"Cumhurba\u015fkan\u0131 Ersin Tatar, 21 Mart D\u00fcnya Down Sendromu Fark\u0131ndal\u0131k G\u00fcn\u00fc nedeniyle Uluslararas\u0131 Down Federasyonu KKTC Ba\u015fkan\u0131 T\u00fclay Umut ve \u00f6zel e\u011fitim okullar\u0131nda e\u011fitim g\u00f6ren \u00f6\u011frencileri kabul etti. Milli E\u011fitim Bakanl\u0131\u011f\u0131\u2019ndan yetkililer, \u00f6\u011fretmenler ve velilerin de yer ald\u0131\u011f\u0131 kabulde, Cumhurba\u015fkan\u0131 Tatar\u2019a hediye takdiminde bulunuldu. Cumhurba\u015fkan\u0131 da, \u00f6\u011frencilere hediye paketleri takdim etti. Kabul\u00fcn ard\u0131ndan Ye\u015filyurt \u00d6zel E\u011fitim\" \/>\n<meta property=\"og:url\" content=\"https:\/\/kibrisdakik.com\/?p=78430\" \/>\n<meta property=\"article:published_time\" content=\"2025-03-21T18:35:41+00:00\" \/>\n<meta property=\"og:image\" content=\"https:\/\/kibrisdakik.com\/wp-content\/uploads\/2025\/03\/ds-federasyon-8-740x420.jpg\" \/>\n\t<meta property=\"og:image:width\" content=\"2560\" \/>\n\t<meta property=\"og:image:height\" content=\"1706\" \/>\n\t<meta property=\"og:image:type\" content=\"image\/jpeg\" \/>\n<meta name=\"author\" content=\"admin\" \/>\n<meta name=\"twitter:card\" content=\"summary_large_image\" \/>\n<meta name=\"twitter:label1\" content=\"Yazan:\" \/>\n\t<meta name=\"twitter:data1\" content=\"admin\" \/>\n\t<meta name=\"twitter:label2\" content=\"Tahmini okuma s\u00fcresi\" \/>\n\t<meta name=\"twitter:data2\" content=\"2 dakika\" \/>\n<script type=\"application\/ld+json\" class=\"yoast-schema-graph\">{\"@context\":\"https:\\\/\\\/schema.org\",\"@graph\":[{\"@type\":\"Article\",\"@id\":\"https:\\\/\\\/kibrisdakik.com\\\/?p=78430#article\",\"isPartOf\":{\"@id\":\"https:\\\/\\\/kibrisdakik.com\\\/?p=78430\"},\"author\":{\"name\":\"admin\",\"@id\":\"https:\\\/\\\/kibrisdakik.com\\\/#\\\/schema\\\/person\\\/9cd9d437bbb44f72b73ba127e06d8e79\"},\"headline\":\"Cumhurba\u015fkan\u0131 Tatar: Sizler bizler i\u00e7in \u00e7ok k\u0131ymetlisiniz\",\"datePublished\":\"2025-03-21T18:35:41+00:00\",\"mainEntityOfPage\":{\"@id\":\"https:\\\/\\\/kibrisdakik.com\\\/?p=78430\"},\"wordCount\":480,\"commentCount\":0,\"image\":{\"@id\":\"https:\\\/\\\/kibrisdakik.com\\\/?p=78430#primaryimage\"},\"thumbnailUrl\":\"https:\\\/\\\/kibrisdakik.com\\\/wp-content\\\/uploads\\\/2025\\\/03\\\/ds-federasyon-8-740x420.jpg\",\"articleSection\":[\"K\u0131br\u0131s\",\"Man\u015fet\"],\"inLanguage\":\"tr\",\"potentialAction\":[{\"@type\":\"CommentAction\",\"name\":\"Comment\",\"target\":[\"https:\\\/\\\/kibrisdakik.com\\\/?p=78430#respond\"]}]},{\"@type\":\"WebPage\",\"@id\":\"https:\\\/\\\/kibrisdakik.com\\\/?p=78430\",\"url\":\"https:\\\/\\\/kibrisdakik.com\\\/?p=78430\",\"name\":\"Cumhurba\u015fkan\u0131 Tatar: Sizler bizler i\u00e7in \u00e7ok k\u0131ymetlisiniz -\",\"isPartOf\":{\"@id\":\"https:\\\/\\\/kibrisdakik.com\\\/#website\"},\"primaryImageOfPage\":{\"@id\":\"https:\\\/\\\/kibrisdakik.com\\\/?p=78430#primaryimage\"},\"image\":{\"@id\":\"https:\\\/\\\/kibrisdakik.com\\\/?p=78430#primaryimage\"},\"thumbnailUrl\":\"https:\\\/\\\/kibrisdakik.com\\\/wp-content\\\/uploads\\\/2025\\\/03\\\/ds-federasyon-8-740x420.jpg\",\"datePublished\":\"2025-03-21T18:35:41+00:00\",\"author\":{\"@id\":\"https:\\\/\\\/kibrisdakik.com\\\/#\\\/schema\\\/person\\\/9cd9d437bbb44f72b73ba127e06d8e79\"},\"breadcrumb\":{\"@id\":\"https:\\\/\\\/kibrisdakik.com\\\/?p=78430#breadcrumb\"},\"inLanguage\":\"tr\",\"potentialAction\":[{\"@type\":\"ReadAction\",\"target\":[\"https:\\\/\\\/kibrisdakik.com\\\/?p=78430\"]}]},{\"@type\":\"ImageObject\",\"inLanguage\":\"tr\",\"@id\":\"https:\\\/\\\/kibrisdakik.com\\\/?p=78430#primaryimage\",\"url\":\"https:\\\/\\\/kibrisdakik.com\\\/wp-content\\\/uploads\\\/2025\\\/03\\\/ds-federasyon-8-740x420.jpg\",\"contentUrl\":\"https:\\\/\\\/kibrisdakik.com\\\/wp-content\\\/uploads\\\/2025\\\/03\\\/ds-federasyon-8-740x420.jpg\",\"width\":2560,\"height\":1706},{\"@type\":\"BreadcrumbList\",\"@id\":\"https:\\\/\\\/kibrisdakik.com\\\/?p=78430#breadcrumb\",\"itemListElement\":[{\"@type\":\"ListItem\",\"position\":1,\"name\":\"Home\",\"item\":\"https:\\\/\\\/kibrisdakik.com\\\/\"},{\"@type\":\"ListItem\",\"position\":2,\"name\":\"Cumhurba\u015fkan\u0131 Tatar: Sizler bizler i\u00e7in \u00e7ok k\u0131ymetlisiniz\"}]},{\"@type\":\"WebSite\",\"@id\":\"https:\\\/\\\/kibrisdakik.com\\\/#website\",\"url\":\"https:\\\/\\\/kibrisdakik.com\\\/\",\"name\":\"\",\"description\":\"Tam vaktinde haber\",\"potentialAction\":[{\"@type\":\"SearchAction\",\"target\":{\"@type\":\"EntryPoint\",\"urlTemplate\":\"https:\\\/\\\/kibrisdakik.com\\\/?s={search_term_string}\"},\"query-input\":{\"@type\":\"PropertyValueSpecification\",\"valueRequired\":true,\"valueName\":\"search_term_string\"}}],\"inLanguage\":\"tr\"},{\"@type\":\"Person\",\"@id\":\"https:\\\/\\\/kibrisdakik.com\\\/#\\\/schema\\\/person\\\/9cd9d437bbb44f72b73ba127e06d8e79\",\"name\":\"admin\",\"image\":{\"@type\":\"ImageObject\",\"inLanguage\":\"tr\",\"@id\":\"https:\\\/\\\/secure.gravatar.com\\\/avatar\\\/ccc17943b9d660506c869530f897617f7cb1c21a4bf30023f252596d83e1f007?s=96&d=mm&r=g\",\"url\":\"https:\\\/\\\/secure.gravatar.com\\\/avatar\\\/ccc17943b9d660506c869530f897617f7cb1c21a4bf30023f252596d83e1f007?s=96&d=mm&r=g\",\"contentUrl\":\"https:\\\/\\\/secure.gravatar.com\\\/avatar\\\/ccc17943b9d660506c869530f897617f7cb1c21a4bf30023f252596d83e1f007?s=96&d=mm&r=g\",\"caption\":\"admin\"},\"sameAs\":[\"https:\\\/\\\/kibrisdakik.com\"],\"url\":\"https:\\\/\\\/kibrisdakik.com\\\/?author=1\"}]}<\/script>\n<!-- \/ Yoast SEO plugin. -->","yoast_head_json":{"title":"Cumhurba\u015fkan\u0131 Tatar: Sizler bizler i\u00e7in \u00e7ok k\u0131ymetlisiniz -","robots":{"index":"index","follow":"follow","max-snippet":"max-snippet:-1","max-image-preview":"max-image-preview:large","max-video-preview":"max-video-preview:-1"},"canonical":"https:\/\/kibrisdakik.com\/?p=78430","og_locale":"tr_TR","og_type":"article","og_title":"Cumhurba\u015fkan\u0131 Tatar: Sizler bizler i\u00e7in \u00e7ok k\u0131ymetlisiniz -","og_description":"Cumhurba\u015fkan\u0131 Ersin Tatar, 21 Mart D\u00fcnya Down Sendromu Fark\u0131ndal\u0131k G\u00fcn\u00fc nedeniyle Uluslararas\u0131 Down Federasyonu KKTC Ba\u015fkan\u0131 T\u00fclay Umut ve \u00f6zel e\u011fitim okullar\u0131nda e\u011fitim g\u00f6ren \u00f6\u011frencileri kabul etti. Milli E\u011fitim Bakanl\u0131\u011f\u0131\u2019ndan yetkililer, \u00f6\u011fretmenler ve velilerin de yer ald\u0131\u011f\u0131 kabulde, Cumhurba\u015fkan\u0131 Tatar\u2019a hediye takdiminde bulunuldu. Cumhurba\u015fkan\u0131 da, \u00f6\u011frencilere hediye paketleri takdim etti. Kabul\u00fcn ard\u0131ndan Ye\u015filyurt \u00d6zel E\u011fitim","og_url":"https:\/\/kibrisdakik.com\/?p=78430","article_published_time":"2025-03-21T18:35:41+00:00","og_image":[{"width":2560,"height":1706,"url":"https:\/\/kibrisdakik.com\/wp-content\/uploads\/2025\/03\/ds-federasyon-8-740x420.jpg","type":"image\/jpeg"}],"author":"admin","twitter_card":"summary_large_image","twitter_misc":{"Yazan:":"admin","Tahmini okuma s\u00fcresi":"2 dakika"},"schema":{"@context":"https:\/\/schema.org","@graph":[{"@type":"Article","@id":"https:\/\/kibrisdakik.com\/?p=78430#article","isPartOf":{"@id":"https:\/\/kibrisdakik.com\/?p=78430"},"author":{"name":"admin","@id":"https:\/\/kibrisdakik.com\/#\/schema\/person\/9cd9d437bbb44f72b73ba127e06d8e79"},"headline":"Cumhurba\u015fkan\u0131 Tatar: Sizler bizler i\u00e7in \u00e7ok k\u0131ymetlisiniz","datePublished":"2025-03-21T18:35:41+00:00","mainEntityOfPage":{"@id":"https:\/\/kibrisdakik.com\/?p=78430"},"wordCount":480,"commentCount":0,"image":{"@id":"https:\/\/kibrisdakik.com\/?p=78430#primaryimage"},"thumbnailUrl":"https:\/\/kibrisdakik.com\/wp-content\/uploads\/2025\/03\/ds-federasyon-8-740x420.jpg","articleSection":["K\u0131br\u0131s","Man\u015fet"],"inLanguage":"tr","potentialAction":[{"@type":"CommentAction","name":"Comment","target":["https:\/\/kibrisdakik.com\/?p=78430#respond"]}]},{"@type":"WebPage","@id":"https:\/\/kibrisdakik.com\/?p=78430","url":"https:\/\/kibrisdakik.com\/?p=78430","name":"Cumhurba\u015fkan\u0131 Tatar: Sizler bizler i\u00e7in \u00e7ok k\u0131ymetlisiniz -","isPartOf":{"@id":"https:\/\/kibrisdakik.com\/#website"},"primaryImageOfPage":{"@id":"https:\/\/kibrisdakik.com\/?p=78430#primaryimage"},"image":{"@id":"https:\/\/kibrisdakik.com\/?p=78430#primaryimage"},"thumbnailUrl":"https:\/\/kibrisdakik.com\/wp-content\/uploads\/2025\/03\/ds-federasyon-8-740x420.jpg","datePublished":"2025-03-21T18:35:41+00:00","author":{"@id":"https:\/\/kibrisdakik.com\/#\/schema\/person\/9cd9d437bbb44f72b73ba127e06d8e79"},"breadcrumb":{"@id":"https:\/\/kibrisdakik.com\/?p=78430#breadcrumb"},"inLanguage":"tr","potentialAction":[{"@type":"ReadAction","target":["https:\/\/kibrisdakik.com\/?p=78430"]}]},{"@type":"ImageObject","inLanguage":"tr","@id":"https:\/\/kibrisdakik.com\/?p=78430#primaryimage","url":"https:\/\/kibrisdakik.com\/wp-content\/uploads\/2025\/03\/ds-federasyon-8-740x420.jpg","contentUrl":"https:\/\/kibrisdakik.com\/wp-content\/uploads\/2025\/03\/ds-federasyon-8-740x420.jpg","width":2560,"height":1706},{"@type":"BreadcrumbList","@id":"https:\/\/kibrisdakik.com\/?p=78430#breadcrumb","itemListElement":[{"@type":"ListItem","position":1,"name":"Home","item":"https:\/\/kibrisdakik.com\/"},{"@type":"ListItem","position":2,"name":"Cumhurba\u015fkan\u0131 Tatar: Sizler bizler i\u00e7in \u00e7ok k\u0131ymetlisiniz"}]},{"@type":"WebSite","@id":"https:\/\/kibrisdakik.com\/#website","url":"https:\/\/kibrisdakik.com\/","name":"","description":"Tam vaktinde haber","potentialAction":[{"@type":"SearchAction","target":{"@type":"EntryPoint","urlTemplate":"https:\/\/kibrisdakik.com\/?s={search_term_string}"},"query-input":{"@type":"PropertyValueSpecification","valueRequired":true,"valueName":"search_term_string"}}],"inLanguage":"tr"},{"@type":"Person","@id":"https:\/\/kibrisdakik.com\/#\/schema\/person\/9cd9d437bbb44f72b73ba127e06d8e79","name":"admin","image":{"@type":"ImageObject","inLanguage":"tr","@id":"https:\/\/secure.gravatar.com\/avatar\/ccc17943b9d660506c869530f897617f7cb1c21a4bf30023f252596d83e1f007?s=96&d=mm&r=g","url":"https:\/\/secure.gravatar.com\/avatar\/ccc17943b9d660506c869530f897617f7cb1c21a4bf30023f252596d83e1f007?s=96&d=mm&r=g","contentUrl":"https:\/\/secure.gravatar.com\/avatar\/ccc17943b9d660506c869530f897617f7cb1c21a4bf30023f252596d83e1f007?s=96&d=mm&r=g","caption":"admin"},"sameAs":["https:\/\/kibrisdakik.com"],"url":"https:\/\/kibrisdakik.com\/?author=1"}]}},"_links":{"self":[{"href":"https:\/\/kibrisdakik.com\/index.php?rest_route=\/wp\/v2\/posts\/78430","targetHints":{"allow":["GET"]}}],"collection":[{"href":"https:\/\/kibrisdakik.com\/index.php?rest_route=\/wp\/v2\/posts"}],"about":[{"href":"https:\/\/kibrisdakik.com\/index.php?rest_route=\/wp\/v2\/types\/post"}],"author":[{"embeddable":true,"href":"https:\/\/kibrisdakik.com\/index.php?rest_route=\/wp\/v2\/users\/1"}],"replies":[{"embeddable":true,"href":"https:\/\/kibrisdakik.com\/index.php?rest_route=%2Fwp%2Fv2%2Fcomments&post=78430"}],"version-history":[{"count":0,"href":"https:\/\/kibrisdakik.com\/index.php?rest_route=\/wp\/v2\/posts\/78430\/revisions"}],"wp:featuredmedia":[{"embeddable":true,"href":"https:\/\/kibrisdakik.com\/index.php?rest_route=\/wp\/v2\/media\/78431"}],"wp:attachment":[{"href":"https:\/\/kibrisdakik.com\/index.php?rest_route=%2Fwp%2Fv2%2Fmedia&parent=78430"}],"wp:term":[{"taxonomy":"category","embeddable":true,"href":"https:\/\/kibrisdakik.com\/index.php?rest_route=%2Fwp%2Fv2%2Fcategories&post=78430"},{"taxonomy":"post_tag","embeddable":true,"href":"https:\/\/kibrisdakik.com\/index.php?rest_route=%2Fwp%2Fv2%2Ftags&post=78430"}],"curies":[{"name":"wp","href":"https:\/\/api.w.org\/{rel}","templated":true}]}}