{"id":78432,"date":"2025-03-21T21:39:46","date_gmt":"2025-03-21T18:39:46","guid":{"rendered":"https:\/\/kibrisdakik.com\/index.php\/2025\/03\/21\/milli-egitim-bakani-cavusogluegitim-hakki-uzerinden-eylemler-surdurulmemeli\/"},"modified":"2025-03-21T21:39:46","modified_gmt":"2025-03-21T18:39:46","slug":"milli-egitim-bakani-cavusogluegitim-hakki-uzerinden-eylemler-surdurulmemeli","status":"publish","type":"post","link":"https:\/\/kibrisdakik.com\/?p=78432","title":{"rendered":"Milli E\u011fitim Bakan\u0131 \u00c7avu\u015fo\u011flu,:E\u011fitim hakki \u00fczerinden eylemler s\u00fcrd\u00fcr\u00fclmemeli"},"content":{"rendered":"<div>\n<div class=\"mariselle-image-container center\">\n                                            <\/div>\n<p>Milli E\u011fitim Bakan\u0131 Naz\u0131m \u00c7avu\u015fo\u011flu, \u00f6\u011fretmen sendikalar\u0131n\u0131n Disiplin T\u00fcz\u00fc\u011f\u00fc\u2019n\u00fcn geri al\u0131nmas\u0131 talebi ile ilgili eylemlerinin ard\u0131ndan BRT\u2019ye a\u00e7\u0131klamada bulundu.<br \/>BRT\u2019de 18. Saat program\u0131nda a\u00e7\u0131klamada bulunan Milli E\u011fitim Bakan\u0131 Naz\u0131m \u00c7avu\u015fo\u011flu, Disiplin T\u00fcz\u00fc\u011f\u00fc\u2019nde neden de\u011fi\u015fikli\u011fe gidildi\u011fine ili\u015fkin bilgi verdi. <\/p>\n<p>\u00c7avu\u015fo\u011flu, Bakanlar Kurulu\u2019nun her bireyin kendi inan\u00e7 \u00f6zg\u00fcrl\u00fc\u011f\u00fc oldu\u011fu ger\u00e7e\u011fini dikkate alarak Disiplin T\u00fcz\u00fc\u011f\u00fc\u2019nde de\u011fi\u015fiklik yapt\u0131\u011f\u0131n\u0131 s\u00f6yledi. <\/p>\n<p>Bakan \u00c7avu\u015fo\u011flu, \u201cBir s\u00fcreden beridir \u00fclkenin g\u00fcndemini me\u015fgul eden ba\u015f\u00f6rt\u00fcs\u00fc meselesi asl\u0131nda bizim \u00fclkemizde s\u00fcrekli her y\u0131l tart\u0131\u015ft\u0131\u011f\u0131m\u0131z bir konudur. Bu tart\u0131\u015fmalar i\u00e7erisinde bize gelen talepler bir \u015fekilde okul idareleri taraf\u0131ndan tolere edilerek bug\u00fcne kadar geldi. Ancak \u0130rsen K\u00fc\u00e7\u00fck Ortaokulu\u2019nda ad\u0131 ge\u00e7en \u00f6\u011frencinin 2. D\u00f6nem ba\u015f\u0131ndan itibaren ba\u015f\u00f6rt\u00fcs\u00fc takarak okula gelmek istedi\u011fini okul idaresine bildirdikten sonra okul idaresi ile mutabakata var\u0131lan bone ve bandana \u00fcs\u00fcl\u00fc ile ba\u015f\u0131n\u0131 \u00f6rtme 20 g\u00fcnden fazla bir s\u00fcre bu \u015fekilde devam etti. Ancak son bir haftaya gelindi\u011finde sendikal eylem \u00e7er\u00e7evesinde \u00f6\u011frencinin okula bu \u015fekilde gitmesinin \u00f6n\u00fc kesilince aile bize ba\u015fvurarak \u00e7\u00f6z\u00fcm iste\u011fi g\u00fcndeme geldi. Konu Ba\u015fbakana iletildi ve Bakanlar Kurulu\u2019na getirmem istendi.Bakanlar Kurulu\u2019nda yap\u0131lan de\u011ferlendirme sonucunda bireysel hak ve \u00f6zg\u00fcrl\u00fckler kapsam\u0131nda Anayasam\u0131z\u0131n, yasalar\u0131m\u0131z\u0131n buna izin verdi\u011fini, engel koyamayaca\u011f\u0131m\u0131z do\u011frultusunda hareket edilerek Disiplin T\u00fcz\u00fc\u011f\u00fcnde bir de\u011fi\u015fiklik yap\u0131lmas\u0131nda mutabakata vard\u0131k. Disiplin T\u00fcz\u00fc\u011f\u00fc\u2019nde de\u011fi\u015fiklikte herhangi bir teknik kurul yapma zorunlulu\u011fu da yoktur. Bu ihtiya\u00e7 olmad\u0131\u011f\u0131 i\u00e7in Bakanlar Kurulu\u2019na teknik kurul yapmadan g\u00f6t\u00fcrd\u00fck\u201d dedi.       <\/p>\n<p>\u00c7avu\u015fo\u011flu, Disiplin T\u00fcz\u00fc\u011f\u00fc\u2019nde yap\u0131lan de\u011fi\u015fiklikten \u00f6nce Bekirpa\u015fa Lisesi\u2019nde de iki \u00f6\u011frencinin bere, bone ile okula gitme taleplerinin okul idaresi taraf\u0131ndan kar\u015f\u0131land\u0131\u011f\u0131n\u0131n da ortaya \u00e7\u0131kt\u0131\u011f\u0131n\u0131 s\u00f6yledi. <\/p>\n<p>\u201cDisiplin T\u00fcz\u00fc\u011f\u00fc\u2019nde de\u011fi\u015fikli\u011fe gidip, \u00e7ocuklar\u0131n hakk\u0131 oldu\u011funu s\u00f6yledikten sonra sendika \u0130rsen K\u00fc\u00e7\u00fck Ortaokulu\u2019nda ve Bekirpa\u015fa Lisesi\u2019nde bunu eyleme \u00e7evirerek bunun Kabul edilemeyece\u011fini s\u00f6yledi. Bunu laiklik d\u00fc\u015fmanl\u0131\u011f\u0131 olarak ortaya koydu. Oysa Atat\u00fcrk\u00e7\u00fcl\u00fckte laiklik asl\u0131nda insanlar\u0131n din ve vicdan \u00f6zg\u00fcrl\u00fc\u011f\u00fcne g\u00f6re ya\u015fayabilmelerinin \u00f6n\u00fcn\u00fc a\u00e7makt\u0131r\u201d diye konu\u015ftu.<\/p>\n<p>Bakan \u00c7avu\u015fo\u011flu, Anayasa\u2019n\u0131n verdi\u011fi \u00f6zg\u00fcrl\u00fcklerin disiplin cezas\u0131na tabi tutulamayaca\u011f\u0131 ger\u00e7e\u011finden hareket ederek ba\u015f\u00f6rt\u00fcs\u00fc \u00f6zg\u00fcrl\u00fc\u011f\u00fcn\u00fc \u00e7ocuklara verdiklerini belirtti.<br \/>\u00c7avu\u015fo\u011flu, eylemde verilen yaz\u0131n\u0131n Bakanlar Kurulu Genel Sekreterli\u011fi\u2019ne iletildi\u011fini ve yeniden g\u00f6r\u00fc\u015f\u00fcl\u00fcp nihai karar\u0131n al\u0131naca\u011f\u0131n\u0131 belirtti. <\/p>\n<p>Milli E\u011fitim Bakan\u0131 Naz\u0131m \u00c7avu\u015fo\u011flu, \u201cBizim \u00f6\u011fretmenimiz asl\u0131nda laiktir. Ve  t\u00fcm d\u00fc\u015f\u00fcncelere, inan\u00e7lara sayg\u0131l\u0131d\u0131r. Konu\u015fma hakk\u0131na da sayg\u0131l\u0131d\u0131r. Bizim \u00f6\u011fretmenlerimiz aras\u0131nda da ba\u015f\u00f6rt\u00fcl\u00fc \u00f6\u011fretmenlerimiz vard\u0131r.Daha \u00f6nce de bu konuda tart\u0131\u015fma ya\u015fand\u0131. Daha sonra asl\u0131nda onun bireysel hakk\u0131 oldu\u011fu kanaati t\u00fcm \u00f6\u011fretmenlerde olu\u015funca tart\u0131\u015fma ortadan kalkm\u0131\u015ft\u0131r\u201d dedi.<\/p>\n<p>Naz\u0131m \u00c7avu\u015fo\u011flu, \u00f6zellikle siyasi partilerden bu konudaki a\u00e7\u0131klamalar\u0131n\u0131 daha cesaretli yapmalar\u0131n\u0131 da bekledi\u011fini ifade etti.<br \/>Eylemde konu\u015fulanlar\u0131, \u015fikayetleri, dini inan\u00e7 kesiminin taleplerini Bakanlar Kuruluna ileteci\u011fini de belirten Bakan \u00c7avu\u015fo\u011flu, \u201cBakanlar Kurulu\u2019nda etrafl\u0131ca konu\u015fulup, nihai karar al\u0131nacakt\u0131r\u201d dedi.<\/p>\n<p>Bakan \u00c7avu\u015fo\u011flu, \u201cLaiklik elden gitti, Atat\u00fcrk\u00e7\u00fc d\u00fc\u015f\u00fcnce elden gitti diyerek eylem yapanlara kar\u015f\u0131l\u0131k biz dini inan\u00e7lar\u0131m\u0131za g\u00f6re ya\u015famak istiyoruz diyen de ciddi bir kesim var. Onlar\u0131n eylem yapmad\u0131\u011f\u0131n\u0131 g\u00f6r\u00fcyoruz.O y\u00fczden iki taraf\u0131n da \u015fikayetlerini, taleplerini de\u011ferlendirece\u011fiz. Benim yol g\u00fczergah\u0131m budur. Bakanlar Kurulu\u2019nun nihai karar\u0131na uygun davranmak boynumuzun borcudur\u201d \u015feklinde konu\u015ftu.  <\/p>\n<p>E\u011fitimde f\u0131rsat e\u015fitli\u011finin eylemlerden dolay\u0131 zarara u\u011frad\u0131\u011f\u0131na da de\u011finen Bakan \u00c7avu\u015fo\u011flu, \u201c\u00c7ocuklar\u0131n e\u011fitim hakk\u0131  \u00fczerinden bu eylemlerin s\u00fcrd\u00fcr\u00fclmemesi gerekiyor. \u015euanda sendikalar asl\u0131nda \u00e7ocuklar\u0131n e\u011fitim hakk\u0131n\u0131n ellerinden al\u0131nmas\u0131 ile s\u00fcrd\u00fcrmektedir. Oysa sendikal yap\u0131da bunun d\u0131\u015f\u0131nda da bir\u00e7ok eylem modeeli vard\u0131r. Ancak kolayc\u0131l\u0131\u011fa ka\u00e7arak \u00e7ocuklar\u0131n e\u011fitim hakk\u0131 engellenerek bu tip eylemlerle kendi d\u00fc\u015f\u00fcncelerini hakim k\u0131lmaya \u00e7al\u0131\u015fmaktad\u0131rlar. Biz bu hakim k\u0131lma modeline kar\u015f\u0131y\u0131z.  \u00c7ocuklar\u0131n e\u011fitim hakk\u0131n\u0131n korunmas\u0131 gerekti\u011fini d\u00fc\u015f\u00fcn\u00fcyoruz. Bakanlar Kurulu mutlaka \u00e7ocuklar\u0131n e\u011fitim hakk\u0131n\u0131 koruma y\u00f6n\u00fcnde bir \u00f6neri \u00fcretecektir\u201d dedi.<\/p>\n<\/p><\/div>\n<p><script async\n                    defer\n                    crossorigin=\"anonymous\"\n                    src=\"https:\/\/connect.facebook.net\/tr_TR\/sdk.js#xfbml=1&#038;version=v3.3\"\n            ><\/script><\/p>\n","protected":false},"excerpt":{"rendered":"<p>Milli E\u011fitim Bakan\u0131 Naz\u0131m \u00c7avu\u015fo\u011flu, \u00f6\u011fretmen sendikalar\u0131n\u0131n Disiplin T\u00fcz\u00fc\u011f\u00fc\u2019n\u00fcn geri al\u0131nmas\u0131 talebi ile ilgili eylemlerinin ard\u0131ndan BRT\u2019ye a\u00e7\u0131klamada bulundu.BRT\u2019de 18. Saat program\u0131nda a\u00e7\u0131klamada bulunan Milli E\u011fitim Bakan\u0131 Naz\u0131m \u00c7avu\u015fo\u011flu, Disiplin T\u00fcz\u00fc\u011f\u00fc\u2019nde neden de\u011fi\u015fikli\u011fe gidildi\u011fine ili\u015fkin bilgi verdi. \u00c7avu\u015fo\u011flu, Bakanlar Kurulu\u2019nun her bireyin kendi inan\u00e7 \u00f6zg\u00fcrl\u00fc\u011f\u00fc oldu\u011fu ger\u00e7e\u011fini dikkate alarak Disiplin T\u00fcz\u00fc\u011f\u00fc\u2019nde de\u011fi\u015fiklik yapt\u0131\u011f\u0131n\u0131 s\u00f6yledi. Bakan<\/p>\n","protected":false},"author":1,"featured_media":78433,"comment_status":"open","ping_status":"open","sticky":false,"template":"","format":"standard","meta":{"footnotes":""},"categories":[81,101],"tags":[],"class_list":["post-78432","post","type-post","status-publish","format-standard","has-post-thumbnail","hentry","category-kibris","category-manset"],"yoast_head":"<!-- This site is optimized with the Yoast SEO plugin v27.5 - https:\/\/yoast.com\/product\/yoast-seo-wordpress\/ -->\n<title>Milli E\u011fitim Bakan\u0131 \u00c7avu\u015fo\u011flu,:E\u011fitim hakki \u00fczerinden eylemler s\u00fcrd\u00fcr\u00fclmemeli -<\/title>\n<meta name=\"robots\" content=\"index, follow, max-snippet:-1, max-image-preview:large, max-video-preview:-1\" \/>\n<link rel=\"canonical\" href=\"https:\/\/kibrisdakik.com\/?p=78432\" \/>\n<meta property=\"og:locale\" content=\"tr_TR\" \/>\n<meta property=\"og:type\" content=\"article\" \/>\n<meta property=\"og:title\" content=\"Milli E\u011fitim Bakan\u0131 \u00c7avu\u015fo\u011flu,:E\u011fitim hakki \u00fczerinden eylemler s\u00fcrd\u00fcr\u00fclmemeli -\" \/>\n<meta property=\"og:description\" content=\"Milli E\u011fitim Bakan\u0131 Naz\u0131m \u00c7avu\u015fo\u011flu, \u00f6\u011fretmen sendikalar\u0131n\u0131n Disiplin T\u00fcz\u00fc\u011f\u00fc\u2019n\u00fcn geri al\u0131nmas\u0131 talebi ile ilgili eylemlerinin ard\u0131ndan BRT\u2019ye a\u00e7\u0131klamada bulundu.BRT\u2019de 18. Saat program\u0131nda a\u00e7\u0131klamada bulunan Milli E\u011fitim Bakan\u0131 Naz\u0131m \u00c7avu\u015fo\u011flu, Disiplin T\u00fcz\u00fc\u011f\u00fc\u2019nde neden de\u011fi\u015fikli\u011fe gidildi\u011fine ili\u015fkin bilgi verdi. \u00c7avu\u015fo\u011flu, Bakanlar Kurulu\u2019nun her bireyin kendi inan\u00e7 \u00f6zg\u00fcrl\u00fc\u011f\u00fc oldu\u011fu ger\u00e7e\u011fini dikkate alarak Disiplin T\u00fcz\u00fc\u011f\u00fc\u2019nde de\u011fi\u015fiklik yapt\u0131\u011f\u0131n\u0131 s\u00f6yledi. Bakan\" \/>\n<meta property=\"og:url\" content=\"https:\/\/kibrisdakik.com\/?p=78432\" \/>\n<meta property=\"article:published_time\" content=\"2025-03-21T18:39:46+00:00\" \/>\n<meta property=\"og:image\" content=\"https:\/\/kibrisdakik.com\/wp-content\/uploads\/2025\/03\/1735637841196nazim-cavusoglu.jpeg\" \/>\n\t<meta property=\"og:image:width\" content=\"665\" \/>\n\t<meta property=\"og:image:height\" content=\"400\" \/>\n\t<meta property=\"og:image:type\" content=\"image\/jpeg\" \/>\n<meta name=\"author\" content=\"admin\" \/>\n<meta name=\"twitter:card\" content=\"summary_large_image\" \/>\n<meta name=\"twitter:label1\" content=\"Yazan:\" \/>\n\t<meta name=\"twitter:data1\" content=\"admin\" \/>\n\t<meta name=\"twitter:label2\" content=\"Tahmini okuma s\u00fcresi\" \/>\n\t<meta name=\"twitter:data2\" content=\"4 dakika\" \/>\n<script type=\"application\/ld+json\" class=\"yoast-schema-graph\">{\"@context\":\"https:\\\/\\\/schema.org\",\"@graph\":[{\"@type\":\"Article\",\"@id\":\"https:\\\/\\\/kibrisdakik.com\\\/?p=78432#article\",\"isPartOf\":{\"@id\":\"https:\\\/\\\/kibrisdakik.com\\\/?p=78432\"},\"author\":{\"name\":\"admin\",\"@id\":\"https:\\\/\\\/kibrisdakik.com\\\/#\\\/schema\\\/person\\\/9cd9d437bbb44f72b73ba127e06d8e79\"},\"headline\":\"Milli E\u011fitim Bakan\u0131 \u00c7avu\u015fo\u011flu,:E\u011fitim hakki \u00fczerinden eylemler s\u00fcrd\u00fcr\u00fclmemeli\",\"datePublished\":\"2025-03-21T18:39:46+00:00\",\"mainEntityOfPage\":{\"@id\":\"https:\\\/\\\/kibrisdakik.com\\\/?p=78432\"},\"wordCount\":838,\"commentCount\":0,\"image\":{\"@id\":\"https:\\\/\\\/kibrisdakik.com\\\/?p=78432#primaryimage\"},\"thumbnailUrl\":\"https:\\\/\\\/kibrisdakik.com\\\/wp-content\\\/uploads\\\/2025\\\/03\\\/1735637841196nazim-cavusoglu.jpeg\",\"articleSection\":[\"K\u0131br\u0131s\",\"Man\u015fet\"],\"inLanguage\":\"tr\",\"potentialAction\":[{\"@type\":\"CommentAction\",\"name\":\"Comment\",\"target\":[\"https:\\\/\\\/kibrisdakik.com\\\/?p=78432#respond\"]}]},{\"@type\":\"WebPage\",\"@id\":\"https:\\\/\\\/kibrisdakik.com\\\/?p=78432\",\"url\":\"https:\\\/\\\/kibrisdakik.com\\\/?p=78432\",\"name\":\"Milli E\u011fitim Bakan\u0131 \u00c7avu\u015fo\u011flu,:E\u011fitim hakki \u00fczerinden eylemler s\u00fcrd\u00fcr\u00fclmemeli -\",\"isPartOf\":{\"@id\":\"https:\\\/\\\/kibrisdakik.com\\\/#website\"},\"primaryImageOfPage\":{\"@id\":\"https:\\\/\\\/kibrisdakik.com\\\/?p=78432#primaryimage\"},\"image\":{\"@id\":\"https:\\\/\\\/kibrisdakik.com\\\/?p=78432#primaryimage\"},\"thumbnailUrl\":\"https:\\\/\\\/kibrisdakik.com\\\/wp-content\\\/uploads\\\/2025\\\/03\\\/1735637841196nazim-cavusoglu.jpeg\",\"datePublished\":\"2025-03-21T18:39:46+00:00\",\"author\":{\"@id\":\"https:\\\/\\\/kibrisdakik.com\\\/#\\\/schema\\\/person\\\/9cd9d437bbb44f72b73ba127e06d8e79\"},\"breadcrumb\":{\"@id\":\"https:\\\/\\\/kibrisdakik.com\\\/?p=78432#breadcrumb\"},\"inLanguage\":\"tr\",\"potentialAction\":[{\"@type\":\"ReadAction\",\"target\":[\"https:\\\/\\\/kibrisdakik.com\\\/?p=78432\"]}]},{\"@type\":\"ImageObject\",\"inLanguage\":\"tr\",\"@id\":\"https:\\\/\\\/kibrisdakik.com\\\/?p=78432#primaryimage\",\"url\":\"https:\\\/\\\/kibrisdakik.com\\\/wp-content\\\/uploads\\\/2025\\\/03\\\/1735637841196nazim-cavusoglu.jpeg\",\"contentUrl\":\"https:\\\/\\\/kibrisdakik.com\\\/wp-content\\\/uploads\\\/2025\\\/03\\\/1735637841196nazim-cavusoglu.jpeg\",\"width\":665,\"height\":400},{\"@type\":\"BreadcrumbList\",\"@id\":\"https:\\\/\\\/kibrisdakik.com\\\/?p=78432#breadcrumb\",\"itemListElement\":[{\"@type\":\"ListItem\",\"position\":1,\"name\":\"Home\",\"item\":\"https:\\\/\\\/kibrisdakik.com\\\/\"},{\"@type\":\"ListItem\",\"position\":2,\"name\":\"Milli E\u011fitim Bakan\u0131 \u00c7avu\u015fo\u011flu,:E\u011fitim hakki \u00fczerinden eylemler s\u00fcrd\u00fcr\u00fclmemeli\"}]},{\"@type\":\"WebSite\",\"@id\":\"https:\\\/\\\/kibrisdakik.com\\\/#website\",\"url\":\"https:\\\/\\\/kibrisdakik.com\\\/\",\"name\":\"\",\"description\":\"Tam vaktinde haber\",\"potentialAction\":[{\"@type\":\"SearchAction\",\"target\":{\"@type\":\"EntryPoint\",\"urlTemplate\":\"https:\\\/\\\/kibrisdakik.com\\\/?s={search_term_string}\"},\"query-input\":{\"@type\":\"PropertyValueSpecification\",\"valueRequired\":true,\"valueName\":\"search_term_string\"}}],\"inLanguage\":\"tr\"},{\"@type\":\"Person\",\"@id\":\"https:\\\/\\\/kibrisdakik.com\\\/#\\\/schema\\\/person\\\/9cd9d437bbb44f72b73ba127e06d8e79\",\"name\":\"admin\",\"image\":{\"@type\":\"ImageObject\",\"inLanguage\":\"tr\",\"@id\":\"https:\\\/\\\/secure.gravatar.com\\\/avatar\\\/ccc17943b9d660506c869530f897617f7cb1c21a4bf30023f252596d83e1f007?s=96&d=mm&r=g\",\"url\":\"https:\\\/\\\/secure.gravatar.com\\\/avatar\\\/ccc17943b9d660506c869530f897617f7cb1c21a4bf30023f252596d83e1f007?s=96&d=mm&r=g\",\"contentUrl\":\"https:\\\/\\\/secure.gravatar.com\\\/avatar\\\/ccc17943b9d660506c869530f897617f7cb1c21a4bf30023f252596d83e1f007?s=96&d=mm&r=g\",\"caption\":\"admin\"},\"sameAs\":[\"https:\\\/\\\/kibrisdakik.com\"],\"url\":\"https:\\\/\\\/kibrisdakik.com\\\/?author=1\"}]}<\/script>\n<!-- \/ Yoast SEO plugin. -->","yoast_head_json":{"title":"Milli E\u011fitim Bakan\u0131 \u00c7avu\u015fo\u011flu,:E\u011fitim hakki \u00fczerinden eylemler s\u00fcrd\u00fcr\u00fclmemeli -","robots":{"index":"index","follow":"follow","max-snippet":"max-snippet:-1","max-image-preview":"max-image-preview:large","max-video-preview":"max-video-preview:-1"},"canonical":"https:\/\/kibrisdakik.com\/?p=78432","og_locale":"tr_TR","og_type":"article","og_title":"Milli E\u011fitim Bakan\u0131 \u00c7avu\u015fo\u011flu,:E\u011fitim hakki \u00fczerinden eylemler s\u00fcrd\u00fcr\u00fclmemeli -","og_description":"Milli E\u011fitim Bakan\u0131 Naz\u0131m \u00c7avu\u015fo\u011flu, \u00f6\u011fretmen sendikalar\u0131n\u0131n Disiplin T\u00fcz\u00fc\u011f\u00fc\u2019n\u00fcn geri al\u0131nmas\u0131 talebi ile ilgili eylemlerinin ard\u0131ndan BRT\u2019ye a\u00e7\u0131klamada bulundu.BRT\u2019de 18. Saat program\u0131nda a\u00e7\u0131klamada bulunan Milli E\u011fitim Bakan\u0131 Naz\u0131m \u00c7avu\u015fo\u011flu, Disiplin T\u00fcz\u00fc\u011f\u00fc\u2019nde neden de\u011fi\u015fikli\u011fe gidildi\u011fine ili\u015fkin bilgi verdi. \u00c7avu\u015fo\u011flu, Bakanlar Kurulu\u2019nun her bireyin kendi inan\u00e7 \u00f6zg\u00fcrl\u00fc\u011f\u00fc oldu\u011fu ger\u00e7e\u011fini dikkate alarak Disiplin T\u00fcz\u00fc\u011f\u00fc\u2019nde de\u011fi\u015fiklik yapt\u0131\u011f\u0131n\u0131 s\u00f6yledi. Bakan","og_url":"https:\/\/kibrisdakik.com\/?p=78432","article_published_time":"2025-03-21T18:39:46+00:00","og_image":[{"width":665,"height":400,"url":"https:\/\/kibrisdakik.com\/wp-content\/uploads\/2025\/03\/1735637841196nazim-cavusoglu.jpeg","type":"image\/jpeg"}],"author":"admin","twitter_card":"summary_large_image","twitter_misc":{"Yazan:":"admin","Tahmini okuma s\u00fcresi":"4 dakika"},"schema":{"@context":"https:\/\/schema.org","@graph":[{"@type":"Article","@id":"https:\/\/kibrisdakik.com\/?p=78432#article","isPartOf":{"@id":"https:\/\/kibrisdakik.com\/?p=78432"},"author":{"name":"admin","@id":"https:\/\/kibrisdakik.com\/#\/schema\/person\/9cd9d437bbb44f72b73ba127e06d8e79"},"headline":"Milli E\u011fitim Bakan\u0131 \u00c7avu\u015fo\u011flu,:E\u011fitim hakki \u00fczerinden eylemler s\u00fcrd\u00fcr\u00fclmemeli","datePublished":"2025-03-21T18:39:46+00:00","mainEntityOfPage":{"@id":"https:\/\/kibrisdakik.com\/?p=78432"},"wordCount":838,"commentCount":0,"image":{"@id":"https:\/\/kibrisdakik.com\/?p=78432#primaryimage"},"thumbnailUrl":"https:\/\/kibrisdakik.com\/wp-content\/uploads\/2025\/03\/1735637841196nazim-cavusoglu.jpeg","articleSection":["K\u0131br\u0131s","Man\u015fet"],"inLanguage":"tr","potentialAction":[{"@type":"CommentAction","name":"Comment","target":["https:\/\/kibrisdakik.com\/?p=78432#respond"]}]},{"@type":"WebPage","@id":"https:\/\/kibrisdakik.com\/?p=78432","url":"https:\/\/kibrisdakik.com\/?p=78432","name":"Milli E\u011fitim Bakan\u0131 \u00c7avu\u015fo\u011flu,:E\u011fitim hakki \u00fczerinden eylemler s\u00fcrd\u00fcr\u00fclmemeli -","isPartOf":{"@id":"https:\/\/kibrisdakik.com\/#website"},"primaryImageOfPage":{"@id":"https:\/\/kibrisdakik.com\/?p=78432#primaryimage"},"image":{"@id":"https:\/\/kibrisdakik.com\/?p=78432#primaryimage"},"thumbnailUrl":"https:\/\/kibrisdakik.com\/wp-content\/uploads\/2025\/03\/1735637841196nazim-cavusoglu.jpeg","datePublished":"2025-03-21T18:39:46+00:00","author":{"@id":"https:\/\/kibrisdakik.com\/#\/schema\/person\/9cd9d437bbb44f72b73ba127e06d8e79"},"breadcrumb":{"@id":"https:\/\/kibrisdakik.com\/?p=78432#breadcrumb"},"inLanguage":"tr","potentialAction":[{"@type":"ReadAction","target":["https:\/\/kibrisdakik.com\/?p=78432"]}]},{"@type":"ImageObject","inLanguage":"tr","@id":"https:\/\/kibrisdakik.com\/?p=78432#primaryimage","url":"https:\/\/kibrisdakik.com\/wp-content\/uploads\/2025\/03\/1735637841196nazim-cavusoglu.jpeg","contentUrl":"https:\/\/kibrisdakik.com\/wp-content\/uploads\/2025\/03\/1735637841196nazim-cavusoglu.jpeg","width":665,"height":400},{"@type":"BreadcrumbList","@id":"https:\/\/kibrisdakik.com\/?p=78432#breadcrumb","itemListElement":[{"@type":"ListItem","position":1,"name":"Home","item":"https:\/\/kibrisdakik.com\/"},{"@type":"ListItem","position":2,"name":"Milli E\u011fitim Bakan\u0131 \u00c7avu\u015fo\u011flu,:E\u011fitim hakki \u00fczerinden eylemler s\u00fcrd\u00fcr\u00fclmemeli"}]},{"@type":"WebSite","@id":"https:\/\/kibrisdakik.com\/#website","url":"https:\/\/kibrisdakik.com\/","name":"","description":"Tam vaktinde haber","potentialAction":[{"@type":"SearchAction","target":{"@type":"EntryPoint","urlTemplate":"https:\/\/kibrisdakik.com\/?s={search_term_string}"},"query-input":{"@type":"PropertyValueSpecification","valueRequired":true,"valueName":"search_term_string"}}],"inLanguage":"tr"},{"@type":"Person","@id":"https:\/\/kibrisdakik.com\/#\/schema\/person\/9cd9d437bbb44f72b73ba127e06d8e79","name":"admin","image":{"@type":"ImageObject","inLanguage":"tr","@id":"https:\/\/secure.gravatar.com\/avatar\/ccc17943b9d660506c869530f897617f7cb1c21a4bf30023f252596d83e1f007?s=96&d=mm&r=g","url":"https:\/\/secure.gravatar.com\/avatar\/ccc17943b9d660506c869530f897617f7cb1c21a4bf30023f252596d83e1f007?s=96&d=mm&r=g","contentUrl":"https:\/\/secure.gravatar.com\/avatar\/ccc17943b9d660506c869530f897617f7cb1c21a4bf30023f252596d83e1f007?s=96&d=mm&r=g","caption":"admin"},"sameAs":["https:\/\/kibrisdakik.com"],"url":"https:\/\/kibrisdakik.com\/?author=1"}]}},"_links":{"self":[{"href":"https:\/\/kibrisdakik.com\/index.php?rest_route=\/wp\/v2\/posts\/78432","targetHints":{"allow":["GET"]}}],"collection":[{"href":"https:\/\/kibrisdakik.com\/index.php?rest_route=\/wp\/v2\/posts"}],"about":[{"href":"https:\/\/kibrisdakik.com\/index.php?rest_route=\/wp\/v2\/types\/post"}],"author":[{"embeddable":true,"href":"https:\/\/kibrisdakik.com\/index.php?rest_route=\/wp\/v2\/users\/1"}],"replies":[{"embeddable":true,"href":"https:\/\/kibrisdakik.com\/index.php?rest_route=%2Fwp%2Fv2%2Fcomments&post=78432"}],"version-history":[{"count":0,"href":"https:\/\/kibrisdakik.com\/index.php?rest_route=\/wp\/v2\/posts\/78432\/revisions"}],"wp:featuredmedia":[{"embeddable":true,"href":"https:\/\/kibrisdakik.com\/index.php?rest_route=\/wp\/v2\/media\/78433"}],"wp:attachment":[{"href":"https:\/\/kibrisdakik.com\/index.php?rest_route=%2Fwp%2Fv2%2Fmedia&parent=78432"}],"wp:term":[{"taxonomy":"category","embeddable":true,"href":"https:\/\/kibrisdakik.com\/index.php?rest_route=%2Fwp%2Fv2%2Fcategories&post=78432"},{"taxonomy":"post_tag","embeddable":true,"href":"https:\/\/kibrisdakik.com\/index.php?rest_route=%2Fwp%2Fv2%2Ftags&post=78432"}],"curies":[{"name":"wp","href":"https:\/\/api.w.org\/{rel}","templated":true}]}}