{"id":78466,"date":"2025-03-22T16:04:54","date_gmt":"2025-03-22T13:04:54","guid":{"rendered":"https:\/\/kibrisdakik.com\/index.php\/2025\/03\/22\/tabipler-birligi-gelecek-nesillere-yasanabilir-bir-dunya-ve-kibris-birakmak-icin-suyumuza-sahip-cikalim\/"},"modified":"2025-03-22T16:04:54","modified_gmt":"2025-03-22T13:04:54","slug":"tabipler-birligi-gelecek-nesillere-yasanabilir-bir-dunya-ve-kibris-birakmak-icin-suyumuza-sahip-cikalim","status":"publish","type":"post","link":"https:\/\/kibrisdakik.com\/?p=78466","title":{"rendered":"Tabipler Birli\u011fi: \u201cGelecek nesillere ya\u015fanabilir bir d\u00fcnya ve K\u0131br\u0131s b\u0131rakmak i\u00e7in suyumuza sahip \u00e7\u0131kal\u0131m\u201d"},"content":{"rendered":"<div>\n<div class=\"mariselle-image-container center\">\n                                            <\/div>\n<p>K\u0131br\u0131s T\u00fcrk Tabipleri Birli\u011fi (KTTB), su kaynaklar\u0131n\u0131n korunmas\u0131 ve s\u00fcrd\u00fcr\u00fclebilir y\u00f6netimi i\u00e7in t\u00fcm payda\u015flara birlikte hareket etme \u00e7a\u011fr\u0131s\u0131 yapt\u0131. Birlik, \u201cSu ya\u015fam\u0131n kendisidir. Gelecek nesillere ya\u015fanabilir bir d\u00fcnya ve K\u0131br\u0131s b\u0131rakmak i\u00e7in suyumuza sahip \u00e7\u0131kal\u0131m\u201d dedi.<\/p>\n<p>KTTB Halk Sa\u011fl\u0131\u011f\u0131, \u00c7evre ve \u0130nsan Haklar\u0131 Sorumlusu Dr. Cemal Mert yapt\u0131\u011f\u0131 yaz\u0131l\u0131 a\u00e7\u0131klamada, her y\u0131l 22 Mart\u2019ta kutlanan D\u00fcnya Su G\u00fcn\u00fc\u2019n\u00fcn, suyun hayati \u00f6nemini vurgulamak ve su kaynaklar\u0131n\u0131n s\u00fcrd\u00fcr\u00fclebilir y\u00f6netimine dikkat \u00e7ekmek amac\u0131yla Birle\u015fmi\u015f Milletler taraf\u0131ndan 1993 y\u0131l\u0131nda ilan edildi\u011fini belirtti.<\/p>\n<p>2025 y\u0131l\u0131n\u0131n temas\u0131n\u0131n, \u201cBuzullar\u0131n Korunmas\u0131\u201d olarak belirlendi\u011fini kaydeden Mert, bu teman\u0131n, buzullar\u0131n, su g\u00fcvenli\u011fi ve iklim dengesi i\u00e7in vazge\u00e7ilmez oldu\u011funu bir kez daha hat\u0131rlatt\u0131\u011f\u0131n\u0131 ifade etti.<\/p>\n<p>Buzullar\u0131n, d\u00fcnya \u00fczerindeki tatl\u0131 su rezervlerinin yakla\u015f\u0131k y\u00fczde 70\u2019ini bar\u0131nd\u0131ran devasa su depolar\u0131 oldu\u011funu kaydeden Mert, \u015fu bilgileri verdi:<\/p>\n<p>\u201cBu do\u011fal yap\u0131lar, nehirleri besleyerek i\u00e7me suyu sa\u011flar, tar\u0131m ve enerji \u00fcretimini destekler. Ancak, iklim de\u011fi\u015fikli\u011fi nedeniyle buzullar h\u0131zla erimekte, bu da deniz seviyelerinin y\u00fckselmesine ve su kaynaklar\u0131n\u0131n azalmas\u0131na yol a\u00e7maktad\u0131r. Bu durum, d\u00fcnya genelinde milyonlarca insan\u0131n su g\u00fcvenli\u011fini tehdit etmektedir.\u201d<\/p>\n<p>Kuzey K\u0131br\u0131s\u2019\u0131n, kurak iklimi nedeniyle su kaynaklar\u0131 a\u00e7\u0131s\u0131ndan zorluklar ya\u015fad\u0131\u011f\u0131n\u0131 ifade eden Cemal Mert, adada ya\u011f\u0131\u015f miktar\u0131n\u0131n azl\u0131\u011f\u0131n\u0131n, yer\u00fcst\u00fc su kaynaklar\u0131n\u0131 s\u0131n\u0131rlad\u0131\u011f\u0131n\u0131, bunun da yeralt\u0131 su kaynaklar\u0131n\u0131n a\u015f\u0131r\u0131 kullan\u0131m\u0131na neden oldu\u011funu kaydetti. Mert, bu durumun, yeralt\u0131 sular\u0131n\u0131n tuzlanmas\u0131na ve su kalitesinin d\u00fc\u015fmesine yol a\u00e7t\u0131\u011f\u0131n\u0131 belirtti.<\/p>\n<p>-\u201cSu kaynaklar\u0131n\u0131n s\u00fcrd\u00fcr\u00fclebilir y\u00f6netimi Kuzey K\u0131br\u0131s i\u00e7in hayati \u00f6neme sahip\u201d<\/p>\n<p>Su kaynaklar\u0131n\u0131n s\u00fcrd\u00fcr\u00fclebilir y\u00f6netiminin, Kuzey K\u0131br\u0131s i\u00e7in hayati bir \u00f6neme sahip oldu\u011funu vurgulayan Mert, \u201cT\u00fcrkiye\u2019den deniz alt\u0131ndan borularla su getirilmesi projesi, su s\u0131k\u0131nt\u0131s\u0131na \u00e7\u00f6z\u00fcm olarak d\u00fc\u015f\u00fcn\u00fclm\u00fc\u015f, ancak bu suyun verimli y\u00f6netimi ve altyap\u0131 eksiklikleri nedeniyle sorunlar h\u00e2l\u00e2 devam etmektedir. Gerekli \u00f6nlemler derhal al\u0131nmazsa su sorunu daha da b\u00fcy\u00fcyecektir\u201d ifadelerini kulland\u0131.<\/p>\n<p>A\u00e7\u0131klamaya g\u00f6re, bilimsel ara\u015ft\u0131rmalara dayanarak, on maddelik \u00f6neride bulunan Cemal Mert, bunlar\u0131; entegre su y\u00f6netimi, yeralt\u0131 sular\u0131n\u0131n korunmas\u0131, ya\u011fmur suyu hasad\u0131, at\u0131k sular\u0131n geri kazan\u0131m\u0131, sulama sistemlerinin modernizasyonu, altyap\u0131 iyile\u015ftirmeleri, deniz suyunun ar\u0131t\u0131lmas\u0131, toplumsal kat\u0131l\u0131m, e\u011fitim ve bilin\u00e7lendirme, kamu yarar\u0131 \u00f6nceli\u011fi olarak s\u0131ralad\u0131.<\/p>\n<\/p><\/div>\n<p><script async\n                    defer\n                    crossorigin=\"anonymous\"\n                    src=\"https:\/\/connect.facebook.net\/tr_TR\/sdk.js#xfbml=1&#038;version=v3.3\"\n            ><\/script><\/p>\n","protected":false},"excerpt":{"rendered":"<p>K\u0131br\u0131s T\u00fcrk Tabipleri Birli\u011fi (KTTB), su kaynaklar\u0131n\u0131n korunmas\u0131 ve s\u00fcrd\u00fcr\u00fclebilir y\u00f6netimi i\u00e7in t\u00fcm payda\u015flara birlikte hareket etme \u00e7a\u011fr\u0131s\u0131 yapt\u0131. Birlik, \u201cSu ya\u015fam\u0131n kendisidir. Gelecek nesillere ya\u015fanabilir bir d\u00fcnya ve K\u0131br\u0131s b\u0131rakmak i\u00e7in suyumuza sahip \u00e7\u0131kal\u0131m\u201d dedi. KTTB Halk Sa\u011fl\u0131\u011f\u0131, \u00c7evre ve \u0130nsan Haklar\u0131 Sorumlusu Dr. Cemal Mert yapt\u0131\u011f\u0131 yaz\u0131l\u0131 a\u00e7\u0131klamada, her y\u0131l 22 Mart\u2019ta kutlanan<\/p>\n","protected":false},"author":1,"featured_media":78467,"comment_status":"open","ping_status":"open","sticky":false,"template":"","format":"standard","meta":{"footnotes":""},"categories":[81,101],"tags":[],"class_list":["post-78466","post","type-post","status-publish","format-standard","has-post-thumbnail","hentry","category-kibris","category-manset"],"yoast_head":"<!-- This site is optimized with the Yoast SEO plugin v27.4 - https:\/\/yoast.com\/product\/yoast-seo-wordpress\/ -->\n<title>Tabipler Birli\u011fi: \u201cGelecek nesillere ya\u015fanabilir bir d\u00fcnya ve K\u0131br\u0131s b\u0131rakmak i\u00e7in suyumuza sahip \u00e7\u0131kal\u0131m\u201d -<\/title>\n<meta name=\"robots\" content=\"index, follow, max-snippet:-1, max-image-preview:large, max-video-preview:-1\" \/>\n<link rel=\"canonical\" href=\"https:\/\/kibrisdakik.com\/?p=78466\" \/>\n<meta property=\"og:locale\" content=\"tr_TR\" \/>\n<meta property=\"og:type\" content=\"article\" \/>\n<meta property=\"og:title\" content=\"Tabipler Birli\u011fi: \u201cGelecek nesillere ya\u015fanabilir bir d\u00fcnya ve K\u0131br\u0131s b\u0131rakmak i\u00e7in suyumuza sahip \u00e7\u0131kal\u0131m\u201d -\" \/>\n<meta property=\"og:description\" content=\"K\u0131br\u0131s T\u00fcrk Tabipleri Birli\u011fi (KTTB), su kaynaklar\u0131n\u0131n korunmas\u0131 ve s\u00fcrd\u00fcr\u00fclebilir y\u00f6netimi i\u00e7in t\u00fcm payda\u015flara birlikte hareket etme \u00e7a\u011fr\u0131s\u0131 yapt\u0131. Birlik, \u201cSu ya\u015fam\u0131n kendisidir. Gelecek nesillere ya\u015fanabilir bir d\u00fcnya ve K\u0131br\u0131s b\u0131rakmak i\u00e7in suyumuza sahip \u00e7\u0131kal\u0131m\u201d dedi. KTTB Halk Sa\u011fl\u0131\u011f\u0131, \u00c7evre ve \u0130nsan Haklar\u0131 Sorumlusu Dr. Cemal Mert yapt\u0131\u011f\u0131 yaz\u0131l\u0131 a\u00e7\u0131klamada, her y\u0131l 22 Mart\u2019ta kutlanan\" \/>\n<meta property=\"og:url\" content=\"https:\/\/kibrisdakik.com\/?p=78466\" \/>\n<meta property=\"article:published_time\" content=\"2025-03-22T13:04:54+00:00\" \/>\n<meta property=\"og:image\" content=\"https:\/\/kibrisdakik.com\/wp-content\/uploads\/2025\/03\/1742641177147dunya-su-gunu-gorsel-740x420.jpg\" \/>\n\t<meta property=\"og:image:width\" content=\"1080\" \/>\n\t<meta property=\"og:image:height\" content=\"1350\" \/>\n\t<meta property=\"og:image:type\" content=\"image\/jpeg\" \/>\n<meta name=\"author\" content=\"admin\" \/>\n<meta name=\"twitter:card\" content=\"summary_large_image\" \/>\n<meta name=\"twitter:label1\" content=\"Yazan:\" \/>\n\t<meta name=\"twitter:data1\" content=\"admin\" \/>\n\t<meta name=\"twitter:label2\" content=\"Tahmini okuma s\u00fcresi\" \/>\n\t<meta name=\"twitter:data2\" content=\"2 dakika\" \/>\n<script type=\"application\/ld+json\" class=\"yoast-schema-graph\">{\"@context\":\"https:\\\/\\\/schema.org\",\"@graph\":[{\"@type\":\"Article\",\"@id\":\"https:\\\/\\\/kibrisdakik.com\\\/?p=78466#article\",\"isPartOf\":{\"@id\":\"https:\\\/\\\/kibrisdakik.com\\\/?p=78466\"},\"author\":{\"name\":\"admin\",\"@id\":\"https:\\\/\\\/kibrisdakik.com\\\/#\\\/schema\\\/person\\\/9cd9d437bbb44f72b73ba127e06d8e79\"},\"headline\":\"Tabipler Birli\u011fi: \u201cGelecek nesillere ya\u015fanabilir bir d\u00fcnya ve K\u0131br\u0131s b\u0131rakmak i\u00e7in suyumuza sahip \u00e7\u0131kal\u0131m\u201d\",\"datePublished\":\"2025-03-22T13:04:54+00:00\",\"mainEntityOfPage\":{\"@id\":\"https:\\\/\\\/kibrisdakik.com\\\/?p=78466\"},\"wordCount\":501,\"commentCount\":0,\"image\":{\"@id\":\"https:\\\/\\\/kibrisdakik.com\\\/?p=78466#primaryimage\"},\"thumbnailUrl\":\"https:\\\/\\\/kibrisdakik.com\\\/wp-content\\\/uploads\\\/2025\\\/03\\\/1742641177147dunya-su-gunu-gorsel-740x420.jpg\",\"articleSection\":[\"K\u0131br\u0131s\",\"Man\u015fet\"],\"inLanguage\":\"tr\",\"potentialAction\":[{\"@type\":\"CommentAction\",\"name\":\"Comment\",\"target\":[\"https:\\\/\\\/kibrisdakik.com\\\/?p=78466#respond\"]}]},{\"@type\":\"WebPage\",\"@id\":\"https:\\\/\\\/kibrisdakik.com\\\/?p=78466\",\"url\":\"https:\\\/\\\/kibrisdakik.com\\\/?p=78466\",\"name\":\"Tabipler Birli\u011fi: \u201cGelecek nesillere ya\u015fanabilir bir d\u00fcnya ve K\u0131br\u0131s b\u0131rakmak i\u00e7in suyumuza sahip \u00e7\u0131kal\u0131m\u201d -\",\"isPartOf\":{\"@id\":\"https:\\\/\\\/kibrisdakik.com\\\/#website\"},\"primaryImageOfPage\":{\"@id\":\"https:\\\/\\\/kibrisdakik.com\\\/?p=78466#primaryimage\"},\"image\":{\"@id\":\"https:\\\/\\\/kibrisdakik.com\\\/?p=78466#primaryimage\"},\"thumbnailUrl\":\"https:\\\/\\\/kibrisdakik.com\\\/wp-content\\\/uploads\\\/2025\\\/03\\\/1742641177147dunya-su-gunu-gorsel-740x420.jpg\",\"datePublished\":\"2025-03-22T13:04:54+00:00\",\"author\":{\"@id\":\"https:\\\/\\\/kibrisdakik.com\\\/#\\\/schema\\\/person\\\/9cd9d437bbb44f72b73ba127e06d8e79\"},\"breadcrumb\":{\"@id\":\"https:\\\/\\\/kibrisdakik.com\\\/?p=78466#breadcrumb\"},\"inLanguage\":\"tr\",\"potentialAction\":[{\"@type\":\"ReadAction\",\"target\":[\"https:\\\/\\\/kibrisdakik.com\\\/?p=78466\"]}]},{\"@type\":\"ImageObject\",\"inLanguage\":\"tr\",\"@id\":\"https:\\\/\\\/kibrisdakik.com\\\/?p=78466#primaryimage\",\"url\":\"https:\\\/\\\/kibrisdakik.com\\\/wp-content\\\/uploads\\\/2025\\\/03\\\/1742641177147dunya-su-gunu-gorsel-740x420.jpg\",\"contentUrl\":\"https:\\\/\\\/kibrisdakik.com\\\/wp-content\\\/uploads\\\/2025\\\/03\\\/1742641177147dunya-su-gunu-gorsel-740x420.jpg\",\"width\":1080,\"height\":1350},{\"@type\":\"BreadcrumbList\",\"@id\":\"https:\\\/\\\/kibrisdakik.com\\\/?p=78466#breadcrumb\",\"itemListElement\":[{\"@type\":\"ListItem\",\"position\":1,\"name\":\"Home\",\"item\":\"https:\\\/\\\/kibrisdakik.com\\\/\"},{\"@type\":\"ListItem\",\"position\":2,\"name\":\"Tabipler Birli\u011fi: \u201cGelecek nesillere ya\u015fanabilir bir d\u00fcnya ve K\u0131br\u0131s b\u0131rakmak i\u00e7in suyumuza sahip \u00e7\u0131kal\u0131m\u201d\"}]},{\"@type\":\"WebSite\",\"@id\":\"https:\\\/\\\/kibrisdakik.com\\\/#website\",\"url\":\"https:\\\/\\\/kibrisdakik.com\\\/\",\"name\":\"\",\"description\":\"Tam vaktinde haber\",\"potentialAction\":[{\"@type\":\"SearchAction\",\"target\":{\"@type\":\"EntryPoint\",\"urlTemplate\":\"https:\\\/\\\/kibrisdakik.com\\\/?s={search_term_string}\"},\"query-input\":{\"@type\":\"PropertyValueSpecification\",\"valueRequired\":true,\"valueName\":\"search_term_string\"}}],\"inLanguage\":\"tr\"},{\"@type\":\"Person\",\"@id\":\"https:\\\/\\\/kibrisdakik.com\\\/#\\\/schema\\\/person\\\/9cd9d437bbb44f72b73ba127e06d8e79\",\"name\":\"admin\",\"image\":{\"@type\":\"ImageObject\",\"inLanguage\":\"tr\",\"@id\":\"https:\\\/\\\/secure.gravatar.com\\\/avatar\\\/ccc17943b9d660506c869530f897617f7cb1c21a4bf30023f252596d83e1f007?s=96&d=mm&r=g\",\"url\":\"https:\\\/\\\/secure.gravatar.com\\\/avatar\\\/ccc17943b9d660506c869530f897617f7cb1c21a4bf30023f252596d83e1f007?s=96&d=mm&r=g\",\"contentUrl\":\"https:\\\/\\\/secure.gravatar.com\\\/avatar\\\/ccc17943b9d660506c869530f897617f7cb1c21a4bf30023f252596d83e1f007?s=96&d=mm&r=g\",\"caption\":\"admin\"},\"sameAs\":[\"https:\\\/\\\/kibrisdakik.com\"],\"url\":\"https:\\\/\\\/kibrisdakik.com\\\/?author=1\"}]}<\/script>\n<!-- \/ Yoast SEO plugin. -->","yoast_head_json":{"title":"Tabipler Birli\u011fi: \u201cGelecek nesillere ya\u015fanabilir bir d\u00fcnya ve K\u0131br\u0131s b\u0131rakmak i\u00e7in suyumuza sahip \u00e7\u0131kal\u0131m\u201d -","robots":{"index":"index","follow":"follow","max-snippet":"max-snippet:-1","max-image-preview":"max-image-preview:large","max-video-preview":"max-video-preview:-1"},"canonical":"https:\/\/kibrisdakik.com\/?p=78466","og_locale":"tr_TR","og_type":"article","og_title":"Tabipler Birli\u011fi: \u201cGelecek nesillere ya\u015fanabilir bir d\u00fcnya ve K\u0131br\u0131s b\u0131rakmak i\u00e7in suyumuza sahip \u00e7\u0131kal\u0131m\u201d -","og_description":"K\u0131br\u0131s T\u00fcrk Tabipleri Birli\u011fi (KTTB), su kaynaklar\u0131n\u0131n korunmas\u0131 ve s\u00fcrd\u00fcr\u00fclebilir y\u00f6netimi i\u00e7in t\u00fcm payda\u015flara birlikte hareket etme \u00e7a\u011fr\u0131s\u0131 yapt\u0131. Birlik, \u201cSu ya\u015fam\u0131n kendisidir. Gelecek nesillere ya\u015fanabilir bir d\u00fcnya ve K\u0131br\u0131s b\u0131rakmak i\u00e7in suyumuza sahip \u00e7\u0131kal\u0131m\u201d dedi. KTTB Halk Sa\u011fl\u0131\u011f\u0131, \u00c7evre ve \u0130nsan Haklar\u0131 Sorumlusu Dr. Cemal Mert yapt\u0131\u011f\u0131 yaz\u0131l\u0131 a\u00e7\u0131klamada, her y\u0131l 22 Mart\u2019ta kutlanan","og_url":"https:\/\/kibrisdakik.com\/?p=78466","article_published_time":"2025-03-22T13:04:54+00:00","og_image":[{"width":1080,"height":1350,"url":"https:\/\/kibrisdakik.com\/wp-content\/uploads\/2025\/03\/1742641177147dunya-su-gunu-gorsel-740x420.jpg","type":"image\/jpeg"}],"author":"admin","twitter_card":"summary_large_image","twitter_misc":{"Yazan:":"admin","Tahmini okuma s\u00fcresi":"2 dakika"},"schema":{"@context":"https:\/\/schema.org","@graph":[{"@type":"Article","@id":"https:\/\/kibrisdakik.com\/?p=78466#article","isPartOf":{"@id":"https:\/\/kibrisdakik.com\/?p=78466"},"author":{"name":"admin","@id":"https:\/\/kibrisdakik.com\/#\/schema\/person\/9cd9d437bbb44f72b73ba127e06d8e79"},"headline":"Tabipler Birli\u011fi: \u201cGelecek nesillere ya\u015fanabilir bir d\u00fcnya ve K\u0131br\u0131s b\u0131rakmak i\u00e7in suyumuza sahip \u00e7\u0131kal\u0131m\u201d","datePublished":"2025-03-22T13:04:54+00:00","mainEntityOfPage":{"@id":"https:\/\/kibrisdakik.com\/?p=78466"},"wordCount":501,"commentCount":0,"image":{"@id":"https:\/\/kibrisdakik.com\/?p=78466#primaryimage"},"thumbnailUrl":"https:\/\/kibrisdakik.com\/wp-content\/uploads\/2025\/03\/1742641177147dunya-su-gunu-gorsel-740x420.jpg","articleSection":["K\u0131br\u0131s","Man\u015fet"],"inLanguage":"tr","potentialAction":[{"@type":"CommentAction","name":"Comment","target":["https:\/\/kibrisdakik.com\/?p=78466#respond"]}]},{"@type":"WebPage","@id":"https:\/\/kibrisdakik.com\/?p=78466","url":"https:\/\/kibrisdakik.com\/?p=78466","name":"Tabipler Birli\u011fi: \u201cGelecek nesillere ya\u015fanabilir bir d\u00fcnya ve K\u0131br\u0131s b\u0131rakmak i\u00e7in suyumuza sahip \u00e7\u0131kal\u0131m\u201d -","isPartOf":{"@id":"https:\/\/kibrisdakik.com\/#website"},"primaryImageOfPage":{"@id":"https:\/\/kibrisdakik.com\/?p=78466#primaryimage"},"image":{"@id":"https:\/\/kibrisdakik.com\/?p=78466#primaryimage"},"thumbnailUrl":"https:\/\/kibrisdakik.com\/wp-content\/uploads\/2025\/03\/1742641177147dunya-su-gunu-gorsel-740x420.jpg","datePublished":"2025-03-22T13:04:54+00:00","author":{"@id":"https:\/\/kibrisdakik.com\/#\/schema\/person\/9cd9d437bbb44f72b73ba127e06d8e79"},"breadcrumb":{"@id":"https:\/\/kibrisdakik.com\/?p=78466#breadcrumb"},"inLanguage":"tr","potentialAction":[{"@type":"ReadAction","target":["https:\/\/kibrisdakik.com\/?p=78466"]}]},{"@type":"ImageObject","inLanguage":"tr","@id":"https:\/\/kibrisdakik.com\/?p=78466#primaryimage","url":"https:\/\/kibrisdakik.com\/wp-content\/uploads\/2025\/03\/1742641177147dunya-su-gunu-gorsel-740x420.jpg","contentUrl":"https:\/\/kibrisdakik.com\/wp-content\/uploads\/2025\/03\/1742641177147dunya-su-gunu-gorsel-740x420.jpg","width":1080,"height":1350},{"@type":"BreadcrumbList","@id":"https:\/\/kibrisdakik.com\/?p=78466#breadcrumb","itemListElement":[{"@type":"ListItem","position":1,"name":"Home","item":"https:\/\/kibrisdakik.com\/"},{"@type":"ListItem","position":2,"name":"Tabipler Birli\u011fi: \u201cGelecek nesillere ya\u015fanabilir bir d\u00fcnya ve K\u0131br\u0131s b\u0131rakmak i\u00e7in suyumuza sahip \u00e7\u0131kal\u0131m\u201d"}]},{"@type":"WebSite","@id":"https:\/\/kibrisdakik.com\/#website","url":"https:\/\/kibrisdakik.com\/","name":"","description":"Tam vaktinde haber","potentialAction":[{"@type":"SearchAction","target":{"@type":"EntryPoint","urlTemplate":"https:\/\/kibrisdakik.com\/?s={search_term_string}"},"query-input":{"@type":"PropertyValueSpecification","valueRequired":true,"valueName":"search_term_string"}}],"inLanguage":"tr"},{"@type":"Person","@id":"https:\/\/kibrisdakik.com\/#\/schema\/person\/9cd9d437bbb44f72b73ba127e06d8e79","name":"admin","image":{"@type":"ImageObject","inLanguage":"tr","@id":"https:\/\/secure.gravatar.com\/avatar\/ccc17943b9d660506c869530f897617f7cb1c21a4bf30023f252596d83e1f007?s=96&d=mm&r=g","url":"https:\/\/secure.gravatar.com\/avatar\/ccc17943b9d660506c869530f897617f7cb1c21a4bf30023f252596d83e1f007?s=96&d=mm&r=g","contentUrl":"https:\/\/secure.gravatar.com\/avatar\/ccc17943b9d660506c869530f897617f7cb1c21a4bf30023f252596d83e1f007?s=96&d=mm&r=g","caption":"admin"},"sameAs":["https:\/\/kibrisdakik.com"],"url":"https:\/\/kibrisdakik.com\/?author=1"}]}},"_links":{"self":[{"href":"https:\/\/kibrisdakik.com\/index.php?rest_route=\/wp\/v2\/posts\/78466","targetHints":{"allow":["GET"]}}],"collection":[{"href":"https:\/\/kibrisdakik.com\/index.php?rest_route=\/wp\/v2\/posts"}],"about":[{"href":"https:\/\/kibrisdakik.com\/index.php?rest_route=\/wp\/v2\/types\/post"}],"author":[{"embeddable":true,"href":"https:\/\/kibrisdakik.com\/index.php?rest_route=\/wp\/v2\/users\/1"}],"replies":[{"embeddable":true,"href":"https:\/\/kibrisdakik.com\/index.php?rest_route=%2Fwp%2Fv2%2Fcomments&post=78466"}],"version-history":[{"count":0,"href":"https:\/\/kibrisdakik.com\/index.php?rest_route=\/wp\/v2\/posts\/78466\/revisions"}],"wp:featuredmedia":[{"embeddable":true,"href":"https:\/\/kibrisdakik.com\/index.php?rest_route=\/wp\/v2\/media\/78467"}],"wp:attachment":[{"href":"https:\/\/kibrisdakik.com\/index.php?rest_route=%2Fwp%2Fv2%2Fmedia&parent=78466"}],"wp:term":[{"taxonomy":"category","embeddable":true,"href":"https:\/\/kibrisdakik.com\/index.php?rest_route=%2Fwp%2Fv2%2Fcategories&post=78466"},{"taxonomy":"post_tag","embeddable":true,"href":"https:\/\/kibrisdakik.com\/index.php?rest_route=%2Fwp%2Fv2%2Ftags&post=78466"}],"curies":[{"name":"wp","href":"https:\/\/api.w.org\/{rel}","templated":true}]}}