{"id":78472,"date":"2025-03-22T16:27:35","date_gmt":"2025-03-22T13:27:35","guid":{"rendered":"https:\/\/kibrisdakik.com\/index.php\/2025\/03\/22\/kema-mutevelli-heyeti-baskani-ilseven-elbirligi-ile-ormanlarimizi-koruyalim-alanlarini-cogaltalim\/"},"modified":"2025-03-22T16:27:35","modified_gmt":"2025-03-22T13:27:35","slug":"kema-mutevelli-heyeti-baskani-ilseven-elbirligi-ile-ormanlarimizi-koruyalim-alanlarini-cogaltalim","status":"publish","type":"post","link":"https:\/\/kibrisdakik.com\/?p=78472","title":{"rendered":"KEMA M\u00fctevelli Heyeti Ba\u015fkan\u0131 \u0130lseven: \u201cElbirli\u011fi ile ormanlar\u0131m\u0131z\u0131 koruyal\u0131m, alanlar\u0131n\u0131 \u00e7o\u011faltal\u0131m\u201d"},"content":{"rendered":"<div>\n<div class=\"mariselle-image-container center\">\n                                            <\/div>\n<p>K\u0131br\u0131s Erozyonla M\u00fccadele, A\u011fa\u00e7land\u0131rma ve Do\u011fal Varl\u0131klar\u0131 Koruma Vakf\u0131 (KEMA) M\u00fctevelli Heyeti Ba\u015fkan\u0131 \u0130lkay \u0130lseven, ormanc\u0131l\u0131k hizmetlerinin, uzun vade yat\u0131r\u0131m gerektirdi\u011fine dikkat \u00e7ekerek, \u201cBug\u00fcn dikilen fidanlar\u0131n a\u011fa\u00e7 olmas\u0131 i\u00e7in y\u0131llara ihtiya\u00e7 vard\u0131r. Elbirli\u011fi ile ormanlar\u0131m\u0131z\u0131 koruyal\u0131m, alanlar\u0131n\u0131 \u00e7o\u011faltal\u0131m.\u201d dedi.<\/p>\n<p>\u0130lseven yapt\u0131\u011f\u0131 yaz\u0131l\u0131 a\u00e7\u0131klamada, d\u00fcnyada 1972, \u00fclkede ise 1978 y\u0131l\u0131ndan beri kutlanan, D\u00fcnya Ormanc\u0131l\u0131k G\u00fcn\u00fc\u2019n\u00fcn, ormanlar\u0131n daha iyi korunmas\u0131, geli\u015ftirilmesi, iyi bir \u015fekilde i\u015fletilmesinin \u00f6nemi ile \u00e7ok y\u00f6nl\u00fc faydalar\u0131 gibi konular\u0131n \u00e7e\u015fitli haberle\u015fme ara\u00e7lar\u0131yla duyurulmas\u0131 ve halk\u0131n bu y\u00f6ndeki ilgisinin art\u0131r\u0131lmas\u0131n\u0131 ama\u00e7lad\u0131\u011f\u0131n\u0131 kaydetti.<\/p>\n<p>D\u00fcnyan\u0131n en \u00f6nemli yenilenebilir do\u011fal kaynaklar\u0131ndan biri olan ormanlar\u0131n son 30 y\u0131ldan bu yana b\u00fcy\u00fck bir tahribatla kar\u015f\u0131 kar\u015f\u0131ya oldu\u011funu ifade eden \u0130lseven, her y\u0131l 10-15 milyon hektar ormanl\u0131k alan\u0131n, insan eliyle yap\u0131lan yanl\u0131\u015f m\u00fcdahaleler sonucu \u00e7\u0131plakla\u015ft\u0131\u011f\u0131n\u0131 belirtti.<\/p>\n<p>\u00dclke ormanlar\u0131nda da tahribat\u0131n b\u00fcy\u00fck boyutlarda seyretti\u011fini kaydeden \u0130lseven, \u201cK\u00fcresel \u0131s\u0131nman\u0131n da yaratt\u0131\u011f\u0131 olumsuzluklar hesaba kat\u0131ld\u0131\u011f\u0131nda \u00fclkemizde ormanc\u0131l\u0131k g\u00fcn\u00fcn\u00fcn \u00f6nemi her g\u00fcn daha da artmaktad\u0131r. Orman fakiri bir \u00fclke olmam\u0131z nedeniyle bu k\u00f6t\u00fc gidi\u015fe art\u0131k \u2018dur\u2019 deyip ivedi ve radikal \u00f6nlemler almal\u0131y\u0131z.\u201d dedi.<\/p>\n<p>Ormanlar\u0131n etkin bir \u015fekilde korunmas\u0131 ve a\u011fa\u00e7land\u0131rmalarla alanlar\u0131n\u0131n art\u0131r\u0131lmas\u0131n\u0131n tedbirlerin ba\u015f\u0131nda geldi\u011fini belirten \u0130lseven, \u015f\u00f6yle devam etti:<\/p>\n<p>\u201cOrmanlardan beklenen ekonomik, hidrolojik, klimatik, sa\u011fl\u0131k ve regreasyon hizmetlerinden t\u00fcm olarak yararlan\u0131lmas\u0131n\u0131n ancak y\u00fczde 18 olan verimli orman a\u00e7\u0131\u011f\u0131n\u0131n s\u00fcratle kapat\u0131lmas\u0131 ile m\u00fcmk\u00fcn olacakt\u0131r. Uygulamaya konacak planl\u0131 programl\u0131 a\u011fa\u00e7land\u0131rma projeleri sayesinde 76 bin 771 hektar olan orman alan\u0131n\u0131n 100 bin hektara \u00e7\u0131kar\u0131lmas\u0131 sa\u011flanm\u0131\u015f olacakt\u0131r. \u00dclkemizde bunu ger\u00e7ekle\u015ftirmek i\u00e7in potansiyel a\u011fa\u00e7land\u0131rma alanlar\u0131 mevcuttur.\u201d<\/p>\n<p>90\u2019l\u0131 y\u0131llarda 3-4 milyona \u00e7\u0131kan fidan \u00fcretiminin bug\u00fcn 100 binlere geriledi\u011fini ifade eden \u0130lkay \u0130lseven, orman korumas\u0131 a\u00e7\u0131s\u0131ndan da bir\u00e7ok zafiyetler oldu\u011funu, gerek orman yang\u0131nlar\u0131yla m\u00fccadele gerekse orman zararl\u0131lar\u0131 ile m\u00fccadelede yetersiz ve etkisiz kal\u0131nd\u0131\u011f\u0131n\u0131 kaydetti.<\/p>\n<p>\u0130lseven, \u00e7am kese b\u00f6ce\u011finin yo\u011fun oldu\u011fu d\u00f6nemlerde, sistemin \u00f6ng\u00f6rd\u00fc\u011f\u00fc ve tavsiye etti\u011fi y\u00f6ntem olan havadan biyolojik ila\u00e7laman\u0131n be\u015f y\u0131ld\u0131r uygulanmamas\u0131n\u0131n da ormanlar\u0131n tahribine neden oldu\u011funu ifade etti.<\/p>\n<p>-\u201cYang\u0131n mevsimden \u00f6nce t\u00fcm tedbirler al\u0131nmal\u0131\u201d<\/p>\n<p>Gelecek aydan itibaren \u00fclkede yang\u0131n mevsimine girilece\u011fine dikkat \u00e7eken \u0130lseven, \u015fimdiden \u00e7al\u0131\u015fmalara ba\u015flanarak, yang\u0131n mevsiminden \u00f6nce t\u00fcm tedbirlerin al\u0131nmas\u0131n\u0131n b\u00fcy\u00fck \u00f6nem arz etti\u011fini vurgulad\u0131.<\/p>\n<p>Orman yang\u0131nlar\u0131 ile m\u00fccadelede eksik olan hava arac\u0131n\u0131n \u00fclkede konu\u015fland\u0131r\u0131lmas\u0131n\u0131n zorunluluk oldu\u011funu kaydeden \u0130lseven, ormanc\u0131l\u0131k hizmetlerinde g\u00f6rev yapan teknik ve vas\u0131fl\u0131 personelin say\u0131ca yetersiz oldu\u011funu belirterek, \u201cVas\u0131fl\u0131 teknik eleman istihdam\u0131 ivedilikle yap\u0131lmal\u0131d\u0131r.\u201d dedi.<\/p>\n<p>\u0130lseven, mevcut ormanlar\u0131n etkin bir \u015fekilde korunmas\u0131, a\u011fa\u00e7land\u0131rmalarla orman alan\u0131n\u0131n art\u0131r\u0131lmas\u0131 ve ormanlar\u0131n s\u00fcrd\u00fcr\u00fclebilir y\u00f6netim ilkeleri do\u011frultusunda planlanarak i\u015fletilmesinin, ulusal ormanc\u0131l\u0131k ama\u00e7lar\u0131n\u0131n ba\u015f\u0131nda yer almas\u0131 gerekti\u011fini kaydetti.<\/p>\n<\/p><\/div>\n<p><script async\n                    defer\n                    crossorigin=\"anonymous\"\n                    src=\"https:\/\/connect.facebook.net\/tr_TR\/sdk.js#xfbml=1&#038;version=v3.3\"\n            ><\/script><\/p>\n","protected":false},"excerpt":{"rendered":"<p>K\u0131br\u0131s Erozyonla M\u00fccadele, A\u011fa\u00e7land\u0131rma ve Do\u011fal Varl\u0131klar\u0131 Koruma Vakf\u0131 (KEMA) M\u00fctevelli Heyeti Ba\u015fkan\u0131 \u0130lkay \u0130lseven, ormanc\u0131l\u0131k hizmetlerinin, uzun vade yat\u0131r\u0131m gerektirdi\u011fine dikkat \u00e7ekerek, \u201cBug\u00fcn dikilen fidanlar\u0131n a\u011fa\u00e7 olmas\u0131 i\u00e7in y\u0131llara ihtiya\u00e7 vard\u0131r. Elbirli\u011fi ile ormanlar\u0131m\u0131z\u0131 koruyal\u0131m, alanlar\u0131n\u0131 \u00e7o\u011faltal\u0131m.\u201d dedi. \u0130lseven yapt\u0131\u011f\u0131 yaz\u0131l\u0131 a\u00e7\u0131klamada, d\u00fcnyada 1972, \u00fclkede ise 1978 y\u0131l\u0131ndan beri kutlanan, D\u00fcnya Ormanc\u0131l\u0131k G\u00fcn\u00fc\u2019n\u00fcn, ormanlar\u0131n<\/p>\n","protected":false},"author":1,"featured_media":52619,"comment_status":"open","ping_status":"open","sticky":false,"template":"","format":"standard","meta":{"footnotes":""},"categories":[81,101],"tags":[],"class_list":["post-78472","post","type-post","status-publish","format-standard","has-post-thumbnail","hentry","category-kibris","category-manset"],"yoast_head":"<!-- This site is optimized with the Yoast SEO plugin v27.5 - https:\/\/yoast.com\/product\/yoast-seo-wordpress\/ -->\n<title>KEMA M\u00fctevelli Heyeti Ba\u015fkan\u0131 \u0130lseven: \u201cElbirli\u011fi ile ormanlar\u0131m\u0131z\u0131 koruyal\u0131m, alanlar\u0131n\u0131 \u00e7o\u011faltal\u0131m\u201d -<\/title>\n<meta name=\"robots\" content=\"index, follow, max-snippet:-1, max-image-preview:large, max-video-preview:-1\" \/>\n<link rel=\"canonical\" href=\"https:\/\/kibrisdakik.com\/?p=78472\" \/>\n<meta property=\"og:locale\" content=\"tr_TR\" \/>\n<meta property=\"og:type\" content=\"article\" \/>\n<meta property=\"og:title\" content=\"KEMA M\u00fctevelli Heyeti Ba\u015fkan\u0131 \u0130lseven: \u201cElbirli\u011fi ile ormanlar\u0131m\u0131z\u0131 koruyal\u0131m, alanlar\u0131n\u0131 \u00e7o\u011faltal\u0131m\u201d -\" \/>\n<meta property=\"og:description\" content=\"K\u0131br\u0131s Erozyonla M\u00fccadele, A\u011fa\u00e7land\u0131rma ve Do\u011fal Varl\u0131klar\u0131 Koruma Vakf\u0131 (KEMA) M\u00fctevelli Heyeti Ba\u015fkan\u0131 \u0130lkay \u0130lseven, ormanc\u0131l\u0131k hizmetlerinin, uzun vade yat\u0131r\u0131m gerektirdi\u011fine dikkat \u00e7ekerek, \u201cBug\u00fcn dikilen fidanlar\u0131n a\u011fa\u00e7 olmas\u0131 i\u00e7in y\u0131llara ihtiya\u00e7 vard\u0131r. Elbirli\u011fi ile ormanlar\u0131m\u0131z\u0131 koruyal\u0131m, alanlar\u0131n\u0131 \u00e7o\u011faltal\u0131m.\u201d dedi. \u0130lseven yapt\u0131\u011f\u0131 yaz\u0131l\u0131 a\u00e7\u0131klamada, d\u00fcnyada 1972, \u00fclkede ise 1978 y\u0131l\u0131ndan beri kutlanan, D\u00fcnya Ormanc\u0131l\u0131k G\u00fcn\u00fc\u2019n\u00fcn, ormanlar\u0131n\" \/>\n<meta property=\"og:url\" content=\"https:\/\/kibrisdakik.com\/?p=78472\" \/>\n<meta property=\"article:published_time\" content=\"2025-03-22T13:27:35+00:00\" \/>\n<meta property=\"og:image\" content=\"https:\/\/kibrisdakik.com\/wp-content\/uploads\/2024\/08\/kema-vakfi1.jpg\" \/>\n\t<meta property=\"og:image:width\" content=\"561\" \/>\n\t<meta property=\"og:image:height\" content=\"324\" \/>\n\t<meta property=\"og:image:type\" content=\"image\/jpeg\" \/>\n<meta name=\"author\" content=\"admin\" \/>\n<meta name=\"twitter:card\" content=\"summary_large_image\" \/>\n<meta name=\"twitter:label1\" content=\"Yazan:\" \/>\n\t<meta name=\"twitter:data1\" content=\"admin\" \/>\n\t<meta name=\"twitter:label2\" content=\"Tahmini okuma s\u00fcresi\" \/>\n\t<meta name=\"twitter:data2\" content=\"3 dakika\" \/>\n<script type=\"application\/ld+json\" class=\"yoast-schema-graph\">{\"@context\":\"https:\\\/\\\/schema.org\",\"@graph\":[{\"@type\":\"Article\",\"@id\":\"https:\\\/\\\/kibrisdakik.com\\\/?p=78472#article\",\"isPartOf\":{\"@id\":\"https:\\\/\\\/kibrisdakik.com\\\/?p=78472\"},\"author\":{\"name\":\"admin\",\"@id\":\"https:\\\/\\\/kibrisdakik.com\\\/#\\\/schema\\\/person\\\/9cd9d437bbb44f72b73ba127e06d8e79\"},\"headline\":\"KEMA M\u00fctevelli Heyeti Ba\u015fkan\u0131 \u0130lseven: \u201cElbirli\u011fi ile ormanlar\u0131m\u0131z\u0131 koruyal\u0131m, alanlar\u0131n\u0131 \u00e7o\u011faltal\u0131m\u201d\",\"datePublished\":\"2025-03-22T13:27:35+00:00\",\"mainEntityOfPage\":{\"@id\":\"https:\\\/\\\/kibrisdakik.com\\\/?p=78472\"},\"wordCount\":620,\"commentCount\":0,\"image\":{\"@id\":\"https:\\\/\\\/kibrisdakik.com\\\/?p=78472#primaryimage\"},\"thumbnailUrl\":\"https:\\\/\\\/kibrisdakik.com\\\/wp-content\\\/uploads\\\/2024\\\/08\\\/kema-vakfi1.jpg\",\"articleSection\":[\"K\u0131br\u0131s\",\"Man\u015fet\"],\"inLanguage\":\"tr\",\"potentialAction\":[{\"@type\":\"CommentAction\",\"name\":\"Comment\",\"target\":[\"https:\\\/\\\/kibrisdakik.com\\\/?p=78472#respond\"]}]},{\"@type\":\"WebPage\",\"@id\":\"https:\\\/\\\/kibrisdakik.com\\\/?p=78472\",\"url\":\"https:\\\/\\\/kibrisdakik.com\\\/?p=78472\",\"name\":\"KEMA M\u00fctevelli Heyeti Ba\u015fkan\u0131 \u0130lseven: \u201cElbirli\u011fi ile ormanlar\u0131m\u0131z\u0131 koruyal\u0131m, alanlar\u0131n\u0131 \u00e7o\u011faltal\u0131m\u201d -\",\"isPartOf\":{\"@id\":\"https:\\\/\\\/kibrisdakik.com\\\/#website\"},\"primaryImageOfPage\":{\"@id\":\"https:\\\/\\\/kibrisdakik.com\\\/?p=78472#primaryimage\"},\"image\":{\"@id\":\"https:\\\/\\\/kibrisdakik.com\\\/?p=78472#primaryimage\"},\"thumbnailUrl\":\"https:\\\/\\\/kibrisdakik.com\\\/wp-content\\\/uploads\\\/2024\\\/08\\\/kema-vakfi1.jpg\",\"datePublished\":\"2025-03-22T13:27:35+00:00\",\"author\":{\"@id\":\"https:\\\/\\\/kibrisdakik.com\\\/#\\\/schema\\\/person\\\/9cd9d437bbb44f72b73ba127e06d8e79\"},\"breadcrumb\":{\"@id\":\"https:\\\/\\\/kibrisdakik.com\\\/?p=78472#breadcrumb\"},\"inLanguage\":\"tr\",\"potentialAction\":[{\"@type\":\"ReadAction\",\"target\":[\"https:\\\/\\\/kibrisdakik.com\\\/?p=78472\"]}]},{\"@type\":\"ImageObject\",\"inLanguage\":\"tr\",\"@id\":\"https:\\\/\\\/kibrisdakik.com\\\/?p=78472#primaryimage\",\"url\":\"https:\\\/\\\/kibrisdakik.com\\\/wp-content\\\/uploads\\\/2024\\\/08\\\/kema-vakfi1.jpg\",\"contentUrl\":\"https:\\\/\\\/kibrisdakik.com\\\/wp-content\\\/uploads\\\/2024\\\/08\\\/kema-vakfi1.jpg\",\"width\":561,\"height\":324},{\"@type\":\"BreadcrumbList\",\"@id\":\"https:\\\/\\\/kibrisdakik.com\\\/?p=78472#breadcrumb\",\"itemListElement\":[{\"@type\":\"ListItem\",\"position\":1,\"name\":\"Home\",\"item\":\"https:\\\/\\\/kibrisdakik.com\\\/\"},{\"@type\":\"ListItem\",\"position\":2,\"name\":\"KEMA M\u00fctevelli Heyeti Ba\u015fkan\u0131 \u0130lseven: \u201cElbirli\u011fi ile ormanlar\u0131m\u0131z\u0131 koruyal\u0131m, alanlar\u0131n\u0131 \u00e7o\u011faltal\u0131m\u201d\"}]},{\"@type\":\"WebSite\",\"@id\":\"https:\\\/\\\/kibrisdakik.com\\\/#website\",\"url\":\"https:\\\/\\\/kibrisdakik.com\\\/\",\"name\":\"\",\"description\":\"Tam vaktinde haber\",\"potentialAction\":[{\"@type\":\"SearchAction\",\"target\":{\"@type\":\"EntryPoint\",\"urlTemplate\":\"https:\\\/\\\/kibrisdakik.com\\\/?s={search_term_string}\"},\"query-input\":{\"@type\":\"PropertyValueSpecification\",\"valueRequired\":true,\"valueName\":\"search_term_string\"}}],\"inLanguage\":\"tr\"},{\"@type\":\"Person\",\"@id\":\"https:\\\/\\\/kibrisdakik.com\\\/#\\\/schema\\\/person\\\/9cd9d437bbb44f72b73ba127e06d8e79\",\"name\":\"admin\",\"image\":{\"@type\":\"ImageObject\",\"inLanguage\":\"tr\",\"@id\":\"https:\\\/\\\/secure.gravatar.com\\\/avatar\\\/ccc17943b9d660506c869530f897617f7cb1c21a4bf30023f252596d83e1f007?s=96&d=mm&r=g\",\"url\":\"https:\\\/\\\/secure.gravatar.com\\\/avatar\\\/ccc17943b9d660506c869530f897617f7cb1c21a4bf30023f252596d83e1f007?s=96&d=mm&r=g\",\"contentUrl\":\"https:\\\/\\\/secure.gravatar.com\\\/avatar\\\/ccc17943b9d660506c869530f897617f7cb1c21a4bf30023f252596d83e1f007?s=96&d=mm&r=g\",\"caption\":\"admin\"},\"sameAs\":[\"https:\\\/\\\/kibrisdakik.com\"],\"url\":\"https:\\\/\\\/kibrisdakik.com\\\/?author=1\"}]}<\/script>\n<!-- \/ Yoast SEO plugin. -->","yoast_head_json":{"title":"KEMA M\u00fctevelli Heyeti Ba\u015fkan\u0131 \u0130lseven: \u201cElbirli\u011fi ile ormanlar\u0131m\u0131z\u0131 koruyal\u0131m, alanlar\u0131n\u0131 \u00e7o\u011faltal\u0131m\u201d -","robots":{"index":"index","follow":"follow","max-snippet":"max-snippet:-1","max-image-preview":"max-image-preview:large","max-video-preview":"max-video-preview:-1"},"canonical":"https:\/\/kibrisdakik.com\/?p=78472","og_locale":"tr_TR","og_type":"article","og_title":"KEMA M\u00fctevelli Heyeti Ba\u015fkan\u0131 \u0130lseven: \u201cElbirli\u011fi ile ormanlar\u0131m\u0131z\u0131 koruyal\u0131m, alanlar\u0131n\u0131 \u00e7o\u011faltal\u0131m\u201d -","og_description":"K\u0131br\u0131s Erozyonla M\u00fccadele, A\u011fa\u00e7land\u0131rma ve Do\u011fal Varl\u0131klar\u0131 Koruma Vakf\u0131 (KEMA) M\u00fctevelli Heyeti Ba\u015fkan\u0131 \u0130lkay \u0130lseven, ormanc\u0131l\u0131k hizmetlerinin, uzun vade yat\u0131r\u0131m gerektirdi\u011fine dikkat \u00e7ekerek, \u201cBug\u00fcn dikilen fidanlar\u0131n a\u011fa\u00e7 olmas\u0131 i\u00e7in y\u0131llara ihtiya\u00e7 vard\u0131r. Elbirli\u011fi ile ormanlar\u0131m\u0131z\u0131 koruyal\u0131m, alanlar\u0131n\u0131 \u00e7o\u011faltal\u0131m.\u201d dedi. \u0130lseven yapt\u0131\u011f\u0131 yaz\u0131l\u0131 a\u00e7\u0131klamada, d\u00fcnyada 1972, \u00fclkede ise 1978 y\u0131l\u0131ndan beri kutlanan, D\u00fcnya Ormanc\u0131l\u0131k G\u00fcn\u00fc\u2019n\u00fcn, ormanlar\u0131n","og_url":"https:\/\/kibrisdakik.com\/?p=78472","article_published_time":"2025-03-22T13:27:35+00:00","og_image":[{"width":561,"height":324,"url":"https:\/\/kibrisdakik.com\/wp-content\/uploads\/2024\/08\/kema-vakfi1.jpg","type":"image\/jpeg"}],"author":"admin","twitter_card":"summary_large_image","twitter_misc":{"Yazan:":"admin","Tahmini okuma s\u00fcresi":"3 dakika"},"schema":{"@context":"https:\/\/schema.org","@graph":[{"@type":"Article","@id":"https:\/\/kibrisdakik.com\/?p=78472#article","isPartOf":{"@id":"https:\/\/kibrisdakik.com\/?p=78472"},"author":{"name":"admin","@id":"https:\/\/kibrisdakik.com\/#\/schema\/person\/9cd9d437bbb44f72b73ba127e06d8e79"},"headline":"KEMA M\u00fctevelli Heyeti Ba\u015fkan\u0131 \u0130lseven: \u201cElbirli\u011fi ile ormanlar\u0131m\u0131z\u0131 koruyal\u0131m, alanlar\u0131n\u0131 \u00e7o\u011faltal\u0131m\u201d","datePublished":"2025-03-22T13:27:35+00:00","mainEntityOfPage":{"@id":"https:\/\/kibrisdakik.com\/?p=78472"},"wordCount":620,"commentCount":0,"image":{"@id":"https:\/\/kibrisdakik.com\/?p=78472#primaryimage"},"thumbnailUrl":"https:\/\/kibrisdakik.com\/wp-content\/uploads\/2024\/08\/kema-vakfi1.jpg","articleSection":["K\u0131br\u0131s","Man\u015fet"],"inLanguage":"tr","potentialAction":[{"@type":"CommentAction","name":"Comment","target":["https:\/\/kibrisdakik.com\/?p=78472#respond"]}]},{"@type":"WebPage","@id":"https:\/\/kibrisdakik.com\/?p=78472","url":"https:\/\/kibrisdakik.com\/?p=78472","name":"KEMA M\u00fctevelli Heyeti Ba\u015fkan\u0131 \u0130lseven: \u201cElbirli\u011fi ile ormanlar\u0131m\u0131z\u0131 koruyal\u0131m, alanlar\u0131n\u0131 \u00e7o\u011faltal\u0131m\u201d -","isPartOf":{"@id":"https:\/\/kibrisdakik.com\/#website"},"primaryImageOfPage":{"@id":"https:\/\/kibrisdakik.com\/?p=78472#primaryimage"},"image":{"@id":"https:\/\/kibrisdakik.com\/?p=78472#primaryimage"},"thumbnailUrl":"https:\/\/kibrisdakik.com\/wp-content\/uploads\/2024\/08\/kema-vakfi1.jpg","datePublished":"2025-03-22T13:27:35+00:00","author":{"@id":"https:\/\/kibrisdakik.com\/#\/schema\/person\/9cd9d437bbb44f72b73ba127e06d8e79"},"breadcrumb":{"@id":"https:\/\/kibrisdakik.com\/?p=78472#breadcrumb"},"inLanguage":"tr","potentialAction":[{"@type":"ReadAction","target":["https:\/\/kibrisdakik.com\/?p=78472"]}]},{"@type":"ImageObject","inLanguage":"tr","@id":"https:\/\/kibrisdakik.com\/?p=78472#primaryimage","url":"https:\/\/kibrisdakik.com\/wp-content\/uploads\/2024\/08\/kema-vakfi1.jpg","contentUrl":"https:\/\/kibrisdakik.com\/wp-content\/uploads\/2024\/08\/kema-vakfi1.jpg","width":561,"height":324},{"@type":"BreadcrumbList","@id":"https:\/\/kibrisdakik.com\/?p=78472#breadcrumb","itemListElement":[{"@type":"ListItem","position":1,"name":"Home","item":"https:\/\/kibrisdakik.com\/"},{"@type":"ListItem","position":2,"name":"KEMA M\u00fctevelli Heyeti Ba\u015fkan\u0131 \u0130lseven: \u201cElbirli\u011fi ile ormanlar\u0131m\u0131z\u0131 koruyal\u0131m, alanlar\u0131n\u0131 \u00e7o\u011faltal\u0131m\u201d"}]},{"@type":"WebSite","@id":"https:\/\/kibrisdakik.com\/#website","url":"https:\/\/kibrisdakik.com\/","name":"","description":"Tam vaktinde haber","potentialAction":[{"@type":"SearchAction","target":{"@type":"EntryPoint","urlTemplate":"https:\/\/kibrisdakik.com\/?s={search_term_string}"},"query-input":{"@type":"PropertyValueSpecification","valueRequired":true,"valueName":"search_term_string"}}],"inLanguage":"tr"},{"@type":"Person","@id":"https:\/\/kibrisdakik.com\/#\/schema\/person\/9cd9d437bbb44f72b73ba127e06d8e79","name":"admin","image":{"@type":"ImageObject","inLanguage":"tr","@id":"https:\/\/secure.gravatar.com\/avatar\/ccc17943b9d660506c869530f897617f7cb1c21a4bf30023f252596d83e1f007?s=96&d=mm&r=g","url":"https:\/\/secure.gravatar.com\/avatar\/ccc17943b9d660506c869530f897617f7cb1c21a4bf30023f252596d83e1f007?s=96&d=mm&r=g","contentUrl":"https:\/\/secure.gravatar.com\/avatar\/ccc17943b9d660506c869530f897617f7cb1c21a4bf30023f252596d83e1f007?s=96&d=mm&r=g","caption":"admin"},"sameAs":["https:\/\/kibrisdakik.com"],"url":"https:\/\/kibrisdakik.com\/?author=1"}]}},"_links":{"self":[{"href":"https:\/\/kibrisdakik.com\/index.php?rest_route=\/wp\/v2\/posts\/78472","targetHints":{"allow":["GET"]}}],"collection":[{"href":"https:\/\/kibrisdakik.com\/index.php?rest_route=\/wp\/v2\/posts"}],"about":[{"href":"https:\/\/kibrisdakik.com\/index.php?rest_route=\/wp\/v2\/types\/post"}],"author":[{"embeddable":true,"href":"https:\/\/kibrisdakik.com\/index.php?rest_route=\/wp\/v2\/users\/1"}],"replies":[{"embeddable":true,"href":"https:\/\/kibrisdakik.com\/index.php?rest_route=%2Fwp%2Fv2%2Fcomments&post=78472"}],"version-history":[{"count":0,"href":"https:\/\/kibrisdakik.com\/index.php?rest_route=\/wp\/v2\/posts\/78472\/revisions"}],"wp:featuredmedia":[{"embeddable":true,"href":"https:\/\/kibrisdakik.com\/index.php?rest_route=\/wp\/v2\/media\/52619"}],"wp:attachment":[{"href":"https:\/\/kibrisdakik.com\/index.php?rest_route=%2Fwp%2Fv2%2Fmedia&parent=78472"}],"wp:term":[{"taxonomy":"category","embeddable":true,"href":"https:\/\/kibrisdakik.com\/index.php?rest_route=%2Fwp%2Fv2%2Fcategories&post=78472"},{"taxonomy":"post_tag","embeddable":true,"href":"https:\/\/kibrisdakik.com\/index.php?rest_route=%2Fwp%2Fv2%2Ftags&post=78472"}],"curies":[{"name":"wp","href":"https:\/\/api.w.org\/{rel}","templated":true}]}}