{"id":78510,"date":"2025-03-23T09:38:45","date_gmt":"2025-03-23T06:38:45","guid":{"rendered":"https:\/\/kibrisdakik.com\/index.php\/2025\/03\/23\/ulusal-birlik-partisi-gazimagusa-ilce-orgutu-iftar-yemegi-duzenledi\/"},"modified":"2025-03-23T09:38:45","modified_gmt":"2025-03-23T06:38:45","slug":"ulusal-birlik-partisi-gazimagusa-ilce-orgutu-iftar-yemegi-duzenledi","status":"publish","type":"post","link":"https:\/\/kibrisdakik.com\/?p=78510","title":{"rendered":"Ulusal Birlik Partisi Gazima\u011fusa \u0130l\u00e7e \u00d6rg\u00fct\u00fc iftar yeme\u011fi d\u00fczenledi"},"content":{"rendered":"<div>\n<div class=\"mariselle-image-container center\">\n                                            <\/div>\n<p>Ulusal Birlik Partisi Gazima\u011fusa \u0130l\u00e7e \u00d6rg\u00fct\u00fc iftar yeme\u011fi d\u00fczenledi. <\/p>\n<p>\tYeme\u011fe; Cumhurba\u015fkan\u0131 Ersin Tatar, e\u015fi Sibel Tatar, Ulusal Birlik Partisi Genel Ba\u015fkan\u0131, Ba\u015fbakan \u00dcnal \u00dcstel, e\u015fi Zerrin \u00dcstel, baz\u0131 bakan ve milletvekilleri ile parti \u00fcyeleri kat\u0131ld\u0131.  <\/p>\n<p>Dualar e\u015fli\u011finde iftar edildikten sonra yemekte konu\u015fmalar yap\u0131ld\u0131. <\/p>\n<p>Ulusal Birlik Partisi Gazima\u011fusa \u0130l\u00e7e Ba\u015fkan\u0131 Nahit \u00d6nc\u00fc, il\u00e7e \u00f6rg\u00fct\u00fc olarak Ba\u015fbakan, Genel Ba\u015fkan \u00dcnal \u00dcstel \u00f6nderli\u011finde ger\u00e7ekle\u015ftirilen b\u00f6lge ziyaretlerine de\u011finerek, bayram sonras\u0131 da ziyaretlerin devam edece\u011fini ifade etti.   <\/p>\n<div class=\"mariselle-image-container center\">\n                <img loading=\"lazy\" decoding=\"async\" width=\"1600\" height=\"670\" class=\"lazy-image\" alt=\"\" sizes=\"auto, (max-width: 1600px) 100vw, 1600px\" src=\"https:\/\/brtk.net\/wp-content\/uploads\/2025\/03\/23\/ka.jpg?ver=65116c1f012ae4530cb8744a95559377\" srcset=\"https:\/\/brtk.net\/wp-content\/uploads\/2025\/03\/23\/ka.jpg?ver=65116c1f012ae4530cb8744a95559377 1600w, https:\/\/brtk.net\/wp-content\/uploads\/2025\/03\/23\/ka-300x126.jpg?ver=65116c1f012ae4530cb8744a95559377 300w, https:\/\/brtk.net\/wp-content\/uploads\/2025\/03\/23\/ka-1024x429.jpg?ver=d66d37c6d278b9edcb92de9dd72b39ef 1024w, https:\/\/brtk.net\/wp-content\/uploads\/2025\/03\/23\/ka-768x322.jpg?ver=d66d37c6d278b9edcb92de9dd72b39ef 768w, https:\/\/brtk.net\/wp-content\/uploads\/2025\/03\/23\/ka-1536x643.jpg?ver=d66d37c6d278b9edcb92de9dd72b39ef 1536w\"\/>                            <\/div>\n<p>Ulusal Birlik Partisi Genel Sekreteri O\u011fuzhan Hasipo\u011flu, ger\u00e7ekle\u015fen Cenevre Zirvesi\u2019ne de\u011finerek, 40 y\u0131l s\u00fcren federasyon g\u00f6r\u00fc\u015fme s\u00fcrecinin Cumhurba\u015fkan\u0131 Ersin Tatar\u2019\u0131n yeni vizyonuyla sonland\u0131r\u0131ld\u0131\u011f\u0131n\u0131 dile getirdi. <\/p>\n<div class=\"mariselle-image-container center\">\n                <img loading=\"lazy\" decoding=\"async\" width=\"1600\" height=\"817\" class=\"lazy-image\" alt=\"\" sizes=\"auto, (max-width: 1600px) 100vw, 1600px\" src=\"https:\/\/brtk.net\/wp-content\/uploads\/2025\/03\/23\/08b0662c-40c7-4f23-aff1-f5a10f6779f8.jpg?ver=fa01db8da41aaf4a759bdb7663697144\" srcset=\"https:\/\/brtk.net\/wp-content\/uploads\/2025\/03\/23\/08b0662c-40c7-4f23-aff1-f5a10f6779f8.jpg?ver=fa01db8da41aaf4a759bdb7663697144 1600w, https:\/\/brtk.net\/wp-content\/uploads\/2025\/03\/23\/08b0662c-40c7-4f23-aff1-f5a10f6779f8-300x153.jpg?ver=297e2514ccf97cc61a4d18a7fc422d78 300w, https:\/\/brtk.net\/wp-content\/uploads\/2025\/03\/23\/08b0662c-40c7-4f23-aff1-f5a10f6779f8-1024x523.jpg?ver=297e2514ccf97cc61a4d18a7fc422d78 1024w, https:\/\/brtk.net\/wp-content\/uploads\/2025\/03\/23\/08b0662c-40c7-4f23-aff1-f5a10f6779f8-768x392.jpg?ver=297e2514ccf97cc61a4d18a7fc422d78 768w, https:\/\/brtk.net\/wp-content\/uploads\/2025\/03\/23\/08b0662c-40c7-4f23-aff1-f5a10f6779f8-1536x784.jpg?ver=5e29b97a9def0fc8fd8f65b991eaea16 1536w\"\/>                            <\/div>\n<p>Ulusal Birlik Partisi Genel Ba\u015fkan\u0131, Ba\u015fbakan \u00dcnal \u00dcstel de, Cenevre zirvesinde Cumhurba\u015fkan\u0131 Ersin Tatar\u2019\u0131n yeni siyasetle, vizyonunu masaya getirerek kay\u0131tlara ge\u00e7ti\u011fini an\u0131msatt\u0131. <\/p>\n<p>\tHalk\u0131n sorunlar\u0131n\u0131 ve ihtiya\u00e7lar\u0131n\u0131 birer birer s\u0131raya koyup, s\u00f6z verilen t\u00fcm icraatlar\u0131n hayata ge\u00e7irildi\u011fine vurgu yapan \u00dcstel, \u00f6ncelikli hedeflerinin aras\u0131nda sa\u011fl\u0131k alan\u0131ndaki yat\u0131r\u0131mlar\u0131n geldi\u011fini s\u00f6yledi. <\/p>\n<p>\t2025 y\u0131l\u0131n\u0131n sa\u011fl\u0131k y\u0131l\u0131 olaca\u011f\u0131 s\u00f6z\u00fcn\u00fcn verildi\u011fini dile getiren \u00dcstel, t\u00fcm b\u00f6lgelerde ve ba\u015fkent Lefko\u015fa\u2019da yap\u0131lacak yat\u0131r\u0131mlar\u0131 anlatt\u0131. <\/p>\n<p>\tHayata ge\u00e7ecek olan sosyal konut projelerini de an\u0131msatan Ba\u015fbakan, evi olmayan gen\u00e7lerin ev sahibi olaca\u011f\u0131n\u0131 dile getirdi. <\/p>\n<p>Yakla\u015fan Cumhurba\u015fkanl\u0131\u011f\u0131 se\u00e7imlerine de de\u011finen \u00dcstel, partililere Cumhurba\u015fkan\u0131 Ersin Tatar\u2019a destek \u00e7a\u011fr\u0131s\u0131nda bulundu. <\/p>\n<div class=\"mariselle-image-container center\">\n                <img loading=\"lazy\" decoding=\"async\" width=\"1600\" height=\"873\" class=\"lazy-image\" alt=\"\" sizes=\"auto, (max-width: 1600px) 100vw, 1600px\" src=\"https:\/\/brtk.net\/wp-content\/uploads\/2025\/03\/23\/skja.jpg?ver=85103e0628c5f3bbb34a4059dc780d55\" srcset=\"https:\/\/brtk.net\/wp-content\/uploads\/2025\/03\/23\/skja.jpg?ver=85103e0628c5f3bbb34a4059dc780d55 1600w, https:\/\/brtk.net\/wp-content\/uploads\/2025\/03\/23\/skja-300x164.jpg?ver=85103e0628c5f3bbb34a4059dc780d55 300w, https:\/\/brtk.net\/wp-content\/uploads\/2025\/03\/23\/skja-1024x559.jpg?ver=85103e0628c5f3bbb34a4059dc780d55 1024w, https:\/\/brtk.net\/wp-content\/uploads\/2025\/03\/23\/skja-768x419.jpg?ver=9a2a8e496a7cb7d8036b404e984dfe7a 768w, https:\/\/brtk.net\/wp-content\/uploads\/2025\/03\/23\/skja-1536x838.jpg?ver=9a2a8e496a7cb7d8036b404e984dfe7a 1536w\"\/>                            <\/div>\n<p>Cumhurba\u015fkan\u0131 Ersin Tatar da, Cenevre Zirvesi\u2019ne de\u011finerek, \u201cFederasyon defteri kapanm\u0131\u015ft\u0131r, bir anla\u015fma olacaksa Kuzey K\u0131br\u0131s T\u00fcrk Cumhuriyeti o anla\u015fman\u0131n bir par\u00e7as\u0131 olacakt\u0131r\u201d ifadelerini kulland\u0131.<\/p>\n<p>Cumhurba\u015fkan\u0131, Kuzey K\u0131br\u0131s T\u00fcrk Cumhuriyeti\u2019nden, devletten vazge\u00e7menin s\u00f6z konusu olmad\u0131\u011f\u0131n\u0131 vurgulayarak, T\u00fcrkiye Cumhuriyeti\u2019nin deste\u011fiyle altyap\u0131 yat\u0131r\u0131mlar\u0131n\u0131n devam edece\u011fine i\u015faret etti.<\/p>\n<p>\tCumhurba\u015fkan\u0131 Tatar, T\u00fcrkiye Cumhuriyeti ile 21 Milyar T\u00fcrk Liral\u0131k protokol imzalad\u0131\u011f\u0131n\u0131, \u00fclkenin ekonomik ko\u015fullar\u0131na g\u00f6re bu mebla\u011f\u0131n k\u00fc\u00e7\u00fcmseyecek bir rakam olmad\u0131\u011f\u0131n\u0131 belirtti.<\/p>\n<p>\tTatar, T\u00fcrkiye Cumhuriyeti ile y\u00fcr\u00fct\u00fclen yeni siyasetten geri ad\u0131m at\u0131lmayaca\u011f\u0131n\u0131 s\u00f6zlerine ekledi.<\/p>\n<\/p><\/div>\n<p><script async\n                    defer\n                    crossorigin=\"anonymous\"\n                    src=\"https:\/\/connect.facebook.net\/tr_TR\/sdk.js#xfbml=1&#038;version=v3.3\"\n            ><\/script><\/p>\n","protected":false},"excerpt":{"rendered":"<p>Ulusal Birlik Partisi Gazima\u011fusa \u0130l\u00e7e \u00d6rg\u00fct\u00fc iftar yeme\u011fi d\u00fczenledi. Yeme\u011fe; Cumhurba\u015fkan\u0131 Ersin Tatar, e\u015fi Sibel Tatar, Ulusal Birlik Partisi Genel Ba\u015fkan\u0131, Ba\u015fbakan \u00dcnal \u00dcstel, e\u015fi Zerrin \u00dcstel, baz\u0131 bakan ve milletvekilleri ile parti \u00fcyeleri kat\u0131ld\u0131. Dualar e\u015fli\u011finde iftar edildikten sonra yemekte konu\u015fmalar yap\u0131ld\u0131. Ulusal Birlik Partisi Gazima\u011fusa \u0130l\u00e7e Ba\u015fkan\u0131 Nahit \u00d6nc\u00fc, il\u00e7e \u00f6rg\u00fct\u00fc olarak Ba\u015fbakan,<\/p>\n","protected":false},"author":1,"featured_media":78511,"comment_status":"open","ping_status":"open","sticky":false,"template":"","format":"standard","meta":{"footnotes":""},"categories":[81,101],"tags":[],"class_list":["post-78510","post","type-post","status-publish","format-standard","has-post-thumbnail","hentry","category-kibris","category-manset"],"yoast_head":"<!-- This site is optimized with the Yoast SEO plugin v27.5 - https:\/\/yoast.com\/product\/yoast-seo-wordpress\/ -->\n<title>Ulusal Birlik Partisi Gazima\u011fusa \u0130l\u00e7e \u00d6rg\u00fct\u00fc iftar yeme\u011fi d\u00fczenledi -<\/title>\n<meta name=\"robots\" content=\"index, follow, max-snippet:-1, max-image-preview:large, max-video-preview:-1\" \/>\n<link rel=\"canonical\" href=\"https:\/\/kibrisdakik.com\/?p=78510\" \/>\n<meta property=\"og:locale\" content=\"tr_TR\" \/>\n<meta property=\"og:type\" content=\"article\" \/>\n<meta property=\"og:title\" content=\"Ulusal Birlik Partisi Gazima\u011fusa \u0130l\u00e7e \u00d6rg\u00fct\u00fc iftar yeme\u011fi d\u00fczenledi -\" \/>\n<meta property=\"og:description\" content=\"Ulusal Birlik Partisi Gazima\u011fusa \u0130l\u00e7e \u00d6rg\u00fct\u00fc iftar yeme\u011fi d\u00fczenledi. Yeme\u011fe; Cumhurba\u015fkan\u0131 Ersin Tatar, e\u015fi Sibel Tatar, Ulusal Birlik Partisi Genel Ba\u015fkan\u0131, Ba\u015fbakan \u00dcnal \u00dcstel, e\u015fi Zerrin \u00dcstel, baz\u0131 bakan ve milletvekilleri ile parti \u00fcyeleri kat\u0131ld\u0131. Dualar e\u015fli\u011finde iftar edildikten sonra yemekte konu\u015fmalar yap\u0131ld\u0131. Ulusal Birlik Partisi Gazima\u011fusa \u0130l\u00e7e Ba\u015fkan\u0131 Nahit \u00d6nc\u00fc, il\u00e7e \u00f6rg\u00fct\u00fc olarak Ba\u015fbakan,\" \/>\n<meta property=\"og:url\" content=\"https:\/\/kibrisdakik.com\/?p=78510\" \/>\n<meta property=\"article:published_time\" content=\"2025-03-23T06:38:45+00:00\" \/>\n<meta property=\"og:image\" content=\"https:\/\/kibrisdakik.com\/wp-content\/uploads\/2025\/03\/sasdksa-740x420.jpg\" \/>\n\t<meta property=\"og:image:width\" content=\"1600\" \/>\n\t<meta property=\"og:image:height\" content=\"798\" \/>\n\t<meta property=\"og:image:type\" content=\"image\/jpeg\" \/>\n<meta name=\"author\" content=\"admin\" \/>\n<meta name=\"twitter:card\" content=\"summary_large_image\" \/>\n<meta name=\"twitter:label1\" content=\"Yazan:\" \/>\n\t<meta name=\"twitter:data1\" content=\"admin\" \/>\n\t<meta name=\"twitter:label2\" content=\"Tahmini okuma s\u00fcresi\" \/>\n\t<meta name=\"twitter:data2\" content=\"2 dakika\" \/>\n<script type=\"application\/ld+json\" class=\"yoast-schema-graph\">{\"@context\":\"https:\\\/\\\/schema.org\",\"@graph\":[{\"@type\":\"Article\",\"@id\":\"https:\\\/\\\/kibrisdakik.com\\\/?p=78510#article\",\"isPartOf\":{\"@id\":\"https:\\\/\\\/kibrisdakik.com\\\/?p=78510\"},\"author\":{\"name\":\"admin\",\"@id\":\"https:\\\/\\\/kibrisdakik.com\\\/#\\\/schema\\\/person\\\/9cd9d437bbb44f72b73ba127e06d8e79\"},\"headline\":\"Ulusal Birlik Partisi Gazima\u011fusa \u0130l\u00e7e \u00d6rg\u00fct\u00fc iftar yeme\u011fi d\u00fczenledi\",\"datePublished\":\"2025-03-23T06:38:45+00:00\",\"mainEntityOfPage\":{\"@id\":\"https:\\\/\\\/kibrisdakik.com\\\/?p=78510\"},\"wordCount\":434,\"commentCount\":0,\"image\":{\"@id\":\"https:\\\/\\\/kibrisdakik.com\\\/?p=78510#primaryimage\"},\"thumbnailUrl\":\"https:\\\/\\\/kibrisdakik.com\\\/wp-content\\\/uploads\\\/2025\\\/03\\\/sasdksa-740x420.jpg\",\"articleSection\":[\"K\u0131br\u0131s\",\"Man\u015fet\"],\"inLanguage\":\"tr\",\"potentialAction\":[{\"@type\":\"CommentAction\",\"name\":\"Comment\",\"target\":[\"https:\\\/\\\/kibrisdakik.com\\\/?p=78510#respond\"]}]},{\"@type\":\"WebPage\",\"@id\":\"https:\\\/\\\/kibrisdakik.com\\\/?p=78510\",\"url\":\"https:\\\/\\\/kibrisdakik.com\\\/?p=78510\",\"name\":\"Ulusal Birlik Partisi Gazima\u011fusa \u0130l\u00e7e \u00d6rg\u00fct\u00fc iftar yeme\u011fi d\u00fczenledi -\",\"isPartOf\":{\"@id\":\"https:\\\/\\\/kibrisdakik.com\\\/#website\"},\"primaryImageOfPage\":{\"@id\":\"https:\\\/\\\/kibrisdakik.com\\\/?p=78510#primaryimage\"},\"image\":{\"@id\":\"https:\\\/\\\/kibrisdakik.com\\\/?p=78510#primaryimage\"},\"thumbnailUrl\":\"https:\\\/\\\/kibrisdakik.com\\\/wp-content\\\/uploads\\\/2025\\\/03\\\/sasdksa-740x420.jpg\",\"datePublished\":\"2025-03-23T06:38:45+00:00\",\"author\":{\"@id\":\"https:\\\/\\\/kibrisdakik.com\\\/#\\\/schema\\\/person\\\/9cd9d437bbb44f72b73ba127e06d8e79\"},\"breadcrumb\":{\"@id\":\"https:\\\/\\\/kibrisdakik.com\\\/?p=78510#breadcrumb\"},\"inLanguage\":\"tr\",\"potentialAction\":[{\"@type\":\"ReadAction\",\"target\":[\"https:\\\/\\\/kibrisdakik.com\\\/?p=78510\"]}]},{\"@type\":\"ImageObject\",\"inLanguage\":\"tr\",\"@id\":\"https:\\\/\\\/kibrisdakik.com\\\/?p=78510#primaryimage\",\"url\":\"https:\\\/\\\/kibrisdakik.com\\\/wp-content\\\/uploads\\\/2025\\\/03\\\/sasdksa-740x420.jpg\",\"contentUrl\":\"https:\\\/\\\/kibrisdakik.com\\\/wp-content\\\/uploads\\\/2025\\\/03\\\/sasdksa-740x420.jpg\",\"width\":1600,\"height\":798},{\"@type\":\"BreadcrumbList\",\"@id\":\"https:\\\/\\\/kibrisdakik.com\\\/?p=78510#breadcrumb\",\"itemListElement\":[{\"@type\":\"ListItem\",\"position\":1,\"name\":\"Home\",\"item\":\"https:\\\/\\\/kibrisdakik.com\\\/\"},{\"@type\":\"ListItem\",\"position\":2,\"name\":\"Ulusal Birlik Partisi Gazima\u011fusa \u0130l\u00e7e \u00d6rg\u00fct\u00fc iftar yeme\u011fi d\u00fczenledi\"}]},{\"@type\":\"WebSite\",\"@id\":\"https:\\\/\\\/kibrisdakik.com\\\/#website\",\"url\":\"https:\\\/\\\/kibrisdakik.com\\\/\",\"name\":\"\",\"description\":\"Tam vaktinde haber\",\"potentialAction\":[{\"@type\":\"SearchAction\",\"target\":{\"@type\":\"EntryPoint\",\"urlTemplate\":\"https:\\\/\\\/kibrisdakik.com\\\/?s={search_term_string}\"},\"query-input\":{\"@type\":\"PropertyValueSpecification\",\"valueRequired\":true,\"valueName\":\"search_term_string\"}}],\"inLanguage\":\"tr\"},{\"@type\":\"Person\",\"@id\":\"https:\\\/\\\/kibrisdakik.com\\\/#\\\/schema\\\/person\\\/9cd9d437bbb44f72b73ba127e06d8e79\",\"name\":\"admin\",\"image\":{\"@type\":\"ImageObject\",\"inLanguage\":\"tr\",\"@id\":\"https:\\\/\\\/secure.gravatar.com\\\/avatar\\\/ccc17943b9d660506c869530f897617f7cb1c21a4bf30023f252596d83e1f007?s=96&d=mm&r=g\",\"url\":\"https:\\\/\\\/secure.gravatar.com\\\/avatar\\\/ccc17943b9d660506c869530f897617f7cb1c21a4bf30023f252596d83e1f007?s=96&d=mm&r=g\",\"contentUrl\":\"https:\\\/\\\/secure.gravatar.com\\\/avatar\\\/ccc17943b9d660506c869530f897617f7cb1c21a4bf30023f252596d83e1f007?s=96&d=mm&r=g\",\"caption\":\"admin\"},\"sameAs\":[\"https:\\\/\\\/kibrisdakik.com\"],\"url\":\"https:\\\/\\\/kibrisdakik.com\\\/?author=1\"}]}<\/script>\n<!-- \/ Yoast SEO plugin. -->","yoast_head_json":{"title":"Ulusal Birlik Partisi Gazima\u011fusa \u0130l\u00e7e \u00d6rg\u00fct\u00fc iftar yeme\u011fi d\u00fczenledi -","robots":{"index":"index","follow":"follow","max-snippet":"max-snippet:-1","max-image-preview":"max-image-preview:large","max-video-preview":"max-video-preview:-1"},"canonical":"https:\/\/kibrisdakik.com\/?p=78510","og_locale":"tr_TR","og_type":"article","og_title":"Ulusal Birlik Partisi Gazima\u011fusa \u0130l\u00e7e \u00d6rg\u00fct\u00fc iftar yeme\u011fi d\u00fczenledi -","og_description":"Ulusal Birlik Partisi Gazima\u011fusa \u0130l\u00e7e \u00d6rg\u00fct\u00fc iftar yeme\u011fi d\u00fczenledi. Yeme\u011fe; Cumhurba\u015fkan\u0131 Ersin Tatar, e\u015fi Sibel Tatar, Ulusal Birlik Partisi Genel Ba\u015fkan\u0131, Ba\u015fbakan \u00dcnal \u00dcstel, e\u015fi Zerrin \u00dcstel, baz\u0131 bakan ve milletvekilleri ile parti \u00fcyeleri kat\u0131ld\u0131. Dualar e\u015fli\u011finde iftar edildikten sonra yemekte konu\u015fmalar yap\u0131ld\u0131. Ulusal Birlik Partisi Gazima\u011fusa \u0130l\u00e7e Ba\u015fkan\u0131 Nahit \u00d6nc\u00fc, il\u00e7e \u00f6rg\u00fct\u00fc olarak Ba\u015fbakan,","og_url":"https:\/\/kibrisdakik.com\/?p=78510","article_published_time":"2025-03-23T06:38:45+00:00","og_image":[{"width":1600,"height":798,"url":"https:\/\/kibrisdakik.com\/wp-content\/uploads\/2025\/03\/sasdksa-740x420.jpg","type":"image\/jpeg"}],"author":"admin","twitter_card":"summary_large_image","twitter_misc":{"Yazan:":"admin","Tahmini okuma s\u00fcresi":"2 dakika"},"schema":{"@context":"https:\/\/schema.org","@graph":[{"@type":"Article","@id":"https:\/\/kibrisdakik.com\/?p=78510#article","isPartOf":{"@id":"https:\/\/kibrisdakik.com\/?p=78510"},"author":{"name":"admin","@id":"https:\/\/kibrisdakik.com\/#\/schema\/person\/9cd9d437bbb44f72b73ba127e06d8e79"},"headline":"Ulusal Birlik Partisi Gazima\u011fusa \u0130l\u00e7e \u00d6rg\u00fct\u00fc iftar yeme\u011fi d\u00fczenledi","datePublished":"2025-03-23T06:38:45+00:00","mainEntityOfPage":{"@id":"https:\/\/kibrisdakik.com\/?p=78510"},"wordCount":434,"commentCount":0,"image":{"@id":"https:\/\/kibrisdakik.com\/?p=78510#primaryimage"},"thumbnailUrl":"https:\/\/kibrisdakik.com\/wp-content\/uploads\/2025\/03\/sasdksa-740x420.jpg","articleSection":["K\u0131br\u0131s","Man\u015fet"],"inLanguage":"tr","potentialAction":[{"@type":"CommentAction","name":"Comment","target":["https:\/\/kibrisdakik.com\/?p=78510#respond"]}]},{"@type":"WebPage","@id":"https:\/\/kibrisdakik.com\/?p=78510","url":"https:\/\/kibrisdakik.com\/?p=78510","name":"Ulusal Birlik Partisi Gazima\u011fusa \u0130l\u00e7e \u00d6rg\u00fct\u00fc iftar yeme\u011fi d\u00fczenledi -","isPartOf":{"@id":"https:\/\/kibrisdakik.com\/#website"},"primaryImageOfPage":{"@id":"https:\/\/kibrisdakik.com\/?p=78510#primaryimage"},"image":{"@id":"https:\/\/kibrisdakik.com\/?p=78510#primaryimage"},"thumbnailUrl":"https:\/\/kibrisdakik.com\/wp-content\/uploads\/2025\/03\/sasdksa-740x420.jpg","datePublished":"2025-03-23T06:38:45+00:00","author":{"@id":"https:\/\/kibrisdakik.com\/#\/schema\/person\/9cd9d437bbb44f72b73ba127e06d8e79"},"breadcrumb":{"@id":"https:\/\/kibrisdakik.com\/?p=78510#breadcrumb"},"inLanguage":"tr","potentialAction":[{"@type":"ReadAction","target":["https:\/\/kibrisdakik.com\/?p=78510"]}]},{"@type":"ImageObject","inLanguage":"tr","@id":"https:\/\/kibrisdakik.com\/?p=78510#primaryimage","url":"https:\/\/kibrisdakik.com\/wp-content\/uploads\/2025\/03\/sasdksa-740x420.jpg","contentUrl":"https:\/\/kibrisdakik.com\/wp-content\/uploads\/2025\/03\/sasdksa-740x420.jpg","width":1600,"height":798},{"@type":"BreadcrumbList","@id":"https:\/\/kibrisdakik.com\/?p=78510#breadcrumb","itemListElement":[{"@type":"ListItem","position":1,"name":"Home","item":"https:\/\/kibrisdakik.com\/"},{"@type":"ListItem","position":2,"name":"Ulusal Birlik Partisi Gazima\u011fusa \u0130l\u00e7e \u00d6rg\u00fct\u00fc iftar yeme\u011fi d\u00fczenledi"}]},{"@type":"WebSite","@id":"https:\/\/kibrisdakik.com\/#website","url":"https:\/\/kibrisdakik.com\/","name":"","description":"Tam vaktinde haber","potentialAction":[{"@type":"SearchAction","target":{"@type":"EntryPoint","urlTemplate":"https:\/\/kibrisdakik.com\/?s={search_term_string}"},"query-input":{"@type":"PropertyValueSpecification","valueRequired":true,"valueName":"search_term_string"}}],"inLanguage":"tr"},{"@type":"Person","@id":"https:\/\/kibrisdakik.com\/#\/schema\/person\/9cd9d437bbb44f72b73ba127e06d8e79","name":"admin","image":{"@type":"ImageObject","inLanguage":"tr","@id":"https:\/\/secure.gravatar.com\/avatar\/ccc17943b9d660506c869530f897617f7cb1c21a4bf30023f252596d83e1f007?s=96&d=mm&r=g","url":"https:\/\/secure.gravatar.com\/avatar\/ccc17943b9d660506c869530f897617f7cb1c21a4bf30023f252596d83e1f007?s=96&d=mm&r=g","contentUrl":"https:\/\/secure.gravatar.com\/avatar\/ccc17943b9d660506c869530f897617f7cb1c21a4bf30023f252596d83e1f007?s=96&d=mm&r=g","caption":"admin"},"sameAs":["https:\/\/kibrisdakik.com"],"url":"https:\/\/kibrisdakik.com\/?author=1"}]}},"_links":{"self":[{"href":"https:\/\/kibrisdakik.com\/index.php?rest_route=\/wp\/v2\/posts\/78510","targetHints":{"allow":["GET"]}}],"collection":[{"href":"https:\/\/kibrisdakik.com\/index.php?rest_route=\/wp\/v2\/posts"}],"about":[{"href":"https:\/\/kibrisdakik.com\/index.php?rest_route=\/wp\/v2\/types\/post"}],"author":[{"embeddable":true,"href":"https:\/\/kibrisdakik.com\/index.php?rest_route=\/wp\/v2\/users\/1"}],"replies":[{"embeddable":true,"href":"https:\/\/kibrisdakik.com\/index.php?rest_route=%2Fwp%2Fv2%2Fcomments&post=78510"}],"version-history":[{"count":0,"href":"https:\/\/kibrisdakik.com\/index.php?rest_route=\/wp\/v2\/posts\/78510\/revisions"}],"wp:featuredmedia":[{"embeddable":true,"href":"https:\/\/kibrisdakik.com\/index.php?rest_route=\/wp\/v2\/media\/78511"}],"wp:attachment":[{"href":"https:\/\/kibrisdakik.com\/index.php?rest_route=%2Fwp%2Fv2%2Fmedia&parent=78510"}],"wp:term":[{"taxonomy":"category","embeddable":true,"href":"https:\/\/kibrisdakik.com\/index.php?rest_route=%2Fwp%2Fv2%2Fcategories&post=78510"},{"taxonomy":"post_tag","embeddable":true,"href":"https:\/\/kibrisdakik.com\/index.php?rest_route=%2Fwp%2Fv2%2Ftags&post=78510"}],"curies":[{"name":"wp","href":"https:\/\/api.w.org\/{rel}","templated":true}]}}