{"id":78524,"date":"2025-03-23T12:30:31","date_gmt":"2025-03-23T09:30:31","guid":{"rendered":"https:\/\/kibrisdakik.com\/index.php\/2025\/03\/23\/hp-baskani-ozersaydan-hukumete-elestiri\/"},"modified":"2025-03-23T12:30:31","modified_gmt":"2025-03-23T09:30:31","slug":"hp-baskani-ozersaydan-hukumete-elestiri","status":"publish","type":"post","link":"https:\/\/kibrisdakik.com\/?p=78524","title":{"rendered":"HP Ba\u015fkan\u0131 \u00d6zersay\u2019dan h\u00fck\u00fcmete ele\u015ftiri"},"content":{"rendered":"<div>\n<div class=\"mariselle-image-container center\">\n                                            <\/div>\n<p>Halk\u0131n Partisi (HP) Genel Ba\u015fkan\u0131 Kudret \u00d6zersay, h\u00fck\u00fcmetin seyr\u00fcsefer \u00fccretlerinde yapt\u0131\u011f\u0131 de\u011fi\u015fikliklere tepki g\u00f6sterdi, ele\u015ftirilerde bulundu.<\/p>\n<p>HP\u2019den yap\u0131lan a\u00e7\u0131klamaya g\u00f6re, \u00d6zersay, \u201ch\u00fck\u00fcmetin geri ad\u0131m atarak t\u00fcz\u00fckte de\u011fi\u015fiklik yapmas\u0131n\u0131n, uygulanan zamlar\u0131n yasaya ayk\u0131r\u0131 oldu\u011funu kabul etmek anlam\u0131na geldi\u011fini ancak bu ad\u0131m\u0131n sadece k\u0131smi bir d\u00fczeltme oldu\u011funu\u201d ifade etti.<\/p>\n<p>\u00d6zersay, yap\u0131lan de\u011fi\u015fikliklerin sorunu k\u00f6kten \u00e7\u00f6zmedi\u011fini belirterek, \u201cH\u00fck\u00fcmet sadece k\u0131smi bir d\u00fczeltme yapt\u0131. T\u00fcz\u00fckteki rakamlar h\u00e2l\u00e2 yasaya ayk\u0131r\u0131 ve fahi\u015f d\u00fczeydedir.\u201d dedi.<\/p>\n<p>\u00d6zersay, h\u00fck\u00fcmetin bu ad\u0131m\u0131, daha \u00f6nce HP taraf\u0131ndan a\u00e7\u0131lan davalar nedeniyle atmak zorunda kald\u0131\u011f\u0131n\u0131 ancak buna ra\u011fmen vatanda\u015flar\u0131n ma\u011fduriyetini giderecek bir ad\u0131m at\u0131lmad\u0131\u011f\u0131n\u0131 savundu.<\/p>\n<p>Seyr\u00fcsefer \u00fccretlerine ili\u015fkin yap\u0131lan art\u0131\u015f\u0131n zamanlamas\u0131na da dikkat \u00e7eken \u00d6zersay, h\u00fck\u00fcmetin Ocak 2024\u2019te yapmas\u0131 gereken zamm\u0131 temmuza b\u0131rakt\u0131\u011f\u0131n\u0131, ard\u0131ndan Ocak 2025\u2019te bir zam daha yaparak \u00f6zellikle y\u0131l\u0131n ilk aylar\u0131nda \u00f6deme yapan vatanda\u015flara \u00e7ifte zam y\u00fckledi\u011fini belirterek ,\u201cBu adaletsizlik yeni t\u00fcz\u00fckte de d\u00fczeltilmedi.\u201d ifadesini kulland\u0131.<\/p>\n<p>\u00d6zellikle ocak, \u015fubat ve mart aylar\u0131nda seyr\u00fcsefer \u00f6demesi yapan vatanda\u015flar\u0131n ma\u011fdur edildi\u011fini s\u00f6yleyen \u00d6zersay, \u201cH\u00fck\u00fcmet, hatal\u0131 uygulamas\u0131ndan kaynaklanan fark\u0131 bu ki\u015filere ne iade etti ne de sonraki seyr\u00fcsefer \u00f6demelerinden d\u00fc\u015fece\u011fine dair bir d\u00fczenleme yapt\u0131.\u201d \u015feklinde konu\u015ftu.<\/p>\n<p>H\u00fck\u00fcmetin eski t\u00fcz\u00fc\u011f\u00fc y\u00fcr\u00fcrl\u00fckten kald\u0131rarak yeni bir t\u00fcz\u00fck \u00e7\u0131karmas\u0131n\u0131n, a\u00e7\u0131lan davalar\u0131n s\u00fcrd\u00fcr\u00fclebilirli\u011fini zora sokmay\u0131 ama\u00e7lad\u0131\u011f\u0131n\u0131 ileri s\u00fcren \u00d6zersay, \u201cYasad\u0131\u015f\u0131l\u0131\u011f\u0131 tamamen ortadan kald\u0131rmak yerine sadece bir k\u0131sm\u0131n\u0131 d\u00fczelterek davalar\u0131m\u0131z\u0131 etkisiz hale getirmeye \u00e7al\u0131\u015ft\u0131lar\u201d dedi.<\/p>\n<p>H\u00fck\u00fcmete a\u00e7\u0131k \u00e7a\u011fr\u0131da bulunan \u00d6zersay, seyr\u00fcsefer \u00fccretlerinin olmas\u0131 gerekti\u011fi \u015fekilde d\u00fczenlenmesini istedi.<\/p>\n<p> \u201c\u015eu ana kadar \u00f6deme yapan vatanda\u015flara da farklar\u0131n\u0131 ya iade edin ya da bir sonraki \u00f6demeden d\u00fc\u015fece\u011finize dair g\u00fcvence verin.\u201d diyen \u00d6zersay, aksi takdirde \u201chukuksuzlu\u011fun\u201d devam edece\u011fini belirtti.<\/p>\n<\/p><\/div>\n<p><script async\n                    defer\n                    crossorigin=\"anonymous\"\n                    src=\"https:\/\/connect.facebook.net\/tr_TR\/sdk.js#xfbml=1&#038;version=v3.3\"\n            ><\/script><\/p>\n","protected":false},"excerpt":{"rendered":"<p>Halk\u0131n Partisi (HP) Genel Ba\u015fkan\u0131 Kudret \u00d6zersay, h\u00fck\u00fcmetin seyr\u00fcsefer \u00fccretlerinde yapt\u0131\u011f\u0131 de\u011fi\u015fikliklere tepki g\u00f6sterdi, ele\u015ftirilerde bulundu. HP\u2019den yap\u0131lan a\u00e7\u0131klamaya g\u00f6re, \u00d6zersay, \u201ch\u00fck\u00fcmetin geri ad\u0131m atarak t\u00fcz\u00fckte de\u011fi\u015fiklik yapmas\u0131n\u0131n, uygulanan zamlar\u0131n yasaya ayk\u0131r\u0131 oldu\u011funu kabul etmek anlam\u0131na geldi\u011fini ancak bu ad\u0131m\u0131n sadece k\u0131smi bir d\u00fczeltme oldu\u011funu\u201d ifade etti. \u00d6zersay, yap\u0131lan de\u011fi\u015fikliklerin sorunu k\u00f6kten \u00e7\u00f6zmedi\u011fini belirterek, \u201cH\u00fck\u00fcmet<\/p>\n","protected":false},"author":1,"featured_media":78525,"comment_status":"open","ping_status":"open","sticky":false,"template":"","format":"standard","meta":{"footnotes":""},"categories":[81,101],"tags":[],"class_list":["post-78524","post","type-post","status-publish","format-standard","has-post-thumbnail","hentry","category-kibris","category-manset"],"yoast_head":"<!-- This site is optimized with the Yoast SEO plugin v27.4 - https:\/\/yoast.com\/product\/yoast-seo-wordpress\/ -->\n<title>HP Ba\u015fkan\u0131 \u00d6zersay\u2019dan h\u00fck\u00fcmete ele\u015ftiri -<\/title>\n<meta name=\"robots\" content=\"index, follow, max-snippet:-1, max-image-preview:large, max-video-preview:-1\" \/>\n<link rel=\"canonical\" href=\"https:\/\/kibrisdakik.com\/?p=78524\" \/>\n<meta property=\"og:locale\" content=\"tr_TR\" \/>\n<meta property=\"og:type\" content=\"article\" \/>\n<meta property=\"og:title\" content=\"HP Ba\u015fkan\u0131 \u00d6zersay\u2019dan h\u00fck\u00fcmete ele\u015ftiri -\" \/>\n<meta property=\"og:description\" content=\"Halk\u0131n Partisi (HP) Genel Ba\u015fkan\u0131 Kudret \u00d6zersay, h\u00fck\u00fcmetin seyr\u00fcsefer \u00fccretlerinde yapt\u0131\u011f\u0131 de\u011fi\u015fikliklere tepki g\u00f6sterdi, ele\u015ftirilerde bulundu. HP\u2019den yap\u0131lan a\u00e7\u0131klamaya g\u00f6re, \u00d6zersay, \u201ch\u00fck\u00fcmetin geri ad\u0131m atarak t\u00fcz\u00fckte de\u011fi\u015fiklik yapmas\u0131n\u0131n, uygulanan zamlar\u0131n yasaya ayk\u0131r\u0131 oldu\u011funu kabul etmek anlam\u0131na geldi\u011fini ancak bu ad\u0131m\u0131n sadece k\u0131smi bir d\u00fczeltme oldu\u011funu\u201d ifade etti. \u00d6zersay, yap\u0131lan de\u011fi\u015fikliklerin sorunu k\u00f6kten \u00e7\u00f6zmedi\u011fini belirterek, \u201cH\u00fck\u00fcmet\" \/>\n<meta property=\"og:url\" content=\"https:\/\/kibrisdakik.com\/?p=78524\" \/>\n<meta property=\"article:published_time\" content=\"2025-03-23T09:30:31+00:00\" \/>\n<meta property=\"og:image\" content=\"https:\/\/kibrisdakik.com\/wp-content\/uploads\/2025\/03\/1742716431702ozersay-740x420.jpg\" \/>\n\t<meta property=\"og:image:width\" content=\"1067\" \/>\n\t<meta property=\"og:image:height\" content=\"1067\" \/>\n\t<meta property=\"og:image:type\" content=\"image\/jpeg\" \/>\n<meta name=\"author\" content=\"admin\" \/>\n<meta name=\"twitter:card\" content=\"summary_large_image\" \/>\n<meta name=\"twitter:label1\" content=\"Yazan:\" \/>\n\t<meta name=\"twitter:data1\" content=\"admin\" \/>\n\t<meta name=\"twitter:label2\" content=\"Tahmini okuma s\u00fcresi\" \/>\n\t<meta name=\"twitter:data2\" content=\"2 dakika\" \/>\n<script type=\"application\/ld+json\" class=\"yoast-schema-graph\">{\"@context\":\"https:\\\/\\\/schema.org\",\"@graph\":[{\"@type\":\"Article\",\"@id\":\"https:\\\/\\\/kibrisdakik.com\\\/?p=78524#article\",\"isPartOf\":{\"@id\":\"https:\\\/\\\/kibrisdakik.com\\\/?p=78524\"},\"author\":{\"name\":\"admin\",\"@id\":\"https:\\\/\\\/kibrisdakik.com\\\/#\\\/schema\\\/person\\\/9cd9d437bbb44f72b73ba127e06d8e79\"},\"headline\":\"HP Ba\u015fkan\u0131 \u00d6zersay\u2019dan h\u00fck\u00fcmete ele\u015ftiri\",\"datePublished\":\"2025-03-23T09:30:31+00:00\",\"mainEntityOfPage\":{\"@id\":\"https:\\\/\\\/kibrisdakik.com\\\/?p=78524\"},\"wordCount\":394,\"commentCount\":0,\"image\":{\"@id\":\"https:\\\/\\\/kibrisdakik.com\\\/?p=78524#primaryimage\"},\"thumbnailUrl\":\"https:\\\/\\\/kibrisdakik.com\\\/wp-content\\\/uploads\\\/2025\\\/03\\\/1742716431702ozersay-740x420.jpg\",\"articleSection\":[\"K\u0131br\u0131s\",\"Man\u015fet\"],\"inLanguage\":\"tr\",\"potentialAction\":[{\"@type\":\"CommentAction\",\"name\":\"Comment\",\"target\":[\"https:\\\/\\\/kibrisdakik.com\\\/?p=78524#respond\"]}]},{\"@type\":\"WebPage\",\"@id\":\"https:\\\/\\\/kibrisdakik.com\\\/?p=78524\",\"url\":\"https:\\\/\\\/kibrisdakik.com\\\/?p=78524\",\"name\":\"HP Ba\u015fkan\u0131 \u00d6zersay\u2019dan h\u00fck\u00fcmete ele\u015ftiri -\",\"isPartOf\":{\"@id\":\"https:\\\/\\\/kibrisdakik.com\\\/#website\"},\"primaryImageOfPage\":{\"@id\":\"https:\\\/\\\/kibrisdakik.com\\\/?p=78524#primaryimage\"},\"image\":{\"@id\":\"https:\\\/\\\/kibrisdakik.com\\\/?p=78524#primaryimage\"},\"thumbnailUrl\":\"https:\\\/\\\/kibrisdakik.com\\\/wp-content\\\/uploads\\\/2025\\\/03\\\/1742716431702ozersay-740x420.jpg\",\"datePublished\":\"2025-03-23T09:30:31+00:00\",\"author\":{\"@id\":\"https:\\\/\\\/kibrisdakik.com\\\/#\\\/schema\\\/person\\\/9cd9d437bbb44f72b73ba127e06d8e79\"},\"breadcrumb\":{\"@id\":\"https:\\\/\\\/kibrisdakik.com\\\/?p=78524#breadcrumb\"},\"inLanguage\":\"tr\",\"potentialAction\":[{\"@type\":\"ReadAction\",\"target\":[\"https:\\\/\\\/kibrisdakik.com\\\/?p=78524\"]}]},{\"@type\":\"ImageObject\",\"inLanguage\":\"tr\",\"@id\":\"https:\\\/\\\/kibrisdakik.com\\\/?p=78524#primaryimage\",\"url\":\"https:\\\/\\\/kibrisdakik.com\\\/wp-content\\\/uploads\\\/2025\\\/03\\\/1742716431702ozersay-740x420.jpg\",\"contentUrl\":\"https:\\\/\\\/kibrisdakik.com\\\/wp-content\\\/uploads\\\/2025\\\/03\\\/1742716431702ozersay-740x420.jpg\",\"width\":1067,\"height\":1067},{\"@type\":\"BreadcrumbList\",\"@id\":\"https:\\\/\\\/kibrisdakik.com\\\/?p=78524#breadcrumb\",\"itemListElement\":[{\"@type\":\"ListItem\",\"position\":1,\"name\":\"Home\",\"item\":\"https:\\\/\\\/kibrisdakik.com\\\/\"},{\"@type\":\"ListItem\",\"position\":2,\"name\":\"HP Ba\u015fkan\u0131 \u00d6zersay\u2019dan h\u00fck\u00fcmete ele\u015ftiri\"}]},{\"@type\":\"WebSite\",\"@id\":\"https:\\\/\\\/kibrisdakik.com\\\/#website\",\"url\":\"https:\\\/\\\/kibrisdakik.com\\\/\",\"name\":\"\",\"description\":\"Tam vaktinde haber\",\"potentialAction\":[{\"@type\":\"SearchAction\",\"target\":{\"@type\":\"EntryPoint\",\"urlTemplate\":\"https:\\\/\\\/kibrisdakik.com\\\/?s={search_term_string}\"},\"query-input\":{\"@type\":\"PropertyValueSpecification\",\"valueRequired\":true,\"valueName\":\"search_term_string\"}}],\"inLanguage\":\"tr\"},{\"@type\":\"Person\",\"@id\":\"https:\\\/\\\/kibrisdakik.com\\\/#\\\/schema\\\/person\\\/9cd9d437bbb44f72b73ba127e06d8e79\",\"name\":\"admin\",\"image\":{\"@type\":\"ImageObject\",\"inLanguage\":\"tr\",\"@id\":\"https:\\\/\\\/secure.gravatar.com\\\/avatar\\\/ccc17943b9d660506c869530f897617f7cb1c21a4bf30023f252596d83e1f007?s=96&d=mm&r=g\",\"url\":\"https:\\\/\\\/secure.gravatar.com\\\/avatar\\\/ccc17943b9d660506c869530f897617f7cb1c21a4bf30023f252596d83e1f007?s=96&d=mm&r=g\",\"contentUrl\":\"https:\\\/\\\/secure.gravatar.com\\\/avatar\\\/ccc17943b9d660506c869530f897617f7cb1c21a4bf30023f252596d83e1f007?s=96&d=mm&r=g\",\"caption\":\"admin\"},\"sameAs\":[\"https:\\\/\\\/kibrisdakik.com\"],\"url\":\"https:\\\/\\\/kibrisdakik.com\\\/?author=1\"}]}<\/script>\n<!-- \/ Yoast SEO plugin. -->","yoast_head_json":{"title":"HP Ba\u015fkan\u0131 \u00d6zersay\u2019dan h\u00fck\u00fcmete ele\u015ftiri -","robots":{"index":"index","follow":"follow","max-snippet":"max-snippet:-1","max-image-preview":"max-image-preview:large","max-video-preview":"max-video-preview:-1"},"canonical":"https:\/\/kibrisdakik.com\/?p=78524","og_locale":"tr_TR","og_type":"article","og_title":"HP Ba\u015fkan\u0131 \u00d6zersay\u2019dan h\u00fck\u00fcmete ele\u015ftiri -","og_description":"Halk\u0131n Partisi (HP) Genel Ba\u015fkan\u0131 Kudret \u00d6zersay, h\u00fck\u00fcmetin seyr\u00fcsefer \u00fccretlerinde yapt\u0131\u011f\u0131 de\u011fi\u015fikliklere tepki g\u00f6sterdi, ele\u015ftirilerde bulundu. HP\u2019den yap\u0131lan a\u00e7\u0131klamaya g\u00f6re, \u00d6zersay, \u201ch\u00fck\u00fcmetin geri ad\u0131m atarak t\u00fcz\u00fckte de\u011fi\u015fiklik yapmas\u0131n\u0131n, uygulanan zamlar\u0131n yasaya ayk\u0131r\u0131 oldu\u011funu kabul etmek anlam\u0131na geldi\u011fini ancak bu ad\u0131m\u0131n sadece k\u0131smi bir d\u00fczeltme oldu\u011funu\u201d ifade etti. \u00d6zersay, yap\u0131lan de\u011fi\u015fikliklerin sorunu k\u00f6kten \u00e7\u00f6zmedi\u011fini belirterek, \u201cH\u00fck\u00fcmet","og_url":"https:\/\/kibrisdakik.com\/?p=78524","article_published_time":"2025-03-23T09:30:31+00:00","og_image":[{"width":1067,"height":1067,"url":"https:\/\/kibrisdakik.com\/wp-content\/uploads\/2025\/03\/1742716431702ozersay-740x420.jpg","type":"image\/jpeg"}],"author":"admin","twitter_card":"summary_large_image","twitter_misc":{"Yazan:":"admin","Tahmini okuma s\u00fcresi":"2 dakika"},"schema":{"@context":"https:\/\/schema.org","@graph":[{"@type":"Article","@id":"https:\/\/kibrisdakik.com\/?p=78524#article","isPartOf":{"@id":"https:\/\/kibrisdakik.com\/?p=78524"},"author":{"name":"admin","@id":"https:\/\/kibrisdakik.com\/#\/schema\/person\/9cd9d437bbb44f72b73ba127e06d8e79"},"headline":"HP Ba\u015fkan\u0131 \u00d6zersay\u2019dan h\u00fck\u00fcmete ele\u015ftiri","datePublished":"2025-03-23T09:30:31+00:00","mainEntityOfPage":{"@id":"https:\/\/kibrisdakik.com\/?p=78524"},"wordCount":394,"commentCount":0,"image":{"@id":"https:\/\/kibrisdakik.com\/?p=78524#primaryimage"},"thumbnailUrl":"https:\/\/kibrisdakik.com\/wp-content\/uploads\/2025\/03\/1742716431702ozersay-740x420.jpg","articleSection":["K\u0131br\u0131s","Man\u015fet"],"inLanguage":"tr","potentialAction":[{"@type":"CommentAction","name":"Comment","target":["https:\/\/kibrisdakik.com\/?p=78524#respond"]}]},{"@type":"WebPage","@id":"https:\/\/kibrisdakik.com\/?p=78524","url":"https:\/\/kibrisdakik.com\/?p=78524","name":"HP Ba\u015fkan\u0131 \u00d6zersay\u2019dan h\u00fck\u00fcmete ele\u015ftiri -","isPartOf":{"@id":"https:\/\/kibrisdakik.com\/#website"},"primaryImageOfPage":{"@id":"https:\/\/kibrisdakik.com\/?p=78524#primaryimage"},"image":{"@id":"https:\/\/kibrisdakik.com\/?p=78524#primaryimage"},"thumbnailUrl":"https:\/\/kibrisdakik.com\/wp-content\/uploads\/2025\/03\/1742716431702ozersay-740x420.jpg","datePublished":"2025-03-23T09:30:31+00:00","author":{"@id":"https:\/\/kibrisdakik.com\/#\/schema\/person\/9cd9d437bbb44f72b73ba127e06d8e79"},"breadcrumb":{"@id":"https:\/\/kibrisdakik.com\/?p=78524#breadcrumb"},"inLanguage":"tr","potentialAction":[{"@type":"ReadAction","target":["https:\/\/kibrisdakik.com\/?p=78524"]}]},{"@type":"ImageObject","inLanguage":"tr","@id":"https:\/\/kibrisdakik.com\/?p=78524#primaryimage","url":"https:\/\/kibrisdakik.com\/wp-content\/uploads\/2025\/03\/1742716431702ozersay-740x420.jpg","contentUrl":"https:\/\/kibrisdakik.com\/wp-content\/uploads\/2025\/03\/1742716431702ozersay-740x420.jpg","width":1067,"height":1067},{"@type":"BreadcrumbList","@id":"https:\/\/kibrisdakik.com\/?p=78524#breadcrumb","itemListElement":[{"@type":"ListItem","position":1,"name":"Home","item":"https:\/\/kibrisdakik.com\/"},{"@type":"ListItem","position":2,"name":"HP Ba\u015fkan\u0131 \u00d6zersay\u2019dan h\u00fck\u00fcmete ele\u015ftiri"}]},{"@type":"WebSite","@id":"https:\/\/kibrisdakik.com\/#website","url":"https:\/\/kibrisdakik.com\/","name":"","description":"Tam vaktinde haber","potentialAction":[{"@type":"SearchAction","target":{"@type":"EntryPoint","urlTemplate":"https:\/\/kibrisdakik.com\/?s={search_term_string}"},"query-input":{"@type":"PropertyValueSpecification","valueRequired":true,"valueName":"search_term_string"}}],"inLanguage":"tr"},{"@type":"Person","@id":"https:\/\/kibrisdakik.com\/#\/schema\/person\/9cd9d437bbb44f72b73ba127e06d8e79","name":"admin","image":{"@type":"ImageObject","inLanguage":"tr","@id":"https:\/\/secure.gravatar.com\/avatar\/ccc17943b9d660506c869530f897617f7cb1c21a4bf30023f252596d83e1f007?s=96&d=mm&r=g","url":"https:\/\/secure.gravatar.com\/avatar\/ccc17943b9d660506c869530f897617f7cb1c21a4bf30023f252596d83e1f007?s=96&d=mm&r=g","contentUrl":"https:\/\/secure.gravatar.com\/avatar\/ccc17943b9d660506c869530f897617f7cb1c21a4bf30023f252596d83e1f007?s=96&d=mm&r=g","caption":"admin"},"sameAs":["https:\/\/kibrisdakik.com"],"url":"https:\/\/kibrisdakik.com\/?author=1"}]}},"_links":{"self":[{"href":"https:\/\/kibrisdakik.com\/index.php?rest_route=\/wp\/v2\/posts\/78524","targetHints":{"allow":["GET"]}}],"collection":[{"href":"https:\/\/kibrisdakik.com\/index.php?rest_route=\/wp\/v2\/posts"}],"about":[{"href":"https:\/\/kibrisdakik.com\/index.php?rest_route=\/wp\/v2\/types\/post"}],"author":[{"embeddable":true,"href":"https:\/\/kibrisdakik.com\/index.php?rest_route=\/wp\/v2\/users\/1"}],"replies":[{"embeddable":true,"href":"https:\/\/kibrisdakik.com\/index.php?rest_route=%2Fwp%2Fv2%2Fcomments&post=78524"}],"version-history":[{"count":0,"href":"https:\/\/kibrisdakik.com\/index.php?rest_route=\/wp\/v2\/posts\/78524\/revisions"}],"wp:featuredmedia":[{"embeddable":true,"href":"https:\/\/kibrisdakik.com\/index.php?rest_route=\/wp\/v2\/media\/78525"}],"wp:attachment":[{"href":"https:\/\/kibrisdakik.com\/index.php?rest_route=%2Fwp%2Fv2%2Fmedia&parent=78524"}],"wp:term":[{"taxonomy":"category","embeddable":true,"href":"https:\/\/kibrisdakik.com\/index.php?rest_route=%2Fwp%2Fv2%2Fcategories&post=78524"},{"taxonomy":"post_tag","embeddable":true,"href":"https:\/\/kibrisdakik.com\/index.php?rest_route=%2Fwp%2Fv2%2Ftags&post=78524"}],"curies":[{"name":"wp","href":"https:\/\/api.w.org\/{rel}","templated":true}]}}