{"id":78542,"date":"2025-03-23T15:14:19","date_gmt":"2025-03-23T12:14:19","guid":{"rendered":"https:\/\/kibrisdakik.com\/index.php\/2025\/03\/23\/kibris-turk-fransiz-kultur-dernegi-40-yilini-kutladi-ve-fransizca-kutuphanesini-hizmete-acti\/"},"modified":"2025-03-23T15:14:19","modified_gmt":"2025-03-23T12:14:19","slug":"kibris-turk-fransiz-kultur-dernegi-40-yilini-kutladi-ve-fransizca-kutuphanesini-hizmete-acti","status":"publish","type":"post","link":"https:\/\/kibrisdakik.com\/?p=78542","title":{"rendered":"K\u0131br\u0131s T\u00fcrk Frans\u0131z K\u00fclt\u00fcr Derne\u011fi 40. y\u0131l\u0131n\u0131 kutlad\u0131 ve Frans\u0131zca k\u00fct\u00fcphanesini hizmete a\u00e7t\u0131"},"content":{"rendered":"<div>\n<div class=\"mariselle-image-container center\">\n                                            <\/div>\n<p>K\u0131br\u0131s T\u00fcrk Frans\u0131z K\u00fclt\u00fcr Derne\u011fi (KTFKD), kurulu\u015funun 40. y\u0131l\u0131n\u0131 kutlad\u0131 ve yeni Frans\u0131zca k\u00fct\u00fcphanesini R\u00fcstem Kitabevinde hizmete a\u00e7t\u0131. <\/p>\n<p>KTFKD Ba\u015fkan\u0131 \u015eeray Ekici taraf\u0131ndan verilen bilgiye g\u00f6re Uluslararas\u0131 Frankofoni G\u00fcn\u00fc kapsam\u0131nda her y\u0131l d\u00fczenlenen kutlamalar\u0131n bir par\u00e7as\u0131 olarak etkinlik d\u00fcn R\u00fcstem Kitabevinde ger\u00e7ekle\u015ftirilen etkinli\u011fe Fransa\u2019n\u0131n K\u0131br\u0131s B\u00fcy\u00fckel\u00e7isi Cl\u00e9lia Chevrier Kola\u010dko de kat\u0131ld\u0131.<\/p>\n<p>KTFKD\u2019nin tarih\u00e7esinin konu\u015fmalarla, foto\u011fraflarla anlat\u0131ld\u0131\u011f\u0131 ve Frans\u0131z Dili ve K\u00fclt\u00fcr\u00fc\u2019n\u00fcn \u00f6neminin vurguland\u0131\u011f\u0131 gecede Myrrha Trio Grubu da m\u00fczik performans\u0131 sundu.<\/p>\n<p>-Ekici<\/p>\n<p>KTFKD Ba\u015fkan\u0131 \u015eeray Ekici, a\u00e7\u0131l\u0131\u015f konu\u015fmas\u0131nda derne\u011fin Frans\u0131z dili ile k\u00fclt\u00fcr\u00fcn\u00fc tan\u0131tma y\u00f6n\u00fcndeki kararl\u0131l\u0131\u011f\u0131n\u0131 vurgulad\u0131. Ekici, yeni k\u00fct\u00fcphanenin, Frans\u0131z ve frankofon k\u00fclt\u00fcr\u00fc hakk\u0131nda daha fazla bilgi edinmek isteyen herkes i\u00e7in bir bulu\u015fma, ke\u015fif ve \u00f6\u011frenme merkezi olmas\u0131n\u0131, farkl\u0131 ku\u015faklar\u0131 bir araya getiren k\u00fclt\u00fcrel bir k\u00f6pr\u00fc, Frans\u0131zca tutkunlar\u0131 i\u00e7in huzurlu bir s\u0131\u011f\u0131nak olmas\u0131n\u0131 temenni ettiklerini s\u00f6yledi.<\/p>\n<\/p><\/div>\n<p><script async\n                    defer\n                    crossorigin=\"anonymous\"\n                    src=\"https:\/\/connect.facebook.net\/tr_TR\/sdk.js#xfbml=1&#038;version=v3.3\"\n            ><\/script><\/p>\n","protected":false},"excerpt":{"rendered":"<p>K\u0131br\u0131s T\u00fcrk Frans\u0131z K\u00fclt\u00fcr Derne\u011fi (KTFKD), kurulu\u015funun 40. y\u0131l\u0131n\u0131 kutlad\u0131 ve yeni Frans\u0131zca k\u00fct\u00fcphanesini R\u00fcstem Kitabevinde hizmete a\u00e7t\u0131. KTFKD Ba\u015fkan\u0131 \u015eeray Ekici taraf\u0131ndan verilen bilgiye g\u00f6re Uluslararas\u0131 Frankofoni G\u00fcn\u00fc kapsam\u0131nda her y\u0131l d\u00fczenlenen kutlamalar\u0131n bir par\u00e7as\u0131 olarak etkinlik d\u00fcn R\u00fcstem Kitabevinde ger\u00e7ekle\u015ftirilen etkinli\u011fe Fransa\u2019n\u0131n K\u0131br\u0131s B\u00fcy\u00fckel\u00e7isi Cl\u00e9lia Chevrier Kola\u010dko de kat\u0131ld\u0131. KTFKD\u2019nin tarih\u00e7esinin konu\u015fmalarla, foto\u011fraflarla<\/p>\n","protected":false},"author":1,"featured_media":78543,"comment_status":"open","ping_status":"open","sticky":false,"template":"","format":"standard","meta":{"footnotes":""},"categories":[81,101],"tags":[],"class_list":["post-78542","post","type-post","status-publish","format-standard","has-post-thumbnail","hentry","category-kibris","category-manset"],"yoast_head":"<!-- This site is optimized with the Yoast SEO plugin v27.5 - https:\/\/yoast.com\/product\/yoast-seo-wordpress\/ -->\n<title>K\u0131br\u0131s T\u00fcrk Frans\u0131z K\u00fclt\u00fcr Derne\u011fi 40. y\u0131l\u0131n\u0131 kutlad\u0131 ve Frans\u0131zca k\u00fct\u00fcphanesini hizmete a\u00e7t\u0131 -<\/title>\n<meta name=\"robots\" content=\"index, follow, max-snippet:-1, max-image-preview:large, max-video-preview:-1\" \/>\n<link rel=\"canonical\" href=\"https:\/\/kibrisdakik.com\/?p=78542\" \/>\n<meta property=\"og:locale\" content=\"tr_TR\" \/>\n<meta property=\"og:type\" content=\"article\" \/>\n<meta property=\"og:title\" content=\"K\u0131br\u0131s T\u00fcrk Frans\u0131z K\u00fclt\u00fcr Derne\u011fi 40. y\u0131l\u0131n\u0131 kutlad\u0131 ve Frans\u0131zca k\u00fct\u00fcphanesini hizmete a\u00e7t\u0131 -\" \/>\n<meta property=\"og:description\" content=\"K\u0131br\u0131s T\u00fcrk Frans\u0131z K\u00fclt\u00fcr Derne\u011fi (KTFKD), kurulu\u015funun 40. y\u0131l\u0131n\u0131 kutlad\u0131 ve yeni Frans\u0131zca k\u00fct\u00fcphanesini R\u00fcstem Kitabevinde hizmete a\u00e7t\u0131. KTFKD Ba\u015fkan\u0131 \u015eeray Ekici taraf\u0131ndan verilen bilgiye g\u00f6re Uluslararas\u0131 Frankofoni G\u00fcn\u00fc kapsam\u0131nda her y\u0131l d\u00fczenlenen kutlamalar\u0131n bir par\u00e7as\u0131 olarak etkinlik d\u00fcn R\u00fcstem Kitabevinde ger\u00e7ekle\u015ftirilen etkinli\u011fe Fransa\u2019n\u0131n K\u0131br\u0131s B\u00fcy\u00fckel\u00e7isi Cl\u00e9lia Chevrier Kola\u010dko de kat\u0131ld\u0131. KTFKD\u2019nin tarih\u00e7esinin konu\u015fmalarla, foto\u011fraflarla\" \/>\n<meta property=\"og:url\" content=\"https:\/\/kibrisdakik.com\/?p=78542\" \/>\n<meta property=\"article:published_time\" content=\"2025-03-23T12:14:19+00:00\" \/>\n<meta property=\"og:image\" content=\"https:\/\/kibrisdakik.com\/wp-content\/uploads\/2025\/03\/1742716946410e-Frnasiz-Kultur-Dernegi-1-740x420.jpg\" \/>\n\t<meta property=\"og:image:width\" content=\"1152\" \/>\n\t<meta property=\"og:image:height\" content=\"2048\" \/>\n\t<meta property=\"og:image:type\" content=\"image\/jpeg\" \/>\n<meta name=\"author\" content=\"admin\" \/>\n<meta name=\"twitter:card\" content=\"summary_large_image\" \/>\n<meta name=\"twitter:label1\" content=\"Yazan:\" \/>\n\t<meta name=\"twitter:data1\" content=\"admin\" \/>\n\t<meta name=\"twitter:label2\" content=\"Tahmini okuma s\u00fcresi\" \/>\n\t<meta name=\"twitter:data2\" content=\"1 dakika\" \/>\n<script type=\"application\/ld+json\" class=\"yoast-schema-graph\">{\"@context\":\"https:\\\/\\\/schema.org\",\"@graph\":[{\"@type\":\"Article\",\"@id\":\"https:\\\/\\\/kibrisdakik.com\\\/?p=78542#article\",\"isPartOf\":{\"@id\":\"https:\\\/\\\/kibrisdakik.com\\\/?p=78542\"},\"author\":{\"name\":\"admin\",\"@id\":\"https:\\\/\\\/kibrisdakik.com\\\/#\\\/schema\\\/person\\\/9cd9d437bbb44f72b73ba127e06d8e79\"},\"headline\":\"K\u0131br\u0131s T\u00fcrk Frans\u0131z K\u00fclt\u00fcr Derne\u011fi 40. y\u0131l\u0131n\u0131 kutlad\u0131 ve Frans\u0131zca k\u00fct\u00fcphanesini hizmete a\u00e7t\u0131\",\"datePublished\":\"2025-03-23T12:14:19+00:00\",\"mainEntityOfPage\":{\"@id\":\"https:\\\/\\\/kibrisdakik.com\\\/?p=78542\"},\"wordCount\":234,\"commentCount\":0,\"image\":{\"@id\":\"https:\\\/\\\/kibrisdakik.com\\\/?p=78542#primaryimage\"},\"thumbnailUrl\":\"https:\\\/\\\/kibrisdakik.com\\\/wp-content\\\/uploads\\\/2025\\\/03\\\/1742716946410e-Frnasiz-Kultur-Dernegi-1-740x420.jpg\",\"articleSection\":[\"K\u0131br\u0131s\",\"Man\u015fet\"],\"inLanguage\":\"tr\",\"potentialAction\":[{\"@type\":\"CommentAction\",\"name\":\"Comment\",\"target\":[\"https:\\\/\\\/kibrisdakik.com\\\/?p=78542#respond\"]}]},{\"@type\":\"WebPage\",\"@id\":\"https:\\\/\\\/kibrisdakik.com\\\/?p=78542\",\"url\":\"https:\\\/\\\/kibrisdakik.com\\\/?p=78542\",\"name\":\"K\u0131br\u0131s T\u00fcrk Frans\u0131z K\u00fclt\u00fcr Derne\u011fi 40. y\u0131l\u0131n\u0131 kutlad\u0131 ve Frans\u0131zca k\u00fct\u00fcphanesini hizmete a\u00e7t\u0131 -\",\"isPartOf\":{\"@id\":\"https:\\\/\\\/kibrisdakik.com\\\/#website\"},\"primaryImageOfPage\":{\"@id\":\"https:\\\/\\\/kibrisdakik.com\\\/?p=78542#primaryimage\"},\"image\":{\"@id\":\"https:\\\/\\\/kibrisdakik.com\\\/?p=78542#primaryimage\"},\"thumbnailUrl\":\"https:\\\/\\\/kibrisdakik.com\\\/wp-content\\\/uploads\\\/2025\\\/03\\\/1742716946410e-Frnasiz-Kultur-Dernegi-1-740x420.jpg\",\"datePublished\":\"2025-03-23T12:14:19+00:00\",\"author\":{\"@id\":\"https:\\\/\\\/kibrisdakik.com\\\/#\\\/schema\\\/person\\\/9cd9d437bbb44f72b73ba127e06d8e79\"},\"breadcrumb\":{\"@id\":\"https:\\\/\\\/kibrisdakik.com\\\/?p=78542#breadcrumb\"},\"inLanguage\":\"tr\",\"potentialAction\":[{\"@type\":\"ReadAction\",\"target\":[\"https:\\\/\\\/kibrisdakik.com\\\/?p=78542\"]}]},{\"@type\":\"ImageObject\",\"inLanguage\":\"tr\",\"@id\":\"https:\\\/\\\/kibrisdakik.com\\\/?p=78542#primaryimage\",\"url\":\"https:\\\/\\\/kibrisdakik.com\\\/wp-content\\\/uploads\\\/2025\\\/03\\\/1742716946410e-Frnasiz-Kultur-Dernegi-1-740x420.jpg\",\"contentUrl\":\"https:\\\/\\\/kibrisdakik.com\\\/wp-content\\\/uploads\\\/2025\\\/03\\\/1742716946410e-Frnasiz-Kultur-Dernegi-1-740x420.jpg\",\"width\":1152,\"height\":2048},{\"@type\":\"BreadcrumbList\",\"@id\":\"https:\\\/\\\/kibrisdakik.com\\\/?p=78542#breadcrumb\",\"itemListElement\":[{\"@type\":\"ListItem\",\"position\":1,\"name\":\"Home\",\"item\":\"https:\\\/\\\/kibrisdakik.com\\\/\"},{\"@type\":\"ListItem\",\"position\":2,\"name\":\"K\u0131br\u0131s T\u00fcrk Frans\u0131z K\u00fclt\u00fcr Derne\u011fi 40. y\u0131l\u0131n\u0131 kutlad\u0131 ve Frans\u0131zca k\u00fct\u00fcphanesini hizmete a\u00e7t\u0131\"}]},{\"@type\":\"WebSite\",\"@id\":\"https:\\\/\\\/kibrisdakik.com\\\/#website\",\"url\":\"https:\\\/\\\/kibrisdakik.com\\\/\",\"name\":\"\",\"description\":\"Tam vaktinde haber\",\"potentialAction\":[{\"@type\":\"SearchAction\",\"target\":{\"@type\":\"EntryPoint\",\"urlTemplate\":\"https:\\\/\\\/kibrisdakik.com\\\/?s={search_term_string}\"},\"query-input\":{\"@type\":\"PropertyValueSpecification\",\"valueRequired\":true,\"valueName\":\"search_term_string\"}}],\"inLanguage\":\"tr\"},{\"@type\":\"Person\",\"@id\":\"https:\\\/\\\/kibrisdakik.com\\\/#\\\/schema\\\/person\\\/9cd9d437bbb44f72b73ba127e06d8e79\",\"name\":\"admin\",\"image\":{\"@type\":\"ImageObject\",\"inLanguage\":\"tr\",\"@id\":\"https:\\\/\\\/secure.gravatar.com\\\/avatar\\\/ccc17943b9d660506c869530f897617f7cb1c21a4bf30023f252596d83e1f007?s=96&d=mm&r=g\",\"url\":\"https:\\\/\\\/secure.gravatar.com\\\/avatar\\\/ccc17943b9d660506c869530f897617f7cb1c21a4bf30023f252596d83e1f007?s=96&d=mm&r=g\",\"contentUrl\":\"https:\\\/\\\/secure.gravatar.com\\\/avatar\\\/ccc17943b9d660506c869530f897617f7cb1c21a4bf30023f252596d83e1f007?s=96&d=mm&r=g\",\"caption\":\"admin\"},\"sameAs\":[\"https:\\\/\\\/kibrisdakik.com\"],\"url\":\"https:\\\/\\\/kibrisdakik.com\\\/?author=1\"}]}<\/script>\n<!-- \/ Yoast SEO plugin. -->","yoast_head_json":{"title":"K\u0131br\u0131s T\u00fcrk Frans\u0131z K\u00fclt\u00fcr Derne\u011fi 40. y\u0131l\u0131n\u0131 kutlad\u0131 ve Frans\u0131zca k\u00fct\u00fcphanesini hizmete a\u00e7t\u0131 -","robots":{"index":"index","follow":"follow","max-snippet":"max-snippet:-1","max-image-preview":"max-image-preview:large","max-video-preview":"max-video-preview:-1"},"canonical":"https:\/\/kibrisdakik.com\/?p=78542","og_locale":"tr_TR","og_type":"article","og_title":"K\u0131br\u0131s T\u00fcrk Frans\u0131z K\u00fclt\u00fcr Derne\u011fi 40. y\u0131l\u0131n\u0131 kutlad\u0131 ve Frans\u0131zca k\u00fct\u00fcphanesini hizmete a\u00e7t\u0131 -","og_description":"K\u0131br\u0131s T\u00fcrk Frans\u0131z K\u00fclt\u00fcr Derne\u011fi (KTFKD), kurulu\u015funun 40. y\u0131l\u0131n\u0131 kutlad\u0131 ve yeni Frans\u0131zca k\u00fct\u00fcphanesini R\u00fcstem Kitabevinde hizmete a\u00e7t\u0131. KTFKD Ba\u015fkan\u0131 \u015eeray Ekici taraf\u0131ndan verilen bilgiye g\u00f6re Uluslararas\u0131 Frankofoni G\u00fcn\u00fc kapsam\u0131nda her y\u0131l d\u00fczenlenen kutlamalar\u0131n bir par\u00e7as\u0131 olarak etkinlik d\u00fcn R\u00fcstem Kitabevinde ger\u00e7ekle\u015ftirilen etkinli\u011fe Fransa\u2019n\u0131n K\u0131br\u0131s B\u00fcy\u00fckel\u00e7isi Cl\u00e9lia Chevrier Kola\u010dko de kat\u0131ld\u0131. KTFKD\u2019nin tarih\u00e7esinin konu\u015fmalarla, foto\u011fraflarla","og_url":"https:\/\/kibrisdakik.com\/?p=78542","article_published_time":"2025-03-23T12:14:19+00:00","og_image":[{"width":1152,"height":2048,"url":"https:\/\/kibrisdakik.com\/wp-content\/uploads\/2025\/03\/1742716946410e-Frnasiz-Kultur-Dernegi-1-740x420.jpg","type":"image\/jpeg"}],"author":"admin","twitter_card":"summary_large_image","twitter_misc":{"Yazan:":"admin","Tahmini okuma s\u00fcresi":"1 dakika"},"schema":{"@context":"https:\/\/schema.org","@graph":[{"@type":"Article","@id":"https:\/\/kibrisdakik.com\/?p=78542#article","isPartOf":{"@id":"https:\/\/kibrisdakik.com\/?p=78542"},"author":{"name":"admin","@id":"https:\/\/kibrisdakik.com\/#\/schema\/person\/9cd9d437bbb44f72b73ba127e06d8e79"},"headline":"K\u0131br\u0131s T\u00fcrk Frans\u0131z K\u00fclt\u00fcr Derne\u011fi 40. y\u0131l\u0131n\u0131 kutlad\u0131 ve Frans\u0131zca k\u00fct\u00fcphanesini hizmete a\u00e7t\u0131","datePublished":"2025-03-23T12:14:19+00:00","mainEntityOfPage":{"@id":"https:\/\/kibrisdakik.com\/?p=78542"},"wordCount":234,"commentCount":0,"image":{"@id":"https:\/\/kibrisdakik.com\/?p=78542#primaryimage"},"thumbnailUrl":"https:\/\/kibrisdakik.com\/wp-content\/uploads\/2025\/03\/1742716946410e-Frnasiz-Kultur-Dernegi-1-740x420.jpg","articleSection":["K\u0131br\u0131s","Man\u015fet"],"inLanguage":"tr","potentialAction":[{"@type":"CommentAction","name":"Comment","target":["https:\/\/kibrisdakik.com\/?p=78542#respond"]}]},{"@type":"WebPage","@id":"https:\/\/kibrisdakik.com\/?p=78542","url":"https:\/\/kibrisdakik.com\/?p=78542","name":"K\u0131br\u0131s T\u00fcrk Frans\u0131z K\u00fclt\u00fcr Derne\u011fi 40. y\u0131l\u0131n\u0131 kutlad\u0131 ve Frans\u0131zca k\u00fct\u00fcphanesini hizmete a\u00e7t\u0131 -","isPartOf":{"@id":"https:\/\/kibrisdakik.com\/#website"},"primaryImageOfPage":{"@id":"https:\/\/kibrisdakik.com\/?p=78542#primaryimage"},"image":{"@id":"https:\/\/kibrisdakik.com\/?p=78542#primaryimage"},"thumbnailUrl":"https:\/\/kibrisdakik.com\/wp-content\/uploads\/2025\/03\/1742716946410e-Frnasiz-Kultur-Dernegi-1-740x420.jpg","datePublished":"2025-03-23T12:14:19+00:00","author":{"@id":"https:\/\/kibrisdakik.com\/#\/schema\/person\/9cd9d437bbb44f72b73ba127e06d8e79"},"breadcrumb":{"@id":"https:\/\/kibrisdakik.com\/?p=78542#breadcrumb"},"inLanguage":"tr","potentialAction":[{"@type":"ReadAction","target":["https:\/\/kibrisdakik.com\/?p=78542"]}]},{"@type":"ImageObject","inLanguage":"tr","@id":"https:\/\/kibrisdakik.com\/?p=78542#primaryimage","url":"https:\/\/kibrisdakik.com\/wp-content\/uploads\/2025\/03\/1742716946410e-Frnasiz-Kultur-Dernegi-1-740x420.jpg","contentUrl":"https:\/\/kibrisdakik.com\/wp-content\/uploads\/2025\/03\/1742716946410e-Frnasiz-Kultur-Dernegi-1-740x420.jpg","width":1152,"height":2048},{"@type":"BreadcrumbList","@id":"https:\/\/kibrisdakik.com\/?p=78542#breadcrumb","itemListElement":[{"@type":"ListItem","position":1,"name":"Home","item":"https:\/\/kibrisdakik.com\/"},{"@type":"ListItem","position":2,"name":"K\u0131br\u0131s T\u00fcrk Frans\u0131z K\u00fclt\u00fcr Derne\u011fi 40. y\u0131l\u0131n\u0131 kutlad\u0131 ve Frans\u0131zca k\u00fct\u00fcphanesini hizmete a\u00e7t\u0131"}]},{"@type":"WebSite","@id":"https:\/\/kibrisdakik.com\/#website","url":"https:\/\/kibrisdakik.com\/","name":"","description":"Tam vaktinde haber","potentialAction":[{"@type":"SearchAction","target":{"@type":"EntryPoint","urlTemplate":"https:\/\/kibrisdakik.com\/?s={search_term_string}"},"query-input":{"@type":"PropertyValueSpecification","valueRequired":true,"valueName":"search_term_string"}}],"inLanguage":"tr"},{"@type":"Person","@id":"https:\/\/kibrisdakik.com\/#\/schema\/person\/9cd9d437bbb44f72b73ba127e06d8e79","name":"admin","image":{"@type":"ImageObject","inLanguage":"tr","@id":"https:\/\/secure.gravatar.com\/avatar\/ccc17943b9d660506c869530f897617f7cb1c21a4bf30023f252596d83e1f007?s=96&d=mm&r=g","url":"https:\/\/secure.gravatar.com\/avatar\/ccc17943b9d660506c869530f897617f7cb1c21a4bf30023f252596d83e1f007?s=96&d=mm&r=g","contentUrl":"https:\/\/secure.gravatar.com\/avatar\/ccc17943b9d660506c869530f897617f7cb1c21a4bf30023f252596d83e1f007?s=96&d=mm&r=g","caption":"admin"},"sameAs":["https:\/\/kibrisdakik.com"],"url":"https:\/\/kibrisdakik.com\/?author=1"}]}},"_links":{"self":[{"href":"https:\/\/kibrisdakik.com\/index.php?rest_route=\/wp\/v2\/posts\/78542","targetHints":{"allow":["GET"]}}],"collection":[{"href":"https:\/\/kibrisdakik.com\/index.php?rest_route=\/wp\/v2\/posts"}],"about":[{"href":"https:\/\/kibrisdakik.com\/index.php?rest_route=\/wp\/v2\/types\/post"}],"author":[{"embeddable":true,"href":"https:\/\/kibrisdakik.com\/index.php?rest_route=\/wp\/v2\/users\/1"}],"replies":[{"embeddable":true,"href":"https:\/\/kibrisdakik.com\/index.php?rest_route=%2Fwp%2Fv2%2Fcomments&post=78542"}],"version-history":[{"count":0,"href":"https:\/\/kibrisdakik.com\/index.php?rest_route=\/wp\/v2\/posts\/78542\/revisions"}],"wp:featuredmedia":[{"embeddable":true,"href":"https:\/\/kibrisdakik.com\/index.php?rest_route=\/wp\/v2\/media\/78543"}],"wp:attachment":[{"href":"https:\/\/kibrisdakik.com\/index.php?rest_route=%2Fwp%2Fv2%2Fmedia&parent=78542"}],"wp:term":[{"taxonomy":"category","embeddable":true,"href":"https:\/\/kibrisdakik.com\/index.php?rest_route=%2Fwp%2Fv2%2Fcategories&post=78542"},{"taxonomy":"post_tag","embeddable":true,"href":"https:\/\/kibrisdakik.com\/index.php?rest_route=%2Fwp%2Fv2%2Ftags&post=78542"}],"curies":[{"name":"wp","href":"https:\/\/api.w.org\/{rel}","templated":true}]}}