{"id":78576,"date":"2025-03-23T20:29:48","date_gmt":"2025-03-23T17:29:48","guid":{"rendered":"https:\/\/kibrisdakik.com\/index.php\/2025\/03\/23\/arikli-hukumet-ortaklarina-seslendi-ortak-bagimsiz-bir-aday-uzerinde-anlasalim\/"},"modified":"2025-03-23T20:29:48","modified_gmt":"2025-03-23T17:29:48","slug":"arikli-hukumet-ortaklarina-seslendi-ortak-bagimsiz-bir-aday-uzerinde-anlasalim","status":"publish","type":"post","link":"https:\/\/kibrisdakik.com\/?p=78576","title":{"rendered":"Ar\u0131kl\u0131 h\u00fck\u00fcmet ortaklar\u0131na seslendi: Ortak ba\u011f\u0131ms\u0131z bir aday \u00fczerinde anla\u015fal\u0131m"},"content":{"rendered":"<div>\n<div class=\"mariselle-image-container center\">\n                                            <\/div>\n<p>Yeniden Do\u011fu\u015f Partisi Genel Ba\u015fkan\u0131, Bay\u0131nd\u0131rl\u0131k ve Ula\u015ft\u0131rma Bakan\u0131 Erhan Ar\u0131kl\u0131, partisinin Gazima\u011fusa\u2019da d\u00fczenledi\u011fi iftarda Cumhurba\u015fkan\u0131 se\u00e7imi ve g\u00fcndemdeki konulara ili\u015fkin a\u00e7\u0131klamalarda bulundu.<\/p>\n<p>Erhan Ar\u0131kl\u0131, etkinlikteki konu\u015fmas\u0131n\u0131 sosyal medya hesab\u0131ndan payla\u015farak, Nisan ay\u0131 i\u00e7erisinde Parti Meclisi\u2019nin toplanaca\u011f\u0131n\u0131 ve h\u00fckumet meseleleriyle ilgili konu\u015fulaca\u011f\u0131n\u0131 belirtti. Ar\u0131kl\u0131 ayr\u0131ca, toplant\u0131da Cumhurba\u015fkanl\u0131\u011f\u0131 se\u00e7imleri i\u00e7in kesin karar\u0131n verilece\u011fini de ifade etti.<\/p>\n<p>Ar\u0131kl\u0131, \u201cOrtaklar\u0131m\u0131za bir \u00e7a\u011fr\u0131 yap\u0131yor ve diyorum ki, \u00f6n\u00fcm\u00fczdeki Cumhurba\u015fkanl\u0131\u011f\u0131 se\u00e7imlerini partiler\u00fcst\u00fc bir \u015fekilde ele alal\u0131m. Bizim Cumhurba\u015fkanl\u0131\u011f\u0131 se\u00e7imlerinde bir ba\u015fka Partinin aday\u0131na oy vermemiz m\u00fcmk\u00fcn de\u011fil. Yerel se\u00e7imlerde her \u00fc\u00e7 partili se\u00e7menin bir ba\u015fka partili Adaya oy vermedi\u011fini g\u00f6rd\u00fck. Gelin ortak ba\u011f\u0131ms\u0131z bir aday \u00fczerinde anla\u015fal\u0131m. Gelin sa\u011fduyuda birle\u015felim. Anla\u015fabilirsek, Parti Meclisi\u2019ne hem H\u00fck\u00fcmet meselelerini hem de Cumhurba\u015fkanl\u0131\u011f\u0131 meselesini birlikte g\u00f6t\u00fcr\u00fcr\u00fcz\u201d a\u00e7\u0131klamas\u0131nda bulundu.<\/p>\n<p>Etkinlikteki konu\u015fmas\u0131nda \u00f6\u011frencilerin okulda ba\u015f\u00f6rt\u00fcs\u00fc takma meselesine de de\u011finen Ar\u0131kl\u0131, \u201cBu \u00fclkede \u00f6\u011fretmen sendikalar\u0131, Laiklik ve Atat\u00fcrk\u00e7\u00fcl\u00fck ad\u0131na, fa\u015fist bir tav\u0131r sergiliyor, inan\u00e7lar\u0131 gere\u011fi ba\u015flar\u0131n\u0131 \u00f6rten k\u0131z \u00e7ocuklar\u0131m\u0131z\u0131n ba\u015flar\u0131ndaki \u00f6rt\u00fcy\u00fc zorla \u00e7\u0131kar\u0131yorlar. Yaz\u0131klar olsun\u201d ifadelerini kulland\u0131.<\/p>\n<p>Yeniden Do\u011fu\u015f Partisi Genel Ba\u015fkan\u0131, Bay\u0131nd\u0131rl\u0131k ve Ula\u015ft\u0131rma Bakan\u0131 Ar\u0131kl\u0131 ayr\u0131ca halk\u0131 Sal\u0131 g\u00fcn\u00fc Bekirpa\u015fa Lisesi \u00f6n\u00fcnde konuya ili\u015fkin yap\u0131lacak protesto eylemine de davet etti.<\/p>\n<\/p><\/div>\n<p><script async\n                    defer\n                    crossorigin=\"anonymous\"\n                    src=\"https:\/\/connect.facebook.net\/tr_TR\/sdk.js#xfbml=1&#038;version=v3.3\"\n            ><\/script><\/p>\n","protected":false},"excerpt":{"rendered":"<p>Yeniden Do\u011fu\u015f Partisi Genel Ba\u015fkan\u0131, Bay\u0131nd\u0131rl\u0131k ve Ula\u015ft\u0131rma Bakan\u0131 Erhan Ar\u0131kl\u0131, partisinin Gazima\u011fusa\u2019da d\u00fczenledi\u011fi iftarda Cumhurba\u015fkan\u0131 se\u00e7imi ve g\u00fcndemdeki konulara ili\u015fkin a\u00e7\u0131klamalarda bulundu. Erhan Ar\u0131kl\u0131, etkinlikteki konu\u015fmas\u0131n\u0131 sosyal medya hesab\u0131ndan payla\u015farak, Nisan ay\u0131 i\u00e7erisinde Parti Meclisi\u2019nin toplanaca\u011f\u0131n\u0131 ve h\u00fckumet meseleleriyle ilgili konu\u015fulaca\u011f\u0131n\u0131 belirtti. Ar\u0131kl\u0131 ayr\u0131ca, toplant\u0131da Cumhurba\u015fkanl\u0131\u011f\u0131 se\u00e7imleri i\u00e7in kesin karar\u0131n verilece\u011fini de ifade etti.<\/p>\n","protected":false},"author":1,"featured_media":78577,"comment_status":"open","ping_status":"open","sticky":false,"template":"","format":"standard","meta":{"footnotes":""},"categories":[81,101],"tags":[],"class_list":["post-78576","post","type-post","status-publish","format-standard","has-post-thumbnail","hentry","category-kibris","category-manset"],"yoast_head":"<!-- This site is optimized with the Yoast SEO plugin v27.5 - https:\/\/yoast.com\/product\/yoast-seo-wordpress\/ -->\n<title>Ar\u0131kl\u0131 h\u00fck\u00fcmet ortaklar\u0131na seslendi: Ortak ba\u011f\u0131ms\u0131z bir aday \u00fczerinde anla\u015fal\u0131m -<\/title>\n<meta name=\"robots\" content=\"index, follow, max-snippet:-1, max-image-preview:large, max-video-preview:-1\" \/>\n<link rel=\"canonical\" href=\"https:\/\/kibrisdakik.com\/?p=78576\" \/>\n<meta property=\"og:locale\" content=\"tr_TR\" \/>\n<meta property=\"og:type\" content=\"article\" \/>\n<meta property=\"og:title\" content=\"Ar\u0131kl\u0131 h\u00fck\u00fcmet ortaklar\u0131na seslendi: Ortak ba\u011f\u0131ms\u0131z bir aday \u00fczerinde anla\u015fal\u0131m -\" \/>\n<meta property=\"og:description\" content=\"Yeniden Do\u011fu\u015f Partisi Genel Ba\u015fkan\u0131, Bay\u0131nd\u0131rl\u0131k ve Ula\u015ft\u0131rma Bakan\u0131 Erhan Ar\u0131kl\u0131, partisinin Gazima\u011fusa\u2019da d\u00fczenledi\u011fi iftarda Cumhurba\u015fkan\u0131 se\u00e7imi ve g\u00fcndemdeki konulara ili\u015fkin a\u00e7\u0131klamalarda bulundu. Erhan Ar\u0131kl\u0131, etkinlikteki konu\u015fmas\u0131n\u0131 sosyal medya hesab\u0131ndan payla\u015farak, Nisan ay\u0131 i\u00e7erisinde Parti Meclisi\u2019nin toplanaca\u011f\u0131n\u0131 ve h\u00fckumet meseleleriyle ilgili konu\u015fulaca\u011f\u0131n\u0131 belirtti. Ar\u0131kl\u0131 ayr\u0131ca, toplant\u0131da Cumhurba\u015fkanl\u0131\u011f\u0131 se\u00e7imleri i\u00e7in kesin karar\u0131n verilece\u011fini de ifade etti.\" \/>\n<meta property=\"og:url\" content=\"https:\/\/kibrisdakik.com\/?p=78576\" \/>\n<meta property=\"article:published_time\" content=\"2025-03-23T17:29:48+00:00\" \/>\n<meta property=\"og:image\" content=\"https:\/\/kibrisdakik.com\/wp-content\/uploads\/2025\/03\/485388384_10162696314018570_725425637601638862_n-740x420.jpg\" \/>\n\t<meta property=\"og:image:width\" content=\"1536\" \/>\n\t<meta property=\"og:image:height\" content=\"912\" \/>\n\t<meta property=\"og:image:type\" content=\"image\/jpeg\" \/>\n<meta name=\"author\" content=\"admin\" \/>\n<meta name=\"twitter:card\" content=\"summary_large_image\" \/>\n<meta name=\"twitter:label1\" content=\"Yazan:\" \/>\n\t<meta name=\"twitter:data1\" content=\"admin\" \/>\n\t<meta name=\"twitter:label2\" content=\"Tahmini okuma s\u00fcresi\" \/>\n\t<meta name=\"twitter:data2\" content=\"1 dakika\" \/>\n<script type=\"application\/ld+json\" class=\"yoast-schema-graph\">{\"@context\":\"https:\\\/\\\/schema.org\",\"@graph\":[{\"@type\":\"Article\",\"@id\":\"https:\\\/\\\/kibrisdakik.com\\\/?p=78576#article\",\"isPartOf\":{\"@id\":\"https:\\\/\\\/kibrisdakik.com\\\/?p=78576\"},\"author\":{\"name\":\"admin\",\"@id\":\"https:\\\/\\\/kibrisdakik.com\\\/#\\\/schema\\\/person\\\/9cd9d437bbb44f72b73ba127e06d8e79\"},\"headline\":\"Ar\u0131kl\u0131 h\u00fck\u00fcmet ortaklar\u0131na seslendi: Ortak ba\u011f\u0131ms\u0131z bir aday \u00fczerinde anla\u015fal\u0131m\",\"datePublished\":\"2025-03-23T17:29:48+00:00\",\"mainEntityOfPage\":{\"@id\":\"https:\\\/\\\/kibrisdakik.com\\\/?p=78576\"},\"wordCount\":313,\"commentCount\":0,\"image\":{\"@id\":\"https:\\\/\\\/kibrisdakik.com\\\/?p=78576#primaryimage\"},\"thumbnailUrl\":\"https:\\\/\\\/kibrisdakik.com\\\/wp-content\\\/uploads\\\/2025\\\/03\\\/485388384_10162696314018570_725425637601638862_n-740x420.jpg\",\"articleSection\":[\"K\u0131br\u0131s\",\"Man\u015fet\"],\"inLanguage\":\"tr\",\"potentialAction\":[{\"@type\":\"CommentAction\",\"name\":\"Comment\",\"target\":[\"https:\\\/\\\/kibrisdakik.com\\\/?p=78576#respond\"]}]},{\"@type\":\"WebPage\",\"@id\":\"https:\\\/\\\/kibrisdakik.com\\\/?p=78576\",\"url\":\"https:\\\/\\\/kibrisdakik.com\\\/?p=78576\",\"name\":\"Ar\u0131kl\u0131 h\u00fck\u00fcmet ortaklar\u0131na seslendi: Ortak ba\u011f\u0131ms\u0131z bir aday \u00fczerinde anla\u015fal\u0131m -\",\"isPartOf\":{\"@id\":\"https:\\\/\\\/kibrisdakik.com\\\/#website\"},\"primaryImageOfPage\":{\"@id\":\"https:\\\/\\\/kibrisdakik.com\\\/?p=78576#primaryimage\"},\"image\":{\"@id\":\"https:\\\/\\\/kibrisdakik.com\\\/?p=78576#primaryimage\"},\"thumbnailUrl\":\"https:\\\/\\\/kibrisdakik.com\\\/wp-content\\\/uploads\\\/2025\\\/03\\\/485388384_10162696314018570_725425637601638862_n-740x420.jpg\",\"datePublished\":\"2025-03-23T17:29:48+00:00\",\"author\":{\"@id\":\"https:\\\/\\\/kibrisdakik.com\\\/#\\\/schema\\\/person\\\/9cd9d437bbb44f72b73ba127e06d8e79\"},\"breadcrumb\":{\"@id\":\"https:\\\/\\\/kibrisdakik.com\\\/?p=78576#breadcrumb\"},\"inLanguage\":\"tr\",\"potentialAction\":[{\"@type\":\"ReadAction\",\"target\":[\"https:\\\/\\\/kibrisdakik.com\\\/?p=78576\"]}]},{\"@type\":\"ImageObject\",\"inLanguage\":\"tr\",\"@id\":\"https:\\\/\\\/kibrisdakik.com\\\/?p=78576#primaryimage\",\"url\":\"https:\\\/\\\/kibrisdakik.com\\\/wp-content\\\/uploads\\\/2025\\\/03\\\/485388384_10162696314018570_725425637601638862_n-740x420.jpg\",\"contentUrl\":\"https:\\\/\\\/kibrisdakik.com\\\/wp-content\\\/uploads\\\/2025\\\/03\\\/485388384_10162696314018570_725425637601638862_n-740x420.jpg\",\"width\":1536,\"height\":912},{\"@type\":\"BreadcrumbList\",\"@id\":\"https:\\\/\\\/kibrisdakik.com\\\/?p=78576#breadcrumb\",\"itemListElement\":[{\"@type\":\"ListItem\",\"position\":1,\"name\":\"Home\",\"item\":\"https:\\\/\\\/kibrisdakik.com\\\/\"},{\"@type\":\"ListItem\",\"position\":2,\"name\":\"Ar\u0131kl\u0131 h\u00fck\u00fcmet ortaklar\u0131na seslendi: Ortak ba\u011f\u0131ms\u0131z bir aday \u00fczerinde anla\u015fal\u0131m\"}]},{\"@type\":\"WebSite\",\"@id\":\"https:\\\/\\\/kibrisdakik.com\\\/#website\",\"url\":\"https:\\\/\\\/kibrisdakik.com\\\/\",\"name\":\"\",\"description\":\"Tam vaktinde haber\",\"potentialAction\":[{\"@type\":\"SearchAction\",\"target\":{\"@type\":\"EntryPoint\",\"urlTemplate\":\"https:\\\/\\\/kibrisdakik.com\\\/?s={search_term_string}\"},\"query-input\":{\"@type\":\"PropertyValueSpecification\",\"valueRequired\":true,\"valueName\":\"search_term_string\"}}],\"inLanguage\":\"tr\"},{\"@type\":\"Person\",\"@id\":\"https:\\\/\\\/kibrisdakik.com\\\/#\\\/schema\\\/person\\\/9cd9d437bbb44f72b73ba127e06d8e79\",\"name\":\"admin\",\"image\":{\"@type\":\"ImageObject\",\"inLanguage\":\"tr\",\"@id\":\"https:\\\/\\\/secure.gravatar.com\\\/avatar\\\/ccc17943b9d660506c869530f897617f7cb1c21a4bf30023f252596d83e1f007?s=96&d=mm&r=g\",\"url\":\"https:\\\/\\\/secure.gravatar.com\\\/avatar\\\/ccc17943b9d660506c869530f897617f7cb1c21a4bf30023f252596d83e1f007?s=96&d=mm&r=g\",\"contentUrl\":\"https:\\\/\\\/secure.gravatar.com\\\/avatar\\\/ccc17943b9d660506c869530f897617f7cb1c21a4bf30023f252596d83e1f007?s=96&d=mm&r=g\",\"caption\":\"admin\"},\"sameAs\":[\"https:\\\/\\\/kibrisdakik.com\"],\"url\":\"https:\\\/\\\/kibrisdakik.com\\\/?author=1\"}]}<\/script>\n<!-- \/ Yoast SEO plugin. -->","yoast_head_json":{"title":"Ar\u0131kl\u0131 h\u00fck\u00fcmet ortaklar\u0131na seslendi: Ortak ba\u011f\u0131ms\u0131z bir aday \u00fczerinde anla\u015fal\u0131m -","robots":{"index":"index","follow":"follow","max-snippet":"max-snippet:-1","max-image-preview":"max-image-preview:large","max-video-preview":"max-video-preview:-1"},"canonical":"https:\/\/kibrisdakik.com\/?p=78576","og_locale":"tr_TR","og_type":"article","og_title":"Ar\u0131kl\u0131 h\u00fck\u00fcmet ortaklar\u0131na seslendi: Ortak ba\u011f\u0131ms\u0131z bir aday \u00fczerinde anla\u015fal\u0131m -","og_description":"Yeniden Do\u011fu\u015f Partisi Genel Ba\u015fkan\u0131, Bay\u0131nd\u0131rl\u0131k ve Ula\u015ft\u0131rma Bakan\u0131 Erhan Ar\u0131kl\u0131, partisinin Gazima\u011fusa\u2019da d\u00fczenledi\u011fi iftarda Cumhurba\u015fkan\u0131 se\u00e7imi ve g\u00fcndemdeki konulara ili\u015fkin a\u00e7\u0131klamalarda bulundu. Erhan Ar\u0131kl\u0131, etkinlikteki konu\u015fmas\u0131n\u0131 sosyal medya hesab\u0131ndan payla\u015farak, Nisan ay\u0131 i\u00e7erisinde Parti Meclisi\u2019nin toplanaca\u011f\u0131n\u0131 ve h\u00fckumet meseleleriyle ilgili konu\u015fulaca\u011f\u0131n\u0131 belirtti. Ar\u0131kl\u0131 ayr\u0131ca, toplant\u0131da Cumhurba\u015fkanl\u0131\u011f\u0131 se\u00e7imleri i\u00e7in kesin karar\u0131n verilece\u011fini de ifade etti.","og_url":"https:\/\/kibrisdakik.com\/?p=78576","article_published_time":"2025-03-23T17:29:48+00:00","og_image":[{"width":1536,"height":912,"url":"https:\/\/kibrisdakik.com\/wp-content\/uploads\/2025\/03\/485388384_10162696314018570_725425637601638862_n-740x420.jpg","type":"image\/jpeg"}],"author":"admin","twitter_card":"summary_large_image","twitter_misc":{"Yazan:":"admin","Tahmini okuma s\u00fcresi":"1 dakika"},"schema":{"@context":"https:\/\/schema.org","@graph":[{"@type":"Article","@id":"https:\/\/kibrisdakik.com\/?p=78576#article","isPartOf":{"@id":"https:\/\/kibrisdakik.com\/?p=78576"},"author":{"name":"admin","@id":"https:\/\/kibrisdakik.com\/#\/schema\/person\/9cd9d437bbb44f72b73ba127e06d8e79"},"headline":"Ar\u0131kl\u0131 h\u00fck\u00fcmet ortaklar\u0131na seslendi: Ortak ba\u011f\u0131ms\u0131z bir aday \u00fczerinde anla\u015fal\u0131m","datePublished":"2025-03-23T17:29:48+00:00","mainEntityOfPage":{"@id":"https:\/\/kibrisdakik.com\/?p=78576"},"wordCount":313,"commentCount":0,"image":{"@id":"https:\/\/kibrisdakik.com\/?p=78576#primaryimage"},"thumbnailUrl":"https:\/\/kibrisdakik.com\/wp-content\/uploads\/2025\/03\/485388384_10162696314018570_725425637601638862_n-740x420.jpg","articleSection":["K\u0131br\u0131s","Man\u015fet"],"inLanguage":"tr","potentialAction":[{"@type":"CommentAction","name":"Comment","target":["https:\/\/kibrisdakik.com\/?p=78576#respond"]}]},{"@type":"WebPage","@id":"https:\/\/kibrisdakik.com\/?p=78576","url":"https:\/\/kibrisdakik.com\/?p=78576","name":"Ar\u0131kl\u0131 h\u00fck\u00fcmet ortaklar\u0131na seslendi: Ortak ba\u011f\u0131ms\u0131z bir aday \u00fczerinde anla\u015fal\u0131m -","isPartOf":{"@id":"https:\/\/kibrisdakik.com\/#website"},"primaryImageOfPage":{"@id":"https:\/\/kibrisdakik.com\/?p=78576#primaryimage"},"image":{"@id":"https:\/\/kibrisdakik.com\/?p=78576#primaryimage"},"thumbnailUrl":"https:\/\/kibrisdakik.com\/wp-content\/uploads\/2025\/03\/485388384_10162696314018570_725425637601638862_n-740x420.jpg","datePublished":"2025-03-23T17:29:48+00:00","author":{"@id":"https:\/\/kibrisdakik.com\/#\/schema\/person\/9cd9d437bbb44f72b73ba127e06d8e79"},"breadcrumb":{"@id":"https:\/\/kibrisdakik.com\/?p=78576#breadcrumb"},"inLanguage":"tr","potentialAction":[{"@type":"ReadAction","target":["https:\/\/kibrisdakik.com\/?p=78576"]}]},{"@type":"ImageObject","inLanguage":"tr","@id":"https:\/\/kibrisdakik.com\/?p=78576#primaryimage","url":"https:\/\/kibrisdakik.com\/wp-content\/uploads\/2025\/03\/485388384_10162696314018570_725425637601638862_n-740x420.jpg","contentUrl":"https:\/\/kibrisdakik.com\/wp-content\/uploads\/2025\/03\/485388384_10162696314018570_725425637601638862_n-740x420.jpg","width":1536,"height":912},{"@type":"BreadcrumbList","@id":"https:\/\/kibrisdakik.com\/?p=78576#breadcrumb","itemListElement":[{"@type":"ListItem","position":1,"name":"Home","item":"https:\/\/kibrisdakik.com\/"},{"@type":"ListItem","position":2,"name":"Ar\u0131kl\u0131 h\u00fck\u00fcmet ortaklar\u0131na seslendi: Ortak ba\u011f\u0131ms\u0131z bir aday \u00fczerinde anla\u015fal\u0131m"}]},{"@type":"WebSite","@id":"https:\/\/kibrisdakik.com\/#website","url":"https:\/\/kibrisdakik.com\/","name":"","description":"Tam vaktinde haber","potentialAction":[{"@type":"SearchAction","target":{"@type":"EntryPoint","urlTemplate":"https:\/\/kibrisdakik.com\/?s={search_term_string}"},"query-input":{"@type":"PropertyValueSpecification","valueRequired":true,"valueName":"search_term_string"}}],"inLanguage":"tr"},{"@type":"Person","@id":"https:\/\/kibrisdakik.com\/#\/schema\/person\/9cd9d437bbb44f72b73ba127e06d8e79","name":"admin","image":{"@type":"ImageObject","inLanguage":"tr","@id":"https:\/\/secure.gravatar.com\/avatar\/ccc17943b9d660506c869530f897617f7cb1c21a4bf30023f252596d83e1f007?s=96&d=mm&r=g","url":"https:\/\/secure.gravatar.com\/avatar\/ccc17943b9d660506c869530f897617f7cb1c21a4bf30023f252596d83e1f007?s=96&d=mm&r=g","contentUrl":"https:\/\/secure.gravatar.com\/avatar\/ccc17943b9d660506c869530f897617f7cb1c21a4bf30023f252596d83e1f007?s=96&d=mm&r=g","caption":"admin"},"sameAs":["https:\/\/kibrisdakik.com"],"url":"https:\/\/kibrisdakik.com\/?author=1"}]}},"_links":{"self":[{"href":"https:\/\/kibrisdakik.com\/index.php?rest_route=\/wp\/v2\/posts\/78576","targetHints":{"allow":["GET"]}}],"collection":[{"href":"https:\/\/kibrisdakik.com\/index.php?rest_route=\/wp\/v2\/posts"}],"about":[{"href":"https:\/\/kibrisdakik.com\/index.php?rest_route=\/wp\/v2\/types\/post"}],"author":[{"embeddable":true,"href":"https:\/\/kibrisdakik.com\/index.php?rest_route=\/wp\/v2\/users\/1"}],"replies":[{"embeddable":true,"href":"https:\/\/kibrisdakik.com\/index.php?rest_route=%2Fwp%2Fv2%2Fcomments&post=78576"}],"version-history":[{"count":0,"href":"https:\/\/kibrisdakik.com\/index.php?rest_route=\/wp\/v2\/posts\/78576\/revisions"}],"wp:featuredmedia":[{"embeddable":true,"href":"https:\/\/kibrisdakik.com\/index.php?rest_route=\/wp\/v2\/media\/78577"}],"wp:attachment":[{"href":"https:\/\/kibrisdakik.com\/index.php?rest_route=%2Fwp%2Fv2%2Fmedia&parent=78576"}],"wp:term":[{"taxonomy":"category","embeddable":true,"href":"https:\/\/kibrisdakik.com\/index.php?rest_route=%2Fwp%2Fv2%2Fcategories&post=78576"},{"taxonomy":"post_tag","embeddable":true,"href":"https:\/\/kibrisdakik.com\/index.php?rest_route=%2Fwp%2Fv2%2Ftags&post=78576"}],"curies":[{"name":"wp","href":"https:\/\/api.w.org\/{rel}","templated":true}]}}