{"id":78600,"date":"2025-03-24T12:35:30","date_gmt":"2025-03-24T09:35:30","guid":{"rendered":"https:\/\/kibrisdakik.com\/index.php\/2025\/03\/24\/lefke-cevre-ve-ekoloji-dernegi-gemikonaginda-lagim-sulari-cevreyi-kirletiyor-acil-cozum-gerekli\/"},"modified":"2025-03-24T12:35:30","modified_gmt":"2025-03-24T09:35:30","slug":"lefke-cevre-ve-ekoloji-dernegi-gemikonaginda-lagim-sulari-cevreyi-kirletiyor-acil-cozum-gerekli","status":"publish","type":"post","link":"https:\/\/kibrisdakik.com\/?p=78600","title":{"rendered":"Lefke \u00c7evre ve Ekoloji Derne\u011fi: \u201cGemikona\u011f\u0131\u2019nda la\u011f\u0131m sular\u0131 \u00e7evreyi kirletiyor\u2026 Acil \u00e7\u00f6z\u00fcm gerekli\u201d"},"content":{"rendered":"<div>\n<div class=\"mariselle-image-container center\">\n                                            <\/div>\n<p> Lefke \u00c7evre ve Ekoloji Derne\u011fi,  Gemikona\u011f\u0131\u2019nda la\u011f\u0131m sular\u0131n\u0131n \u00e7evreyi kirletti\u011fine dikkat \u00e7ekerek, acil \u00e7\u00f6z\u00fcm \u00e7a\u011fr\u0131s\u0131nda bulundu.<\/p>\n<p>Dernek\u2019ten yap\u0131lan a\u00e7\u0131klamada, kendilerine gelen \u015fikayetler \u00fczerine b\u00f6lgede bulunan T\u00fcfek\u00e7i Siteleri\u2019nde inceleme yapt\u0131klar\u0131 kaydedilerek, la\u011f\u0131m sular\u0131n\u0131n kontrols\u00fcz bir \u015fekilde dereye akt\u0131\u011f\u0131 tespitinde bulunduklar\u0131 belirtildi. Bu durumun su kalitesinin yan\u0131nda \u00e7evre esteti\u011fini etkiledi\u011fi ve koku yaratt\u0131\u011f\u0131 savunulan a\u00e7\u0131klamada, \u015funlar kaydedildi:<\/p>\n<p>\u201c\u0130ncelemelerde, sitelerden dereye do\u011fru uzanan plastik bir borunun varl\u0131\u011f\u0131 tespit edildi. Ancak, \u00e7evreye yay\u0131lan sorunun tam olarak bu borudan kaynaklan\u0131p kaynaklanmad\u0131\u011f\u0131 hen\u00fcz netlik kazanmad\u0131. Bu belirsizlik, \u00e7\u00f6z\u00fcm i\u00e7in daha kapsaml\u0131 bir ara\u015ft\u0131rmay\u0131 ve yetkililerin h\u0131zla m\u00fcdahale etmesini gerektiriyor.\u201d<\/p>\n<p>A\u00e7\u0131klamada, bu durumun Lefke \u00c7evre Dairesi\u2019nin dikkatine de sunuldu\u011funa i\u015faret edilerek, sorunun bir an \u00f6nce \u00e7\u00f6z\u00fclmesi ve benzer olaylar\u0131n ya\u015fanmamas\u0131 ad\u0131na daha etkili denetimler yap\u0131lmas\u0131 talep edildi.<\/p>\n<\/p><\/div>\n<p><script async\n                    defer\n                    crossorigin=\"anonymous\"\n                    src=\"https:\/\/connect.facebook.net\/tr_TR\/sdk.js#xfbml=1&#038;version=v3.3\"\n            ><\/script><\/p>\n","protected":false},"excerpt":{"rendered":"<p>Lefke \u00c7evre ve Ekoloji Derne\u011fi, Gemikona\u011f\u0131\u2019nda la\u011f\u0131m sular\u0131n\u0131n \u00e7evreyi kirletti\u011fine dikkat \u00e7ekerek, acil \u00e7\u00f6z\u00fcm \u00e7a\u011fr\u0131s\u0131nda bulundu. Dernek\u2019ten yap\u0131lan a\u00e7\u0131klamada, kendilerine gelen \u015fikayetler \u00fczerine b\u00f6lgede bulunan T\u00fcfek\u00e7i Siteleri\u2019nde inceleme yapt\u0131klar\u0131 kaydedilerek, la\u011f\u0131m sular\u0131n\u0131n kontrols\u00fcz bir \u015fekilde dereye akt\u0131\u011f\u0131 tespitinde bulunduklar\u0131 belirtildi. Bu durumun su kalitesinin yan\u0131nda \u00e7evre esteti\u011fini etkiledi\u011fi ve koku yaratt\u0131\u011f\u0131 savunulan a\u00e7\u0131klamada, \u015funlar kaydedildi:<\/p>\n","protected":false},"author":1,"featured_media":78601,"comment_status":"open","ping_status":"open","sticky":false,"template":"","format":"standard","meta":{"footnotes":""},"categories":[81,101],"tags":[],"class_list":["post-78600","post","type-post","status-publish","format-standard","has-post-thumbnail","hentry","category-kibris","category-manset"],"yoast_head":"<!-- This site is optimized with the Yoast SEO plugin v27.5 - https:\/\/yoast.com\/product\/yoast-seo-wordpress\/ -->\n<title>Lefke \u00c7evre ve Ekoloji Derne\u011fi: \u201cGemikona\u011f\u0131\u2019nda la\u011f\u0131m sular\u0131 \u00e7evreyi kirletiyor\u2026 Acil \u00e7\u00f6z\u00fcm gerekli\u201d -<\/title>\n<meta name=\"robots\" content=\"index, follow, max-snippet:-1, max-image-preview:large, max-video-preview:-1\" \/>\n<link rel=\"canonical\" href=\"https:\/\/kibrisdakik.com\/?p=78600\" \/>\n<meta property=\"og:locale\" content=\"tr_TR\" \/>\n<meta property=\"og:type\" content=\"article\" \/>\n<meta property=\"og:title\" content=\"Lefke \u00c7evre ve Ekoloji Derne\u011fi: \u201cGemikona\u011f\u0131\u2019nda la\u011f\u0131m sular\u0131 \u00e7evreyi kirletiyor\u2026 Acil \u00e7\u00f6z\u00fcm gerekli\u201d -\" \/>\n<meta property=\"og:description\" content=\"Lefke \u00c7evre ve Ekoloji Derne\u011fi, Gemikona\u011f\u0131\u2019nda la\u011f\u0131m sular\u0131n\u0131n \u00e7evreyi kirletti\u011fine dikkat \u00e7ekerek, acil \u00e7\u00f6z\u00fcm \u00e7a\u011fr\u0131s\u0131nda bulundu. Dernek\u2019ten yap\u0131lan a\u00e7\u0131klamada, kendilerine gelen \u015fikayetler \u00fczerine b\u00f6lgede bulunan T\u00fcfek\u00e7i Siteleri\u2019nde inceleme yapt\u0131klar\u0131 kaydedilerek, la\u011f\u0131m sular\u0131n\u0131n kontrols\u00fcz bir \u015fekilde dereye akt\u0131\u011f\u0131 tespitinde bulunduklar\u0131 belirtildi. Bu durumun su kalitesinin yan\u0131nda \u00e7evre esteti\u011fini etkiledi\u011fi ve koku yaratt\u0131\u011f\u0131 savunulan a\u00e7\u0131klamada, \u015funlar kaydedildi:\" \/>\n<meta property=\"og:url\" content=\"https:\/\/kibrisdakik.com\/?p=78600\" \/>\n<meta property=\"article:published_time\" content=\"2025-03-24T09:35:30+00:00\" \/>\n<meta property=\"og:image\" content=\"https:\/\/kibrisdakik.com\/wp-content\/uploads\/2025\/03\/Lefke-Cevre-ve-Ekoloji-Dernegi.webp-740x420.webp\" \/>\n\t<meta property=\"og:image:width\" content=\"1280\" \/>\n\t<meta property=\"og:image:height\" content=\"720\" \/>\n\t<meta property=\"og:image:type\" content=\"image\/webp\" \/>\n<meta name=\"author\" content=\"admin\" \/>\n<meta name=\"twitter:card\" content=\"summary_large_image\" \/>\n<meta name=\"twitter:label1\" content=\"Yazan:\" \/>\n\t<meta name=\"twitter:data1\" content=\"admin\" \/>\n\t<meta name=\"twitter:label2\" content=\"Tahmini okuma s\u00fcresi\" \/>\n\t<meta name=\"twitter:data2\" content=\"1 dakika\" \/>\n<script type=\"application\/ld+json\" class=\"yoast-schema-graph\">{\"@context\":\"https:\\\/\\\/schema.org\",\"@graph\":[{\"@type\":\"Article\",\"@id\":\"https:\\\/\\\/kibrisdakik.com\\\/?p=78600#article\",\"isPartOf\":{\"@id\":\"https:\\\/\\\/kibrisdakik.com\\\/?p=78600\"},\"author\":{\"name\":\"admin\",\"@id\":\"https:\\\/\\\/kibrisdakik.com\\\/#\\\/schema\\\/person\\\/9cd9d437bbb44f72b73ba127e06d8e79\"},\"headline\":\"Lefke \u00c7evre ve Ekoloji Derne\u011fi: \u201cGemikona\u011f\u0131\u2019nda la\u011f\u0131m sular\u0131 \u00e7evreyi kirletiyor\u2026 Acil \u00e7\u00f6z\u00fcm gerekli\u201d\",\"datePublished\":\"2025-03-24T09:35:30+00:00\",\"mainEntityOfPage\":{\"@id\":\"https:\\\/\\\/kibrisdakik.com\\\/?p=78600\"},\"wordCount\":182,\"commentCount\":0,\"image\":{\"@id\":\"https:\\\/\\\/kibrisdakik.com\\\/?p=78600#primaryimage\"},\"thumbnailUrl\":\"https:\\\/\\\/kibrisdakik.com\\\/wp-content\\\/uploads\\\/2025\\\/03\\\/Lefke-Cevre-ve-Ekoloji-Dernegi.webp-740x420.webp\",\"articleSection\":[\"K\u0131br\u0131s\",\"Man\u015fet\"],\"inLanguage\":\"tr\",\"potentialAction\":[{\"@type\":\"CommentAction\",\"name\":\"Comment\",\"target\":[\"https:\\\/\\\/kibrisdakik.com\\\/?p=78600#respond\"]}]},{\"@type\":\"WebPage\",\"@id\":\"https:\\\/\\\/kibrisdakik.com\\\/?p=78600\",\"url\":\"https:\\\/\\\/kibrisdakik.com\\\/?p=78600\",\"name\":\"Lefke \u00c7evre ve Ekoloji Derne\u011fi: \u201cGemikona\u011f\u0131\u2019nda la\u011f\u0131m sular\u0131 \u00e7evreyi kirletiyor\u2026 Acil \u00e7\u00f6z\u00fcm gerekli\u201d -\",\"isPartOf\":{\"@id\":\"https:\\\/\\\/kibrisdakik.com\\\/#website\"},\"primaryImageOfPage\":{\"@id\":\"https:\\\/\\\/kibrisdakik.com\\\/?p=78600#primaryimage\"},\"image\":{\"@id\":\"https:\\\/\\\/kibrisdakik.com\\\/?p=78600#primaryimage\"},\"thumbnailUrl\":\"https:\\\/\\\/kibrisdakik.com\\\/wp-content\\\/uploads\\\/2025\\\/03\\\/Lefke-Cevre-ve-Ekoloji-Dernegi.webp-740x420.webp\",\"datePublished\":\"2025-03-24T09:35:30+00:00\",\"author\":{\"@id\":\"https:\\\/\\\/kibrisdakik.com\\\/#\\\/schema\\\/person\\\/9cd9d437bbb44f72b73ba127e06d8e79\"},\"breadcrumb\":{\"@id\":\"https:\\\/\\\/kibrisdakik.com\\\/?p=78600#breadcrumb\"},\"inLanguage\":\"tr\",\"potentialAction\":[{\"@type\":\"ReadAction\",\"target\":[\"https:\\\/\\\/kibrisdakik.com\\\/?p=78600\"]}]},{\"@type\":\"ImageObject\",\"inLanguage\":\"tr\",\"@id\":\"https:\\\/\\\/kibrisdakik.com\\\/?p=78600#primaryimage\",\"url\":\"https:\\\/\\\/kibrisdakik.com\\\/wp-content\\\/uploads\\\/2025\\\/03\\\/Lefke-Cevre-ve-Ekoloji-Dernegi.webp-740x420.webp\",\"contentUrl\":\"https:\\\/\\\/kibrisdakik.com\\\/wp-content\\\/uploads\\\/2025\\\/03\\\/Lefke-Cevre-ve-Ekoloji-Dernegi.webp-740x420.webp\",\"width\":1280,\"height\":720},{\"@type\":\"BreadcrumbList\",\"@id\":\"https:\\\/\\\/kibrisdakik.com\\\/?p=78600#breadcrumb\",\"itemListElement\":[{\"@type\":\"ListItem\",\"position\":1,\"name\":\"Home\",\"item\":\"https:\\\/\\\/kibrisdakik.com\\\/\"},{\"@type\":\"ListItem\",\"position\":2,\"name\":\"Lefke \u00c7evre ve Ekoloji Derne\u011fi: \u201cGemikona\u011f\u0131\u2019nda la\u011f\u0131m sular\u0131 \u00e7evreyi kirletiyor\u2026 Acil \u00e7\u00f6z\u00fcm gerekli\u201d\"}]},{\"@type\":\"WebSite\",\"@id\":\"https:\\\/\\\/kibrisdakik.com\\\/#website\",\"url\":\"https:\\\/\\\/kibrisdakik.com\\\/\",\"name\":\"\",\"description\":\"Tam vaktinde haber\",\"potentialAction\":[{\"@type\":\"SearchAction\",\"target\":{\"@type\":\"EntryPoint\",\"urlTemplate\":\"https:\\\/\\\/kibrisdakik.com\\\/?s={search_term_string}\"},\"query-input\":{\"@type\":\"PropertyValueSpecification\",\"valueRequired\":true,\"valueName\":\"search_term_string\"}}],\"inLanguage\":\"tr\"},{\"@type\":\"Person\",\"@id\":\"https:\\\/\\\/kibrisdakik.com\\\/#\\\/schema\\\/person\\\/9cd9d437bbb44f72b73ba127e06d8e79\",\"name\":\"admin\",\"image\":{\"@type\":\"ImageObject\",\"inLanguage\":\"tr\",\"@id\":\"https:\\\/\\\/secure.gravatar.com\\\/avatar\\\/ccc17943b9d660506c869530f897617f7cb1c21a4bf30023f252596d83e1f007?s=96&d=mm&r=g\",\"url\":\"https:\\\/\\\/secure.gravatar.com\\\/avatar\\\/ccc17943b9d660506c869530f897617f7cb1c21a4bf30023f252596d83e1f007?s=96&d=mm&r=g\",\"contentUrl\":\"https:\\\/\\\/secure.gravatar.com\\\/avatar\\\/ccc17943b9d660506c869530f897617f7cb1c21a4bf30023f252596d83e1f007?s=96&d=mm&r=g\",\"caption\":\"admin\"},\"sameAs\":[\"https:\\\/\\\/kibrisdakik.com\"],\"url\":\"https:\\\/\\\/kibrisdakik.com\\\/?author=1\"}]}<\/script>\n<!-- \/ Yoast SEO plugin. -->","yoast_head_json":{"title":"Lefke \u00c7evre ve Ekoloji Derne\u011fi: \u201cGemikona\u011f\u0131\u2019nda la\u011f\u0131m sular\u0131 \u00e7evreyi kirletiyor\u2026 Acil \u00e7\u00f6z\u00fcm gerekli\u201d -","robots":{"index":"index","follow":"follow","max-snippet":"max-snippet:-1","max-image-preview":"max-image-preview:large","max-video-preview":"max-video-preview:-1"},"canonical":"https:\/\/kibrisdakik.com\/?p=78600","og_locale":"tr_TR","og_type":"article","og_title":"Lefke \u00c7evre ve Ekoloji Derne\u011fi: \u201cGemikona\u011f\u0131\u2019nda la\u011f\u0131m sular\u0131 \u00e7evreyi kirletiyor\u2026 Acil \u00e7\u00f6z\u00fcm gerekli\u201d -","og_description":"Lefke \u00c7evre ve Ekoloji Derne\u011fi, Gemikona\u011f\u0131\u2019nda la\u011f\u0131m sular\u0131n\u0131n \u00e7evreyi kirletti\u011fine dikkat \u00e7ekerek, acil \u00e7\u00f6z\u00fcm \u00e7a\u011fr\u0131s\u0131nda bulundu. Dernek\u2019ten yap\u0131lan a\u00e7\u0131klamada, kendilerine gelen \u015fikayetler \u00fczerine b\u00f6lgede bulunan T\u00fcfek\u00e7i Siteleri\u2019nde inceleme yapt\u0131klar\u0131 kaydedilerek, la\u011f\u0131m sular\u0131n\u0131n kontrols\u00fcz bir \u015fekilde dereye akt\u0131\u011f\u0131 tespitinde bulunduklar\u0131 belirtildi. Bu durumun su kalitesinin yan\u0131nda \u00e7evre esteti\u011fini etkiledi\u011fi ve koku yaratt\u0131\u011f\u0131 savunulan a\u00e7\u0131klamada, \u015funlar kaydedildi:","og_url":"https:\/\/kibrisdakik.com\/?p=78600","article_published_time":"2025-03-24T09:35:30+00:00","og_image":[{"width":1280,"height":720,"url":"https:\/\/kibrisdakik.com\/wp-content\/uploads\/2025\/03\/Lefke-Cevre-ve-Ekoloji-Dernegi.webp-740x420.webp","type":"image\/webp"}],"author":"admin","twitter_card":"summary_large_image","twitter_misc":{"Yazan:":"admin","Tahmini okuma s\u00fcresi":"1 dakika"},"schema":{"@context":"https:\/\/schema.org","@graph":[{"@type":"Article","@id":"https:\/\/kibrisdakik.com\/?p=78600#article","isPartOf":{"@id":"https:\/\/kibrisdakik.com\/?p=78600"},"author":{"name":"admin","@id":"https:\/\/kibrisdakik.com\/#\/schema\/person\/9cd9d437bbb44f72b73ba127e06d8e79"},"headline":"Lefke \u00c7evre ve Ekoloji Derne\u011fi: \u201cGemikona\u011f\u0131\u2019nda la\u011f\u0131m sular\u0131 \u00e7evreyi kirletiyor\u2026 Acil \u00e7\u00f6z\u00fcm gerekli\u201d","datePublished":"2025-03-24T09:35:30+00:00","mainEntityOfPage":{"@id":"https:\/\/kibrisdakik.com\/?p=78600"},"wordCount":182,"commentCount":0,"image":{"@id":"https:\/\/kibrisdakik.com\/?p=78600#primaryimage"},"thumbnailUrl":"https:\/\/kibrisdakik.com\/wp-content\/uploads\/2025\/03\/Lefke-Cevre-ve-Ekoloji-Dernegi.webp-740x420.webp","articleSection":["K\u0131br\u0131s","Man\u015fet"],"inLanguage":"tr","potentialAction":[{"@type":"CommentAction","name":"Comment","target":["https:\/\/kibrisdakik.com\/?p=78600#respond"]}]},{"@type":"WebPage","@id":"https:\/\/kibrisdakik.com\/?p=78600","url":"https:\/\/kibrisdakik.com\/?p=78600","name":"Lefke \u00c7evre ve Ekoloji Derne\u011fi: \u201cGemikona\u011f\u0131\u2019nda la\u011f\u0131m sular\u0131 \u00e7evreyi kirletiyor\u2026 Acil \u00e7\u00f6z\u00fcm gerekli\u201d -","isPartOf":{"@id":"https:\/\/kibrisdakik.com\/#website"},"primaryImageOfPage":{"@id":"https:\/\/kibrisdakik.com\/?p=78600#primaryimage"},"image":{"@id":"https:\/\/kibrisdakik.com\/?p=78600#primaryimage"},"thumbnailUrl":"https:\/\/kibrisdakik.com\/wp-content\/uploads\/2025\/03\/Lefke-Cevre-ve-Ekoloji-Dernegi.webp-740x420.webp","datePublished":"2025-03-24T09:35:30+00:00","author":{"@id":"https:\/\/kibrisdakik.com\/#\/schema\/person\/9cd9d437bbb44f72b73ba127e06d8e79"},"breadcrumb":{"@id":"https:\/\/kibrisdakik.com\/?p=78600#breadcrumb"},"inLanguage":"tr","potentialAction":[{"@type":"ReadAction","target":["https:\/\/kibrisdakik.com\/?p=78600"]}]},{"@type":"ImageObject","inLanguage":"tr","@id":"https:\/\/kibrisdakik.com\/?p=78600#primaryimage","url":"https:\/\/kibrisdakik.com\/wp-content\/uploads\/2025\/03\/Lefke-Cevre-ve-Ekoloji-Dernegi.webp-740x420.webp","contentUrl":"https:\/\/kibrisdakik.com\/wp-content\/uploads\/2025\/03\/Lefke-Cevre-ve-Ekoloji-Dernegi.webp-740x420.webp","width":1280,"height":720},{"@type":"BreadcrumbList","@id":"https:\/\/kibrisdakik.com\/?p=78600#breadcrumb","itemListElement":[{"@type":"ListItem","position":1,"name":"Home","item":"https:\/\/kibrisdakik.com\/"},{"@type":"ListItem","position":2,"name":"Lefke \u00c7evre ve Ekoloji Derne\u011fi: \u201cGemikona\u011f\u0131\u2019nda la\u011f\u0131m sular\u0131 \u00e7evreyi kirletiyor\u2026 Acil \u00e7\u00f6z\u00fcm gerekli\u201d"}]},{"@type":"WebSite","@id":"https:\/\/kibrisdakik.com\/#website","url":"https:\/\/kibrisdakik.com\/","name":"","description":"Tam vaktinde haber","potentialAction":[{"@type":"SearchAction","target":{"@type":"EntryPoint","urlTemplate":"https:\/\/kibrisdakik.com\/?s={search_term_string}"},"query-input":{"@type":"PropertyValueSpecification","valueRequired":true,"valueName":"search_term_string"}}],"inLanguage":"tr"},{"@type":"Person","@id":"https:\/\/kibrisdakik.com\/#\/schema\/person\/9cd9d437bbb44f72b73ba127e06d8e79","name":"admin","image":{"@type":"ImageObject","inLanguage":"tr","@id":"https:\/\/secure.gravatar.com\/avatar\/ccc17943b9d660506c869530f897617f7cb1c21a4bf30023f252596d83e1f007?s=96&d=mm&r=g","url":"https:\/\/secure.gravatar.com\/avatar\/ccc17943b9d660506c869530f897617f7cb1c21a4bf30023f252596d83e1f007?s=96&d=mm&r=g","contentUrl":"https:\/\/secure.gravatar.com\/avatar\/ccc17943b9d660506c869530f897617f7cb1c21a4bf30023f252596d83e1f007?s=96&d=mm&r=g","caption":"admin"},"sameAs":["https:\/\/kibrisdakik.com"],"url":"https:\/\/kibrisdakik.com\/?author=1"}]}},"_links":{"self":[{"href":"https:\/\/kibrisdakik.com\/index.php?rest_route=\/wp\/v2\/posts\/78600","targetHints":{"allow":["GET"]}}],"collection":[{"href":"https:\/\/kibrisdakik.com\/index.php?rest_route=\/wp\/v2\/posts"}],"about":[{"href":"https:\/\/kibrisdakik.com\/index.php?rest_route=\/wp\/v2\/types\/post"}],"author":[{"embeddable":true,"href":"https:\/\/kibrisdakik.com\/index.php?rest_route=\/wp\/v2\/users\/1"}],"replies":[{"embeddable":true,"href":"https:\/\/kibrisdakik.com\/index.php?rest_route=%2Fwp%2Fv2%2Fcomments&post=78600"}],"version-history":[{"count":0,"href":"https:\/\/kibrisdakik.com\/index.php?rest_route=\/wp\/v2\/posts\/78600\/revisions"}],"wp:featuredmedia":[{"embeddable":true,"href":"https:\/\/kibrisdakik.com\/index.php?rest_route=\/wp\/v2\/media\/78601"}],"wp:attachment":[{"href":"https:\/\/kibrisdakik.com\/index.php?rest_route=%2Fwp%2Fv2%2Fmedia&parent=78600"}],"wp:term":[{"taxonomy":"category","embeddable":true,"href":"https:\/\/kibrisdakik.com\/index.php?rest_route=%2Fwp%2Fv2%2Fcategories&post=78600"},{"taxonomy":"post_tag","embeddable":true,"href":"https:\/\/kibrisdakik.com\/index.php?rest_route=%2Fwp%2Fv2%2Ftags&post=78600"}],"curies":[{"name":"wp","href":"https:\/\/api.w.org\/{rel}","templated":true}]}}