{"id":78661,"date":"2025-03-24T21:53:00","date_gmt":"2025-03-24T18:53:00","guid":{"rendered":"https:\/\/kibrisdakik.com\/index.php\/2025\/03\/24\/tc-iletisim-baskanligi-konser-sorusturma-izni-mansur-yavasi-degil-konuyla-ilgili-personeli-kapsiyor\/"},"modified":"2025-03-24T21:53:00","modified_gmt":"2025-03-24T18:53:00","slug":"tc-iletisim-baskanligi-konser-sorusturma-izni-mansur-yavasi-degil-konuyla-ilgili-personeli-kapsiyor","status":"publish","type":"post","link":"https:\/\/kibrisdakik.com\/?p=78661","title":{"rendered":"TC \u0130leti\u015fim Ba\u015fkanl\u0131\u011f\u0131: \u201cKonser soru\u015fturma izni Mansur Yava\u015f\u2019\u0131 de\u011fil konuyla ilgili personeli kaps\u0131yor\u201d"},"content":{"rendered":"<p><\/p>\n<div>\n<div class=\"mariselle-image-container center\">\n                <img loading=\"lazy\" decoding=\"async\" width=\"864\" height=\"486\" class=\"lazy-image\" alt=\"\" sizes=\"auto, (max-width: 864px) 100vw, 864px\" src=\"https:\/\/brtk.net\/wp-content\/uploads\/2025\/03\/24\/TC-Iletisim-Baskanligi.jpg?ver=2a1bc195ab039101fb558c8022615649\" srcset=\"https:\/\/brtk.net\/wp-content\/uploads\/2025\/03\/24\/TC-Iletisim-Baskanligi.jpg?ver=2a1bc195ab039101fb558c8022615649 864w, https:\/\/brtk.net\/wp-content\/uploads\/2025\/03\/24\/TC-Iletisim-Baskanligi-300x169.jpg?ver=2a1bc195ab039101fb558c8022615649 300w, https:\/\/brtk.net\/wp-content\/uploads\/2025\/03\/24\/TC-Iletisim-Baskanligi-768x432.jpg?ver=2a1bc195ab039101fb558c8022615649 768w\"\/>                            <\/div>\n<p> T\u00fcrkiye Cumhurba\u015fkanl\u0131\u011f\u0131 \u0130leti\u015fim Ba\u015fkanl\u0131\u011f\u0131 Dezenformasyonla M\u00fccadele Merkezi (DMM), baz\u0131 bas\u0131n yay\u0131n organlar\u0131nda yer alan, \u201cAnkara B\u00fcy\u00fck\u015fehir Belediyesine (ABB) konser soru\u015fturmas\u0131 ba\u015flat\u0131ld\u0131\u201d iddias\u0131n\u0131n manip\u00fclasyon i\u00e7erdi\u011fini, soru\u015fturma izninin ABB Ba\u015fkan\u0131 Mansur Yava\u015f\u2019\u0131 de\u011fil konuyla ilgili personeli kapsad\u0131\u011f\u0131n\u0131 bildirdi.<\/p>\n<p>DMM\u2019nin sosyal medya hesab\u0131ndan yap\u0131lan a\u00e7\u0131klamada, \u015fu ifadelere yer verildi:<\/p>\n<p>\u201cBaz\u0131 bas\u0131n yay\u0131n organlar\u0131nda yer alan, \u2018Ankara B\u00fcy\u00fck\u015fehir Belediyesine konser soru\u015fturmas\u0131 ba\u015flat\u0131ld\u0131\u2019 iddias\u0131 manip\u00fclasyon i\u00e7ermektedir. \u0130ddia edilenin aksine Ankara B\u00fcy\u00fck\u015fehir Belediye Ba\u015fkanl\u0131\u011f\u0131na ili\u015fkin verilen soru\u015fturma izni, ABB Ba\u015fkan\u0131 Mansur Yava\u015f\u2019\u0131 de\u011fil konuyla ilgili personeli kapsamaktad\u0131r.<\/p>\n<p>\u0130\u00e7i\u015fleri Bakanl\u0131\u011f\u0131 m\u00fclkiye m\u00fcfetti\u015flerince yap\u0131lan \u00f6n inceleme neticesinde d\u00fczenlenen 31 Ocak 2025 tarihli rapor do\u011frultusunda 130 konseri kapsayan hizmet al\u0131mlar\u0131na ili\u015fkin inceleme bug\u00fcn tamamlanm\u0131\u015ft\u0131r. Bu kapsamda 33 konser hakk\u0131nda, kamu zarar\u0131 iddias\u0131yla soru\u015fturma izni verilmi\u015ftir. Bahse konu soru\u015fturma sonucu Ankara Valili\u011fince Ankara B\u00fcy\u00fck\u015fehir Belediyesinin 6 personeli hakk\u0131nda soru\u015fturma izni verilmi\u015ftir. Bahse konu tefti\u015f i\u015flemleri, y\u0131l\u0131n belirli d\u00f6nemlerinde rutin olarak yap\u0131lmakta olup, g\u00fcncel bir soru\u015fturma ba\u015flat\u0131lm\u0131\u015f gibi servis edilerek manip\u00fclasyon yap\u0131ld\u0131\u011f\u0131 tespit edilmi\u015ftir. Kamuoyunu manip\u00fcle etmeye y\u00f6nelik as\u0131ls\u0131z iddialara itibar etmeyiniz.\u201d<\/p>\n<\/p><\/div>\n<p><script async\n                    defer\n                    crossorigin=\"anonymous\"\n                    src=\"https:\/\/connect.facebook.net\/tr_TR\/sdk.js#xfbml=1&#038;version=v3.3\"\n            ><\/script><\/p>\n","protected":false},"excerpt":{"rendered":"<p>T\u00fcrkiye Cumhurba\u015fkanl\u0131\u011f\u0131 \u0130leti\u015fim Ba\u015fkanl\u0131\u011f\u0131 Dezenformasyonla M\u00fccadele Merkezi (DMM), baz\u0131 bas\u0131n yay\u0131n organlar\u0131nda yer alan, \u201cAnkara B\u00fcy\u00fck\u015fehir Belediyesine (ABB) konser soru\u015fturmas\u0131 ba\u015flat\u0131ld\u0131\u201d iddias\u0131n\u0131n manip\u00fclasyon i\u00e7erdi\u011fini, soru\u015fturma izninin ABB Ba\u015fkan\u0131 Mansur Yava\u015f\u2019\u0131 de\u011fil konuyla ilgili personeli kapsad\u0131\u011f\u0131n\u0131 bildirdi. DMM\u2019nin sosyal medya hesab\u0131ndan yap\u0131lan a\u00e7\u0131klamada, \u015fu ifadelere yer verildi: \u201cBaz\u0131 bas\u0131n yay\u0131n organlar\u0131nda yer alan, \u2018Ankara B\u00fcy\u00fck\u015fehir Belediyesine<\/p>\n","protected":false},"author":1,"featured_media":78662,"comment_status":"open","ping_status":"open","sticky":false,"template":"","format":"standard","meta":{"footnotes":""},"categories":[86],"tags":[],"class_list":["post-78661","post","type-post","status-publish","format-standard","has-post-thumbnail","hentry","category-turkiye"],"yoast_head":"<!-- This site is optimized with the Yoast SEO plugin v27.5 - https:\/\/yoast.com\/product\/yoast-seo-wordpress\/ -->\n<title>TC \u0130leti\u015fim Ba\u015fkanl\u0131\u011f\u0131: \u201cKonser soru\u015fturma izni Mansur Yava\u015f\u2019\u0131 de\u011fil konuyla ilgili personeli kaps\u0131yor\u201d -<\/title>\n<meta name=\"robots\" content=\"index, follow, max-snippet:-1, max-image-preview:large, max-video-preview:-1\" \/>\n<link rel=\"canonical\" href=\"https:\/\/kibrisdakik.com\/?p=78661\" \/>\n<meta property=\"og:locale\" content=\"tr_TR\" \/>\n<meta property=\"og:type\" content=\"article\" \/>\n<meta property=\"og:title\" content=\"TC \u0130leti\u015fim Ba\u015fkanl\u0131\u011f\u0131: \u201cKonser soru\u015fturma izni Mansur Yava\u015f\u2019\u0131 de\u011fil konuyla ilgili personeli kaps\u0131yor\u201d -\" \/>\n<meta property=\"og:description\" content=\"T\u00fcrkiye Cumhurba\u015fkanl\u0131\u011f\u0131 \u0130leti\u015fim Ba\u015fkanl\u0131\u011f\u0131 Dezenformasyonla M\u00fccadele Merkezi (DMM), baz\u0131 bas\u0131n yay\u0131n organlar\u0131nda yer alan, \u201cAnkara B\u00fcy\u00fck\u015fehir Belediyesine (ABB) konser soru\u015fturmas\u0131 ba\u015flat\u0131ld\u0131\u201d iddias\u0131n\u0131n manip\u00fclasyon i\u00e7erdi\u011fini, soru\u015fturma izninin ABB Ba\u015fkan\u0131 Mansur Yava\u015f\u2019\u0131 de\u011fil konuyla ilgili personeli kapsad\u0131\u011f\u0131n\u0131 bildirdi. DMM\u2019nin sosyal medya hesab\u0131ndan yap\u0131lan a\u00e7\u0131klamada, \u015fu ifadelere yer verildi: \u201cBaz\u0131 bas\u0131n yay\u0131n organlar\u0131nda yer alan, \u2018Ankara B\u00fcy\u00fck\u015fehir Belediyesine\" \/>\n<meta property=\"og:url\" content=\"https:\/\/kibrisdakik.com\/?p=78661\" \/>\n<meta property=\"article:published_time\" content=\"2025-03-24T18:53:00+00:00\" \/>\n<meta property=\"og:image\" content=\"https:\/\/kibrisdakik.com\/wp-content\/uploads\/2025\/03\/TC-Iletisim-Baskanligi-740x420.jpg\" \/>\n\t<meta property=\"og:image:width\" content=\"864\" \/>\n\t<meta property=\"og:image:height\" content=\"486\" \/>\n\t<meta property=\"og:image:type\" content=\"image\/jpeg\" \/>\n<meta name=\"author\" content=\"admin\" \/>\n<meta name=\"twitter:card\" content=\"summary_large_image\" \/>\n<meta name=\"twitter:label1\" content=\"Yazan:\" \/>\n\t<meta name=\"twitter:data1\" content=\"admin\" \/>\n\t<meta name=\"twitter:label2\" content=\"Tahmini okuma s\u00fcresi\" \/>\n\t<meta name=\"twitter:data2\" content=\"1 dakika\" \/>\n<script type=\"application\/ld+json\" class=\"yoast-schema-graph\">{\"@context\":\"https:\\\/\\\/schema.org\",\"@graph\":[{\"@type\":\"Article\",\"@id\":\"https:\\\/\\\/kibrisdakik.com\\\/?p=78661#article\",\"isPartOf\":{\"@id\":\"https:\\\/\\\/kibrisdakik.com\\\/?p=78661\"},\"author\":{\"name\":\"admin\",\"@id\":\"https:\\\/\\\/kibrisdakik.com\\\/#\\\/schema\\\/person\\\/9cd9d437bbb44f72b73ba127e06d8e79\"},\"headline\":\"TC \u0130leti\u015fim Ba\u015fkanl\u0131\u011f\u0131: \u201cKonser soru\u015fturma izni Mansur Yava\u015f\u2019\u0131 de\u011fil konuyla ilgili personeli kaps\u0131yor\u201d\",\"datePublished\":\"2025-03-24T18:53:00+00:00\",\"mainEntityOfPage\":{\"@id\":\"https:\\\/\\\/kibrisdakik.com\\\/?p=78661\"},\"wordCount\":263,\"commentCount\":0,\"image\":{\"@id\":\"https:\\\/\\\/kibrisdakik.com\\\/?p=78661#primaryimage\"},\"thumbnailUrl\":\"https:\\\/\\\/kibrisdakik.com\\\/wp-content\\\/uploads\\\/2025\\\/03\\\/TC-Iletisim-Baskanligi-740x420.jpg\",\"articleSection\":[\"T\u00fcrkiye\"],\"inLanguage\":\"tr\",\"potentialAction\":[{\"@type\":\"CommentAction\",\"name\":\"Comment\",\"target\":[\"https:\\\/\\\/kibrisdakik.com\\\/?p=78661#respond\"]}]},{\"@type\":\"WebPage\",\"@id\":\"https:\\\/\\\/kibrisdakik.com\\\/?p=78661\",\"url\":\"https:\\\/\\\/kibrisdakik.com\\\/?p=78661\",\"name\":\"TC \u0130leti\u015fim Ba\u015fkanl\u0131\u011f\u0131: \u201cKonser soru\u015fturma izni Mansur Yava\u015f\u2019\u0131 de\u011fil konuyla ilgili personeli kaps\u0131yor\u201d -\",\"isPartOf\":{\"@id\":\"https:\\\/\\\/kibrisdakik.com\\\/#website\"},\"primaryImageOfPage\":{\"@id\":\"https:\\\/\\\/kibrisdakik.com\\\/?p=78661#primaryimage\"},\"image\":{\"@id\":\"https:\\\/\\\/kibrisdakik.com\\\/?p=78661#primaryimage\"},\"thumbnailUrl\":\"https:\\\/\\\/kibrisdakik.com\\\/wp-content\\\/uploads\\\/2025\\\/03\\\/TC-Iletisim-Baskanligi-740x420.jpg\",\"datePublished\":\"2025-03-24T18:53:00+00:00\",\"author\":{\"@id\":\"https:\\\/\\\/kibrisdakik.com\\\/#\\\/schema\\\/person\\\/9cd9d437bbb44f72b73ba127e06d8e79\"},\"breadcrumb\":{\"@id\":\"https:\\\/\\\/kibrisdakik.com\\\/?p=78661#breadcrumb\"},\"inLanguage\":\"tr\",\"potentialAction\":[{\"@type\":\"ReadAction\",\"target\":[\"https:\\\/\\\/kibrisdakik.com\\\/?p=78661\"]}]},{\"@type\":\"ImageObject\",\"inLanguage\":\"tr\",\"@id\":\"https:\\\/\\\/kibrisdakik.com\\\/?p=78661#primaryimage\",\"url\":\"https:\\\/\\\/kibrisdakik.com\\\/wp-content\\\/uploads\\\/2025\\\/03\\\/TC-Iletisim-Baskanligi-740x420.jpg\",\"contentUrl\":\"https:\\\/\\\/kibrisdakik.com\\\/wp-content\\\/uploads\\\/2025\\\/03\\\/TC-Iletisim-Baskanligi-740x420.jpg\",\"width\":864,\"height\":486},{\"@type\":\"BreadcrumbList\",\"@id\":\"https:\\\/\\\/kibrisdakik.com\\\/?p=78661#breadcrumb\",\"itemListElement\":[{\"@type\":\"ListItem\",\"position\":1,\"name\":\"Home\",\"item\":\"https:\\\/\\\/kibrisdakik.com\\\/\"},{\"@type\":\"ListItem\",\"position\":2,\"name\":\"TC \u0130leti\u015fim Ba\u015fkanl\u0131\u011f\u0131: \u201cKonser soru\u015fturma izni Mansur Yava\u015f\u2019\u0131 de\u011fil konuyla ilgili personeli kaps\u0131yor\u201d\"}]},{\"@type\":\"WebSite\",\"@id\":\"https:\\\/\\\/kibrisdakik.com\\\/#website\",\"url\":\"https:\\\/\\\/kibrisdakik.com\\\/\",\"name\":\"\",\"description\":\"Tam vaktinde haber\",\"potentialAction\":[{\"@type\":\"SearchAction\",\"target\":{\"@type\":\"EntryPoint\",\"urlTemplate\":\"https:\\\/\\\/kibrisdakik.com\\\/?s={search_term_string}\"},\"query-input\":{\"@type\":\"PropertyValueSpecification\",\"valueRequired\":true,\"valueName\":\"search_term_string\"}}],\"inLanguage\":\"tr\"},{\"@type\":\"Person\",\"@id\":\"https:\\\/\\\/kibrisdakik.com\\\/#\\\/schema\\\/person\\\/9cd9d437bbb44f72b73ba127e06d8e79\",\"name\":\"admin\",\"image\":{\"@type\":\"ImageObject\",\"inLanguage\":\"tr\",\"@id\":\"https:\\\/\\\/secure.gravatar.com\\\/avatar\\\/ccc17943b9d660506c869530f897617f7cb1c21a4bf30023f252596d83e1f007?s=96&d=mm&r=g\",\"url\":\"https:\\\/\\\/secure.gravatar.com\\\/avatar\\\/ccc17943b9d660506c869530f897617f7cb1c21a4bf30023f252596d83e1f007?s=96&d=mm&r=g\",\"contentUrl\":\"https:\\\/\\\/secure.gravatar.com\\\/avatar\\\/ccc17943b9d660506c869530f897617f7cb1c21a4bf30023f252596d83e1f007?s=96&d=mm&r=g\",\"caption\":\"admin\"},\"sameAs\":[\"https:\\\/\\\/kibrisdakik.com\"],\"url\":\"https:\\\/\\\/kibrisdakik.com\\\/?author=1\"}]}<\/script>\n<!-- \/ Yoast SEO plugin. -->","yoast_head_json":{"title":"TC \u0130leti\u015fim Ba\u015fkanl\u0131\u011f\u0131: \u201cKonser soru\u015fturma izni Mansur Yava\u015f\u2019\u0131 de\u011fil konuyla ilgili personeli kaps\u0131yor\u201d -","robots":{"index":"index","follow":"follow","max-snippet":"max-snippet:-1","max-image-preview":"max-image-preview:large","max-video-preview":"max-video-preview:-1"},"canonical":"https:\/\/kibrisdakik.com\/?p=78661","og_locale":"tr_TR","og_type":"article","og_title":"TC \u0130leti\u015fim Ba\u015fkanl\u0131\u011f\u0131: \u201cKonser soru\u015fturma izni Mansur Yava\u015f\u2019\u0131 de\u011fil konuyla ilgili personeli kaps\u0131yor\u201d -","og_description":"T\u00fcrkiye Cumhurba\u015fkanl\u0131\u011f\u0131 \u0130leti\u015fim Ba\u015fkanl\u0131\u011f\u0131 Dezenformasyonla M\u00fccadele Merkezi (DMM), baz\u0131 bas\u0131n yay\u0131n organlar\u0131nda yer alan, \u201cAnkara B\u00fcy\u00fck\u015fehir Belediyesine (ABB) konser soru\u015fturmas\u0131 ba\u015flat\u0131ld\u0131\u201d iddias\u0131n\u0131n manip\u00fclasyon i\u00e7erdi\u011fini, soru\u015fturma izninin ABB Ba\u015fkan\u0131 Mansur Yava\u015f\u2019\u0131 de\u011fil konuyla ilgili personeli kapsad\u0131\u011f\u0131n\u0131 bildirdi. DMM\u2019nin sosyal medya hesab\u0131ndan yap\u0131lan a\u00e7\u0131klamada, \u015fu ifadelere yer verildi: \u201cBaz\u0131 bas\u0131n yay\u0131n organlar\u0131nda yer alan, \u2018Ankara B\u00fcy\u00fck\u015fehir Belediyesine","og_url":"https:\/\/kibrisdakik.com\/?p=78661","article_published_time":"2025-03-24T18:53:00+00:00","og_image":[{"width":864,"height":486,"url":"https:\/\/kibrisdakik.com\/wp-content\/uploads\/2025\/03\/TC-Iletisim-Baskanligi-740x420.jpg","type":"image\/jpeg"}],"author":"admin","twitter_card":"summary_large_image","twitter_misc":{"Yazan:":"admin","Tahmini okuma s\u00fcresi":"1 dakika"},"schema":{"@context":"https:\/\/schema.org","@graph":[{"@type":"Article","@id":"https:\/\/kibrisdakik.com\/?p=78661#article","isPartOf":{"@id":"https:\/\/kibrisdakik.com\/?p=78661"},"author":{"name":"admin","@id":"https:\/\/kibrisdakik.com\/#\/schema\/person\/9cd9d437bbb44f72b73ba127e06d8e79"},"headline":"TC \u0130leti\u015fim Ba\u015fkanl\u0131\u011f\u0131: \u201cKonser soru\u015fturma izni Mansur Yava\u015f\u2019\u0131 de\u011fil konuyla ilgili personeli kaps\u0131yor\u201d","datePublished":"2025-03-24T18:53:00+00:00","mainEntityOfPage":{"@id":"https:\/\/kibrisdakik.com\/?p=78661"},"wordCount":263,"commentCount":0,"image":{"@id":"https:\/\/kibrisdakik.com\/?p=78661#primaryimage"},"thumbnailUrl":"https:\/\/kibrisdakik.com\/wp-content\/uploads\/2025\/03\/TC-Iletisim-Baskanligi-740x420.jpg","articleSection":["T\u00fcrkiye"],"inLanguage":"tr","potentialAction":[{"@type":"CommentAction","name":"Comment","target":["https:\/\/kibrisdakik.com\/?p=78661#respond"]}]},{"@type":"WebPage","@id":"https:\/\/kibrisdakik.com\/?p=78661","url":"https:\/\/kibrisdakik.com\/?p=78661","name":"TC \u0130leti\u015fim Ba\u015fkanl\u0131\u011f\u0131: \u201cKonser soru\u015fturma izni Mansur Yava\u015f\u2019\u0131 de\u011fil konuyla ilgili personeli kaps\u0131yor\u201d -","isPartOf":{"@id":"https:\/\/kibrisdakik.com\/#website"},"primaryImageOfPage":{"@id":"https:\/\/kibrisdakik.com\/?p=78661#primaryimage"},"image":{"@id":"https:\/\/kibrisdakik.com\/?p=78661#primaryimage"},"thumbnailUrl":"https:\/\/kibrisdakik.com\/wp-content\/uploads\/2025\/03\/TC-Iletisim-Baskanligi-740x420.jpg","datePublished":"2025-03-24T18:53:00+00:00","author":{"@id":"https:\/\/kibrisdakik.com\/#\/schema\/person\/9cd9d437bbb44f72b73ba127e06d8e79"},"breadcrumb":{"@id":"https:\/\/kibrisdakik.com\/?p=78661#breadcrumb"},"inLanguage":"tr","potentialAction":[{"@type":"ReadAction","target":["https:\/\/kibrisdakik.com\/?p=78661"]}]},{"@type":"ImageObject","inLanguage":"tr","@id":"https:\/\/kibrisdakik.com\/?p=78661#primaryimage","url":"https:\/\/kibrisdakik.com\/wp-content\/uploads\/2025\/03\/TC-Iletisim-Baskanligi-740x420.jpg","contentUrl":"https:\/\/kibrisdakik.com\/wp-content\/uploads\/2025\/03\/TC-Iletisim-Baskanligi-740x420.jpg","width":864,"height":486},{"@type":"BreadcrumbList","@id":"https:\/\/kibrisdakik.com\/?p=78661#breadcrumb","itemListElement":[{"@type":"ListItem","position":1,"name":"Home","item":"https:\/\/kibrisdakik.com\/"},{"@type":"ListItem","position":2,"name":"TC \u0130leti\u015fim Ba\u015fkanl\u0131\u011f\u0131: \u201cKonser soru\u015fturma izni Mansur Yava\u015f\u2019\u0131 de\u011fil konuyla ilgili personeli kaps\u0131yor\u201d"}]},{"@type":"WebSite","@id":"https:\/\/kibrisdakik.com\/#website","url":"https:\/\/kibrisdakik.com\/","name":"","description":"Tam vaktinde haber","potentialAction":[{"@type":"SearchAction","target":{"@type":"EntryPoint","urlTemplate":"https:\/\/kibrisdakik.com\/?s={search_term_string}"},"query-input":{"@type":"PropertyValueSpecification","valueRequired":true,"valueName":"search_term_string"}}],"inLanguage":"tr"},{"@type":"Person","@id":"https:\/\/kibrisdakik.com\/#\/schema\/person\/9cd9d437bbb44f72b73ba127e06d8e79","name":"admin","image":{"@type":"ImageObject","inLanguage":"tr","@id":"https:\/\/secure.gravatar.com\/avatar\/ccc17943b9d660506c869530f897617f7cb1c21a4bf30023f252596d83e1f007?s=96&d=mm&r=g","url":"https:\/\/secure.gravatar.com\/avatar\/ccc17943b9d660506c869530f897617f7cb1c21a4bf30023f252596d83e1f007?s=96&d=mm&r=g","contentUrl":"https:\/\/secure.gravatar.com\/avatar\/ccc17943b9d660506c869530f897617f7cb1c21a4bf30023f252596d83e1f007?s=96&d=mm&r=g","caption":"admin"},"sameAs":["https:\/\/kibrisdakik.com"],"url":"https:\/\/kibrisdakik.com\/?author=1"}]}},"_links":{"self":[{"href":"https:\/\/kibrisdakik.com\/index.php?rest_route=\/wp\/v2\/posts\/78661","targetHints":{"allow":["GET"]}}],"collection":[{"href":"https:\/\/kibrisdakik.com\/index.php?rest_route=\/wp\/v2\/posts"}],"about":[{"href":"https:\/\/kibrisdakik.com\/index.php?rest_route=\/wp\/v2\/types\/post"}],"author":[{"embeddable":true,"href":"https:\/\/kibrisdakik.com\/index.php?rest_route=\/wp\/v2\/users\/1"}],"replies":[{"embeddable":true,"href":"https:\/\/kibrisdakik.com\/index.php?rest_route=%2Fwp%2Fv2%2Fcomments&post=78661"}],"version-history":[{"count":0,"href":"https:\/\/kibrisdakik.com\/index.php?rest_route=\/wp\/v2\/posts\/78661\/revisions"}],"wp:featuredmedia":[{"embeddable":true,"href":"https:\/\/kibrisdakik.com\/index.php?rest_route=\/wp\/v2\/media\/78662"}],"wp:attachment":[{"href":"https:\/\/kibrisdakik.com\/index.php?rest_route=%2Fwp%2Fv2%2Fmedia&parent=78661"}],"wp:term":[{"taxonomy":"category","embeddable":true,"href":"https:\/\/kibrisdakik.com\/index.php?rest_route=%2Fwp%2Fv2%2Fcategories&post=78661"},{"taxonomy":"post_tag","embeddable":true,"href":"https:\/\/kibrisdakik.com\/index.php?rest_route=%2Fwp%2Fv2%2Ftags&post=78661"}],"curies":[{"name":"wp","href":"https:\/\/api.w.org\/{rel}","templated":true}]}}