{"id":78698,"date":"2025-03-25T13:58:47","date_gmt":"2025-03-25T10:58:47","guid":{"rendered":"https:\/\/kibrisdakik.com\/index.php\/2025\/03\/25\/ozturkler-kadir-gecesi-nedeniyle-mesaj-yayimladi\/"},"modified":"2025-03-25T13:58:47","modified_gmt":"2025-03-25T10:58:47","slug":"ozturkler-kadir-gecesi-nedeniyle-mesaj-yayimladi","status":"publish","type":"post","link":"https:\/\/kibrisdakik.com\/?p=78698","title":{"rendered":"\u00d6zt\u00fcrkler, Kadir Gecesi nedeniyle mesaj yay\u0131mlad\u0131"},"content":{"rendered":"<div>\n<div class=\"mariselle-image-container center\">\n                                            <\/div>\n<p>Cumhuriyet Meclisi Ba\u015fkan\u0131 Ziya \u00d6zt\u00fcrkler, yar\u0131n gece idrak edilecek Kadir Gecesi nedeniyle mesaj yay\u0131mlayarak, halk\u0131n bu m\u00fcbarek gecesini kutlad\u0131.<\/p>\n<p>\u00d6zt\u00fcrkler, mesaj\u0131nda \u015fu ifadelere yer verdi: \u201cRahmet, ma\u011ffiret ve bereket kap\u0131lar\u0131n\u0131n ard\u0131na kadar a\u00e7\u0131ld\u0131\u011f\u0131 m\u00fcbarek Kadir Gecesi\u2019ne ula\u015fman\u0131n huzurunu ya\u015f\u0131yoruz. Bu m\u00fcbarek gece, kalplerimizin ar\u0131nmas\u0131na, dualar\u0131m\u0131z\u0131n kabul olmas\u0131na, iyilikte bulu\u015fmam\u0131za, \u00fclkemizde ve d\u00fcnyada bar\u0131\u015f\u0131n, adaletin ve karde\u015fli\u011fin hakim olmas\u0131na vesile olsun.\u201d<\/p>\n<p>\u00d6zt\u00fcrkler, manevi huzurun doruk noktas\u0131na ula\u015ft\u0131\u011f\u0131 bu gecenin, birlik ve beraberli\u011fin \u00f6nemini bir kez daha hat\u0131rlatt\u0131\u011f\u0131n\u0131 belirterek, t\u00fcm halk\u0131n ve \u0130slam \u00e2leminin Kadir Gecesi\u2019ni kutlad\u0131.<\/p>\n<\/p><\/div>\n<p><script async\n                    defer\n                    crossorigin=\"anonymous\"\n                    src=\"https:\/\/connect.facebook.net\/tr_TR\/sdk.js#xfbml=1&#038;version=v3.3\"\n            ><\/script><\/p>\n","protected":false},"excerpt":{"rendered":"<p>Cumhuriyet Meclisi Ba\u015fkan\u0131 Ziya \u00d6zt\u00fcrkler, yar\u0131n gece idrak edilecek Kadir Gecesi nedeniyle mesaj yay\u0131mlayarak, halk\u0131n bu m\u00fcbarek gecesini kutlad\u0131. \u00d6zt\u00fcrkler, mesaj\u0131nda \u015fu ifadelere yer verdi: \u201cRahmet, ma\u011ffiret ve bereket kap\u0131lar\u0131n\u0131n ard\u0131na kadar a\u00e7\u0131ld\u0131\u011f\u0131 m\u00fcbarek Kadir Gecesi\u2019ne ula\u015fman\u0131n huzurunu ya\u015f\u0131yoruz. Bu m\u00fcbarek gece, kalplerimizin ar\u0131nmas\u0131na, dualar\u0131m\u0131z\u0131n kabul olmas\u0131na, iyilikte bulu\u015fmam\u0131za, \u00fclkemizde ve d\u00fcnyada bar\u0131\u015f\u0131n, adaletin ve<\/p>\n","protected":false},"author":1,"featured_media":78699,"comment_status":"open","ping_status":"open","sticky":false,"template":"","format":"standard","meta":{"footnotes":""},"categories":[81,101],"tags":[],"class_list":["post-78698","post","type-post","status-publish","format-standard","has-post-thumbnail","hentry","category-kibris","category-manset"],"yoast_head":"<!-- This site is optimized with the Yoast SEO plugin v27.4 - https:\/\/yoast.com\/product\/yoast-seo-wordpress\/ -->\n<title>\u00d6zt\u00fcrkler, Kadir Gecesi nedeniyle mesaj yay\u0131mlad\u0131 -<\/title>\n<meta name=\"robots\" content=\"index, follow, max-snippet:-1, max-image-preview:large, max-video-preview:-1\" \/>\n<link rel=\"canonical\" href=\"https:\/\/kibrisdakik.com\/?p=78698\" \/>\n<meta property=\"og:locale\" content=\"tr_TR\" \/>\n<meta property=\"og:type\" content=\"article\" \/>\n<meta property=\"og:title\" content=\"\u00d6zt\u00fcrkler, Kadir Gecesi nedeniyle mesaj yay\u0131mlad\u0131 -\" \/>\n<meta property=\"og:description\" content=\"Cumhuriyet Meclisi Ba\u015fkan\u0131 Ziya \u00d6zt\u00fcrkler, yar\u0131n gece idrak edilecek Kadir Gecesi nedeniyle mesaj yay\u0131mlayarak, halk\u0131n bu m\u00fcbarek gecesini kutlad\u0131. \u00d6zt\u00fcrkler, mesaj\u0131nda \u015fu ifadelere yer verdi: \u201cRahmet, ma\u011ffiret ve bereket kap\u0131lar\u0131n\u0131n ard\u0131na kadar a\u00e7\u0131ld\u0131\u011f\u0131 m\u00fcbarek Kadir Gecesi\u2019ne ula\u015fman\u0131n huzurunu ya\u015f\u0131yoruz. Bu m\u00fcbarek gece, kalplerimizin ar\u0131nmas\u0131na, dualar\u0131m\u0131z\u0131n kabul olmas\u0131na, iyilikte bulu\u015fmam\u0131za, \u00fclkemizde ve d\u00fcnyada bar\u0131\u015f\u0131n, adaletin ve\" \/>\n<meta property=\"og:url\" content=\"https:\/\/kibrisdakik.com\/?p=78698\" \/>\n<meta property=\"article:published_time\" content=\"2025-03-25T10:58:47+00:00\" \/>\n<meta property=\"og:image\" content=\"https:\/\/kibrisdakik.com\/wp-content\/uploads\/2025\/03\/1742899431171OZTURKLER-740x420.jpg\" \/>\n\t<meta property=\"og:image:width\" content=\"1800\" \/>\n\t<meta property=\"og:image:height\" content=\"1200\" \/>\n\t<meta property=\"og:image:type\" content=\"image\/jpeg\" \/>\n<meta name=\"author\" content=\"admin\" \/>\n<meta name=\"twitter:card\" content=\"summary_large_image\" \/>\n<meta name=\"twitter:label1\" content=\"Yazan:\" \/>\n\t<meta name=\"twitter:data1\" content=\"admin\" \/>\n\t<meta name=\"twitter:label2\" content=\"Tahmini okuma s\u00fcresi\" \/>\n\t<meta name=\"twitter:data2\" content=\"1 dakika\" \/>\n<script type=\"application\/ld+json\" class=\"yoast-schema-graph\">{\"@context\":\"https:\\\/\\\/schema.org\",\"@graph\":[{\"@type\":\"Article\",\"@id\":\"https:\\\/\\\/kibrisdakik.com\\\/?p=78698#article\",\"isPartOf\":{\"@id\":\"https:\\\/\\\/kibrisdakik.com\\\/?p=78698\"},\"author\":{\"name\":\"admin\",\"@id\":\"https:\\\/\\\/kibrisdakik.com\\\/#\\\/schema\\\/person\\\/9cd9d437bbb44f72b73ba127e06d8e79\"},\"headline\":\"\u00d6zt\u00fcrkler, Kadir Gecesi nedeniyle mesaj yay\u0131mlad\u0131\",\"datePublished\":\"2025-03-25T10:58:47+00:00\",\"mainEntityOfPage\":{\"@id\":\"https:\\\/\\\/kibrisdakik.com\\\/?p=78698\"},\"wordCount\":135,\"commentCount\":0,\"image\":{\"@id\":\"https:\\\/\\\/kibrisdakik.com\\\/?p=78698#primaryimage\"},\"thumbnailUrl\":\"https:\\\/\\\/kibrisdakik.com\\\/wp-content\\\/uploads\\\/2025\\\/03\\\/1742899431171OZTURKLER-740x420.jpg\",\"articleSection\":[\"K\u0131br\u0131s\",\"Man\u015fet\"],\"inLanguage\":\"tr\",\"potentialAction\":[{\"@type\":\"CommentAction\",\"name\":\"Comment\",\"target\":[\"https:\\\/\\\/kibrisdakik.com\\\/?p=78698#respond\"]}]},{\"@type\":\"WebPage\",\"@id\":\"https:\\\/\\\/kibrisdakik.com\\\/?p=78698\",\"url\":\"https:\\\/\\\/kibrisdakik.com\\\/?p=78698\",\"name\":\"\u00d6zt\u00fcrkler, Kadir Gecesi nedeniyle mesaj yay\u0131mlad\u0131 -\",\"isPartOf\":{\"@id\":\"https:\\\/\\\/kibrisdakik.com\\\/#website\"},\"primaryImageOfPage\":{\"@id\":\"https:\\\/\\\/kibrisdakik.com\\\/?p=78698#primaryimage\"},\"image\":{\"@id\":\"https:\\\/\\\/kibrisdakik.com\\\/?p=78698#primaryimage\"},\"thumbnailUrl\":\"https:\\\/\\\/kibrisdakik.com\\\/wp-content\\\/uploads\\\/2025\\\/03\\\/1742899431171OZTURKLER-740x420.jpg\",\"datePublished\":\"2025-03-25T10:58:47+00:00\",\"author\":{\"@id\":\"https:\\\/\\\/kibrisdakik.com\\\/#\\\/schema\\\/person\\\/9cd9d437bbb44f72b73ba127e06d8e79\"},\"breadcrumb\":{\"@id\":\"https:\\\/\\\/kibrisdakik.com\\\/?p=78698#breadcrumb\"},\"inLanguage\":\"tr\",\"potentialAction\":[{\"@type\":\"ReadAction\",\"target\":[\"https:\\\/\\\/kibrisdakik.com\\\/?p=78698\"]}]},{\"@type\":\"ImageObject\",\"inLanguage\":\"tr\",\"@id\":\"https:\\\/\\\/kibrisdakik.com\\\/?p=78698#primaryimage\",\"url\":\"https:\\\/\\\/kibrisdakik.com\\\/wp-content\\\/uploads\\\/2025\\\/03\\\/1742899431171OZTURKLER-740x420.jpg\",\"contentUrl\":\"https:\\\/\\\/kibrisdakik.com\\\/wp-content\\\/uploads\\\/2025\\\/03\\\/1742899431171OZTURKLER-740x420.jpg\",\"width\":1800,\"height\":1200},{\"@type\":\"BreadcrumbList\",\"@id\":\"https:\\\/\\\/kibrisdakik.com\\\/?p=78698#breadcrumb\",\"itemListElement\":[{\"@type\":\"ListItem\",\"position\":1,\"name\":\"Home\",\"item\":\"https:\\\/\\\/kibrisdakik.com\\\/\"},{\"@type\":\"ListItem\",\"position\":2,\"name\":\"\u00d6zt\u00fcrkler, Kadir Gecesi nedeniyle mesaj yay\u0131mlad\u0131\"}]},{\"@type\":\"WebSite\",\"@id\":\"https:\\\/\\\/kibrisdakik.com\\\/#website\",\"url\":\"https:\\\/\\\/kibrisdakik.com\\\/\",\"name\":\"\",\"description\":\"Tam vaktinde haber\",\"potentialAction\":[{\"@type\":\"SearchAction\",\"target\":{\"@type\":\"EntryPoint\",\"urlTemplate\":\"https:\\\/\\\/kibrisdakik.com\\\/?s={search_term_string}\"},\"query-input\":{\"@type\":\"PropertyValueSpecification\",\"valueRequired\":true,\"valueName\":\"search_term_string\"}}],\"inLanguage\":\"tr\"},{\"@type\":\"Person\",\"@id\":\"https:\\\/\\\/kibrisdakik.com\\\/#\\\/schema\\\/person\\\/9cd9d437bbb44f72b73ba127e06d8e79\",\"name\":\"admin\",\"image\":{\"@type\":\"ImageObject\",\"inLanguage\":\"tr\",\"@id\":\"https:\\\/\\\/secure.gravatar.com\\\/avatar\\\/ccc17943b9d660506c869530f897617f7cb1c21a4bf30023f252596d83e1f007?s=96&d=mm&r=g\",\"url\":\"https:\\\/\\\/secure.gravatar.com\\\/avatar\\\/ccc17943b9d660506c869530f897617f7cb1c21a4bf30023f252596d83e1f007?s=96&d=mm&r=g\",\"contentUrl\":\"https:\\\/\\\/secure.gravatar.com\\\/avatar\\\/ccc17943b9d660506c869530f897617f7cb1c21a4bf30023f252596d83e1f007?s=96&d=mm&r=g\",\"caption\":\"admin\"},\"sameAs\":[\"https:\\\/\\\/kibrisdakik.com\"],\"url\":\"https:\\\/\\\/kibrisdakik.com\\\/?author=1\"}]}<\/script>\n<!-- \/ Yoast SEO plugin. -->","yoast_head_json":{"title":"\u00d6zt\u00fcrkler, Kadir Gecesi nedeniyle mesaj yay\u0131mlad\u0131 -","robots":{"index":"index","follow":"follow","max-snippet":"max-snippet:-1","max-image-preview":"max-image-preview:large","max-video-preview":"max-video-preview:-1"},"canonical":"https:\/\/kibrisdakik.com\/?p=78698","og_locale":"tr_TR","og_type":"article","og_title":"\u00d6zt\u00fcrkler, Kadir Gecesi nedeniyle mesaj yay\u0131mlad\u0131 -","og_description":"Cumhuriyet Meclisi Ba\u015fkan\u0131 Ziya \u00d6zt\u00fcrkler, yar\u0131n gece idrak edilecek Kadir Gecesi nedeniyle mesaj yay\u0131mlayarak, halk\u0131n bu m\u00fcbarek gecesini kutlad\u0131. \u00d6zt\u00fcrkler, mesaj\u0131nda \u015fu ifadelere yer verdi: \u201cRahmet, ma\u011ffiret ve bereket kap\u0131lar\u0131n\u0131n ard\u0131na kadar a\u00e7\u0131ld\u0131\u011f\u0131 m\u00fcbarek Kadir Gecesi\u2019ne ula\u015fman\u0131n huzurunu ya\u015f\u0131yoruz. Bu m\u00fcbarek gece, kalplerimizin ar\u0131nmas\u0131na, dualar\u0131m\u0131z\u0131n kabul olmas\u0131na, iyilikte bulu\u015fmam\u0131za, \u00fclkemizde ve d\u00fcnyada bar\u0131\u015f\u0131n, adaletin ve","og_url":"https:\/\/kibrisdakik.com\/?p=78698","article_published_time":"2025-03-25T10:58:47+00:00","og_image":[{"width":1800,"height":1200,"url":"https:\/\/kibrisdakik.com\/wp-content\/uploads\/2025\/03\/1742899431171OZTURKLER-740x420.jpg","type":"image\/jpeg"}],"author":"admin","twitter_card":"summary_large_image","twitter_misc":{"Yazan:":"admin","Tahmini okuma s\u00fcresi":"1 dakika"},"schema":{"@context":"https:\/\/schema.org","@graph":[{"@type":"Article","@id":"https:\/\/kibrisdakik.com\/?p=78698#article","isPartOf":{"@id":"https:\/\/kibrisdakik.com\/?p=78698"},"author":{"name":"admin","@id":"https:\/\/kibrisdakik.com\/#\/schema\/person\/9cd9d437bbb44f72b73ba127e06d8e79"},"headline":"\u00d6zt\u00fcrkler, Kadir Gecesi nedeniyle mesaj yay\u0131mlad\u0131","datePublished":"2025-03-25T10:58:47+00:00","mainEntityOfPage":{"@id":"https:\/\/kibrisdakik.com\/?p=78698"},"wordCount":135,"commentCount":0,"image":{"@id":"https:\/\/kibrisdakik.com\/?p=78698#primaryimage"},"thumbnailUrl":"https:\/\/kibrisdakik.com\/wp-content\/uploads\/2025\/03\/1742899431171OZTURKLER-740x420.jpg","articleSection":["K\u0131br\u0131s","Man\u015fet"],"inLanguage":"tr","potentialAction":[{"@type":"CommentAction","name":"Comment","target":["https:\/\/kibrisdakik.com\/?p=78698#respond"]}]},{"@type":"WebPage","@id":"https:\/\/kibrisdakik.com\/?p=78698","url":"https:\/\/kibrisdakik.com\/?p=78698","name":"\u00d6zt\u00fcrkler, Kadir Gecesi nedeniyle mesaj yay\u0131mlad\u0131 -","isPartOf":{"@id":"https:\/\/kibrisdakik.com\/#website"},"primaryImageOfPage":{"@id":"https:\/\/kibrisdakik.com\/?p=78698#primaryimage"},"image":{"@id":"https:\/\/kibrisdakik.com\/?p=78698#primaryimage"},"thumbnailUrl":"https:\/\/kibrisdakik.com\/wp-content\/uploads\/2025\/03\/1742899431171OZTURKLER-740x420.jpg","datePublished":"2025-03-25T10:58:47+00:00","author":{"@id":"https:\/\/kibrisdakik.com\/#\/schema\/person\/9cd9d437bbb44f72b73ba127e06d8e79"},"breadcrumb":{"@id":"https:\/\/kibrisdakik.com\/?p=78698#breadcrumb"},"inLanguage":"tr","potentialAction":[{"@type":"ReadAction","target":["https:\/\/kibrisdakik.com\/?p=78698"]}]},{"@type":"ImageObject","inLanguage":"tr","@id":"https:\/\/kibrisdakik.com\/?p=78698#primaryimage","url":"https:\/\/kibrisdakik.com\/wp-content\/uploads\/2025\/03\/1742899431171OZTURKLER-740x420.jpg","contentUrl":"https:\/\/kibrisdakik.com\/wp-content\/uploads\/2025\/03\/1742899431171OZTURKLER-740x420.jpg","width":1800,"height":1200},{"@type":"BreadcrumbList","@id":"https:\/\/kibrisdakik.com\/?p=78698#breadcrumb","itemListElement":[{"@type":"ListItem","position":1,"name":"Home","item":"https:\/\/kibrisdakik.com\/"},{"@type":"ListItem","position":2,"name":"\u00d6zt\u00fcrkler, Kadir Gecesi nedeniyle mesaj yay\u0131mlad\u0131"}]},{"@type":"WebSite","@id":"https:\/\/kibrisdakik.com\/#website","url":"https:\/\/kibrisdakik.com\/","name":"","description":"Tam vaktinde haber","potentialAction":[{"@type":"SearchAction","target":{"@type":"EntryPoint","urlTemplate":"https:\/\/kibrisdakik.com\/?s={search_term_string}"},"query-input":{"@type":"PropertyValueSpecification","valueRequired":true,"valueName":"search_term_string"}}],"inLanguage":"tr"},{"@type":"Person","@id":"https:\/\/kibrisdakik.com\/#\/schema\/person\/9cd9d437bbb44f72b73ba127e06d8e79","name":"admin","image":{"@type":"ImageObject","inLanguage":"tr","@id":"https:\/\/secure.gravatar.com\/avatar\/ccc17943b9d660506c869530f897617f7cb1c21a4bf30023f252596d83e1f007?s=96&d=mm&r=g","url":"https:\/\/secure.gravatar.com\/avatar\/ccc17943b9d660506c869530f897617f7cb1c21a4bf30023f252596d83e1f007?s=96&d=mm&r=g","contentUrl":"https:\/\/secure.gravatar.com\/avatar\/ccc17943b9d660506c869530f897617f7cb1c21a4bf30023f252596d83e1f007?s=96&d=mm&r=g","caption":"admin"},"sameAs":["https:\/\/kibrisdakik.com"],"url":"https:\/\/kibrisdakik.com\/?author=1"}]}},"_links":{"self":[{"href":"https:\/\/kibrisdakik.com\/index.php?rest_route=\/wp\/v2\/posts\/78698","targetHints":{"allow":["GET"]}}],"collection":[{"href":"https:\/\/kibrisdakik.com\/index.php?rest_route=\/wp\/v2\/posts"}],"about":[{"href":"https:\/\/kibrisdakik.com\/index.php?rest_route=\/wp\/v2\/types\/post"}],"author":[{"embeddable":true,"href":"https:\/\/kibrisdakik.com\/index.php?rest_route=\/wp\/v2\/users\/1"}],"replies":[{"embeddable":true,"href":"https:\/\/kibrisdakik.com\/index.php?rest_route=%2Fwp%2Fv2%2Fcomments&post=78698"}],"version-history":[{"count":0,"href":"https:\/\/kibrisdakik.com\/index.php?rest_route=\/wp\/v2\/posts\/78698\/revisions"}],"wp:featuredmedia":[{"embeddable":true,"href":"https:\/\/kibrisdakik.com\/index.php?rest_route=\/wp\/v2\/media\/78699"}],"wp:attachment":[{"href":"https:\/\/kibrisdakik.com\/index.php?rest_route=%2Fwp%2Fv2%2Fmedia&parent=78698"}],"wp:term":[{"taxonomy":"category","embeddable":true,"href":"https:\/\/kibrisdakik.com\/index.php?rest_route=%2Fwp%2Fv2%2Fcategories&post=78698"},{"taxonomy":"post_tag","embeddable":true,"href":"https:\/\/kibrisdakik.com\/index.php?rest_route=%2Fwp%2Fv2%2Ftags&post=78698"}],"curies":[{"name":"wp","href":"https:\/\/api.w.org\/{rel}","templated":true}]}}