{"id":78708,"date":"2025-03-25T15:06:13","date_gmt":"2025-03-25T12:06:13","guid":{"rendered":"https:\/\/kibrisdakik.com\/index.php\/2025\/03\/25\/cumhurbaskani-tatara-kitap-takdim-edildi-3\/"},"modified":"2025-03-25T15:06:13","modified_gmt":"2025-03-25T12:06:13","slug":"cumhurbaskani-tatara-kitap-takdim-edildi-3","status":"publish","type":"post","link":"https:\/\/kibrisdakik.com\/?p=78708","title":{"rendered":"Cumhurba\u015fkan\u0131 Tatar\u2019a kitap takdim edildi"},"content":{"rendered":"<div>\n<div class=\"mariselle-image-container center\">\n                                            <\/div>\n<p>Cumhurba\u015fkan\u0131 Ersin Tatar, Prof. Dr. Nasrullah Uzman ve Prof. Batuhan \u00c7eken\u2019i kabul etti.<\/p>\n<p>Kabulde Cumhurba\u015fkan\u0131 Ersin Tatar\u2019a Berikan Yay\u0131nevi taraf\u0131ndan yay\u0131nlanan \u201cErsin Tatar ve KKTC\u2019nin Tan\u0131nma S\u00fcreci\u201d isimli kitap takdim edildi.<\/p>\n<p>Cumhurba\u015fkan\u0131 Ersin Tatar kabulde yapt\u0131\u011f\u0131 konu\u015fmada, kapsaml\u0131 bir kitab\u0131n haz\u0131rland\u0131\u011f\u0131n\u0131 belirterek, ger\u00e7ekle\u015ftirdi\u011fi temaslar, kat\u0131ld\u0131\u011f\u0131 \u00f6d\u00fcl t\u00f6renleri, T\u00fcrkiye ziyaretleri ve uluslararas\u0131 toplant\u0131lar\u0131n, foto\u011fraflar\u0131yla birlikte kitapta yer ald\u0131\u011f\u0131n\u0131 s\u00f6yledi.<\/p>\n<p>Cumhurba\u015fkan\u0131 Tatar, kitapta yer alan karekod sayesinde video g\u00f6r\u00fcnt\u00fclerinin de izlenebilece\u011fine dikkat \u00e7ekerek, teknolojinin geldi\u011fi noktaya i\u015faret etti.<\/p>\n<p>Kitab\u0131n \u00e7\u0131k\u0131\u015f noktas\u0131 olan Hac\u0131 Bayram \u00dcniversitesi\u2019nde ger\u00e7ekle\u015ftirilen sergide, kendisiyle ilgili daha \u00f6nce g\u00f6rmedi\u011fi foto\u011fraflar\u0131 g\u00f6rme f\u0131rsat\u0131 yakalad\u0131\u011f\u0131n\u0131 anlatan Cumhurba\u015fkan\u0131 Tatar, her foto\u011fraf\u0131n bir ge\u00e7mi\u015finin ve hikayesinin oldu\u011funu vurgulad\u0131.<\/p>\n<p>Cumhurba\u015fkanl\u0131\u011f\u0131 g\u00f6revine geldikten sonra 4 bu\u00e7uk y\u0131lda yapt\u0131\u011f\u0131 \u00e7al\u0131\u015fmalar\u0131n kitapla\u015ft\u0131r\u0131lmas\u0131yla kal\u0131c\u0131 bir eserin ortaya \u00e7\u0131kt\u0131\u011f\u0131n\u0131 ifade eden Cumhurba\u015fkan\u0131 Tatar, b\u00fcy\u00fck emek isteyen kitab\u0131n haz\u0131rlanmas\u0131nda eme\u011fi ge\u00e7enlere te\u015fekk\u00fcr etti.<\/p>\n<p>Prof. Dr. Nasrullah Uzman da konu\u015fmas\u0131nda, Ankara Hac\u0131 Bayram \u00dcniversitesi\u00a0 Asya \u00c7al\u0131\u015fmalar\u0131 ve Ara\u015ft\u0131rmalar\u0131 Uygulama Merkezi\u2019nde Kuzey K\u0131br\u0131s T\u00fcrk Cumhuriyeti\u2019nin tan\u0131nma s\u00fcreciyle ilgili haz\u0131rlanan sergiyi ziyaret eden Cumhurba\u015fkan\u0131 Tatar\u2019\u0131n talimatlar\u0131 do\u011frultusunda serginin kitap haline getirildi\u011fini s\u00f6yledi.<\/p>\n<p>Cumhurba\u015fkan\u0131 Ersin Tatar\u2019\u0131n Saray\u00f6n\u00fc\u2019nde yapt\u0131\u011f\u0131 konu\u015fmayla ba\u015flayan tan\u0131nma faaliyetlerinin yan\u0131 s\u0131ra uluslararas\u0131 temaslarda yapt\u0131\u011f\u0131 konu\u015fmalar\u0131n foto\u011fraflar\u0131yla birlikte kitapta yer ald\u0131\u011f\u0131n\u0131 belirten Prof. Dr. Uzman, kitab\u0131n ikinci serisinin \u201cD\u00fcnya bas\u0131n\u0131nda KKTC\u2019nin tan\u0131nma s\u00fcreci\u201d olaca\u011f\u0131n\u0131 ve Ekim ay\u0131nda Cumhurba\u015fkan\u0131 Tatar\u2019a arz edilece\u011fini ifade etti.<\/p>\n<p>Cumhurba\u015fkan\u0131 Tatar\u2019\u0131n, Saray\u00f6n\u00fc\u2019nde yapt\u0131\u011f\u0131 konu\u015fman\u0131n, ortaya konulan izlenen politikan\u0131n anahtar\u0131n\u0131 olu\u015fturdu\u011funa i\u015faret eden Prof. Dr. Nasrullah Uzman, \u201cS\u00f6ylem ve eylem birli\u011fini, ulusal ve uluslararas\u0131 d\u00fczeyde s\u00fcrd\u00fcrmek ba\u015far\u0131d\u0131r. T\u00fcrk kamuoyunun takdirini kazanm\u0131\u015ft\u0131r\u201d dedi.<\/p>\n<\/p><\/div>\n<p><script async\n                    defer\n                    crossorigin=\"anonymous\"\n                    src=\"https:\/\/connect.facebook.net\/tr_TR\/sdk.js#xfbml=1&#038;version=v3.3\"\n            ><\/script><\/p>\n","protected":false},"excerpt":{"rendered":"<p>Cumhurba\u015fkan\u0131 Ersin Tatar, Prof. Dr. Nasrullah Uzman ve Prof. Batuhan \u00c7eken\u2019i kabul etti. Kabulde Cumhurba\u015fkan\u0131 Ersin Tatar\u2019a Berikan Yay\u0131nevi taraf\u0131ndan yay\u0131nlanan \u201cErsin Tatar ve KKTC\u2019nin Tan\u0131nma S\u00fcreci\u201d isimli kitap takdim edildi. Cumhurba\u015fkan\u0131 Ersin Tatar kabulde yapt\u0131\u011f\u0131 konu\u015fmada, kapsaml\u0131 bir kitab\u0131n haz\u0131rland\u0131\u011f\u0131n\u0131 belirterek, ger\u00e7ekle\u015ftirdi\u011fi temaslar, kat\u0131ld\u0131\u011f\u0131 \u00f6d\u00fcl t\u00f6renleri, T\u00fcrkiye ziyaretleri ve uluslararas\u0131 toplant\u0131lar\u0131n, foto\u011fraflar\u0131yla birlikte kitapta<\/p>\n","protected":false},"author":1,"featured_media":78709,"comment_status":"open","ping_status":"open","sticky":false,"template":"","format":"standard","meta":{"footnotes":""},"categories":[81,101],"tags":[],"class_list":["post-78708","post","type-post","status-publish","format-standard","has-post-thumbnail","hentry","category-kibris","category-manset"],"yoast_head":"<!-- This site is optimized with the Yoast SEO plugin v27.4 - https:\/\/yoast.com\/product\/yoast-seo-wordpress\/ -->\n<title>Cumhurba\u015fkan\u0131 Tatar\u2019a kitap takdim edildi -<\/title>\n<meta name=\"robots\" content=\"index, follow, max-snippet:-1, max-image-preview:large, max-video-preview:-1\" \/>\n<link rel=\"canonical\" href=\"https:\/\/kibrisdakik.com\/?p=78708\" \/>\n<meta property=\"og:locale\" content=\"tr_TR\" \/>\n<meta property=\"og:type\" content=\"article\" \/>\n<meta property=\"og:title\" content=\"Cumhurba\u015fkan\u0131 Tatar\u2019a kitap takdim edildi -\" \/>\n<meta property=\"og:description\" content=\"Cumhurba\u015fkan\u0131 Ersin Tatar, Prof. Dr. Nasrullah Uzman ve Prof. Batuhan \u00c7eken\u2019i kabul etti. Kabulde Cumhurba\u015fkan\u0131 Ersin Tatar\u2019a Berikan Yay\u0131nevi taraf\u0131ndan yay\u0131nlanan \u201cErsin Tatar ve KKTC\u2019nin Tan\u0131nma S\u00fcreci\u201d isimli kitap takdim edildi. Cumhurba\u015fkan\u0131 Ersin Tatar kabulde yapt\u0131\u011f\u0131 konu\u015fmada, kapsaml\u0131 bir kitab\u0131n haz\u0131rland\u0131\u011f\u0131n\u0131 belirterek, ger\u00e7ekle\u015ftirdi\u011fi temaslar, kat\u0131ld\u0131\u011f\u0131 \u00f6d\u00fcl t\u00f6renleri, T\u00fcrkiye ziyaretleri ve uluslararas\u0131 toplant\u0131lar\u0131n, foto\u011fraflar\u0131yla birlikte kitapta\" \/>\n<meta property=\"og:url\" content=\"https:\/\/kibrisdakik.com\/?p=78708\" \/>\n<meta property=\"article:published_time\" content=\"2025-03-25T12:06:13+00:00\" \/>\n<meta property=\"og:image\" content=\"https:\/\/kibrisdakik.com\/wp-content\/uploads\/2025\/03\/Screenshot_20250325_141201_X-740x420.jpg\" \/>\n\t<meta property=\"og:image:width\" content=\"1005\" \/>\n\t<meta property=\"og:image:height\" content=\"550\" \/>\n\t<meta property=\"og:image:type\" content=\"image\/jpeg\" \/>\n<meta name=\"author\" content=\"admin\" \/>\n<meta name=\"twitter:card\" content=\"summary_large_image\" \/>\n<meta name=\"twitter:label1\" content=\"Yazan:\" \/>\n\t<meta name=\"twitter:data1\" content=\"admin\" \/>\n\t<meta name=\"twitter:label2\" content=\"Tahmini okuma s\u00fcresi\" \/>\n\t<meta name=\"twitter:data2\" content=\"2 dakika\" \/>\n<script type=\"application\/ld+json\" class=\"yoast-schema-graph\">{\"@context\":\"https:\\\/\\\/schema.org\",\"@graph\":[{\"@type\":\"Article\",\"@id\":\"https:\\\/\\\/kibrisdakik.com\\\/?p=78708#article\",\"isPartOf\":{\"@id\":\"https:\\\/\\\/kibrisdakik.com\\\/?p=78708\"},\"author\":{\"name\":\"admin\",\"@id\":\"https:\\\/\\\/kibrisdakik.com\\\/#\\\/schema\\\/person\\\/9cd9d437bbb44f72b73ba127e06d8e79\"},\"headline\":\"Cumhurba\u015fkan\u0131 Tatar\u2019a kitap takdim edildi\",\"datePublished\":\"2025-03-25T12:06:13+00:00\",\"mainEntityOfPage\":{\"@id\":\"https:\\\/\\\/kibrisdakik.com\\\/?p=78708\"},\"wordCount\":387,\"commentCount\":0,\"image\":{\"@id\":\"https:\\\/\\\/kibrisdakik.com\\\/?p=78708#primaryimage\"},\"thumbnailUrl\":\"https:\\\/\\\/kibrisdakik.com\\\/wp-content\\\/uploads\\\/2025\\\/03\\\/Screenshot_20250325_141201_X-740x420.jpg\",\"articleSection\":[\"K\u0131br\u0131s\",\"Man\u015fet\"],\"inLanguage\":\"tr\",\"potentialAction\":[{\"@type\":\"CommentAction\",\"name\":\"Comment\",\"target\":[\"https:\\\/\\\/kibrisdakik.com\\\/?p=78708#respond\"]}]},{\"@type\":\"WebPage\",\"@id\":\"https:\\\/\\\/kibrisdakik.com\\\/?p=78708\",\"url\":\"https:\\\/\\\/kibrisdakik.com\\\/?p=78708\",\"name\":\"Cumhurba\u015fkan\u0131 Tatar\u2019a kitap takdim edildi -\",\"isPartOf\":{\"@id\":\"https:\\\/\\\/kibrisdakik.com\\\/#website\"},\"primaryImageOfPage\":{\"@id\":\"https:\\\/\\\/kibrisdakik.com\\\/?p=78708#primaryimage\"},\"image\":{\"@id\":\"https:\\\/\\\/kibrisdakik.com\\\/?p=78708#primaryimage\"},\"thumbnailUrl\":\"https:\\\/\\\/kibrisdakik.com\\\/wp-content\\\/uploads\\\/2025\\\/03\\\/Screenshot_20250325_141201_X-740x420.jpg\",\"datePublished\":\"2025-03-25T12:06:13+00:00\",\"author\":{\"@id\":\"https:\\\/\\\/kibrisdakik.com\\\/#\\\/schema\\\/person\\\/9cd9d437bbb44f72b73ba127e06d8e79\"},\"breadcrumb\":{\"@id\":\"https:\\\/\\\/kibrisdakik.com\\\/?p=78708#breadcrumb\"},\"inLanguage\":\"tr\",\"potentialAction\":[{\"@type\":\"ReadAction\",\"target\":[\"https:\\\/\\\/kibrisdakik.com\\\/?p=78708\"]}]},{\"@type\":\"ImageObject\",\"inLanguage\":\"tr\",\"@id\":\"https:\\\/\\\/kibrisdakik.com\\\/?p=78708#primaryimage\",\"url\":\"https:\\\/\\\/kibrisdakik.com\\\/wp-content\\\/uploads\\\/2025\\\/03\\\/Screenshot_20250325_141201_X-740x420.jpg\",\"contentUrl\":\"https:\\\/\\\/kibrisdakik.com\\\/wp-content\\\/uploads\\\/2025\\\/03\\\/Screenshot_20250325_141201_X-740x420.jpg\",\"width\":1005,\"height\":550},{\"@type\":\"BreadcrumbList\",\"@id\":\"https:\\\/\\\/kibrisdakik.com\\\/?p=78708#breadcrumb\",\"itemListElement\":[{\"@type\":\"ListItem\",\"position\":1,\"name\":\"Home\",\"item\":\"https:\\\/\\\/kibrisdakik.com\\\/\"},{\"@type\":\"ListItem\",\"position\":2,\"name\":\"Cumhurba\u015fkan\u0131 Tatar\u2019a kitap takdim edildi\"}]},{\"@type\":\"WebSite\",\"@id\":\"https:\\\/\\\/kibrisdakik.com\\\/#website\",\"url\":\"https:\\\/\\\/kibrisdakik.com\\\/\",\"name\":\"\",\"description\":\"Tam vaktinde haber\",\"potentialAction\":[{\"@type\":\"SearchAction\",\"target\":{\"@type\":\"EntryPoint\",\"urlTemplate\":\"https:\\\/\\\/kibrisdakik.com\\\/?s={search_term_string}\"},\"query-input\":{\"@type\":\"PropertyValueSpecification\",\"valueRequired\":true,\"valueName\":\"search_term_string\"}}],\"inLanguage\":\"tr\"},{\"@type\":\"Person\",\"@id\":\"https:\\\/\\\/kibrisdakik.com\\\/#\\\/schema\\\/person\\\/9cd9d437bbb44f72b73ba127e06d8e79\",\"name\":\"admin\",\"image\":{\"@type\":\"ImageObject\",\"inLanguage\":\"tr\",\"@id\":\"https:\\\/\\\/secure.gravatar.com\\\/avatar\\\/ccc17943b9d660506c869530f897617f7cb1c21a4bf30023f252596d83e1f007?s=96&d=mm&r=g\",\"url\":\"https:\\\/\\\/secure.gravatar.com\\\/avatar\\\/ccc17943b9d660506c869530f897617f7cb1c21a4bf30023f252596d83e1f007?s=96&d=mm&r=g\",\"contentUrl\":\"https:\\\/\\\/secure.gravatar.com\\\/avatar\\\/ccc17943b9d660506c869530f897617f7cb1c21a4bf30023f252596d83e1f007?s=96&d=mm&r=g\",\"caption\":\"admin\"},\"sameAs\":[\"https:\\\/\\\/kibrisdakik.com\"],\"url\":\"https:\\\/\\\/kibrisdakik.com\\\/?author=1\"}]}<\/script>\n<!-- \/ Yoast SEO plugin. -->","yoast_head_json":{"title":"Cumhurba\u015fkan\u0131 Tatar\u2019a kitap takdim edildi -","robots":{"index":"index","follow":"follow","max-snippet":"max-snippet:-1","max-image-preview":"max-image-preview:large","max-video-preview":"max-video-preview:-1"},"canonical":"https:\/\/kibrisdakik.com\/?p=78708","og_locale":"tr_TR","og_type":"article","og_title":"Cumhurba\u015fkan\u0131 Tatar\u2019a kitap takdim edildi -","og_description":"Cumhurba\u015fkan\u0131 Ersin Tatar, Prof. Dr. Nasrullah Uzman ve Prof. Batuhan \u00c7eken\u2019i kabul etti. Kabulde Cumhurba\u015fkan\u0131 Ersin Tatar\u2019a Berikan Yay\u0131nevi taraf\u0131ndan yay\u0131nlanan \u201cErsin Tatar ve KKTC\u2019nin Tan\u0131nma S\u00fcreci\u201d isimli kitap takdim edildi. Cumhurba\u015fkan\u0131 Ersin Tatar kabulde yapt\u0131\u011f\u0131 konu\u015fmada, kapsaml\u0131 bir kitab\u0131n haz\u0131rland\u0131\u011f\u0131n\u0131 belirterek, ger\u00e7ekle\u015ftirdi\u011fi temaslar, kat\u0131ld\u0131\u011f\u0131 \u00f6d\u00fcl t\u00f6renleri, T\u00fcrkiye ziyaretleri ve uluslararas\u0131 toplant\u0131lar\u0131n, foto\u011fraflar\u0131yla birlikte kitapta","og_url":"https:\/\/kibrisdakik.com\/?p=78708","article_published_time":"2025-03-25T12:06:13+00:00","og_image":[{"width":1005,"height":550,"url":"https:\/\/kibrisdakik.com\/wp-content\/uploads\/2025\/03\/Screenshot_20250325_141201_X-740x420.jpg","type":"image\/jpeg"}],"author":"admin","twitter_card":"summary_large_image","twitter_misc":{"Yazan:":"admin","Tahmini okuma s\u00fcresi":"2 dakika"},"schema":{"@context":"https:\/\/schema.org","@graph":[{"@type":"Article","@id":"https:\/\/kibrisdakik.com\/?p=78708#article","isPartOf":{"@id":"https:\/\/kibrisdakik.com\/?p=78708"},"author":{"name":"admin","@id":"https:\/\/kibrisdakik.com\/#\/schema\/person\/9cd9d437bbb44f72b73ba127e06d8e79"},"headline":"Cumhurba\u015fkan\u0131 Tatar\u2019a kitap takdim edildi","datePublished":"2025-03-25T12:06:13+00:00","mainEntityOfPage":{"@id":"https:\/\/kibrisdakik.com\/?p=78708"},"wordCount":387,"commentCount":0,"image":{"@id":"https:\/\/kibrisdakik.com\/?p=78708#primaryimage"},"thumbnailUrl":"https:\/\/kibrisdakik.com\/wp-content\/uploads\/2025\/03\/Screenshot_20250325_141201_X-740x420.jpg","articleSection":["K\u0131br\u0131s","Man\u015fet"],"inLanguage":"tr","potentialAction":[{"@type":"CommentAction","name":"Comment","target":["https:\/\/kibrisdakik.com\/?p=78708#respond"]}]},{"@type":"WebPage","@id":"https:\/\/kibrisdakik.com\/?p=78708","url":"https:\/\/kibrisdakik.com\/?p=78708","name":"Cumhurba\u015fkan\u0131 Tatar\u2019a kitap takdim edildi -","isPartOf":{"@id":"https:\/\/kibrisdakik.com\/#website"},"primaryImageOfPage":{"@id":"https:\/\/kibrisdakik.com\/?p=78708#primaryimage"},"image":{"@id":"https:\/\/kibrisdakik.com\/?p=78708#primaryimage"},"thumbnailUrl":"https:\/\/kibrisdakik.com\/wp-content\/uploads\/2025\/03\/Screenshot_20250325_141201_X-740x420.jpg","datePublished":"2025-03-25T12:06:13+00:00","author":{"@id":"https:\/\/kibrisdakik.com\/#\/schema\/person\/9cd9d437bbb44f72b73ba127e06d8e79"},"breadcrumb":{"@id":"https:\/\/kibrisdakik.com\/?p=78708#breadcrumb"},"inLanguage":"tr","potentialAction":[{"@type":"ReadAction","target":["https:\/\/kibrisdakik.com\/?p=78708"]}]},{"@type":"ImageObject","inLanguage":"tr","@id":"https:\/\/kibrisdakik.com\/?p=78708#primaryimage","url":"https:\/\/kibrisdakik.com\/wp-content\/uploads\/2025\/03\/Screenshot_20250325_141201_X-740x420.jpg","contentUrl":"https:\/\/kibrisdakik.com\/wp-content\/uploads\/2025\/03\/Screenshot_20250325_141201_X-740x420.jpg","width":1005,"height":550},{"@type":"BreadcrumbList","@id":"https:\/\/kibrisdakik.com\/?p=78708#breadcrumb","itemListElement":[{"@type":"ListItem","position":1,"name":"Home","item":"https:\/\/kibrisdakik.com\/"},{"@type":"ListItem","position":2,"name":"Cumhurba\u015fkan\u0131 Tatar\u2019a kitap takdim edildi"}]},{"@type":"WebSite","@id":"https:\/\/kibrisdakik.com\/#website","url":"https:\/\/kibrisdakik.com\/","name":"","description":"Tam vaktinde haber","potentialAction":[{"@type":"SearchAction","target":{"@type":"EntryPoint","urlTemplate":"https:\/\/kibrisdakik.com\/?s={search_term_string}"},"query-input":{"@type":"PropertyValueSpecification","valueRequired":true,"valueName":"search_term_string"}}],"inLanguage":"tr"},{"@type":"Person","@id":"https:\/\/kibrisdakik.com\/#\/schema\/person\/9cd9d437bbb44f72b73ba127e06d8e79","name":"admin","image":{"@type":"ImageObject","inLanguage":"tr","@id":"https:\/\/secure.gravatar.com\/avatar\/ccc17943b9d660506c869530f897617f7cb1c21a4bf30023f252596d83e1f007?s=96&d=mm&r=g","url":"https:\/\/secure.gravatar.com\/avatar\/ccc17943b9d660506c869530f897617f7cb1c21a4bf30023f252596d83e1f007?s=96&d=mm&r=g","contentUrl":"https:\/\/secure.gravatar.com\/avatar\/ccc17943b9d660506c869530f897617f7cb1c21a4bf30023f252596d83e1f007?s=96&d=mm&r=g","caption":"admin"},"sameAs":["https:\/\/kibrisdakik.com"],"url":"https:\/\/kibrisdakik.com\/?author=1"}]}},"_links":{"self":[{"href":"https:\/\/kibrisdakik.com\/index.php?rest_route=\/wp\/v2\/posts\/78708","targetHints":{"allow":["GET"]}}],"collection":[{"href":"https:\/\/kibrisdakik.com\/index.php?rest_route=\/wp\/v2\/posts"}],"about":[{"href":"https:\/\/kibrisdakik.com\/index.php?rest_route=\/wp\/v2\/types\/post"}],"author":[{"embeddable":true,"href":"https:\/\/kibrisdakik.com\/index.php?rest_route=\/wp\/v2\/users\/1"}],"replies":[{"embeddable":true,"href":"https:\/\/kibrisdakik.com\/index.php?rest_route=%2Fwp%2Fv2%2Fcomments&post=78708"}],"version-history":[{"count":0,"href":"https:\/\/kibrisdakik.com\/index.php?rest_route=\/wp\/v2\/posts\/78708\/revisions"}],"wp:featuredmedia":[{"embeddable":true,"href":"https:\/\/kibrisdakik.com\/index.php?rest_route=\/wp\/v2\/media\/78709"}],"wp:attachment":[{"href":"https:\/\/kibrisdakik.com\/index.php?rest_route=%2Fwp%2Fv2%2Fmedia&parent=78708"}],"wp:term":[{"taxonomy":"category","embeddable":true,"href":"https:\/\/kibrisdakik.com\/index.php?rest_route=%2Fwp%2Fv2%2Fcategories&post=78708"},{"taxonomy":"post_tag","embeddable":true,"href":"https:\/\/kibrisdakik.com\/index.php?rest_route=%2Fwp%2Fv2%2Ftags&post=78708"}],"curies":[{"name":"wp","href":"https:\/\/api.w.org\/{rel}","templated":true}]}}