{"id":78717,"date":"2025-03-25T16:02:22","date_gmt":"2025-03-25T13:02:22","guid":{"rendered":"https:\/\/kibrisdakik.com\/index.php\/2025\/03\/25\/basbakan-ustelin-ogretmen-sendikalariyla-gorusmesi-tamamlandi-eylem-basbakan-dun-yaptigi-aciklamanin-arkasinda-oldugunu-ve-tuzugun-geri-alinacagini-net-bir-sekilde-ifade\/"},"modified":"2025-03-25T16:02:22","modified_gmt":"2025-03-25T13:02:22","slug":"basbakan-ustelin-ogretmen-sendikalariyla-gorusmesi-tamamlandi-eylem-basbakan-dun-yaptigi-aciklamanin-arkasinda-oldugunu-ve-tuzugun-geri-alinacagini-net-bir-sekilde-ifade","status":"publish","type":"post","link":"https:\/\/kibrisdakik.com\/?p=78717","title":{"rendered":"Ba\u015fbakan \u00dcstel\u2019in \u00f6\u011fretmen sendikalar\u0131yla g\u00f6r\u00fc\u015fmesi tamamland\u0131\u2026 -Eylem: \u201cBa\u015fbakan, d\u00fcn yapt\u0131\u011f\u0131 a\u00e7\u0131klaman\u0131n arkas\u0131nda oldu\u011funu ve t\u00fcz\u00fc\u011f\u00fcn geri al\u0131naca\u011f\u0131n\u0131 net bir \u015fekilde ifade etti\u201d"},"content":{"rendered":"<div>\n<div class=\"mariselle-image-container center\">\n                                            <\/div>\n<p>Ba\u015fbakan \u00dcnal \u00dcstel\u2019in, \u201cOrtaokullar ile Orta\u00f6\u011fretim Kurumlar\u0131 \u0130\u00e7inde ve D\u0131\u015f\u0131nda Uyulacak Kurallar ve Disiplin T\u00fcz\u00fc\u011f\u00fc\u201dndeki de\u011fi\u015fiklikler konusunda K\u0131br\u0131s T\u00fcrk Orta E\u011fitim \u00d6\u011fretmenler Sendikas\u0131 (KTOE\u00d6S) ve K\u0131br\u0131s T\u00fcrk \u00d6\u011fretmenler Sendikas\u0131 (KT\u00d6S) ile ger\u00e7ekle\u015ftirdi\u011fi g\u00f6r\u00fc\u015fme tamamland\u0131.<\/p>\n<p>Yakla\u015f\u0131k bir saat s\u00fcren g\u00f6r\u00fc\u015fmenin ard\u0131ndan, \u00f6\u011fretmen sendikalar\u0131 Ba\u015fbakanl\u0131k \u00f6n\u00fcnde bas\u0131na a\u00e7\u0131klama yapt\u0131.<\/p>\n<p>-Mavi\u015f: \u201cBakanlar Kurulu\u2019nda t\u00fcz\u00fc\u011f\u00fcn geri \u00e7ekilece\u011fi bildirildi\u201d<\/p>\n<p>KT\u00d6S Genel Sekreteri Burak Mavi\u015f, Ba\u015fbakan \u00dcstel\u2019in d\u00fcn Meclis\u2019te yapt\u0131\u011f\u0131 a\u00e7\u0131klama do\u011frultusunda, t\u00fcz\u00fc\u011f\u00fcn geri \u00e7ekilece\u011fini s\u00f6yledi\u011fini belirtti ve \u201cSaat 15.00\u2019te toplanacak Bakanlar Kurulu\u2019nda t\u00fcz\u00fc\u011f\u00fcn geri \u00e7ekilece\u011fi bizlere bildirildi. Kararlar\u0131 takip edece\u011fiz\u201d diye konu\u015ftu.<\/p>\n<p>-Eylem: \u201cBa\u015fbakan, d\u00fcn yapt\u0131\u011f\u0131 a\u00e7\u0131klaman\u0131n arkas\u0131nda oldu\u011funu ve t\u00fcz\u00fc\u011f\u00fcn geri al\u0131naca\u011f\u0131n\u0131 net bir \u015fekilde ifade etti\u201d<\/p>\n<p>KTOE\u00d6S Ba\u015fkan\u0131 Selma Eylem de toplant\u0131n\u0131n Ba\u015fbakan\u2019\u0131n daveti \u00fczerine ger\u00e7ekle\u015ftirildi\u011fini belirtti.<\/p>\n<p>Eylem, Ba\u015fbakan\u2019\u0131n d\u00fcn yapt\u0131\u011f\u0131 a\u00e7\u0131klaman\u0131n arkas\u0131nda oldu\u011funu ve disiplin t\u00fcz\u00fc\u011f\u00fcne ili\u015fkin de\u011fi\u015fikli\u011fin geri al\u0131naca\u011f\u0131n\u0131 net bir \u015fekilde ifade etti\u011fini s\u00f6yledi.<\/p>\n<p>Bakanlar Kurulu\u2019nda karar\u0131n netle\u015ftirilece\u011fini aktaran Eylem, \u201cSay\u0131n Ba\u015fbakan, Bakanlar Kurulu toplant\u0131s\u0131nda t\u00fcz\u00fc\u011f\u00fcn geri \u00e7ekilmesine y\u00f6nelik karar\u0131n al\u0131naca\u011f\u0131n\u0131 ve ard\u0131ndan Resmi Gazete\u2019de yay\u0131mlanaca\u011f\u0131n\u0131 bize iletti. S\u00fcreci yak\u0131ndan takip ediyoruz\u201d dedi.<\/p>\n<p>\u00d6\u011fretmen sendikalar\u0131n\u0131n, sadece bu t\u00fcz\u00fc\u011f\u00fcn geri \u00e7ekilmesiyle de\u011fil, e\u011fitimde laiklik ilkesinin korunmas\u0131yla ilgili hassasiyet de ta\u015f\u0131d\u0131\u011f\u0131n\u0131 dile getiren Eylem, \u201cBizler laik e\u011fitim anlay\u0131\u015f\u0131n\u0131n ve laik toplum yap\u0131s\u0131n\u0131n s\u00fcrd\u00fcr\u00fclebilir olmas\u0131 i\u00e7in m\u00fccadelemizi kararl\u0131l\u0131kla s\u00fcrd\u00fcrece\u011fiz.\u201d ifadelerini kulland\u0131.<\/p>\n<p>-\u201cS\u0131navlar okullar\u0131n belirledi\u011fi kurallar \u00e7er\u00e7evesinde yap\u0131lacak\u201d<\/p>\n<p>Eylem, iptal edilen s\u0131navlarla ilgili olarak ise \u201cT\u00fcz\u00fck de\u011fi\u015fikli\u011fi geri al\u0131n\u0131r ve Resm\u00ee Gazete\u2019de yay\u0131mlan\u0131rsa, \u00f6\u011frenciler okullar\u0131n belirledi\u011fi kurallar \u00e7er\u00e7evesinde okula gelecek ve s\u0131navlar da bu do\u011frultuda yap\u0131lacak\u201d dedi.<\/p>\n<p>-G\u00f6k\u00e7ebel: \u201cE\u011fitim sistemimiz laiklik ve Atat\u00fcrk ilkeleri do\u011frultusunda \u015fekillenmi\u015ftir\u201d<\/p>\n<p>KTOE\u00d6S Genel Sekreteri Tahir G\u00f6k\u00e7ebel de konunun bilin\u00e7li olarak g\u00fcndeme getirildi\u011fini ileri s\u00fcrerek, \u201cOrtada bir sorun yoktur. E\u011fitimde farkl\u0131 k\u00fclt\u00fcrlerden gelen \u00f6\u011frencilerimiz bir b\u00fct\u00fcnd\u00fcr ve bunlar\u0131 b\u00f6lmeye gerek yoktur.\u201d ifadelerini kulland\u0131.<\/p>\n<p>Anayasa ve Milli E\u011fitim Yasas\u0131\u2019n\u0131n bilimsel, Atat\u00fcrk ilkelerine ba\u011fl\u0131 ve e\u015fitlik\u00e7i bir e\u011fitim anlay\u0131\u015f\u0131n\u0131 a\u00e7\u0131k\u00e7a tan\u0131mlad\u0131\u011f\u0131n\u0131 dile getiren G\u00f6k\u00e7ebel, \u201cE\u011fitim sistemimiz laiklik ve Atat\u00fcrk ilkeleri do\u011frultusunda \u015fekillenmi\u015ftir. Anayasam\u0131z ve Milli E\u011fitim Yasam\u0131z nettir. Okullarda belirlenmi\u015f kurallar mevcuttur ve bu kurallar daha \u00f6nce de uygulan\u0131yordu\u201d dedi. <\/p>\n<p>Ba\u015fbakan \u00dcstel\u2019in konuyla ilgili net bir duru\u015f sergiledi\u011fini de s\u00f6yleyen G\u00f6k\u00e7ebel, \u201cSay\u0131n Ba\u015fbakan bu meseleyi \u00e7\u00f6zece\u011fini ifade etti. Sa\u011fduyu bunu gerektirir\u201d \u015feklinde konu\u015ftu.<\/p>\n<\/p><\/div>\n<p><script async\n                    defer\n                    crossorigin=\"anonymous\"\n                    src=\"https:\/\/connect.facebook.net\/tr_TR\/sdk.js#xfbml=1&#038;version=v3.3\"\n            ><\/script><\/p>\n","protected":false},"excerpt":{"rendered":"<p>Ba\u015fbakan \u00dcnal \u00dcstel\u2019in, \u201cOrtaokullar ile Orta\u00f6\u011fretim Kurumlar\u0131 \u0130\u00e7inde ve D\u0131\u015f\u0131nda Uyulacak Kurallar ve Disiplin T\u00fcz\u00fc\u011f\u00fc\u201dndeki de\u011fi\u015fiklikler konusunda K\u0131br\u0131s T\u00fcrk Orta E\u011fitim \u00d6\u011fretmenler Sendikas\u0131 (KTOE\u00d6S) ve K\u0131br\u0131s T\u00fcrk \u00d6\u011fretmenler Sendikas\u0131 (KT\u00d6S) ile ger\u00e7ekle\u015ftirdi\u011fi g\u00f6r\u00fc\u015fme tamamland\u0131. Yakla\u015f\u0131k bir saat s\u00fcren g\u00f6r\u00fc\u015fmenin ard\u0131ndan, \u00f6\u011fretmen sendikalar\u0131 Ba\u015fbakanl\u0131k \u00f6n\u00fcnde bas\u0131na a\u00e7\u0131klama yapt\u0131. -Mavi\u015f: \u201cBakanlar Kurulu\u2019nda t\u00fcz\u00fc\u011f\u00fcn geri \u00e7ekilece\u011fi bildirildi\u201d KT\u00d6S<\/p>\n","protected":false},"author":1,"featured_media":78718,"comment_status":"open","ping_status":"open","sticky":false,"template":"","format":"standard","meta":{"footnotes":""},"categories":[81,101],"tags":[],"class_list":["post-78717","post","type-post","status-publish","format-standard","has-post-thumbnail","hentry","category-kibris","category-manset"],"yoast_head":"<!-- This site is optimized with the Yoast SEO plugin v27.4 - https:\/\/yoast.com\/product\/yoast-seo-wordpress\/ -->\n<title>Ba\u015fbakan \u00dcstel\u2019in \u00f6\u011fretmen sendikalar\u0131yla g\u00f6r\u00fc\u015fmesi tamamland\u0131\u2026 -Eylem: \u201cBa\u015fbakan, d\u00fcn yapt\u0131\u011f\u0131 a\u00e7\u0131klaman\u0131n arkas\u0131nda oldu\u011funu ve t\u00fcz\u00fc\u011f\u00fcn geri al\u0131naca\u011f\u0131n\u0131 net bir \u015fekilde ifade etti\u201d -<\/title>\n<meta name=\"robots\" content=\"index, follow, max-snippet:-1, max-image-preview:large, max-video-preview:-1\" \/>\n<link rel=\"canonical\" href=\"https:\/\/kibrisdakik.com\/?p=78717\" \/>\n<meta property=\"og:locale\" content=\"tr_TR\" \/>\n<meta property=\"og:type\" content=\"article\" \/>\n<meta property=\"og:title\" content=\"Ba\u015fbakan \u00dcstel\u2019in \u00f6\u011fretmen sendikalar\u0131yla g\u00f6r\u00fc\u015fmesi tamamland\u0131\u2026 -Eylem: \u201cBa\u015fbakan, d\u00fcn yapt\u0131\u011f\u0131 a\u00e7\u0131klaman\u0131n arkas\u0131nda oldu\u011funu ve t\u00fcz\u00fc\u011f\u00fcn geri al\u0131naca\u011f\u0131n\u0131 net bir \u015fekilde ifade etti\u201d -\" \/>\n<meta property=\"og:description\" content=\"Ba\u015fbakan \u00dcnal \u00dcstel\u2019in, \u201cOrtaokullar ile Orta\u00f6\u011fretim Kurumlar\u0131 \u0130\u00e7inde ve D\u0131\u015f\u0131nda Uyulacak Kurallar ve Disiplin T\u00fcz\u00fc\u011f\u00fc\u201dndeki de\u011fi\u015fiklikler konusunda K\u0131br\u0131s T\u00fcrk Orta E\u011fitim \u00d6\u011fretmenler Sendikas\u0131 (KTOE\u00d6S) ve K\u0131br\u0131s T\u00fcrk \u00d6\u011fretmenler Sendikas\u0131 (KT\u00d6S) ile ger\u00e7ekle\u015ftirdi\u011fi g\u00f6r\u00fc\u015fme tamamland\u0131. Yakla\u015f\u0131k bir saat s\u00fcren g\u00f6r\u00fc\u015fmenin ard\u0131ndan, \u00f6\u011fretmen sendikalar\u0131 Ba\u015fbakanl\u0131k \u00f6n\u00fcnde bas\u0131na a\u00e7\u0131klama yapt\u0131. -Mavi\u015f: \u201cBakanlar Kurulu\u2019nda t\u00fcz\u00fc\u011f\u00fcn geri \u00e7ekilece\u011fi bildirildi\u201d KT\u00d6S\" \/>\n<meta property=\"og:url\" content=\"https:\/\/kibrisdakik.com\/?p=78717\" \/>\n<meta property=\"article:published_time\" content=\"2025-03-25T13:02:22+00:00\" \/>\n<meta property=\"og:image\" content=\"https:\/\/kibrisdakik.com\/wp-content\/uploads\/2025\/03\/1742904143372KTOS-ve-KTOEOS-gorusme-sonrasi-basin-aciklamasi-1-so-740x420.jpg\" \/>\n\t<meta property=\"og:image:width\" content=\"2480\" \/>\n\t<meta property=\"og:image:height\" content=\"1656\" \/>\n\t<meta property=\"og:image:type\" content=\"image\/jpeg\" \/>\n<meta name=\"author\" content=\"admin\" \/>\n<meta name=\"twitter:card\" content=\"summary_large_image\" \/>\n<meta name=\"twitter:label1\" content=\"Yazan:\" \/>\n\t<meta name=\"twitter:data1\" content=\"admin\" \/>\n\t<meta name=\"twitter:label2\" content=\"Tahmini okuma s\u00fcresi\" \/>\n\t<meta name=\"twitter:data2\" content=\"3 dakika\" \/>\n<script type=\"application\/ld+json\" class=\"yoast-schema-graph\">{\"@context\":\"https:\\\/\\\/schema.org\",\"@graph\":[{\"@type\":\"Article\",\"@id\":\"https:\\\/\\\/kibrisdakik.com\\\/?p=78717#article\",\"isPartOf\":{\"@id\":\"https:\\\/\\\/kibrisdakik.com\\\/?p=78717\"},\"author\":{\"name\":\"admin\",\"@id\":\"https:\\\/\\\/kibrisdakik.com\\\/#\\\/schema\\\/person\\\/9cd9d437bbb44f72b73ba127e06d8e79\"},\"headline\":\"Ba\u015fbakan \u00dcstel\u2019in \u00f6\u011fretmen sendikalar\u0131yla g\u00f6r\u00fc\u015fmesi tamamland\u0131\u2026 -Eylem: \u201cBa\u015fbakan, d\u00fcn yapt\u0131\u011f\u0131 a\u00e7\u0131klaman\u0131n arkas\u0131nda oldu\u011funu ve t\u00fcz\u00fc\u011f\u00fcn geri al\u0131naca\u011f\u0131n\u0131 net bir \u015fekilde ifade etti\u201d\",\"datePublished\":\"2025-03-25T13:02:22+00:00\",\"mainEntityOfPage\":{\"@id\":\"https:\\\/\\\/kibrisdakik.com\\\/?p=78717\"},\"wordCount\":590,\"commentCount\":0,\"image\":{\"@id\":\"https:\\\/\\\/kibrisdakik.com\\\/?p=78717#primaryimage\"},\"thumbnailUrl\":\"https:\\\/\\\/kibrisdakik.com\\\/wp-content\\\/uploads\\\/2025\\\/03\\\/1742904143372KTOS-ve-KTOEOS-gorusme-sonrasi-basin-aciklamasi-1-so-740x420.jpg\",\"articleSection\":[\"K\u0131br\u0131s\",\"Man\u015fet\"],\"inLanguage\":\"tr\",\"potentialAction\":[{\"@type\":\"CommentAction\",\"name\":\"Comment\",\"target\":[\"https:\\\/\\\/kibrisdakik.com\\\/?p=78717#respond\"]}]},{\"@type\":\"WebPage\",\"@id\":\"https:\\\/\\\/kibrisdakik.com\\\/?p=78717\",\"url\":\"https:\\\/\\\/kibrisdakik.com\\\/?p=78717\",\"name\":\"Ba\u015fbakan \u00dcstel\u2019in \u00f6\u011fretmen sendikalar\u0131yla g\u00f6r\u00fc\u015fmesi tamamland\u0131\u2026 -Eylem: \u201cBa\u015fbakan, d\u00fcn yapt\u0131\u011f\u0131 a\u00e7\u0131klaman\u0131n arkas\u0131nda oldu\u011funu ve t\u00fcz\u00fc\u011f\u00fcn geri al\u0131naca\u011f\u0131n\u0131 net bir \u015fekilde ifade etti\u201d -\",\"isPartOf\":{\"@id\":\"https:\\\/\\\/kibrisdakik.com\\\/#website\"},\"primaryImageOfPage\":{\"@id\":\"https:\\\/\\\/kibrisdakik.com\\\/?p=78717#primaryimage\"},\"image\":{\"@id\":\"https:\\\/\\\/kibrisdakik.com\\\/?p=78717#primaryimage\"},\"thumbnailUrl\":\"https:\\\/\\\/kibrisdakik.com\\\/wp-content\\\/uploads\\\/2025\\\/03\\\/1742904143372KTOS-ve-KTOEOS-gorusme-sonrasi-basin-aciklamasi-1-so-740x420.jpg\",\"datePublished\":\"2025-03-25T13:02:22+00:00\",\"author\":{\"@id\":\"https:\\\/\\\/kibrisdakik.com\\\/#\\\/schema\\\/person\\\/9cd9d437bbb44f72b73ba127e06d8e79\"},\"breadcrumb\":{\"@id\":\"https:\\\/\\\/kibrisdakik.com\\\/?p=78717#breadcrumb\"},\"inLanguage\":\"tr\",\"potentialAction\":[{\"@type\":\"ReadAction\",\"target\":[\"https:\\\/\\\/kibrisdakik.com\\\/?p=78717\"]}]},{\"@type\":\"ImageObject\",\"inLanguage\":\"tr\",\"@id\":\"https:\\\/\\\/kibrisdakik.com\\\/?p=78717#primaryimage\",\"url\":\"https:\\\/\\\/kibrisdakik.com\\\/wp-content\\\/uploads\\\/2025\\\/03\\\/1742904143372KTOS-ve-KTOEOS-gorusme-sonrasi-basin-aciklamasi-1-so-740x420.jpg\",\"contentUrl\":\"https:\\\/\\\/kibrisdakik.com\\\/wp-content\\\/uploads\\\/2025\\\/03\\\/1742904143372KTOS-ve-KTOEOS-gorusme-sonrasi-basin-aciklamasi-1-so-740x420.jpg\",\"width\":2480,\"height\":1656},{\"@type\":\"BreadcrumbList\",\"@id\":\"https:\\\/\\\/kibrisdakik.com\\\/?p=78717#breadcrumb\",\"itemListElement\":[{\"@type\":\"ListItem\",\"position\":1,\"name\":\"Home\",\"item\":\"https:\\\/\\\/kibrisdakik.com\\\/\"},{\"@type\":\"ListItem\",\"position\":2,\"name\":\"Ba\u015fbakan \u00dcstel\u2019in \u00f6\u011fretmen sendikalar\u0131yla g\u00f6r\u00fc\u015fmesi tamamland\u0131\u2026 -Eylem: \u201cBa\u015fbakan, d\u00fcn yapt\u0131\u011f\u0131 a\u00e7\u0131klaman\u0131n arkas\u0131nda oldu\u011funu ve t\u00fcz\u00fc\u011f\u00fcn geri al\u0131naca\u011f\u0131n\u0131 net bir \u015fekilde ifade etti\u201d\"}]},{\"@type\":\"WebSite\",\"@id\":\"https:\\\/\\\/kibrisdakik.com\\\/#website\",\"url\":\"https:\\\/\\\/kibrisdakik.com\\\/\",\"name\":\"\",\"description\":\"Tam vaktinde haber\",\"potentialAction\":[{\"@type\":\"SearchAction\",\"target\":{\"@type\":\"EntryPoint\",\"urlTemplate\":\"https:\\\/\\\/kibrisdakik.com\\\/?s={search_term_string}\"},\"query-input\":{\"@type\":\"PropertyValueSpecification\",\"valueRequired\":true,\"valueName\":\"search_term_string\"}}],\"inLanguage\":\"tr\"},{\"@type\":\"Person\",\"@id\":\"https:\\\/\\\/kibrisdakik.com\\\/#\\\/schema\\\/person\\\/9cd9d437bbb44f72b73ba127e06d8e79\",\"name\":\"admin\",\"image\":{\"@type\":\"ImageObject\",\"inLanguage\":\"tr\",\"@id\":\"https:\\\/\\\/secure.gravatar.com\\\/avatar\\\/ccc17943b9d660506c869530f897617f7cb1c21a4bf30023f252596d83e1f007?s=96&d=mm&r=g\",\"url\":\"https:\\\/\\\/secure.gravatar.com\\\/avatar\\\/ccc17943b9d660506c869530f897617f7cb1c21a4bf30023f252596d83e1f007?s=96&d=mm&r=g\",\"contentUrl\":\"https:\\\/\\\/secure.gravatar.com\\\/avatar\\\/ccc17943b9d660506c869530f897617f7cb1c21a4bf30023f252596d83e1f007?s=96&d=mm&r=g\",\"caption\":\"admin\"},\"sameAs\":[\"https:\\\/\\\/kibrisdakik.com\"],\"url\":\"https:\\\/\\\/kibrisdakik.com\\\/?author=1\"}]}<\/script>\n<!-- \/ Yoast SEO plugin. -->","yoast_head_json":{"title":"Ba\u015fbakan \u00dcstel\u2019in \u00f6\u011fretmen sendikalar\u0131yla g\u00f6r\u00fc\u015fmesi tamamland\u0131\u2026 -Eylem: \u201cBa\u015fbakan, d\u00fcn yapt\u0131\u011f\u0131 a\u00e7\u0131klaman\u0131n arkas\u0131nda oldu\u011funu ve t\u00fcz\u00fc\u011f\u00fcn geri al\u0131naca\u011f\u0131n\u0131 net bir \u015fekilde ifade etti\u201d -","robots":{"index":"index","follow":"follow","max-snippet":"max-snippet:-1","max-image-preview":"max-image-preview:large","max-video-preview":"max-video-preview:-1"},"canonical":"https:\/\/kibrisdakik.com\/?p=78717","og_locale":"tr_TR","og_type":"article","og_title":"Ba\u015fbakan \u00dcstel\u2019in \u00f6\u011fretmen sendikalar\u0131yla g\u00f6r\u00fc\u015fmesi tamamland\u0131\u2026 -Eylem: \u201cBa\u015fbakan, d\u00fcn yapt\u0131\u011f\u0131 a\u00e7\u0131klaman\u0131n arkas\u0131nda oldu\u011funu ve t\u00fcz\u00fc\u011f\u00fcn geri al\u0131naca\u011f\u0131n\u0131 net bir \u015fekilde ifade etti\u201d -","og_description":"Ba\u015fbakan \u00dcnal \u00dcstel\u2019in, \u201cOrtaokullar ile Orta\u00f6\u011fretim Kurumlar\u0131 \u0130\u00e7inde ve D\u0131\u015f\u0131nda Uyulacak Kurallar ve Disiplin T\u00fcz\u00fc\u011f\u00fc\u201dndeki de\u011fi\u015fiklikler konusunda K\u0131br\u0131s T\u00fcrk Orta E\u011fitim \u00d6\u011fretmenler Sendikas\u0131 (KTOE\u00d6S) ve K\u0131br\u0131s T\u00fcrk \u00d6\u011fretmenler Sendikas\u0131 (KT\u00d6S) ile ger\u00e7ekle\u015ftirdi\u011fi g\u00f6r\u00fc\u015fme tamamland\u0131. Yakla\u015f\u0131k bir saat s\u00fcren g\u00f6r\u00fc\u015fmenin ard\u0131ndan, \u00f6\u011fretmen sendikalar\u0131 Ba\u015fbakanl\u0131k \u00f6n\u00fcnde bas\u0131na a\u00e7\u0131klama yapt\u0131. -Mavi\u015f: \u201cBakanlar Kurulu\u2019nda t\u00fcz\u00fc\u011f\u00fcn geri \u00e7ekilece\u011fi bildirildi\u201d KT\u00d6S","og_url":"https:\/\/kibrisdakik.com\/?p=78717","article_published_time":"2025-03-25T13:02:22+00:00","og_image":[{"width":2480,"height":1656,"url":"https:\/\/kibrisdakik.com\/wp-content\/uploads\/2025\/03\/1742904143372KTOS-ve-KTOEOS-gorusme-sonrasi-basin-aciklamasi-1-so-740x420.jpg","type":"image\/jpeg"}],"author":"admin","twitter_card":"summary_large_image","twitter_misc":{"Yazan:":"admin","Tahmini okuma s\u00fcresi":"3 dakika"},"schema":{"@context":"https:\/\/schema.org","@graph":[{"@type":"Article","@id":"https:\/\/kibrisdakik.com\/?p=78717#article","isPartOf":{"@id":"https:\/\/kibrisdakik.com\/?p=78717"},"author":{"name":"admin","@id":"https:\/\/kibrisdakik.com\/#\/schema\/person\/9cd9d437bbb44f72b73ba127e06d8e79"},"headline":"Ba\u015fbakan \u00dcstel\u2019in \u00f6\u011fretmen sendikalar\u0131yla g\u00f6r\u00fc\u015fmesi tamamland\u0131\u2026 -Eylem: \u201cBa\u015fbakan, d\u00fcn yapt\u0131\u011f\u0131 a\u00e7\u0131klaman\u0131n arkas\u0131nda oldu\u011funu ve t\u00fcz\u00fc\u011f\u00fcn geri al\u0131naca\u011f\u0131n\u0131 net bir \u015fekilde ifade etti\u201d","datePublished":"2025-03-25T13:02:22+00:00","mainEntityOfPage":{"@id":"https:\/\/kibrisdakik.com\/?p=78717"},"wordCount":590,"commentCount":0,"image":{"@id":"https:\/\/kibrisdakik.com\/?p=78717#primaryimage"},"thumbnailUrl":"https:\/\/kibrisdakik.com\/wp-content\/uploads\/2025\/03\/1742904143372KTOS-ve-KTOEOS-gorusme-sonrasi-basin-aciklamasi-1-so-740x420.jpg","articleSection":["K\u0131br\u0131s","Man\u015fet"],"inLanguage":"tr","potentialAction":[{"@type":"CommentAction","name":"Comment","target":["https:\/\/kibrisdakik.com\/?p=78717#respond"]}]},{"@type":"WebPage","@id":"https:\/\/kibrisdakik.com\/?p=78717","url":"https:\/\/kibrisdakik.com\/?p=78717","name":"Ba\u015fbakan \u00dcstel\u2019in \u00f6\u011fretmen sendikalar\u0131yla g\u00f6r\u00fc\u015fmesi tamamland\u0131\u2026 -Eylem: \u201cBa\u015fbakan, d\u00fcn yapt\u0131\u011f\u0131 a\u00e7\u0131klaman\u0131n arkas\u0131nda oldu\u011funu ve t\u00fcz\u00fc\u011f\u00fcn geri al\u0131naca\u011f\u0131n\u0131 net bir \u015fekilde ifade etti\u201d -","isPartOf":{"@id":"https:\/\/kibrisdakik.com\/#website"},"primaryImageOfPage":{"@id":"https:\/\/kibrisdakik.com\/?p=78717#primaryimage"},"image":{"@id":"https:\/\/kibrisdakik.com\/?p=78717#primaryimage"},"thumbnailUrl":"https:\/\/kibrisdakik.com\/wp-content\/uploads\/2025\/03\/1742904143372KTOS-ve-KTOEOS-gorusme-sonrasi-basin-aciklamasi-1-so-740x420.jpg","datePublished":"2025-03-25T13:02:22+00:00","author":{"@id":"https:\/\/kibrisdakik.com\/#\/schema\/person\/9cd9d437bbb44f72b73ba127e06d8e79"},"breadcrumb":{"@id":"https:\/\/kibrisdakik.com\/?p=78717#breadcrumb"},"inLanguage":"tr","potentialAction":[{"@type":"ReadAction","target":["https:\/\/kibrisdakik.com\/?p=78717"]}]},{"@type":"ImageObject","inLanguage":"tr","@id":"https:\/\/kibrisdakik.com\/?p=78717#primaryimage","url":"https:\/\/kibrisdakik.com\/wp-content\/uploads\/2025\/03\/1742904143372KTOS-ve-KTOEOS-gorusme-sonrasi-basin-aciklamasi-1-so-740x420.jpg","contentUrl":"https:\/\/kibrisdakik.com\/wp-content\/uploads\/2025\/03\/1742904143372KTOS-ve-KTOEOS-gorusme-sonrasi-basin-aciklamasi-1-so-740x420.jpg","width":2480,"height":1656},{"@type":"BreadcrumbList","@id":"https:\/\/kibrisdakik.com\/?p=78717#breadcrumb","itemListElement":[{"@type":"ListItem","position":1,"name":"Home","item":"https:\/\/kibrisdakik.com\/"},{"@type":"ListItem","position":2,"name":"Ba\u015fbakan \u00dcstel\u2019in \u00f6\u011fretmen sendikalar\u0131yla g\u00f6r\u00fc\u015fmesi tamamland\u0131\u2026 -Eylem: \u201cBa\u015fbakan, d\u00fcn yapt\u0131\u011f\u0131 a\u00e7\u0131klaman\u0131n arkas\u0131nda oldu\u011funu ve t\u00fcz\u00fc\u011f\u00fcn geri al\u0131naca\u011f\u0131n\u0131 net bir \u015fekilde ifade etti\u201d"}]},{"@type":"WebSite","@id":"https:\/\/kibrisdakik.com\/#website","url":"https:\/\/kibrisdakik.com\/","name":"","description":"Tam vaktinde haber","potentialAction":[{"@type":"SearchAction","target":{"@type":"EntryPoint","urlTemplate":"https:\/\/kibrisdakik.com\/?s={search_term_string}"},"query-input":{"@type":"PropertyValueSpecification","valueRequired":true,"valueName":"search_term_string"}}],"inLanguage":"tr"},{"@type":"Person","@id":"https:\/\/kibrisdakik.com\/#\/schema\/person\/9cd9d437bbb44f72b73ba127e06d8e79","name":"admin","image":{"@type":"ImageObject","inLanguage":"tr","@id":"https:\/\/secure.gravatar.com\/avatar\/ccc17943b9d660506c869530f897617f7cb1c21a4bf30023f252596d83e1f007?s=96&d=mm&r=g","url":"https:\/\/secure.gravatar.com\/avatar\/ccc17943b9d660506c869530f897617f7cb1c21a4bf30023f252596d83e1f007?s=96&d=mm&r=g","contentUrl":"https:\/\/secure.gravatar.com\/avatar\/ccc17943b9d660506c869530f897617f7cb1c21a4bf30023f252596d83e1f007?s=96&d=mm&r=g","caption":"admin"},"sameAs":["https:\/\/kibrisdakik.com"],"url":"https:\/\/kibrisdakik.com\/?author=1"}]}},"_links":{"self":[{"href":"https:\/\/kibrisdakik.com\/index.php?rest_route=\/wp\/v2\/posts\/78717","targetHints":{"allow":["GET"]}}],"collection":[{"href":"https:\/\/kibrisdakik.com\/index.php?rest_route=\/wp\/v2\/posts"}],"about":[{"href":"https:\/\/kibrisdakik.com\/index.php?rest_route=\/wp\/v2\/types\/post"}],"author":[{"embeddable":true,"href":"https:\/\/kibrisdakik.com\/index.php?rest_route=\/wp\/v2\/users\/1"}],"replies":[{"embeddable":true,"href":"https:\/\/kibrisdakik.com\/index.php?rest_route=%2Fwp%2Fv2%2Fcomments&post=78717"}],"version-history":[{"count":0,"href":"https:\/\/kibrisdakik.com\/index.php?rest_route=\/wp\/v2\/posts\/78717\/revisions"}],"wp:featuredmedia":[{"embeddable":true,"href":"https:\/\/kibrisdakik.com\/index.php?rest_route=\/wp\/v2\/media\/78718"}],"wp:attachment":[{"href":"https:\/\/kibrisdakik.com\/index.php?rest_route=%2Fwp%2Fv2%2Fmedia&parent=78717"}],"wp:term":[{"taxonomy":"category","embeddable":true,"href":"https:\/\/kibrisdakik.com\/index.php?rest_route=%2Fwp%2Fv2%2Fcategories&post=78717"},{"taxonomy":"post_tag","embeddable":true,"href":"https:\/\/kibrisdakik.com\/index.php?rest_route=%2Fwp%2Fv2%2Ftags&post=78717"}],"curies":[{"name":"wp","href":"https:\/\/api.w.org\/{rel}","templated":true}]}}