{"id":78719,"date":"2025-03-25T15:58:00","date_gmt":"2025-03-25T12:58:00","guid":{"rendered":"https:\/\/kibrisdakik.com\/index.php\/2025\/03\/25\/chp-genel-baskani-ozel-marmara-cezaevinde-tutuklu-bulunan-imamoglunu-ziyaret-etti\/"},"modified":"2025-03-25T15:58:00","modified_gmt":"2025-03-25T12:58:00","slug":"chp-genel-baskani-ozel-marmara-cezaevinde-tutuklu-bulunan-imamoglunu-ziyaret-etti","status":"publish","type":"post","link":"https:\/\/kibrisdakik.com\/?p=78719","title":{"rendered":"CHP Genel Ba\u015fkan\u0131 \u00d6zel, Marmara Cezaevi\u2019nde tutuklu bulunan \u0130mamo\u011flu\u2019nu ziyaret etti"},"content":{"rendered":"<p><\/p>\n<div>\n<div class=\"mariselle-image-container center\">\n                <img loading=\"lazy\" decoding=\"async\" width=\"864\" height=\"486\" class=\"lazy-image\" alt=\"\" sizes=\"auto, (max-width: 864px) 100vw, 864px\" src=\"https:\/\/brtk.net\/wp-content\/uploads\/2025\/03\/25\/1742902696077thumbs_b_c_aaef8cf8e40a11ffa6ad7d82fcdb6c30.jpg?ver=eef83dee8e7e5f0931cdbf657834edc2\" srcset=\"https:\/\/brtk.net\/wp-content\/uploads\/2025\/03\/25\/1742902696077thumbs_b_c_aaef8cf8e40a11ffa6ad7d82fcdb6c30.jpg?ver=eef83dee8e7e5f0931cdbf657834edc2 864w, https:\/\/brtk.net\/wp-content\/uploads\/2025\/03\/25\/1742902696077thumbs_b_c_aaef8cf8e40a11ffa6ad7d82fcdb6c30-300x169.jpg?ver=e6b8ec79330521e208c774f31b5c11db 300w, https:\/\/brtk.net\/wp-content\/uploads\/2025\/03\/25\/1742902696077thumbs_b_c_aaef8cf8e40a11ffa6ad7d82fcdb6c30-768x432.jpg?ver=e6b8ec79330521e208c774f31b5c11db 768w\"\/>                            <\/div>\n<p>CHP Genel Ba\u015fkan\u0131 \u00d6zg\u00fcr \u00d6zel, tutuklu bulunan ve \u0130stanbul B\u00fcy\u00fck\u015fehir Belediye (\u0130BB) Ba\u015fkanl\u0131\u011f\u0131ndan uzakla\u015ft\u0131r\u0131lan Ekrem \u0130mamo\u011flu\u2019nu ziyaretinde, \u201cBen i\u00e7eride ba\u015flar\u0131 dik, al\u0131nlar\u0131 a\u00e7\u0131k, kendileriyle, aileleriyle, \u00e7al\u0131\u015fma arkada\u015flar\u0131yla gurur duyan, korkmayan, sadece korkaklar\u0131n korktu\u011fu ama kendileri korkmayan 3 tane aslanla g\u00f6r\u00fc\u015ft\u00fcm.\u201d dedi.<\/p>\n<p>\u00d6zel, yolsuzluk soru\u015fturmas\u0131 kapsam\u0131nda tutuklanan Ekrem \u0130mamo\u011flu\u2019nu Silivri\u2019deki Marmara Kapal\u0131 Ceza \u0130nfaz Kurumu\u2019nda ziyaret etti.<\/p>\n<p>Ziyaretin ard\u0131ndan bas\u0131n mensuplar\u0131na a\u00e7\u0131klamalarda bulunan \u00d6zel, d\u00fcnyan\u0131n en tan\u0131nm\u0131\u015f metropol\u00fcne belediye ba\u015fkan\u0131 se\u00e7ilen \u0130mamo\u011flu ile il\u00e7e belediye ba\u015fkanlar\u0131 Resul Emre \u015eahan, Murat \u00c7al\u0131k ve gezi tutuklular\u0131ndan Tayfun Kahraman\u2019\u0131 ziyaret etti\u011fini s\u00f6yledi.<\/p>\n<p>\u0130\u00e7inde bulundu\u011fu atmosferden ve T\u00fcrkiye\u2019ye ya\u015fat\u0131lan bu durumdan \u00fclkeyi y\u00f6netenler ad\u0131na utand\u0131\u011f\u0131n\u0131 belirten \u00d6zel, \u201c\u00c7\u00fcnk\u00fc onlar b\u00fckemedikleri bile\u011fi yarg\u0131 eliyle k\u0131rmaya kalk\u0131yorlar. \u2018Ekrem \u0130mamo\u011flu\u2019nu yenemedim, yenemiyorum, yenemeyece\u011fim, o zaman ondan kurtulaca\u011f\u0131m\u2019. O kadar kolay sand\u0131lar. Hesap etmedikleri Sara\u00e7hane\u2019deki milyonlar de\u011fil sadece, hesap etmedikleri ge\u00e7en pazar g\u00fcn\u00fc b\u00fct\u00fcn d\u00fcnyan\u0131n ilgisini T\u00fcrkiye\u2019ye \u00e7eken 15,5 milyon insan. O da haberi olabilen, eri\u015febilen, kalk\u0131p gelebilen, ula\u015fabilen. \u015eimdi b\u00fct\u00fcn d\u00fcnya bas\u0131n\u0131 pe\u015fimizde. Bunu ben yapmad\u0131m, bu benim yaratt\u0131\u011f\u0131m ilgi de\u011fil. Bu, Recep Tayyip Erdo\u011fan\u2019\u0131n yaratt\u0131\u011f\u0131 haks\u0131zl\u0131\u011fa, adaletsizli\u011fe, rezalete milletin tepkisi.\u201d diye konu\u015ftu.<\/p>\n<p>\u00d6zg\u00fcr \u00d6zel, milletin 15 Temmuz darbe giri\u015fiminde sand\u0131ktan \u00e7\u0131kana sahip \u00e7\u0131kt\u0131\u011f\u0131n\u0131 anlatarak, \u201c15 Temmuz\u2019da biz de ko\u015ftuk Meclis\u2019e gittik. Bu \u00fclkede iktidarlar\u0131n sand\u0131kla de\u011fi\u015fmesine, halk\u0131n iradesine sahip \u00e7\u0131km\u0131\u015flard\u0131. \u015eimdi de sahip \u00e7\u0131k\u0131lan halk\u0131n iradesinden ba\u015fka bir \u015fey de\u011fildir.\u201d ifadesini kulland\u0131.<\/p>\n<p>Elinde bastonla 96 ya\u015f\u0131nda merdiven \u00e7\u0131kan kad\u0131n\u0131n, sadece \u0130mamo\u011flu\u2019na sahip \u00e7\u0131kmad\u0131\u011f\u0131n\u0131 aktaran \u00d6zel, ayn\u0131 zamanda Atat\u00fcrk\u2019\u00fcn kendilerine emanet etti\u011fi kad\u0131na se\u00e7me ve se\u00e7ilme hakk\u0131na da sahip \u00e7\u0131kt\u0131\u011f\u0131n\u0131 belirtti.<\/p>\n<p>\u00d6zel, milletin, \u201cBen oturay\u0131m da memleket yans\u0131n\u201d diyen zihniyete isyan etti\u011fini vurgulayarak, \u201cBen i\u00e7eride ba\u015flar\u0131 dik, al\u0131nlar\u0131 a\u00e7\u0131k, kendileriyle, aileleriyle, \u00e7al\u0131\u015fma arkada\u015flar\u0131yla gurur duyan, korkmayan, sadece korkaklar\u0131n korktu\u011fu ama kendileri korkmayan 3 tane aslanla g\u00f6r\u00fc\u015ft\u00fcm. Aslanlar gibiler.\u201d s\u00f6zlerini sarf etti.<\/p>\n<p>CHP Genel Ba\u015fkan\u0131 \u00d6zel, bu bayram AK Parti\u2019nin ve MHP\u2019nin se\u00e7meniyle bayramla\u015facaklar\u0131n\u0131 belirterek, \u015funlar\u0131 kaydetti:<\/p>\n<p>\u201cCHP, bu bayrama kadar 16 muhalefet partisiyle Sara\u00e7hane\u2019de, her bir ziyaretlerinde bayramla\u015ft\u0131, kucakla\u015ft\u0131. Bu bayram da Ankara\u2019da bayramla\u015fm\u0131yoruz. Muhalefetle bayramla\u015ft\u0131k, iktidar\u0131n yapt\u0131\u011f\u0131 bu kumpasla ne bayramla\u015faca\u011f\u0131z?\u201d<\/p>\n<\/p><\/div>\n<p><script async\n                    defer\n                    crossorigin=\"anonymous\"\n                    src=\"https:\/\/connect.facebook.net\/tr_TR\/sdk.js#xfbml=1&#038;version=v3.3\"\n            ><\/script><\/p>\n","protected":false},"excerpt":{"rendered":"<p>CHP Genel Ba\u015fkan\u0131 \u00d6zg\u00fcr \u00d6zel, tutuklu bulunan ve \u0130stanbul B\u00fcy\u00fck\u015fehir Belediye (\u0130BB) Ba\u015fkanl\u0131\u011f\u0131ndan uzakla\u015ft\u0131r\u0131lan Ekrem \u0130mamo\u011flu\u2019nu ziyaretinde, \u201cBen i\u00e7eride ba\u015flar\u0131 dik, al\u0131nlar\u0131 a\u00e7\u0131k, kendileriyle, aileleriyle, \u00e7al\u0131\u015fma arkada\u015flar\u0131yla gurur duyan, korkmayan, sadece korkaklar\u0131n korktu\u011fu ama kendileri korkmayan 3 tane aslanla g\u00f6r\u00fc\u015ft\u00fcm.\u201d dedi. \u00d6zel, yolsuzluk soru\u015fturmas\u0131 kapsam\u0131nda tutuklanan Ekrem \u0130mamo\u011flu\u2019nu Silivri\u2019deki Marmara Kapal\u0131 Ceza \u0130nfaz Kurumu\u2019nda ziyaret<\/p>\n","protected":false},"author":1,"featured_media":78720,"comment_status":"open","ping_status":"open","sticky":false,"template":"","format":"standard","meta":{"footnotes":""},"categories":[86],"tags":[],"class_list":["post-78719","post","type-post","status-publish","format-standard","has-post-thumbnail","hentry","category-turkiye"],"yoast_head":"<!-- This site is optimized with the Yoast SEO plugin v27.4 - https:\/\/yoast.com\/product\/yoast-seo-wordpress\/ -->\n<title>CHP Genel Ba\u015fkan\u0131 \u00d6zel, Marmara Cezaevi\u2019nde tutuklu bulunan \u0130mamo\u011flu\u2019nu ziyaret etti -<\/title>\n<meta name=\"robots\" content=\"index, follow, max-snippet:-1, max-image-preview:large, max-video-preview:-1\" \/>\n<link rel=\"canonical\" href=\"https:\/\/kibrisdakik.com\/?p=78719\" \/>\n<meta property=\"og:locale\" content=\"tr_TR\" \/>\n<meta property=\"og:type\" content=\"article\" \/>\n<meta property=\"og:title\" content=\"CHP Genel Ba\u015fkan\u0131 \u00d6zel, Marmara Cezaevi\u2019nde tutuklu bulunan \u0130mamo\u011flu\u2019nu ziyaret etti -\" \/>\n<meta property=\"og:description\" content=\"CHP Genel Ba\u015fkan\u0131 \u00d6zg\u00fcr \u00d6zel, tutuklu bulunan ve \u0130stanbul B\u00fcy\u00fck\u015fehir Belediye (\u0130BB) Ba\u015fkanl\u0131\u011f\u0131ndan uzakla\u015ft\u0131r\u0131lan Ekrem \u0130mamo\u011flu\u2019nu ziyaretinde, \u201cBen i\u00e7eride ba\u015flar\u0131 dik, al\u0131nlar\u0131 a\u00e7\u0131k, kendileriyle, aileleriyle, \u00e7al\u0131\u015fma arkada\u015flar\u0131yla gurur duyan, korkmayan, sadece korkaklar\u0131n korktu\u011fu ama kendileri korkmayan 3 tane aslanla g\u00f6r\u00fc\u015ft\u00fcm.\u201d dedi. \u00d6zel, yolsuzluk soru\u015fturmas\u0131 kapsam\u0131nda tutuklanan Ekrem \u0130mamo\u011flu\u2019nu Silivri\u2019deki Marmara Kapal\u0131 Ceza \u0130nfaz Kurumu\u2019nda ziyaret\" \/>\n<meta property=\"og:url\" content=\"https:\/\/kibrisdakik.com\/?p=78719\" \/>\n<meta property=\"article:published_time\" content=\"2025-03-25T12:58:00+00:00\" \/>\n<meta property=\"og:image\" content=\"https:\/\/kibrisdakik.com\/wp-content\/uploads\/2025\/03\/1742902696077thumbs_b_c_aaef8cf8e40a11ffa6ad7d82fcdb6c30-740x420.jpg\" \/>\n\t<meta property=\"og:image:width\" content=\"864\" \/>\n\t<meta property=\"og:image:height\" content=\"486\" \/>\n\t<meta property=\"og:image:type\" content=\"image\/jpeg\" \/>\n<meta name=\"author\" content=\"admin\" \/>\n<meta name=\"twitter:card\" content=\"summary_large_image\" \/>\n<meta name=\"twitter:label1\" content=\"Yazan:\" \/>\n\t<meta name=\"twitter:data1\" content=\"admin\" \/>\n\t<meta name=\"twitter:label2\" content=\"Tahmini okuma s\u00fcresi\" \/>\n\t<meta name=\"twitter:data2\" content=\"2 dakika\" \/>\n<script type=\"application\/ld+json\" class=\"yoast-schema-graph\">{\"@context\":\"https:\\\/\\\/schema.org\",\"@graph\":[{\"@type\":\"Article\",\"@id\":\"https:\\\/\\\/kibrisdakik.com\\\/?p=78719#article\",\"isPartOf\":{\"@id\":\"https:\\\/\\\/kibrisdakik.com\\\/?p=78719\"},\"author\":{\"name\":\"admin\",\"@id\":\"https:\\\/\\\/kibrisdakik.com\\\/#\\\/schema\\\/person\\\/9cd9d437bbb44f72b73ba127e06d8e79\"},\"headline\":\"CHP Genel Ba\u015fkan\u0131 \u00d6zel, Marmara Cezaevi\u2019nde tutuklu bulunan \u0130mamo\u011flu\u2019nu ziyaret etti\",\"datePublished\":\"2025-03-25T12:58:00+00:00\",\"mainEntityOfPage\":{\"@id\":\"https:\\\/\\\/kibrisdakik.com\\\/?p=78719\"},\"wordCount\":489,\"commentCount\":0,\"image\":{\"@id\":\"https:\\\/\\\/kibrisdakik.com\\\/?p=78719#primaryimage\"},\"thumbnailUrl\":\"https:\\\/\\\/kibrisdakik.com\\\/wp-content\\\/uploads\\\/2025\\\/03\\\/1742902696077thumbs_b_c_aaef8cf8e40a11ffa6ad7d82fcdb6c30-740x420.jpg\",\"articleSection\":[\"T\u00fcrkiye\"],\"inLanguage\":\"tr\",\"potentialAction\":[{\"@type\":\"CommentAction\",\"name\":\"Comment\",\"target\":[\"https:\\\/\\\/kibrisdakik.com\\\/?p=78719#respond\"]}]},{\"@type\":\"WebPage\",\"@id\":\"https:\\\/\\\/kibrisdakik.com\\\/?p=78719\",\"url\":\"https:\\\/\\\/kibrisdakik.com\\\/?p=78719\",\"name\":\"CHP Genel Ba\u015fkan\u0131 \u00d6zel, Marmara Cezaevi\u2019nde tutuklu bulunan \u0130mamo\u011flu\u2019nu ziyaret etti -\",\"isPartOf\":{\"@id\":\"https:\\\/\\\/kibrisdakik.com\\\/#website\"},\"primaryImageOfPage\":{\"@id\":\"https:\\\/\\\/kibrisdakik.com\\\/?p=78719#primaryimage\"},\"image\":{\"@id\":\"https:\\\/\\\/kibrisdakik.com\\\/?p=78719#primaryimage\"},\"thumbnailUrl\":\"https:\\\/\\\/kibrisdakik.com\\\/wp-content\\\/uploads\\\/2025\\\/03\\\/1742902696077thumbs_b_c_aaef8cf8e40a11ffa6ad7d82fcdb6c30-740x420.jpg\",\"datePublished\":\"2025-03-25T12:58:00+00:00\",\"author\":{\"@id\":\"https:\\\/\\\/kibrisdakik.com\\\/#\\\/schema\\\/person\\\/9cd9d437bbb44f72b73ba127e06d8e79\"},\"breadcrumb\":{\"@id\":\"https:\\\/\\\/kibrisdakik.com\\\/?p=78719#breadcrumb\"},\"inLanguage\":\"tr\",\"potentialAction\":[{\"@type\":\"ReadAction\",\"target\":[\"https:\\\/\\\/kibrisdakik.com\\\/?p=78719\"]}]},{\"@type\":\"ImageObject\",\"inLanguage\":\"tr\",\"@id\":\"https:\\\/\\\/kibrisdakik.com\\\/?p=78719#primaryimage\",\"url\":\"https:\\\/\\\/kibrisdakik.com\\\/wp-content\\\/uploads\\\/2025\\\/03\\\/1742902696077thumbs_b_c_aaef8cf8e40a11ffa6ad7d82fcdb6c30-740x420.jpg\",\"contentUrl\":\"https:\\\/\\\/kibrisdakik.com\\\/wp-content\\\/uploads\\\/2025\\\/03\\\/1742902696077thumbs_b_c_aaef8cf8e40a11ffa6ad7d82fcdb6c30-740x420.jpg\",\"width\":864,\"height\":486},{\"@type\":\"BreadcrumbList\",\"@id\":\"https:\\\/\\\/kibrisdakik.com\\\/?p=78719#breadcrumb\",\"itemListElement\":[{\"@type\":\"ListItem\",\"position\":1,\"name\":\"Home\",\"item\":\"https:\\\/\\\/kibrisdakik.com\\\/\"},{\"@type\":\"ListItem\",\"position\":2,\"name\":\"CHP Genel Ba\u015fkan\u0131 \u00d6zel, Marmara Cezaevi\u2019nde tutuklu bulunan \u0130mamo\u011flu\u2019nu ziyaret etti\"}]},{\"@type\":\"WebSite\",\"@id\":\"https:\\\/\\\/kibrisdakik.com\\\/#website\",\"url\":\"https:\\\/\\\/kibrisdakik.com\\\/\",\"name\":\"\",\"description\":\"Tam vaktinde haber\",\"potentialAction\":[{\"@type\":\"SearchAction\",\"target\":{\"@type\":\"EntryPoint\",\"urlTemplate\":\"https:\\\/\\\/kibrisdakik.com\\\/?s={search_term_string}\"},\"query-input\":{\"@type\":\"PropertyValueSpecification\",\"valueRequired\":true,\"valueName\":\"search_term_string\"}}],\"inLanguage\":\"tr\"},{\"@type\":\"Person\",\"@id\":\"https:\\\/\\\/kibrisdakik.com\\\/#\\\/schema\\\/person\\\/9cd9d437bbb44f72b73ba127e06d8e79\",\"name\":\"admin\",\"image\":{\"@type\":\"ImageObject\",\"inLanguage\":\"tr\",\"@id\":\"https:\\\/\\\/secure.gravatar.com\\\/avatar\\\/ccc17943b9d660506c869530f897617f7cb1c21a4bf30023f252596d83e1f007?s=96&d=mm&r=g\",\"url\":\"https:\\\/\\\/secure.gravatar.com\\\/avatar\\\/ccc17943b9d660506c869530f897617f7cb1c21a4bf30023f252596d83e1f007?s=96&d=mm&r=g\",\"contentUrl\":\"https:\\\/\\\/secure.gravatar.com\\\/avatar\\\/ccc17943b9d660506c869530f897617f7cb1c21a4bf30023f252596d83e1f007?s=96&d=mm&r=g\",\"caption\":\"admin\"},\"sameAs\":[\"https:\\\/\\\/kibrisdakik.com\"],\"url\":\"https:\\\/\\\/kibrisdakik.com\\\/?author=1\"}]}<\/script>\n<!-- \/ Yoast SEO plugin. -->","yoast_head_json":{"title":"CHP Genel Ba\u015fkan\u0131 \u00d6zel, Marmara Cezaevi\u2019nde tutuklu bulunan \u0130mamo\u011flu\u2019nu ziyaret etti -","robots":{"index":"index","follow":"follow","max-snippet":"max-snippet:-1","max-image-preview":"max-image-preview:large","max-video-preview":"max-video-preview:-1"},"canonical":"https:\/\/kibrisdakik.com\/?p=78719","og_locale":"tr_TR","og_type":"article","og_title":"CHP Genel Ba\u015fkan\u0131 \u00d6zel, Marmara Cezaevi\u2019nde tutuklu bulunan \u0130mamo\u011flu\u2019nu ziyaret etti -","og_description":"CHP Genel Ba\u015fkan\u0131 \u00d6zg\u00fcr \u00d6zel, tutuklu bulunan ve \u0130stanbul B\u00fcy\u00fck\u015fehir Belediye (\u0130BB) Ba\u015fkanl\u0131\u011f\u0131ndan uzakla\u015ft\u0131r\u0131lan Ekrem \u0130mamo\u011flu\u2019nu ziyaretinde, \u201cBen i\u00e7eride ba\u015flar\u0131 dik, al\u0131nlar\u0131 a\u00e7\u0131k, kendileriyle, aileleriyle, \u00e7al\u0131\u015fma arkada\u015flar\u0131yla gurur duyan, korkmayan, sadece korkaklar\u0131n korktu\u011fu ama kendileri korkmayan 3 tane aslanla g\u00f6r\u00fc\u015ft\u00fcm.\u201d dedi. \u00d6zel, yolsuzluk soru\u015fturmas\u0131 kapsam\u0131nda tutuklanan Ekrem \u0130mamo\u011flu\u2019nu Silivri\u2019deki Marmara Kapal\u0131 Ceza \u0130nfaz Kurumu\u2019nda ziyaret","og_url":"https:\/\/kibrisdakik.com\/?p=78719","article_published_time":"2025-03-25T12:58:00+00:00","og_image":[{"width":864,"height":486,"url":"https:\/\/kibrisdakik.com\/wp-content\/uploads\/2025\/03\/1742902696077thumbs_b_c_aaef8cf8e40a11ffa6ad7d82fcdb6c30-740x420.jpg","type":"image\/jpeg"}],"author":"admin","twitter_card":"summary_large_image","twitter_misc":{"Yazan:":"admin","Tahmini okuma s\u00fcresi":"2 dakika"},"schema":{"@context":"https:\/\/schema.org","@graph":[{"@type":"Article","@id":"https:\/\/kibrisdakik.com\/?p=78719#article","isPartOf":{"@id":"https:\/\/kibrisdakik.com\/?p=78719"},"author":{"name":"admin","@id":"https:\/\/kibrisdakik.com\/#\/schema\/person\/9cd9d437bbb44f72b73ba127e06d8e79"},"headline":"CHP Genel Ba\u015fkan\u0131 \u00d6zel, Marmara Cezaevi\u2019nde tutuklu bulunan \u0130mamo\u011flu\u2019nu ziyaret etti","datePublished":"2025-03-25T12:58:00+00:00","mainEntityOfPage":{"@id":"https:\/\/kibrisdakik.com\/?p=78719"},"wordCount":489,"commentCount":0,"image":{"@id":"https:\/\/kibrisdakik.com\/?p=78719#primaryimage"},"thumbnailUrl":"https:\/\/kibrisdakik.com\/wp-content\/uploads\/2025\/03\/1742902696077thumbs_b_c_aaef8cf8e40a11ffa6ad7d82fcdb6c30-740x420.jpg","articleSection":["T\u00fcrkiye"],"inLanguage":"tr","potentialAction":[{"@type":"CommentAction","name":"Comment","target":["https:\/\/kibrisdakik.com\/?p=78719#respond"]}]},{"@type":"WebPage","@id":"https:\/\/kibrisdakik.com\/?p=78719","url":"https:\/\/kibrisdakik.com\/?p=78719","name":"CHP Genel Ba\u015fkan\u0131 \u00d6zel, Marmara Cezaevi\u2019nde tutuklu bulunan \u0130mamo\u011flu\u2019nu ziyaret etti -","isPartOf":{"@id":"https:\/\/kibrisdakik.com\/#website"},"primaryImageOfPage":{"@id":"https:\/\/kibrisdakik.com\/?p=78719#primaryimage"},"image":{"@id":"https:\/\/kibrisdakik.com\/?p=78719#primaryimage"},"thumbnailUrl":"https:\/\/kibrisdakik.com\/wp-content\/uploads\/2025\/03\/1742902696077thumbs_b_c_aaef8cf8e40a11ffa6ad7d82fcdb6c30-740x420.jpg","datePublished":"2025-03-25T12:58:00+00:00","author":{"@id":"https:\/\/kibrisdakik.com\/#\/schema\/person\/9cd9d437bbb44f72b73ba127e06d8e79"},"breadcrumb":{"@id":"https:\/\/kibrisdakik.com\/?p=78719#breadcrumb"},"inLanguage":"tr","potentialAction":[{"@type":"ReadAction","target":["https:\/\/kibrisdakik.com\/?p=78719"]}]},{"@type":"ImageObject","inLanguage":"tr","@id":"https:\/\/kibrisdakik.com\/?p=78719#primaryimage","url":"https:\/\/kibrisdakik.com\/wp-content\/uploads\/2025\/03\/1742902696077thumbs_b_c_aaef8cf8e40a11ffa6ad7d82fcdb6c30-740x420.jpg","contentUrl":"https:\/\/kibrisdakik.com\/wp-content\/uploads\/2025\/03\/1742902696077thumbs_b_c_aaef8cf8e40a11ffa6ad7d82fcdb6c30-740x420.jpg","width":864,"height":486},{"@type":"BreadcrumbList","@id":"https:\/\/kibrisdakik.com\/?p=78719#breadcrumb","itemListElement":[{"@type":"ListItem","position":1,"name":"Home","item":"https:\/\/kibrisdakik.com\/"},{"@type":"ListItem","position":2,"name":"CHP Genel Ba\u015fkan\u0131 \u00d6zel, Marmara Cezaevi\u2019nde tutuklu bulunan \u0130mamo\u011flu\u2019nu ziyaret etti"}]},{"@type":"WebSite","@id":"https:\/\/kibrisdakik.com\/#website","url":"https:\/\/kibrisdakik.com\/","name":"","description":"Tam vaktinde haber","potentialAction":[{"@type":"SearchAction","target":{"@type":"EntryPoint","urlTemplate":"https:\/\/kibrisdakik.com\/?s={search_term_string}"},"query-input":{"@type":"PropertyValueSpecification","valueRequired":true,"valueName":"search_term_string"}}],"inLanguage":"tr"},{"@type":"Person","@id":"https:\/\/kibrisdakik.com\/#\/schema\/person\/9cd9d437bbb44f72b73ba127e06d8e79","name":"admin","image":{"@type":"ImageObject","inLanguage":"tr","@id":"https:\/\/secure.gravatar.com\/avatar\/ccc17943b9d660506c869530f897617f7cb1c21a4bf30023f252596d83e1f007?s=96&d=mm&r=g","url":"https:\/\/secure.gravatar.com\/avatar\/ccc17943b9d660506c869530f897617f7cb1c21a4bf30023f252596d83e1f007?s=96&d=mm&r=g","contentUrl":"https:\/\/secure.gravatar.com\/avatar\/ccc17943b9d660506c869530f897617f7cb1c21a4bf30023f252596d83e1f007?s=96&d=mm&r=g","caption":"admin"},"sameAs":["https:\/\/kibrisdakik.com"],"url":"https:\/\/kibrisdakik.com\/?author=1"}]}},"_links":{"self":[{"href":"https:\/\/kibrisdakik.com\/index.php?rest_route=\/wp\/v2\/posts\/78719","targetHints":{"allow":["GET"]}}],"collection":[{"href":"https:\/\/kibrisdakik.com\/index.php?rest_route=\/wp\/v2\/posts"}],"about":[{"href":"https:\/\/kibrisdakik.com\/index.php?rest_route=\/wp\/v2\/types\/post"}],"author":[{"embeddable":true,"href":"https:\/\/kibrisdakik.com\/index.php?rest_route=\/wp\/v2\/users\/1"}],"replies":[{"embeddable":true,"href":"https:\/\/kibrisdakik.com\/index.php?rest_route=%2Fwp%2Fv2%2Fcomments&post=78719"}],"version-history":[{"count":0,"href":"https:\/\/kibrisdakik.com\/index.php?rest_route=\/wp\/v2\/posts\/78719\/revisions"}],"wp:featuredmedia":[{"embeddable":true,"href":"https:\/\/kibrisdakik.com\/index.php?rest_route=\/wp\/v2\/media\/78720"}],"wp:attachment":[{"href":"https:\/\/kibrisdakik.com\/index.php?rest_route=%2Fwp%2Fv2%2Fmedia&parent=78719"}],"wp:term":[{"taxonomy":"category","embeddable":true,"href":"https:\/\/kibrisdakik.com\/index.php?rest_route=%2Fwp%2Fv2%2Fcategories&post=78719"},{"taxonomy":"post_tag","embeddable":true,"href":"https:\/\/kibrisdakik.com\/index.php?rest_route=%2Fwp%2Fv2%2Ftags&post=78719"}],"curies":[{"name":"wp","href":"https:\/\/api.w.org\/{rel}","templated":true}]}}