{"id":78758,"date":"2025-03-25T19:28:37","date_gmt":"2025-03-25T16:28:37","guid":{"rendered":"https:\/\/kibrisdakik.com\/index.php\/2025\/03\/25\/bay-sen-baskani-sakalli-ve-yonetim-kurulu-uyeleri-ziyaretler-gerceklestirdi\/"},"modified":"2025-03-25T19:28:37","modified_gmt":"2025-03-25T16:28:37","slug":"bay-sen-baskani-sakalli-ve-yonetim-kurulu-uyeleri-ziyaretler-gerceklestirdi","status":"publish","type":"post","link":"https:\/\/kibrisdakik.com\/?p=78758","title":{"rendered":"BAY-SEN Ba\u015fkan\u0131 Sakall\u0131 ve Y\u00f6netim Kurulu \u00fcyeleri ziyaretler ger\u00e7ekle\u015ftirdi"},"content":{"rendered":"<div>\n<div class=\"mariselle-image-container center\">\n                                            <\/div>\n<p>Bayrak Radyo Televizyon Kurumu \u00c7al\u0131\u015fanlar\u0131 Sendikas\u0131 (BAY-SEN) Ba\u015fkan\u0131 Salih Sakall\u0131 ve Y\u00f6netim Kurulu \u00fcyeleri nezaket ziyaretleri ger\u00e7ekle\u015ftiriyor\u2026<\/p>\n<p>BAY-SEN heyeti bu \u00e7er\u00e7evede ilk olarak Cumhuriyet\u00e7i T\u00fcrk Partisi Genel Ba\u015fkan\u0131 Tufan Erh\u00fcrman\u2019\u0131 ziyaret etti.  <\/p>\n<p>BAY-SEN Ba\u015fkan\u0131 Salih Sakall\u0131, ziyarette yapt\u0131\u011f\u0131 konu\u015fmada BRT\u2019de yeni bir yasa \u00e7al\u0131\u015fmas\u0131 yap\u0131ld\u0131\u011f\u0131na dikkati \u00e7ekerek yasa konusunda CTP Genel Ba\u015fkan\u0131 Tufan Erh\u00fcrman\u2019dan destek istedi.<\/p>\n<p>CTP Genel Ba\u015fkan\u0131 Tufan Erh\u00fcrman ise BRT\u2019de sorunlar\u0131n y\u0131llard\u0131r \u00e7\u00f6z\u00fclemedi\u011fini ve birikti\u011fini s\u00f6yleyerek BRT ve kurum \u00e7al\u0131\u015fanlar\u0131n\u0131n bundan sonra \u00f6n\u00fcn\u00fc g\u00f6rebilmesi i\u00e7in bu sorunlar\u0131n bir an \u00f6nce \u00e7\u00f6z\u00fclmesi gerekti\u011fini ifade etti. <\/p>\n<p>Erh\u00fcrman \u201c\u00c7al\u0131\u015fanlar\u0131n \u00f6n\u00fcn\u00fc g\u00f6rememesi motivasyonu da a\u015fa\u011f\u0131ya da \u00e7eken bir\u015fey. Motivasyon a\u015fa\u011f\u0131ya \u00e7ekilince de \u00fcretmekte de g\u00fc\u00e7l\u00fck \u00e7ekiyorsunuz. Biz bu meseleye h\u00fck\u00fcmet, muhalefet g\u00f6z\u00fcyle bakan bir yerde de\u011filiz. Bir \u00e7al\u0131\u015fma y\u00fcr\u00fct\u00fcld\u00fc\u011f\u00fcn\u00fc biliyoruz ama bug\u00fcne kadar bu \u00e7al\u0131\u015fma bizimle payla\u015f\u0131lm\u0131\u015f de\u011fil. \u00d6nemli olan bu \u00e7al\u0131\u015fman\u0131n \u00f6ncelikle sizleri tatmin etmesidir. Bu noktada da gerek komite a\u015famas\u0131nda gerekse Genel Kurul a\u015famas\u0131nda her t\u00fcrl\u00fc deste\u011fi vermeye haz\u0131r\u0131z\u201d dedi. <\/p>\n<div class=\"mariselle-image-container center\">\n                <img loading=\"lazy\" decoding=\"async\" width=\"671\" height=\"405\" class=\"lazy-image\" alt=\"\" sizes=\"auto, (max-width: 671px) 100vw, 671px\" src=\"https:\/\/brtk.net\/wp-content\/uploads\/2025\/03\/25\/saaaa.jpg?ver=25827b3c0ce556b9512435876bdc2fd0\" srcset=\"https:\/\/brtk.net\/wp-content\/uploads\/2025\/03\/25\/saaaa.jpg?ver=25827b3c0ce556b9512435876bdc2fd0 671w, https:\/\/brtk.net\/wp-content\/uploads\/2025\/03\/25\/saaaa-300x181.jpg?ver=25827b3c0ce556b9512435876bdc2fd0 300w\"\/>                            <\/div>\n<p>BAY-SEN heyeti daha sonra \u00c7al\u0131\u015fma ve Sosyal G\u00fcvenlik Bakan\u0131 Sad\u0131k Gardiyano\u011flu\u2019nu ziyaret etti.<br \/>Ziyarette konu\u015fan BAY-SEN Ba\u015fkan\u0131 Salih Sakall\u0131, Gardiyano\u011flu\u2019nun BRT\u2019ye s\u00fcrekli gelen bir ki\u015fi olarak sorunlar\u0131 yak\u0131ndan takip etti\u011fini belirterek bu zorlu d\u00f6nemde BRT\u2019deki bir\u00e7ok sorunu i\u015fbirli\u011fi i\u00e7erisinde \u00e7\u00f6zeceklerine inan\u00e7 belirtti.<\/p>\n<p>\u00c7al\u0131\u015fma ve Sosyal G\u00fcvenlik Bakan\u0131 Sad\u0131k Gardiyano\u011flu da \u201cBRT bizim g\u00f6zbebe\u011fimizdir\u201d diyerek BRT\u2019nin sorumlulu\u011funun \u00e7ok b\u00fcy\u00fck oldu\u011fununa dikkati \u00e7ekti.<\/p>\n<p>Gardiyano\u011flu \u201cSorumlulu\u011funuz \u00e7ok b\u00fcy\u00fckt\u00fcr. T\u00fcm ulusu ve ayn\u0131 zamanda t\u00fcm d\u00fcnyay\u0131 do\u011fru bilgilendirmek, do\u011fru y\u00f6nlendirmek ve sorumlu yay\u0131nc\u0131l\u0131k ilkesi ile yay\u0131n yapmak \u00e7ok \u00f6nemlidir. En do\u011fru haberi \u015feffaf bir \u015fekilde yay\u0131nlamak da sizlerin asli g\u00f6revlerinizden biridir\u201d diye konu\u015ftu.<\/p>\n<p>BRT\u2019nin K\u0131br\u0131s T\u00fcrk Halk\u0131\u2019n\u0131n hakl\u0131 sesini d\u00fcnyaya duyurma misyonunu s\u00fcrd\u00fcrd\u00fc\u011f\u00fcne ve BRT \u00e7al\u0131\u015fanlar\u0131n\u0131n bir bayrak ta\u015f\u0131y\u0131c\u0131s\u0131 oldu\u011funu s\u00f6yleyen Gardiyano\u011flu, bu bayra\u011f\u0131 daha yukar\u0131ya ta\u015f\u0131yacak t\u00fcm \u00e7al\u0131\u015fmalarda kendisi ve ekibinin BRT \u00e7al\u0131\u015fanlar\u0131n\u0131n yan\u0131nda olaca\u011f\u0131n\u0131 vurgulad\u0131.  <\/p>\n<p><iframe loading=\"lazy\" title=\"BAY-SEN Ba\u015fkan\u0131 Sakall\u0131 ve Y\u00f6netim Kurulu \u00fcyeleri ziyaretler ger\u00e7ekle\u015ftirdi\" width=\"960\" height=\"540\" src=\"https:\/\/www.youtube.com\/embed\/wWmziEEroQs?feature=oembed\" frameborder=\"0\" allow=\"accelerometer; autoplay; clipboard-write; encrypted-media; gyroscope; picture-in-picture; web-share\" referrerpolicy=\"strict-origin-when-cross-origin\" allowfullscreen><\/iframe><\/p>\n<\/p><\/div>\n<p><script async\n                    defer\n                    crossorigin=\"anonymous\"\n                    src=\"https:\/\/connect.facebook.net\/tr_TR\/sdk.js#xfbml=1&#038;version=v3.3\"\n            ><\/script><\/p>\n","protected":false},"excerpt":{"rendered":"<p>Bayrak Radyo Televizyon Kurumu \u00c7al\u0131\u015fanlar\u0131 Sendikas\u0131 (BAY-SEN) Ba\u015fkan\u0131 Salih Sakall\u0131 ve Y\u00f6netim Kurulu \u00fcyeleri nezaket ziyaretleri ger\u00e7ekle\u015ftiriyor\u2026 BAY-SEN heyeti bu \u00e7er\u00e7evede ilk olarak Cumhuriyet\u00e7i T\u00fcrk Partisi Genel Ba\u015fkan\u0131 Tufan Erh\u00fcrman\u2019\u0131 ziyaret etti. BAY-SEN Ba\u015fkan\u0131 Salih Sakall\u0131, ziyarette yapt\u0131\u011f\u0131 konu\u015fmada BRT\u2019de yeni bir yasa \u00e7al\u0131\u015fmas\u0131 yap\u0131ld\u0131\u011f\u0131na dikkati \u00e7ekerek yasa konusunda CTP Genel Ba\u015fkan\u0131 Tufan Erh\u00fcrman\u2019dan destek<\/p>\n","protected":false},"author":1,"featured_media":78760,"comment_status":"open","ping_status":"open","sticky":false,"template":"","format":"standard","meta":{"footnotes":""},"categories":[81,101],"tags":[],"class_list":["post-78758","post","type-post","status-publish","format-standard","has-post-thumbnail","hentry","category-kibris","category-manset"],"yoast_head":"<!-- This site is optimized with the Yoast SEO plugin v27.4 - https:\/\/yoast.com\/product\/yoast-seo-wordpress\/ -->\n<title>BAY-SEN Ba\u015fkan\u0131 Sakall\u0131 ve Y\u00f6netim Kurulu \u00fcyeleri ziyaretler ger\u00e7ekle\u015ftirdi -<\/title>\n<meta name=\"robots\" content=\"index, follow, max-snippet:-1, max-image-preview:large, max-video-preview:-1\" \/>\n<link rel=\"canonical\" href=\"https:\/\/kibrisdakik.com\/?p=78758\" \/>\n<meta property=\"og:locale\" content=\"tr_TR\" \/>\n<meta property=\"og:type\" content=\"article\" \/>\n<meta property=\"og:title\" content=\"BAY-SEN Ba\u015fkan\u0131 Sakall\u0131 ve Y\u00f6netim Kurulu \u00fcyeleri ziyaretler ger\u00e7ekle\u015ftirdi -\" \/>\n<meta property=\"og:description\" content=\"Bayrak Radyo Televizyon Kurumu \u00c7al\u0131\u015fanlar\u0131 Sendikas\u0131 (BAY-SEN) Ba\u015fkan\u0131 Salih Sakall\u0131 ve Y\u00f6netim Kurulu \u00fcyeleri nezaket ziyaretleri ger\u00e7ekle\u015ftiriyor\u2026 BAY-SEN heyeti bu \u00e7er\u00e7evede ilk olarak Cumhuriyet\u00e7i T\u00fcrk Partisi Genel Ba\u015fkan\u0131 Tufan Erh\u00fcrman\u2019\u0131 ziyaret etti. BAY-SEN Ba\u015fkan\u0131 Salih Sakall\u0131, ziyarette yapt\u0131\u011f\u0131 konu\u015fmada BRT\u2019de yeni bir yasa \u00e7al\u0131\u015fmas\u0131 yap\u0131ld\u0131\u011f\u0131na dikkati \u00e7ekerek yasa konusunda CTP Genel Ba\u015fkan\u0131 Tufan Erh\u00fcrman\u2019dan destek\" \/>\n<meta property=\"og:url\" content=\"https:\/\/kibrisdakik.com\/?p=78758\" \/>\n<meta property=\"article:published_time\" content=\"2025-03-25T16:28:37+00:00\" \/>\n<meta property=\"og:image\" content=\"https:\/\/kibrisdakik.com\/wp-content\/uploads\/2025\/03\/bs.jpg\" \/>\n\t<meta property=\"og:image:width\" content=\"620\" \/>\n\t<meta property=\"og:image:height\" content=\"381\" \/>\n\t<meta property=\"og:image:type\" content=\"image\/jpeg\" \/>\n<meta name=\"author\" content=\"admin\" \/>\n<meta name=\"twitter:card\" content=\"summary_large_image\" \/>\n<meta name=\"twitter:label1\" content=\"Yazan:\" \/>\n\t<meta name=\"twitter:data1\" content=\"admin\" \/>\n\t<meta name=\"twitter:label2\" content=\"Tahmini okuma s\u00fcresi\" \/>\n\t<meta name=\"twitter:data2\" content=\"2 dakika\" \/>\n<script type=\"application\/ld+json\" class=\"yoast-schema-graph\">{\"@context\":\"https:\\\/\\\/schema.org\",\"@graph\":[{\"@type\":\"Article\",\"@id\":\"https:\\\/\\\/kibrisdakik.com\\\/?p=78758#article\",\"isPartOf\":{\"@id\":\"https:\\\/\\\/kibrisdakik.com\\\/?p=78758\"},\"author\":{\"name\":\"admin\",\"@id\":\"https:\\\/\\\/kibrisdakik.com\\\/#\\\/schema\\\/person\\\/9cd9d437bbb44f72b73ba127e06d8e79\"},\"headline\":\"BAY-SEN Ba\u015fkan\u0131 Sakall\u0131 ve Y\u00f6netim Kurulu \u00fcyeleri ziyaretler ger\u00e7ekle\u015ftirdi\",\"datePublished\":\"2025-03-25T16:28:37+00:00\",\"mainEntityOfPage\":{\"@id\":\"https:\\\/\\\/kibrisdakik.com\\\/?p=78758\"},\"wordCount\":458,\"commentCount\":0,\"image\":{\"@id\":\"https:\\\/\\\/kibrisdakik.com\\\/?p=78758#primaryimage\"},\"thumbnailUrl\":\"https:\\\/\\\/kibrisdakik.com\\\/wp-content\\\/uploads\\\/2025\\\/03\\\/bs.jpg\",\"articleSection\":[\"K\u0131br\u0131s\",\"Man\u015fet\"],\"inLanguage\":\"tr\",\"potentialAction\":[{\"@type\":\"CommentAction\",\"name\":\"Comment\",\"target\":[\"https:\\\/\\\/kibrisdakik.com\\\/?p=78758#respond\"]}]},{\"@type\":\"WebPage\",\"@id\":\"https:\\\/\\\/kibrisdakik.com\\\/?p=78758\",\"url\":\"https:\\\/\\\/kibrisdakik.com\\\/?p=78758\",\"name\":\"BAY-SEN Ba\u015fkan\u0131 Sakall\u0131 ve Y\u00f6netim Kurulu \u00fcyeleri ziyaretler ger\u00e7ekle\u015ftirdi -\",\"isPartOf\":{\"@id\":\"https:\\\/\\\/kibrisdakik.com\\\/#website\"},\"primaryImageOfPage\":{\"@id\":\"https:\\\/\\\/kibrisdakik.com\\\/?p=78758#primaryimage\"},\"image\":{\"@id\":\"https:\\\/\\\/kibrisdakik.com\\\/?p=78758#primaryimage\"},\"thumbnailUrl\":\"https:\\\/\\\/kibrisdakik.com\\\/wp-content\\\/uploads\\\/2025\\\/03\\\/bs.jpg\",\"datePublished\":\"2025-03-25T16:28:37+00:00\",\"author\":{\"@id\":\"https:\\\/\\\/kibrisdakik.com\\\/#\\\/schema\\\/person\\\/9cd9d437bbb44f72b73ba127e06d8e79\"},\"breadcrumb\":{\"@id\":\"https:\\\/\\\/kibrisdakik.com\\\/?p=78758#breadcrumb\"},\"inLanguage\":\"tr\",\"potentialAction\":[{\"@type\":\"ReadAction\",\"target\":[\"https:\\\/\\\/kibrisdakik.com\\\/?p=78758\"]}]},{\"@type\":\"ImageObject\",\"inLanguage\":\"tr\",\"@id\":\"https:\\\/\\\/kibrisdakik.com\\\/?p=78758#primaryimage\",\"url\":\"https:\\\/\\\/kibrisdakik.com\\\/wp-content\\\/uploads\\\/2025\\\/03\\\/bs.jpg\",\"contentUrl\":\"https:\\\/\\\/kibrisdakik.com\\\/wp-content\\\/uploads\\\/2025\\\/03\\\/bs.jpg\",\"width\":620,\"height\":381},{\"@type\":\"BreadcrumbList\",\"@id\":\"https:\\\/\\\/kibrisdakik.com\\\/?p=78758#breadcrumb\",\"itemListElement\":[{\"@type\":\"ListItem\",\"position\":1,\"name\":\"Home\",\"item\":\"https:\\\/\\\/kibrisdakik.com\\\/\"},{\"@type\":\"ListItem\",\"position\":2,\"name\":\"BAY-SEN Ba\u015fkan\u0131 Sakall\u0131 ve Y\u00f6netim Kurulu \u00fcyeleri ziyaretler ger\u00e7ekle\u015ftirdi\"}]},{\"@type\":\"WebSite\",\"@id\":\"https:\\\/\\\/kibrisdakik.com\\\/#website\",\"url\":\"https:\\\/\\\/kibrisdakik.com\\\/\",\"name\":\"\",\"description\":\"Tam vaktinde haber\",\"potentialAction\":[{\"@type\":\"SearchAction\",\"target\":{\"@type\":\"EntryPoint\",\"urlTemplate\":\"https:\\\/\\\/kibrisdakik.com\\\/?s={search_term_string}\"},\"query-input\":{\"@type\":\"PropertyValueSpecification\",\"valueRequired\":true,\"valueName\":\"search_term_string\"}}],\"inLanguage\":\"tr\"},{\"@type\":\"Person\",\"@id\":\"https:\\\/\\\/kibrisdakik.com\\\/#\\\/schema\\\/person\\\/9cd9d437bbb44f72b73ba127e06d8e79\",\"name\":\"admin\",\"image\":{\"@type\":\"ImageObject\",\"inLanguage\":\"tr\",\"@id\":\"https:\\\/\\\/secure.gravatar.com\\\/avatar\\\/ccc17943b9d660506c869530f897617f7cb1c21a4bf30023f252596d83e1f007?s=96&d=mm&r=g\",\"url\":\"https:\\\/\\\/secure.gravatar.com\\\/avatar\\\/ccc17943b9d660506c869530f897617f7cb1c21a4bf30023f252596d83e1f007?s=96&d=mm&r=g\",\"contentUrl\":\"https:\\\/\\\/secure.gravatar.com\\\/avatar\\\/ccc17943b9d660506c869530f897617f7cb1c21a4bf30023f252596d83e1f007?s=96&d=mm&r=g\",\"caption\":\"admin\"},\"sameAs\":[\"https:\\\/\\\/kibrisdakik.com\"],\"url\":\"https:\\\/\\\/kibrisdakik.com\\\/?author=1\"}]}<\/script>\n<!-- \/ Yoast SEO plugin. -->","yoast_head_json":{"title":"BAY-SEN Ba\u015fkan\u0131 Sakall\u0131 ve Y\u00f6netim Kurulu \u00fcyeleri ziyaretler ger\u00e7ekle\u015ftirdi -","robots":{"index":"index","follow":"follow","max-snippet":"max-snippet:-1","max-image-preview":"max-image-preview:large","max-video-preview":"max-video-preview:-1"},"canonical":"https:\/\/kibrisdakik.com\/?p=78758","og_locale":"tr_TR","og_type":"article","og_title":"BAY-SEN Ba\u015fkan\u0131 Sakall\u0131 ve Y\u00f6netim Kurulu \u00fcyeleri ziyaretler ger\u00e7ekle\u015ftirdi -","og_description":"Bayrak Radyo Televizyon Kurumu \u00c7al\u0131\u015fanlar\u0131 Sendikas\u0131 (BAY-SEN) Ba\u015fkan\u0131 Salih Sakall\u0131 ve Y\u00f6netim Kurulu \u00fcyeleri nezaket ziyaretleri ger\u00e7ekle\u015ftiriyor\u2026 BAY-SEN heyeti bu \u00e7er\u00e7evede ilk olarak Cumhuriyet\u00e7i T\u00fcrk Partisi Genel Ba\u015fkan\u0131 Tufan Erh\u00fcrman\u2019\u0131 ziyaret etti. BAY-SEN Ba\u015fkan\u0131 Salih Sakall\u0131, ziyarette yapt\u0131\u011f\u0131 konu\u015fmada BRT\u2019de yeni bir yasa \u00e7al\u0131\u015fmas\u0131 yap\u0131ld\u0131\u011f\u0131na dikkati \u00e7ekerek yasa konusunda CTP Genel Ba\u015fkan\u0131 Tufan Erh\u00fcrman\u2019dan destek","og_url":"https:\/\/kibrisdakik.com\/?p=78758","article_published_time":"2025-03-25T16:28:37+00:00","og_image":[{"width":620,"height":381,"url":"https:\/\/kibrisdakik.com\/wp-content\/uploads\/2025\/03\/bs.jpg","type":"image\/jpeg"}],"author":"admin","twitter_card":"summary_large_image","twitter_misc":{"Yazan:":"admin","Tahmini okuma s\u00fcresi":"2 dakika"},"schema":{"@context":"https:\/\/schema.org","@graph":[{"@type":"Article","@id":"https:\/\/kibrisdakik.com\/?p=78758#article","isPartOf":{"@id":"https:\/\/kibrisdakik.com\/?p=78758"},"author":{"name":"admin","@id":"https:\/\/kibrisdakik.com\/#\/schema\/person\/9cd9d437bbb44f72b73ba127e06d8e79"},"headline":"BAY-SEN Ba\u015fkan\u0131 Sakall\u0131 ve Y\u00f6netim Kurulu \u00fcyeleri ziyaretler ger\u00e7ekle\u015ftirdi","datePublished":"2025-03-25T16:28:37+00:00","mainEntityOfPage":{"@id":"https:\/\/kibrisdakik.com\/?p=78758"},"wordCount":458,"commentCount":0,"image":{"@id":"https:\/\/kibrisdakik.com\/?p=78758#primaryimage"},"thumbnailUrl":"https:\/\/kibrisdakik.com\/wp-content\/uploads\/2025\/03\/bs.jpg","articleSection":["K\u0131br\u0131s","Man\u015fet"],"inLanguage":"tr","potentialAction":[{"@type":"CommentAction","name":"Comment","target":["https:\/\/kibrisdakik.com\/?p=78758#respond"]}]},{"@type":"WebPage","@id":"https:\/\/kibrisdakik.com\/?p=78758","url":"https:\/\/kibrisdakik.com\/?p=78758","name":"BAY-SEN Ba\u015fkan\u0131 Sakall\u0131 ve Y\u00f6netim Kurulu \u00fcyeleri ziyaretler ger\u00e7ekle\u015ftirdi -","isPartOf":{"@id":"https:\/\/kibrisdakik.com\/#website"},"primaryImageOfPage":{"@id":"https:\/\/kibrisdakik.com\/?p=78758#primaryimage"},"image":{"@id":"https:\/\/kibrisdakik.com\/?p=78758#primaryimage"},"thumbnailUrl":"https:\/\/kibrisdakik.com\/wp-content\/uploads\/2025\/03\/bs.jpg","datePublished":"2025-03-25T16:28:37+00:00","author":{"@id":"https:\/\/kibrisdakik.com\/#\/schema\/person\/9cd9d437bbb44f72b73ba127e06d8e79"},"breadcrumb":{"@id":"https:\/\/kibrisdakik.com\/?p=78758#breadcrumb"},"inLanguage":"tr","potentialAction":[{"@type":"ReadAction","target":["https:\/\/kibrisdakik.com\/?p=78758"]}]},{"@type":"ImageObject","inLanguage":"tr","@id":"https:\/\/kibrisdakik.com\/?p=78758#primaryimage","url":"https:\/\/kibrisdakik.com\/wp-content\/uploads\/2025\/03\/bs.jpg","contentUrl":"https:\/\/kibrisdakik.com\/wp-content\/uploads\/2025\/03\/bs.jpg","width":620,"height":381},{"@type":"BreadcrumbList","@id":"https:\/\/kibrisdakik.com\/?p=78758#breadcrumb","itemListElement":[{"@type":"ListItem","position":1,"name":"Home","item":"https:\/\/kibrisdakik.com\/"},{"@type":"ListItem","position":2,"name":"BAY-SEN Ba\u015fkan\u0131 Sakall\u0131 ve Y\u00f6netim Kurulu \u00fcyeleri ziyaretler ger\u00e7ekle\u015ftirdi"}]},{"@type":"WebSite","@id":"https:\/\/kibrisdakik.com\/#website","url":"https:\/\/kibrisdakik.com\/","name":"","description":"Tam vaktinde haber","potentialAction":[{"@type":"SearchAction","target":{"@type":"EntryPoint","urlTemplate":"https:\/\/kibrisdakik.com\/?s={search_term_string}"},"query-input":{"@type":"PropertyValueSpecification","valueRequired":true,"valueName":"search_term_string"}}],"inLanguage":"tr"},{"@type":"Person","@id":"https:\/\/kibrisdakik.com\/#\/schema\/person\/9cd9d437bbb44f72b73ba127e06d8e79","name":"admin","image":{"@type":"ImageObject","inLanguage":"tr","@id":"https:\/\/secure.gravatar.com\/avatar\/ccc17943b9d660506c869530f897617f7cb1c21a4bf30023f252596d83e1f007?s=96&d=mm&r=g","url":"https:\/\/secure.gravatar.com\/avatar\/ccc17943b9d660506c869530f897617f7cb1c21a4bf30023f252596d83e1f007?s=96&d=mm&r=g","contentUrl":"https:\/\/secure.gravatar.com\/avatar\/ccc17943b9d660506c869530f897617f7cb1c21a4bf30023f252596d83e1f007?s=96&d=mm&r=g","caption":"admin"},"sameAs":["https:\/\/kibrisdakik.com"],"url":"https:\/\/kibrisdakik.com\/?author=1"}]}},"_links":{"self":[{"href":"https:\/\/kibrisdakik.com\/index.php?rest_route=\/wp\/v2\/posts\/78758","targetHints":{"allow":["GET"]}}],"collection":[{"href":"https:\/\/kibrisdakik.com\/index.php?rest_route=\/wp\/v2\/posts"}],"about":[{"href":"https:\/\/kibrisdakik.com\/index.php?rest_route=\/wp\/v2\/types\/post"}],"author":[{"embeddable":true,"href":"https:\/\/kibrisdakik.com\/index.php?rest_route=\/wp\/v2\/users\/1"}],"replies":[{"embeddable":true,"href":"https:\/\/kibrisdakik.com\/index.php?rest_route=%2Fwp%2Fv2%2Fcomments&post=78758"}],"version-history":[{"count":0,"href":"https:\/\/kibrisdakik.com\/index.php?rest_route=\/wp\/v2\/posts\/78758\/revisions"}],"wp:featuredmedia":[{"embeddable":true,"href":"https:\/\/kibrisdakik.com\/index.php?rest_route=\/wp\/v2\/media\/78760"}],"wp:attachment":[{"href":"https:\/\/kibrisdakik.com\/index.php?rest_route=%2Fwp%2Fv2%2Fmedia&parent=78758"}],"wp:term":[{"taxonomy":"category","embeddable":true,"href":"https:\/\/kibrisdakik.com\/index.php?rest_route=%2Fwp%2Fv2%2Fcategories&post=78758"},{"taxonomy":"post_tag","embeddable":true,"href":"https:\/\/kibrisdakik.com\/index.php?rest_route=%2Fwp%2Fv2%2Ftags&post=78758"}],"curies":[{"name":"wp","href":"https:\/\/api.w.org\/{rel}","templated":true}]}}