{"id":78770,"date":"2025-03-25T23:02:04","date_gmt":"2025-03-25T20:02:04","guid":{"rendered":"https:\/\/kibrisdakik.com\/index.php\/2025\/03\/25\/disiplin-tuzugundeki-degisiklik-geri-cekildi\/"},"modified":"2025-03-25T23:02:04","modified_gmt":"2025-03-25T20:02:04","slug":"disiplin-tuzugundeki-degisiklik-geri-cekildi","status":"publish","type":"post","link":"https:\/\/kibrisdakik.com\/?p=78770","title":{"rendered":"Disiplin t\u00fcz\u00fc\u011f\u00fcndeki de\u011fi\u015fiklik geri \u00e7ekildi"},"content":{"rendered":"<div>\n<div class=\"mariselle-image-container center\">\n                                            <\/div>\n<p>\u00d6\u011fretmen sendikalar\u0131 ba\u015fta olmak \u00fczere toplumun bir\u00e7ok kesiminden tepki alan ve eylemlere neden olan \u201cOrtaokullar ile Orta\u00f6\u011fretim Kurumlan \u0130\u00e7inde ve D\u0131\u015f\u0131nda Uyulacak Kurallar ve Disiplin (De\u011fi\u015fiklik) T\u00fcz\u00fc\u011f\u00fc\u201d,  Bakanlar Kurulu karar\u0131yla geri \u00e7ekildi.<\/p>\n<p>Ba\u015fbakan \u00dcnal \u00dcstel\u2019in d\u00fcn Meclis\u2019te a\u00e7\u0131klad\u0131\u011f\u0131 karar, Resmi Gazete\u2019de yay\u0131mland\u0131.<\/p>\n<p>Ba\u015fbakan \u00dcstel bug\u00fcn \u00f6\u011fretmen sendikalar\u0131yla da g\u00f6r\u00fc\u015fm\u00fc\u015f ve sendika temsilcileri, t\u00fcz\u00fc\u011f\u00fcn geri \u00e7ekilece\u011fi s\u00f6z\u00fc ald\u0131klar\u0131n\u0131 a\u00e7\u0131klam\u0131\u015ft\u0131.<\/p>\n<p>Ortaokullar ile Orta\u00f6\u011fretim Kurumlar\u0131 \u0130\u00e7inde ve D\u0131\u015f\u0131nda Uyulacak Kurallar ve Disiplin T\u00fcz\u00fc\u011f\u00fc ile \u00f6\u011frenciler yeniden okul y\u00f6netiminin belirledi\u011fi k\u0131l\u0131k k\u0131yafete uymak zorunda olacak. <\/p>\n<p>Orta dereceli okul \u00f6\u011frencilerine bone \u00fczerine bandana takma hakk\u0131 veren de\u011fi\u015fiklik t\u00fcz\u00fc\u011f\u00fc, tart\u0131\u015fma yaratm\u0131\u015ft\u0131.<\/p>\n<\/p><\/div>\n<p><script async\n                    defer\n                    crossorigin=\"anonymous\"\n                    src=\"https:\/\/connect.facebook.net\/tr_TR\/sdk.js#xfbml=1&#038;version=v3.3\"\n            ><\/script><\/p>\n","protected":false},"excerpt":{"rendered":"<p>\u00d6\u011fretmen sendikalar\u0131 ba\u015fta olmak \u00fczere toplumun bir\u00e7ok kesiminden tepki alan ve eylemlere neden olan \u201cOrtaokullar ile Orta\u00f6\u011fretim Kurumlan \u0130\u00e7inde ve D\u0131\u015f\u0131nda Uyulacak Kurallar ve Disiplin (De\u011fi\u015fiklik) T\u00fcz\u00fc\u011f\u00fc\u201d, Bakanlar Kurulu karar\u0131yla geri \u00e7ekildi. Ba\u015fbakan \u00dcnal \u00dcstel\u2019in d\u00fcn Meclis\u2019te a\u00e7\u0131klad\u0131\u011f\u0131 karar, Resmi Gazete\u2019de yay\u0131mland\u0131. Ba\u015fbakan \u00dcstel bug\u00fcn \u00f6\u011fretmen sendikalar\u0131yla da g\u00f6r\u00fc\u015fm\u00fc\u015f ve sendika temsilcileri, t\u00fcz\u00fc\u011f\u00fcn geri \u00e7ekilece\u011fi<\/p>\n","protected":false},"author":1,"featured_media":78771,"comment_status":"open","ping_status":"open","sticky":false,"template":"","format":"standard","meta":{"footnotes":""},"categories":[81,101],"tags":[],"class_list":["post-78770","post","type-post","status-publish","format-standard","has-post-thumbnail","hentry","category-kibris","category-manset"],"yoast_head":"<!-- This site is optimized with the Yoast SEO plugin v27.4 - https:\/\/yoast.com\/product\/yoast-seo-wordpress\/ -->\n<title>Disiplin t\u00fcz\u00fc\u011f\u00fcndeki de\u011fi\u015fiklik geri \u00e7ekildi -<\/title>\n<meta name=\"robots\" content=\"index, follow, max-snippet:-1, max-image-preview:large, max-video-preview:-1\" \/>\n<link rel=\"canonical\" href=\"https:\/\/kibrisdakik.com\/?p=78770\" \/>\n<meta property=\"og:locale\" content=\"tr_TR\" \/>\n<meta property=\"og:type\" content=\"article\" \/>\n<meta property=\"og:title\" content=\"Disiplin t\u00fcz\u00fc\u011f\u00fcndeki de\u011fi\u015fiklik geri \u00e7ekildi -\" \/>\n<meta property=\"og:description\" content=\"\u00d6\u011fretmen sendikalar\u0131 ba\u015fta olmak \u00fczere toplumun bir\u00e7ok kesiminden tepki alan ve eylemlere neden olan \u201cOrtaokullar ile Orta\u00f6\u011fretim Kurumlan \u0130\u00e7inde ve D\u0131\u015f\u0131nda Uyulacak Kurallar ve Disiplin (De\u011fi\u015fiklik) T\u00fcz\u00fc\u011f\u00fc\u201d, Bakanlar Kurulu karar\u0131yla geri \u00e7ekildi. Ba\u015fbakan \u00dcnal \u00dcstel\u2019in d\u00fcn Meclis\u2019te a\u00e7\u0131klad\u0131\u011f\u0131 karar, Resmi Gazete\u2019de yay\u0131mland\u0131. Ba\u015fbakan \u00dcstel bug\u00fcn \u00f6\u011fretmen sendikalar\u0131yla da g\u00f6r\u00fc\u015fm\u00fc\u015f ve sendika temsilcileri, t\u00fcz\u00fc\u011f\u00fcn geri \u00e7ekilece\u011fi\" \/>\n<meta property=\"og:url\" content=\"https:\/\/kibrisdakik.com\/?p=78770\" \/>\n<meta property=\"article:published_time\" content=\"2025-03-25T20:02:04+00:00\" \/>\n<meta property=\"og:image\" content=\"https:\/\/kibrisdakik.com\/wp-content\/uploads\/2025\/03\/1742931780389RESMI-GAZETE-740x420.jpg\" \/>\n\t<meta property=\"og:image:width\" content=\"880\" \/>\n\t<meta property=\"og:image:height\" content=\"440\" \/>\n\t<meta property=\"og:image:type\" content=\"image\/jpeg\" \/>\n<meta name=\"author\" content=\"admin\" \/>\n<meta name=\"twitter:card\" content=\"summary_large_image\" \/>\n<meta name=\"twitter:label1\" content=\"Yazan:\" \/>\n\t<meta name=\"twitter:data1\" content=\"admin\" \/>\n\t<meta name=\"twitter:label2\" content=\"Tahmini okuma s\u00fcresi\" \/>\n\t<meta name=\"twitter:data2\" content=\"1 dakika\" \/>\n<script type=\"application\/ld+json\" class=\"yoast-schema-graph\">{\"@context\":\"https:\\\/\\\/schema.org\",\"@graph\":[{\"@type\":\"Article\",\"@id\":\"https:\\\/\\\/kibrisdakik.com\\\/?p=78770#article\",\"isPartOf\":{\"@id\":\"https:\\\/\\\/kibrisdakik.com\\\/?p=78770\"},\"author\":{\"name\":\"admin\",\"@id\":\"https:\\\/\\\/kibrisdakik.com\\\/#\\\/schema\\\/person\\\/9cd9d437bbb44f72b73ba127e06d8e79\"},\"headline\":\"Disiplin t\u00fcz\u00fc\u011f\u00fcndeki de\u011fi\u015fiklik geri \u00e7ekildi\",\"datePublished\":\"2025-03-25T20:02:04+00:00\",\"mainEntityOfPage\":{\"@id\":\"https:\\\/\\\/kibrisdakik.com\\\/?p=78770\"},\"wordCount\":145,\"commentCount\":0,\"image\":{\"@id\":\"https:\\\/\\\/kibrisdakik.com\\\/?p=78770#primaryimage\"},\"thumbnailUrl\":\"https:\\\/\\\/kibrisdakik.com\\\/wp-content\\\/uploads\\\/2025\\\/03\\\/1742931780389RESMI-GAZETE-740x420.jpg\",\"articleSection\":[\"K\u0131br\u0131s\",\"Man\u015fet\"],\"inLanguage\":\"tr\",\"potentialAction\":[{\"@type\":\"CommentAction\",\"name\":\"Comment\",\"target\":[\"https:\\\/\\\/kibrisdakik.com\\\/?p=78770#respond\"]}]},{\"@type\":\"WebPage\",\"@id\":\"https:\\\/\\\/kibrisdakik.com\\\/?p=78770\",\"url\":\"https:\\\/\\\/kibrisdakik.com\\\/?p=78770\",\"name\":\"Disiplin t\u00fcz\u00fc\u011f\u00fcndeki de\u011fi\u015fiklik geri \u00e7ekildi -\",\"isPartOf\":{\"@id\":\"https:\\\/\\\/kibrisdakik.com\\\/#website\"},\"primaryImageOfPage\":{\"@id\":\"https:\\\/\\\/kibrisdakik.com\\\/?p=78770#primaryimage\"},\"image\":{\"@id\":\"https:\\\/\\\/kibrisdakik.com\\\/?p=78770#primaryimage\"},\"thumbnailUrl\":\"https:\\\/\\\/kibrisdakik.com\\\/wp-content\\\/uploads\\\/2025\\\/03\\\/1742931780389RESMI-GAZETE-740x420.jpg\",\"datePublished\":\"2025-03-25T20:02:04+00:00\",\"author\":{\"@id\":\"https:\\\/\\\/kibrisdakik.com\\\/#\\\/schema\\\/person\\\/9cd9d437bbb44f72b73ba127e06d8e79\"},\"breadcrumb\":{\"@id\":\"https:\\\/\\\/kibrisdakik.com\\\/?p=78770#breadcrumb\"},\"inLanguage\":\"tr\",\"potentialAction\":[{\"@type\":\"ReadAction\",\"target\":[\"https:\\\/\\\/kibrisdakik.com\\\/?p=78770\"]}]},{\"@type\":\"ImageObject\",\"inLanguage\":\"tr\",\"@id\":\"https:\\\/\\\/kibrisdakik.com\\\/?p=78770#primaryimage\",\"url\":\"https:\\\/\\\/kibrisdakik.com\\\/wp-content\\\/uploads\\\/2025\\\/03\\\/1742931780389RESMI-GAZETE-740x420.jpg\",\"contentUrl\":\"https:\\\/\\\/kibrisdakik.com\\\/wp-content\\\/uploads\\\/2025\\\/03\\\/1742931780389RESMI-GAZETE-740x420.jpg\",\"width\":880,\"height\":440},{\"@type\":\"BreadcrumbList\",\"@id\":\"https:\\\/\\\/kibrisdakik.com\\\/?p=78770#breadcrumb\",\"itemListElement\":[{\"@type\":\"ListItem\",\"position\":1,\"name\":\"Home\",\"item\":\"https:\\\/\\\/kibrisdakik.com\\\/\"},{\"@type\":\"ListItem\",\"position\":2,\"name\":\"Disiplin t\u00fcz\u00fc\u011f\u00fcndeki de\u011fi\u015fiklik geri \u00e7ekildi\"}]},{\"@type\":\"WebSite\",\"@id\":\"https:\\\/\\\/kibrisdakik.com\\\/#website\",\"url\":\"https:\\\/\\\/kibrisdakik.com\\\/\",\"name\":\"\",\"description\":\"Tam vaktinde haber\",\"potentialAction\":[{\"@type\":\"SearchAction\",\"target\":{\"@type\":\"EntryPoint\",\"urlTemplate\":\"https:\\\/\\\/kibrisdakik.com\\\/?s={search_term_string}\"},\"query-input\":{\"@type\":\"PropertyValueSpecification\",\"valueRequired\":true,\"valueName\":\"search_term_string\"}}],\"inLanguage\":\"tr\"},{\"@type\":\"Person\",\"@id\":\"https:\\\/\\\/kibrisdakik.com\\\/#\\\/schema\\\/person\\\/9cd9d437bbb44f72b73ba127e06d8e79\",\"name\":\"admin\",\"image\":{\"@type\":\"ImageObject\",\"inLanguage\":\"tr\",\"@id\":\"https:\\\/\\\/secure.gravatar.com\\\/avatar\\\/ccc17943b9d660506c869530f897617f7cb1c21a4bf30023f252596d83e1f007?s=96&d=mm&r=g\",\"url\":\"https:\\\/\\\/secure.gravatar.com\\\/avatar\\\/ccc17943b9d660506c869530f897617f7cb1c21a4bf30023f252596d83e1f007?s=96&d=mm&r=g\",\"contentUrl\":\"https:\\\/\\\/secure.gravatar.com\\\/avatar\\\/ccc17943b9d660506c869530f897617f7cb1c21a4bf30023f252596d83e1f007?s=96&d=mm&r=g\",\"caption\":\"admin\"},\"sameAs\":[\"https:\\\/\\\/kibrisdakik.com\"],\"url\":\"https:\\\/\\\/kibrisdakik.com\\\/?author=1\"}]}<\/script>\n<!-- \/ Yoast SEO plugin. -->","yoast_head_json":{"title":"Disiplin t\u00fcz\u00fc\u011f\u00fcndeki de\u011fi\u015fiklik geri \u00e7ekildi -","robots":{"index":"index","follow":"follow","max-snippet":"max-snippet:-1","max-image-preview":"max-image-preview:large","max-video-preview":"max-video-preview:-1"},"canonical":"https:\/\/kibrisdakik.com\/?p=78770","og_locale":"tr_TR","og_type":"article","og_title":"Disiplin t\u00fcz\u00fc\u011f\u00fcndeki de\u011fi\u015fiklik geri \u00e7ekildi -","og_description":"\u00d6\u011fretmen sendikalar\u0131 ba\u015fta olmak \u00fczere toplumun bir\u00e7ok kesiminden tepki alan ve eylemlere neden olan \u201cOrtaokullar ile Orta\u00f6\u011fretim Kurumlan \u0130\u00e7inde ve D\u0131\u015f\u0131nda Uyulacak Kurallar ve Disiplin (De\u011fi\u015fiklik) T\u00fcz\u00fc\u011f\u00fc\u201d, Bakanlar Kurulu karar\u0131yla geri \u00e7ekildi. Ba\u015fbakan \u00dcnal \u00dcstel\u2019in d\u00fcn Meclis\u2019te a\u00e7\u0131klad\u0131\u011f\u0131 karar, Resmi Gazete\u2019de yay\u0131mland\u0131. Ba\u015fbakan \u00dcstel bug\u00fcn \u00f6\u011fretmen sendikalar\u0131yla da g\u00f6r\u00fc\u015fm\u00fc\u015f ve sendika temsilcileri, t\u00fcz\u00fc\u011f\u00fcn geri \u00e7ekilece\u011fi","og_url":"https:\/\/kibrisdakik.com\/?p=78770","article_published_time":"2025-03-25T20:02:04+00:00","og_image":[{"width":880,"height":440,"url":"https:\/\/kibrisdakik.com\/wp-content\/uploads\/2025\/03\/1742931780389RESMI-GAZETE-740x420.jpg","type":"image\/jpeg"}],"author":"admin","twitter_card":"summary_large_image","twitter_misc":{"Yazan:":"admin","Tahmini okuma s\u00fcresi":"1 dakika"},"schema":{"@context":"https:\/\/schema.org","@graph":[{"@type":"Article","@id":"https:\/\/kibrisdakik.com\/?p=78770#article","isPartOf":{"@id":"https:\/\/kibrisdakik.com\/?p=78770"},"author":{"name":"admin","@id":"https:\/\/kibrisdakik.com\/#\/schema\/person\/9cd9d437bbb44f72b73ba127e06d8e79"},"headline":"Disiplin t\u00fcz\u00fc\u011f\u00fcndeki de\u011fi\u015fiklik geri \u00e7ekildi","datePublished":"2025-03-25T20:02:04+00:00","mainEntityOfPage":{"@id":"https:\/\/kibrisdakik.com\/?p=78770"},"wordCount":145,"commentCount":0,"image":{"@id":"https:\/\/kibrisdakik.com\/?p=78770#primaryimage"},"thumbnailUrl":"https:\/\/kibrisdakik.com\/wp-content\/uploads\/2025\/03\/1742931780389RESMI-GAZETE-740x420.jpg","articleSection":["K\u0131br\u0131s","Man\u015fet"],"inLanguage":"tr","potentialAction":[{"@type":"CommentAction","name":"Comment","target":["https:\/\/kibrisdakik.com\/?p=78770#respond"]}]},{"@type":"WebPage","@id":"https:\/\/kibrisdakik.com\/?p=78770","url":"https:\/\/kibrisdakik.com\/?p=78770","name":"Disiplin t\u00fcz\u00fc\u011f\u00fcndeki de\u011fi\u015fiklik geri \u00e7ekildi -","isPartOf":{"@id":"https:\/\/kibrisdakik.com\/#website"},"primaryImageOfPage":{"@id":"https:\/\/kibrisdakik.com\/?p=78770#primaryimage"},"image":{"@id":"https:\/\/kibrisdakik.com\/?p=78770#primaryimage"},"thumbnailUrl":"https:\/\/kibrisdakik.com\/wp-content\/uploads\/2025\/03\/1742931780389RESMI-GAZETE-740x420.jpg","datePublished":"2025-03-25T20:02:04+00:00","author":{"@id":"https:\/\/kibrisdakik.com\/#\/schema\/person\/9cd9d437bbb44f72b73ba127e06d8e79"},"breadcrumb":{"@id":"https:\/\/kibrisdakik.com\/?p=78770#breadcrumb"},"inLanguage":"tr","potentialAction":[{"@type":"ReadAction","target":["https:\/\/kibrisdakik.com\/?p=78770"]}]},{"@type":"ImageObject","inLanguage":"tr","@id":"https:\/\/kibrisdakik.com\/?p=78770#primaryimage","url":"https:\/\/kibrisdakik.com\/wp-content\/uploads\/2025\/03\/1742931780389RESMI-GAZETE-740x420.jpg","contentUrl":"https:\/\/kibrisdakik.com\/wp-content\/uploads\/2025\/03\/1742931780389RESMI-GAZETE-740x420.jpg","width":880,"height":440},{"@type":"BreadcrumbList","@id":"https:\/\/kibrisdakik.com\/?p=78770#breadcrumb","itemListElement":[{"@type":"ListItem","position":1,"name":"Home","item":"https:\/\/kibrisdakik.com\/"},{"@type":"ListItem","position":2,"name":"Disiplin t\u00fcz\u00fc\u011f\u00fcndeki de\u011fi\u015fiklik geri \u00e7ekildi"}]},{"@type":"WebSite","@id":"https:\/\/kibrisdakik.com\/#website","url":"https:\/\/kibrisdakik.com\/","name":"","description":"Tam vaktinde haber","potentialAction":[{"@type":"SearchAction","target":{"@type":"EntryPoint","urlTemplate":"https:\/\/kibrisdakik.com\/?s={search_term_string}"},"query-input":{"@type":"PropertyValueSpecification","valueRequired":true,"valueName":"search_term_string"}}],"inLanguage":"tr"},{"@type":"Person","@id":"https:\/\/kibrisdakik.com\/#\/schema\/person\/9cd9d437bbb44f72b73ba127e06d8e79","name":"admin","image":{"@type":"ImageObject","inLanguage":"tr","@id":"https:\/\/secure.gravatar.com\/avatar\/ccc17943b9d660506c869530f897617f7cb1c21a4bf30023f252596d83e1f007?s=96&d=mm&r=g","url":"https:\/\/secure.gravatar.com\/avatar\/ccc17943b9d660506c869530f897617f7cb1c21a4bf30023f252596d83e1f007?s=96&d=mm&r=g","contentUrl":"https:\/\/secure.gravatar.com\/avatar\/ccc17943b9d660506c869530f897617f7cb1c21a4bf30023f252596d83e1f007?s=96&d=mm&r=g","caption":"admin"},"sameAs":["https:\/\/kibrisdakik.com"],"url":"https:\/\/kibrisdakik.com\/?author=1"}]}},"_links":{"self":[{"href":"https:\/\/kibrisdakik.com\/index.php?rest_route=\/wp\/v2\/posts\/78770","targetHints":{"allow":["GET"]}}],"collection":[{"href":"https:\/\/kibrisdakik.com\/index.php?rest_route=\/wp\/v2\/posts"}],"about":[{"href":"https:\/\/kibrisdakik.com\/index.php?rest_route=\/wp\/v2\/types\/post"}],"author":[{"embeddable":true,"href":"https:\/\/kibrisdakik.com\/index.php?rest_route=\/wp\/v2\/users\/1"}],"replies":[{"embeddable":true,"href":"https:\/\/kibrisdakik.com\/index.php?rest_route=%2Fwp%2Fv2%2Fcomments&post=78770"}],"version-history":[{"count":0,"href":"https:\/\/kibrisdakik.com\/index.php?rest_route=\/wp\/v2\/posts\/78770\/revisions"}],"wp:featuredmedia":[{"embeddable":true,"href":"https:\/\/kibrisdakik.com\/index.php?rest_route=\/wp\/v2\/media\/78771"}],"wp:attachment":[{"href":"https:\/\/kibrisdakik.com\/index.php?rest_route=%2Fwp%2Fv2%2Fmedia&parent=78770"}],"wp:term":[{"taxonomy":"category","embeddable":true,"href":"https:\/\/kibrisdakik.com\/index.php?rest_route=%2Fwp%2Fv2%2Fcategories&post=78770"},{"taxonomy":"post_tag","embeddable":true,"href":"https:\/\/kibrisdakik.com\/index.php?rest_route=%2Fwp%2Fv2%2Ftags&post=78770"}],"curies":[{"name":"wp","href":"https:\/\/api.w.org\/{rel}","templated":true}]}}