{"id":7879,"date":"2023-05-30T08:50:27","date_gmt":"2023-05-30T08:50:27","guid":{"rendered":"https:\/\/kibrisdakik.com\/index.php\/2023\/05\/30\/25-haziran-ara-secimi-icin-adaylar-yarin-ysk-ve-ilce-secim-kurullarina-basvuru-yapacak\/"},"modified":"2023-05-30T08:50:27","modified_gmt":"2023-05-30T08:50:27","slug":"25-haziran-ara-secimi-icin-adaylar-yarin-ysk-ve-ilce-secim-kurullarina-basvuru-yapacak","status":"publish","type":"post","link":"https:\/\/kibrisdakik.com\/?p=7879","title":{"rendered":"25 Haziran Ara Se\u00e7imi i\u00e7in adaylar yar\u0131n YSK ve il\u00e7e se\u00e7im kurullar\u0131na ba\u015fvuru yapacak"},"content":{"rendered":"<p><\/p>\n<div>\n<div class=\"mariselle-image-container center\">\n                <img width=\"1200\" height=\"627\" class=\"lazy-image\" alt=\"\" decoding=\"async\" loading=\"lazy\" sizes=\"auto, (max-width: 1200px) 100vw, 1200px\" src=\"https:\/\/brtk.net\/wp-content\/uploads\/2023\/04\/27\/ysk-logo-yeni-20184-1.jpg?ver=26ac3a6993f80091885e2181078f4031\" srcset=\"https:\/\/brtk.net\/wp-content\/uploads\/2023\/04\/27\/ysk-logo-yeni-20184-1.jpg?ver=26ac3a6993f80091885e2181078f4031 1200w, https:\/\/brtk.net\/wp-content\/uploads\/2023\/04\/27\/ysk-logo-yeni-20184-1-300x157.jpg?ver=26ac3a6993f80091885e2181078f4031 300w, https:\/\/brtk.net\/wp-content\/uploads\/2023\/04\/27\/ysk-logo-yeni-20184-1-1024x535.jpg?ver=26ac3a6993f80091885e2181078f4031 1024w, https:\/\/brtk.net\/wp-content\/uploads\/2023\/04\/27\/ysk-logo-yeni-20184-1-768x401.jpg?ver=26ac3a6993f80091885e2181078f4031 768w, https:\/\/brtk.net\/wp-content\/uploads\/2023\/04\/27\/ysk-logo-yeni-20184-1-736x384.jpg?ver=26ac3a6993f80091885e2181078f4031 736w\"\/>                            <\/div>\n<p>\u00a0<\/p>\n<p>\u00a0<\/p>\n<p><a href=\"https:\/\/brtk.net\/\">KKTC<\/a>\u2018de 25 Haziran\u2019da yap\u0131lacak \u201cMilletvekilli\u011fi ve Yerel Kurulu\u015f Organlar\u0131 Ara Se\u00e7imleri\u201d i\u00e7in Y\u00fcksek Se\u00e7im Kurulu\u2019nun (YSK) ilan etti\u011fi se\u00e7im takvimine g\u00f6re, yar\u0131n adaylar, Y\u00fcksek Se\u00e7im Kurulu (YSK) ve il\u00e7e se\u00e7im kurullar\u0131na ba\u015fvuru yapacak.<\/p>\n<p>Partilerden aday olacaklar YSK\u2019ya, ba\u011f\u0131ms\u0131z adaylar ise il\u00e7e se\u00e7im kurullar\u0131na mesai saatleri i\u00e7erisinde ba\u015fvuru yapabilecek.<\/p>\n<p>Meclis\u2019te bo\u015f olan bir milletvekilli\u011fi i\u00e7in yap\u0131lacak ara se\u00e7imde koalisyon h\u00fck\u00fcmeti ortaklar\u0131ndan Ulusal Birlik Partisi\u2019nin (<a href=\"https:\/\/brtk.net\/\">UBP<\/a>) Ali Ba\u015fman\u2019\u0131, Demokrat Parti\u2019nin (DP) Serhan Aktun\u00e7\u2019u, Yeniden Do\u011fu\u015f Partisi\u2019nin (YDP) de Figen Yaman Lesinger\u2019i aday g\u00f6sterece\u011fi a\u00e7\u0131klan\u0131rken, ana muhalefet Cumhuriyet\u00e7i T\u00fcrk Partisi\u2019nin (<a href=\"https:\/\/brtk.net\/\">CTP<\/a>) aday\u0131 Sami \u00d6zuslu olarak duyurulmu\u015ftu.<\/p>\n<p>Meclis d\u0131\u015f\u0131 partilerden Toplumcu Demokrasi Partisi (TDP) Tacan Reynar\u2019\u0131, Ba\u011f\u0131ms\u0131zl\u0131k Yolu (BY) da Umut Ersoy\u2019u aday olarak duyururken, Abdullah Korkmazhan, Meri\u00e7 Er\u00fclk\u00fc, \u00c7etin Sadeli ve Talip Sancar se\u00e7ime ba\u011f\u0131ms\u0131z aday olarak kat\u0131lacaklar\u0131n\u0131 kamuoyuna a\u00e7\u0131klam\u0131\u015ft\u0131.<\/p>\n<p><strong>\u2013 Partili adaylar\u0131n ba\u015fvuru saatleri<\/strong><\/p>\n<p>Bu \u00e7er\u00e7evede YSK\u2019ya Meclis\u2019te yer alan partilerden <a href=\"https:\/\/brtk.net\/\">CTP<\/a>\u2019nin aday\u0131 \u00d6zuslu saat 10.00\u2019da, <a href=\"https:\/\/brtk.net\/\">UBP<\/a>\u2019nin aday\u0131 Ba\u015fman saat 10.30\u2019da, DP\u2019nin Aday\u0131 Aktun\u00e7 saat 11.00\u2019de, YDP\u2019nin aday\u0131 Lesinger ise saat 12.00\u2019de ba\u015fvuru yapacak.<\/p>\n<p>Meclis d\u0131\u015f\u0131 partilerden TDP\u2019nin aday\u0131 Reynar saat 11.30\u2019da, BY\u2019nin aday\u0131 Ersoy\u2019da saat 13.00\u2019te ba\u015fvurular\u0131n\u0131 ger\u00e7ekle\u015ftirecek.<\/p>\n<p>Ulusal Birlik Partisi, ba\u015fvuru \u00f6ncesinde saat 10.00\u2019da Lefko\u015fa Atat\u00fcrk B\u00fcst\u00fc\u2019ne de \u00e7elenk koyacak.<\/p>\n<p>Cumhuriyet\u00e7i T\u00fcrk Partisi\u2019nde ise partililer saat 09.30\u2019da parti binas\u0131nda bir araya gelip, YSK\u2019ya y\u00fcr\u00fcyecek.<\/p>\n<p>50 sandalyeli Cumhuriyet Meclisi\u2019nde Halk\u0131n Partisi Genel Ba\u015fkan\u0131, Lefko\u015fa Milletvekili Kudret \u00d6zersay\u2019\u0131n ge\u00e7en y\u0131l haziran ay\u0131nda milletvekilli\u011finden istifas\u0131yla bo\u015falan 1 Lefko\u015fa milletvekilli\u011fi i\u00e7in ara se\u00e7imin yap\u0131laca\u011f\u0131 25 Haziran\u2019da, \u00e7e\u015fitli nedenlerle bo\u015falan 1 muhtarl\u0131k ve 5 il\u00e7ede toplam 50 ihtiyar heyeti \u00fcyeli\u011fi i\u00e7in de yerel ara se\u00e7ime gidilecek.<\/p>\n<p><a href=\"https:\/\/brtk.net\/\">KKTC<\/a>\u2018deki se\u00e7im mevzuat\u0131na g\u00f6re muhtar ve ihtiyar heyeti \u00fcyeleri sadece ba\u011f\u0131ms\u0131z olarak se\u00e7ime kat\u0131labiliyor.<\/p>\n<p><strong>\u2013 Adaylar\u0131n ge\u00e7ici ilan\u0131 per\u015fembe g\u00fcn\u00fc yap\u0131lacak <\/strong><\/p>\n<p>Yar\u0131nki ba\u015fvurular\u0131n ard\u0131ndan adaylar Y\u00fcksek Se\u00e7im Kurulu ve il\u00e7e se\u00e7im kurullar\u0131 taraf\u0131ndan per\u015fembe g\u00fcn\u00fc ge\u00e7ici olarak il\u00e2n edilecek. Sand\u0131k se\u00e7men listeleri ise cumartesi g\u00fcn\u00fc ask\u0131ya al\u0131nacak. Sand\u0131k se\u00e7men listeleri ask\u0131ya al\u0131nd\u0131\u011f\u0131 g\u00fcnden itibaren 4 g\u00fcn ask\u0131da kalacak. Adaylar, pazar g\u00fcn\u00fc kesinle\u015fecek ve kesinle\u015fen adaylar Y\u00fcksek Se\u00e7im Kurulu ve \u0130l\u00e7e Se\u00e7im Kurullar\u0131 taraf\u0131ndan ilan edilecek.<\/p>\n<p>\u2013 Se\u00e7im propagandas\u0131 5 Haziran Pazartesi g\u00fcn\u00fc ba\u015flayacak<\/p>\n<p>Siyasal partiler ve ba\u011f\u0131ms\u0131z adaylar\u0131n t\u00fcm se\u00e7im s\u00fcrecinde kullanacaklar\u0131 s\u0131ran\u0131n belirlenmesi i\u00e7in Y\u00fcksek Se\u00e7im Kurulu\u2019ndaki ad \u00e7ekme 5 Haziran\u2019da yap\u0131lacak. Se\u00e7im propagandas\u0131 da 5 Haziran\u2019da ba\u015flayacak.<\/p>\n<p>Siyasal partilerin <a href=\"https:\/\/brtk.net\/\">BRT<\/a>\u2019de propaganda yapmak i\u00e7in Y\u00fcksek Se\u00e7im Kurulu\u2019na dilek\u00e7e vermelerinin son g\u00fcn\u00fc ise 6 Haziran.<\/p>\n<p>Se\u00e7imlerle ilgili kamuoyu yoklama ve ara\u015ft\u0131rmalar\u0131 en son 10 Haziran\u2019da yay\u0131mlanabilecek. Sand\u0131k se\u00e7men listeleri 13 Haziran\u2019da tamamlanacak. Se\u00e7men kartlar\u0131n\u0131n da\u011f\u0131t\u0131lmas\u0131n\u0131n son g\u00fcn\u00fc ise 22 Haziran.<\/p>\n<p>-Se\u00e7menler 25 Haziran\u2019da sand\u0131k ba\u015f\u0131na gidecek<\/p>\n<p>Se\u00e7im propagandas\u0131 24 Haziran\u2019da sona erecek. Se\u00e7menler, 25 Haziran\u2019da sand\u0131k ba\u015f\u0131na gidecek.<\/p>\n<p>\u00a0<\/p>\n<\/p><\/div>\n<p><script async\n                    defer\n                    crossorigin=\"anonymous\"\n                    src=\"https:\/\/connect.facebook.net\/tr_TR\/sdk.js#xfbml=1&#038;version=v3.3\"\n            ><\/script><\/p>\n","protected":false},"excerpt":{"rendered":"<p>\u00a0 \u00a0 KKTC\u2018de 25 Haziran\u2019da yap\u0131lacak \u201cMilletvekilli\u011fi ve Yerel Kurulu\u015f Organlar\u0131 Ara Se\u00e7imleri\u201d i\u00e7in Y\u00fcksek Se\u00e7im Kurulu\u2019nun (YSK) ilan etti\u011fi se\u00e7im takvimine g\u00f6re, yar\u0131n adaylar, Y\u00fcksek Se\u00e7im Kurulu (YSK) ve il\u00e7e se\u00e7im kurullar\u0131na ba\u015fvuru yapacak. Partilerden aday olacaklar YSK\u2019ya, ba\u011f\u0131ms\u0131z adaylar ise il\u00e7e se\u00e7im kurullar\u0131na mesai saatleri i\u00e7erisinde ba\u015fvuru yapabilecek. Meclis\u2019te bo\u015f olan bir milletvekilli\u011fi<\/p>\n","protected":false},"author":1,"featured_media":7681,"comment_status":"open","ping_status":"open","sticky":false,"template":"","format":"standard","meta":{"footnotes":""},"categories":[1],"tags":[],"class_list":["post-7879","post","type-post","status-publish","format-standard","has-post-thumbnail","hentry","category-gundem"],"yoast_head":"<!-- This site is optimized with the Yoast SEO plugin v27.5 - https:\/\/yoast.com\/product\/yoast-seo-wordpress\/ -->\n<title>25 Haziran Ara Se\u00e7imi i\u00e7in adaylar yar\u0131n YSK ve il\u00e7e se\u00e7im kurullar\u0131na ba\u015fvuru yapacak -<\/title>\n<meta name=\"robots\" content=\"index, follow, max-snippet:-1, max-image-preview:large, max-video-preview:-1\" \/>\n<link rel=\"canonical\" href=\"https:\/\/kibrisdakik.com\/?p=7879\" \/>\n<meta property=\"og:locale\" content=\"tr_TR\" \/>\n<meta property=\"og:type\" content=\"article\" \/>\n<meta property=\"og:title\" content=\"25 Haziran Ara Se\u00e7imi i\u00e7in adaylar yar\u0131n YSK ve il\u00e7e se\u00e7im kurullar\u0131na ba\u015fvuru yapacak -\" \/>\n<meta property=\"og:description\" content=\"\u00a0 \u00a0 KKTC\u2018de 25 Haziran\u2019da yap\u0131lacak \u201cMilletvekilli\u011fi ve Yerel Kurulu\u015f Organlar\u0131 Ara Se\u00e7imleri\u201d i\u00e7in Y\u00fcksek Se\u00e7im Kurulu\u2019nun (YSK) ilan etti\u011fi se\u00e7im takvimine g\u00f6re, yar\u0131n adaylar, Y\u00fcksek Se\u00e7im Kurulu (YSK) ve il\u00e7e se\u00e7im kurullar\u0131na ba\u015fvuru yapacak. Partilerden aday olacaklar YSK\u2019ya, ba\u011f\u0131ms\u0131z adaylar ise il\u00e7e se\u00e7im kurullar\u0131na mesai saatleri i\u00e7erisinde ba\u015fvuru yapabilecek. Meclis\u2019te bo\u015f olan bir milletvekilli\u011fi\" \/>\n<meta property=\"og:url\" content=\"https:\/\/kibrisdakik.com\/?p=7879\" \/>\n<meta property=\"article:published_time\" content=\"2023-05-30T08:50:27+00:00\" \/>\n<meta property=\"og:image\" content=\"https:\/\/kibrisdakik.com\/wp-content\/uploads\/2023\/05\/YSk-66.jpg\" \/>\n\t<meta property=\"og:image:width\" content=\"450\" \/>\n\t<meta property=\"og:image:height\" content=\"253\" \/>\n\t<meta property=\"og:image:type\" content=\"image\/jpeg\" \/>\n<meta name=\"author\" content=\"admin\" \/>\n<meta name=\"twitter:card\" content=\"summary_large_image\" \/>\n<meta name=\"twitter:label1\" content=\"Yazan:\" \/>\n\t<meta name=\"twitter:data1\" content=\"admin\" \/>\n\t<meta name=\"twitter:label2\" content=\"Tahmini okuma s\u00fcresi\" \/>\n\t<meta name=\"twitter:data2\" content=\"3 dakika\" \/>\n<script type=\"application\/ld+json\" class=\"yoast-schema-graph\">{\"@context\":\"https:\\\/\\\/schema.org\",\"@graph\":[{\"@type\":\"Article\",\"@id\":\"https:\\\/\\\/kibrisdakik.com\\\/?p=7879#article\",\"isPartOf\":{\"@id\":\"https:\\\/\\\/kibrisdakik.com\\\/?p=7879\"},\"author\":{\"name\":\"admin\",\"@id\":\"https:\\\/\\\/kibrisdakik.com\\\/#\\\/schema\\\/person\\\/9cd9d437bbb44f72b73ba127e06d8e79\"},\"headline\":\"25 Haziran Ara Se\u00e7imi i\u00e7in adaylar yar\u0131n YSK ve il\u00e7e se\u00e7im kurullar\u0131na ba\u015fvuru yapacak\",\"datePublished\":\"2023-05-30T08:50:27+00:00\",\"mainEntityOfPage\":{\"@id\":\"https:\\\/\\\/kibrisdakik.com\\\/?p=7879\"},\"wordCount\":633,\"commentCount\":0,\"image\":{\"@id\":\"https:\\\/\\\/kibrisdakik.com\\\/?p=7879#primaryimage\"},\"thumbnailUrl\":\"https:\\\/\\\/kibrisdakik.com\\\/wp-content\\\/uploads\\\/2023\\\/05\\\/YSk-66.jpg\",\"articleSection\":[\"G\u00fcndem\"],\"inLanguage\":\"tr\",\"potentialAction\":[{\"@type\":\"CommentAction\",\"name\":\"Comment\",\"target\":[\"https:\\\/\\\/kibrisdakik.com\\\/?p=7879#respond\"]}]},{\"@type\":\"WebPage\",\"@id\":\"https:\\\/\\\/kibrisdakik.com\\\/?p=7879\",\"url\":\"https:\\\/\\\/kibrisdakik.com\\\/?p=7879\",\"name\":\"25 Haziran Ara Se\u00e7imi i\u00e7in adaylar yar\u0131n YSK ve il\u00e7e se\u00e7im kurullar\u0131na ba\u015fvuru yapacak -\",\"isPartOf\":{\"@id\":\"https:\\\/\\\/kibrisdakik.com\\\/#website\"},\"primaryImageOfPage\":{\"@id\":\"https:\\\/\\\/kibrisdakik.com\\\/?p=7879#primaryimage\"},\"image\":{\"@id\":\"https:\\\/\\\/kibrisdakik.com\\\/?p=7879#primaryimage\"},\"thumbnailUrl\":\"https:\\\/\\\/kibrisdakik.com\\\/wp-content\\\/uploads\\\/2023\\\/05\\\/YSk-66.jpg\",\"datePublished\":\"2023-05-30T08:50:27+00:00\",\"author\":{\"@id\":\"https:\\\/\\\/kibrisdakik.com\\\/#\\\/schema\\\/person\\\/9cd9d437bbb44f72b73ba127e06d8e79\"},\"breadcrumb\":{\"@id\":\"https:\\\/\\\/kibrisdakik.com\\\/?p=7879#breadcrumb\"},\"inLanguage\":\"tr\",\"potentialAction\":[{\"@type\":\"ReadAction\",\"target\":[\"https:\\\/\\\/kibrisdakik.com\\\/?p=7879\"]}]},{\"@type\":\"ImageObject\",\"inLanguage\":\"tr\",\"@id\":\"https:\\\/\\\/kibrisdakik.com\\\/?p=7879#primaryimage\",\"url\":\"https:\\\/\\\/kibrisdakik.com\\\/wp-content\\\/uploads\\\/2023\\\/05\\\/YSk-66.jpg\",\"contentUrl\":\"https:\\\/\\\/kibrisdakik.com\\\/wp-content\\\/uploads\\\/2023\\\/05\\\/YSk-66.jpg\",\"width\":450,\"height\":253},{\"@type\":\"BreadcrumbList\",\"@id\":\"https:\\\/\\\/kibrisdakik.com\\\/?p=7879#breadcrumb\",\"itemListElement\":[{\"@type\":\"ListItem\",\"position\":1,\"name\":\"Home\",\"item\":\"https:\\\/\\\/kibrisdakik.com\\\/\"},{\"@type\":\"ListItem\",\"position\":2,\"name\":\"25 Haziran Ara Se\u00e7imi i\u00e7in adaylar yar\u0131n YSK ve il\u00e7e se\u00e7im kurullar\u0131na ba\u015fvuru yapacak\"}]},{\"@type\":\"WebSite\",\"@id\":\"https:\\\/\\\/kibrisdakik.com\\\/#website\",\"url\":\"https:\\\/\\\/kibrisdakik.com\\\/\",\"name\":\"\",\"description\":\"Tam vaktinde haber\",\"potentialAction\":[{\"@type\":\"SearchAction\",\"target\":{\"@type\":\"EntryPoint\",\"urlTemplate\":\"https:\\\/\\\/kibrisdakik.com\\\/?s={search_term_string}\"},\"query-input\":{\"@type\":\"PropertyValueSpecification\",\"valueRequired\":true,\"valueName\":\"search_term_string\"}}],\"inLanguage\":\"tr\"},{\"@type\":\"Person\",\"@id\":\"https:\\\/\\\/kibrisdakik.com\\\/#\\\/schema\\\/person\\\/9cd9d437bbb44f72b73ba127e06d8e79\",\"name\":\"admin\",\"image\":{\"@type\":\"ImageObject\",\"inLanguage\":\"tr\",\"@id\":\"https:\\\/\\\/secure.gravatar.com\\\/avatar\\\/ccc17943b9d660506c869530f897617f7cb1c21a4bf30023f252596d83e1f007?s=96&d=mm&r=g\",\"url\":\"https:\\\/\\\/secure.gravatar.com\\\/avatar\\\/ccc17943b9d660506c869530f897617f7cb1c21a4bf30023f252596d83e1f007?s=96&d=mm&r=g\",\"contentUrl\":\"https:\\\/\\\/secure.gravatar.com\\\/avatar\\\/ccc17943b9d660506c869530f897617f7cb1c21a4bf30023f252596d83e1f007?s=96&d=mm&r=g\",\"caption\":\"admin\"},\"sameAs\":[\"https:\\\/\\\/kibrisdakik.com\"],\"url\":\"https:\\\/\\\/kibrisdakik.com\\\/?author=1\"}]}<\/script>\n<!-- \/ Yoast SEO plugin. -->","yoast_head_json":{"title":"25 Haziran Ara Se\u00e7imi i\u00e7in adaylar yar\u0131n YSK ve il\u00e7e se\u00e7im kurullar\u0131na ba\u015fvuru yapacak -","robots":{"index":"index","follow":"follow","max-snippet":"max-snippet:-1","max-image-preview":"max-image-preview:large","max-video-preview":"max-video-preview:-1"},"canonical":"https:\/\/kibrisdakik.com\/?p=7879","og_locale":"tr_TR","og_type":"article","og_title":"25 Haziran Ara Se\u00e7imi i\u00e7in adaylar yar\u0131n YSK ve il\u00e7e se\u00e7im kurullar\u0131na ba\u015fvuru yapacak -","og_description":"\u00a0 \u00a0 KKTC\u2018de 25 Haziran\u2019da yap\u0131lacak \u201cMilletvekilli\u011fi ve Yerel Kurulu\u015f Organlar\u0131 Ara Se\u00e7imleri\u201d i\u00e7in Y\u00fcksek Se\u00e7im Kurulu\u2019nun (YSK) ilan etti\u011fi se\u00e7im takvimine g\u00f6re, yar\u0131n adaylar, Y\u00fcksek Se\u00e7im Kurulu (YSK) ve il\u00e7e se\u00e7im kurullar\u0131na ba\u015fvuru yapacak. Partilerden aday olacaklar YSK\u2019ya, ba\u011f\u0131ms\u0131z adaylar ise il\u00e7e se\u00e7im kurullar\u0131na mesai saatleri i\u00e7erisinde ba\u015fvuru yapabilecek. Meclis\u2019te bo\u015f olan bir milletvekilli\u011fi","og_url":"https:\/\/kibrisdakik.com\/?p=7879","article_published_time":"2023-05-30T08:50:27+00:00","og_image":[{"width":450,"height":253,"url":"https:\/\/kibrisdakik.com\/wp-content\/uploads\/2023\/05\/YSk-66.jpg","type":"image\/jpeg"}],"author":"admin","twitter_card":"summary_large_image","twitter_misc":{"Yazan:":"admin","Tahmini okuma s\u00fcresi":"3 dakika"},"schema":{"@context":"https:\/\/schema.org","@graph":[{"@type":"Article","@id":"https:\/\/kibrisdakik.com\/?p=7879#article","isPartOf":{"@id":"https:\/\/kibrisdakik.com\/?p=7879"},"author":{"name":"admin","@id":"https:\/\/kibrisdakik.com\/#\/schema\/person\/9cd9d437bbb44f72b73ba127e06d8e79"},"headline":"25 Haziran Ara Se\u00e7imi i\u00e7in adaylar yar\u0131n YSK ve il\u00e7e se\u00e7im kurullar\u0131na ba\u015fvuru yapacak","datePublished":"2023-05-30T08:50:27+00:00","mainEntityOfPage":{"@id":"https:\/\/kibrisdakik.com\/?p=7879"},"wordCount":633,"commentCount":0,"image":{"@id":"https:\/\/kibrisdakik.com\/?p=7879#primaryimage"},"thumbnailUrl":"https:\/\/kibrisdakik.com\/wp-content\/uploads\/2023\/05\/YSk-66.jpg","articleSection":["G\u00fcndem"],"inLanguage":"tr","potentialAction":[{"@type":"CommentAction","name":"Comment","target":["https:\/\/kibrisdakik.com\/?p=7879#respond"]}]},{"@type":"WebPage","@id":"https:\/\/kibrisdakik.com\/?p=7879","url":"https:\/\/kibrisdakik.com\/?p=7879","name":"25 Haziran Ara Se\u00e7imi i\u00e7in adaylar yar\u0131n YSK ve il\u00e7e se\u00e7im kurullar\u0131na ba\u015fvuru yapacak -","isPartOf":{"@id":"https:\/\/kibrisdakik.com\/#website"},"primaryImageOfPage":{"@id":"https:\/\/kibrisdakik.com\/?p=7879#primaryimage"},"image":{"@id":"https:\/\/kibrisdakik.com\/?p=7879#primaryimage"},"thumbnailUrl":"https:\/\/kibrisdakik.com\/wp-content\/uploads\/2023\/05\/YSk-66.jpg","datePublished":"2023-05-30T08:50:27+00:00","author":{"@id":"https:\/\/kibrisdakik.com\/#\/schema\/person\/9cd9d437bbb44f72b73ba127e06d8e79"},"breadcrumb":{"@id":"https:\/\/kibrisdakik.com\/?p=7879#breadcrumb"},"inLanguage":"tr","potentialAction":[{"@type":"ReadAction","target":["https:\/\/kibrisdakik.com\/?p=7879"]}]},{"@type":"ImageObject","inLanguage":"tr","@id":"https:\/\/kibrisdakik.com\/?p=7879#primaryimage","url":"https:\/\/kibrisdakik.com\/wp-content\/uploads\/2023\/05\/YSk-66.jpg","contentUrl":"https:\/\/kibrisdakik.com\/wp-content\/uploads\/2023\/05\/YSk-66.jpg","width":450,"height":253},{"@type":"BreadcrumbList","@id":"https:\/\/kibrisdakik.com\/?p=7879#breadcrumb","itemListElement":[{"@type":"ListItem","position":1,"name":"Home","item":"https:\/\/kibrisdakik.com\/"},{"@type":"ListItem","position":2,"name":"25 Haziran Ara Se\u00e7imi i\u00e7in adaylar yar\u0131n YSK ve il\u00e7e se\u00e7im kurullar\u0131na ba\u015fvuru yapacak"}]},{"@type":"WebSite","@id":"https:\/\/kibrisdakik.com\/#website","url":"https:\/\/kibrisdakik.com\/","name":"","description":"Tam vaktinde haber","potentialAction":[{"@type":"SearchAction","target":{"@type":"EntryPoint","urlTemplate":"https:\/\/kibrisdakik.com\/?s={search_term_string}"},"query-input":{"@type":"PropertyValueSpecification","valueRequired":true,"valueName":"search_term_string"}}],"inLanguage":"tr"},{"@type":"Person","@id":"https:\/\/kibrisdakik.com\/#\/schema\/person\/9cd9d437bbb44f72b73ba127e06d8e79","name":"admin","image":{"@type":"ImageObject","inLanguage":"tr","@id":"https:\/\/secure.gravatar.com\/avatar\/ccc17943b9d660506c869530f897617f7cb1c21a4bf30023f252596d83e1f007?s=96&d=mm&r=g","url":"https:\/\/secure.gravatar.com\/avatar\/ccc17943b9d660506c869530f897617f7cb1c21a4bf30023f252596d83e1f007?s=96&d=mm&r=g","contentUrl":"https:\/\/secure.gravatar.com\/avatar\/ccc17943b9d660506c869530f897617f7cb1c21a4bf30023f252596d83e1f007?s=96&d=mm&r=g","caption":"admin"},"sameAs":["https:\/\/kibrisdakik.com"],"url":"https:\/\/kibrisdakik.com\/?author=1"}]}},"_links":{"self":[{"href":"https:\/\/kibrisdakik.com\/index.php?rest_route=\/wp\/v2\/posts\/7879","targetHints":{"allow":["GET"]}}],"collection":[{"href":"https:\/\/kibrisdakik.com\/index.php?rest_route=\/wp\/v2\/posts"}],"about":[{"href":"https:\/\/kibrisdakik.com\/index.php?rest_route=\/wp\/v2\/types\/post"}],"author":[{"embeddable":true,"href":"https:\/\/kibrisdakik.com\/index.php?rest_route=\/wp\/v2\/users\/1"}],"replies":[{"embeddable":true,"href":"https:\/\/kibrisdakik.com\/index.php?rest_route=%2Fwp%2Fv2%2Fcomments&post=7879"}],"version-history":[{"count":0,"href":"https:\/\/kibrisdakik.com\/index.php?rest_route=\/wp\/v2\/posts\/7879\/revisions"}],"wp:featuredmedia":[{"embeddable":true,"href":"https:\/\/kibrisdakik.com\/index.php?rest_route=\/wp\/v2\/media\/7681"}],"wp:attachment":[{"href":"https:\/\/kibrisdakik.com\/index.php?rest_route=%2Fwp%2Fv2%2Fmedia&parent=7879"}],"wp:term":[{"taxonomy":"category","embeddable":true,"href":"https:\/\/kibrisdakik.com\/index.php?rest_route=%2Fwp%2Fv2%2Fcategories&post=7879"},{"taxonomy":"post_tag","embeddable":true,"href":"https:\/\/kibrisdakik.com\/index.php?rest_route=%2Fwp%2Fv2%2Ftags&post=7879"}],"curies":[{"name":"wp","href":"https:\/\/api.w.org\/{rel}","templated":true}]}}