{"id":7884,"date":"2023-05-30T10:52:21","date_gmt":"2023-05-30T10:52:21","guid":{"rendered":"https:\/\/kibrisdakik.com\/index.php\/2023\/05\/30\/cavusoglu-yasa-ogretmeni-itibarsizlastiran-bir-anlayisla-hazirlanmadi\/"},"modified":"2023-05-30T10:52:21","modified_gmt":"2023-05-30T10:52:21","slug":"cavusoglu-yasa-ogretmeni-itibarsizlastiran-bir-anlayisla-hazirlanmadi","status":"publish","type":"post","link":"https:\/\/kibrisdakik.com\/?p=7884","title":{"rendered":"\u00c7avu\u015fo\u011flu: Yasa, \u00f6\u011fretmeni itibars\u0131zla\u015ft\u0131ran bir anlay\u0131\u015fla haz\u0131rlanmad\u0131"},"content":{"rendered":"<p><\/p>\n<div>\n<div class=\"mariselle-image-container center\">\n                <img width=\"1592\" height=\"1144\" class=\"lazy-image\" alt=\"\" decoding=\"async\" loading=\"lazy\" sizes=\"auto, (max-width: 1592px) 100vw, 1592px\" src=\"https:\/\/brtk.net\/wp-content\/uploads\/2023\/05\/10\/nazim-cavusoglu63.jpg?ver=7e212e6c2e2660604d1570b423655ea8\" srcset=\"https:\/\/brtk.net\/wp-content\/uploads\/2023\/05\/10\/nazim-cavusoglu63.jpg?ver=7e212e6c2e2660604d1570b423655ea8 1592w, https:\/\/brtk.net\/wp-content\/uploads\/2023\/05\/10\/nazim-cavusoglu63-300x216.jpg?ver=7e212e6c2e2660604d1570b423655ea8 300w, https:\/\/brtk.net\/wp-content\/uploads\/2023\/05\/10\/nazim-cavusoglu63-1024x736.jpg?ver=7e212e6c2e2660604d1570b423655ea8 1024w, https:\/\/brtk.net\/wp-content\/uploads\/2023\/05\/10\/nazim-cavusoglu63-768x552.jpg?ver=7ff3dfef0801358fe3bc997e46d1f34c 768w, https:\/\/brtk.net\/wp-content\/uploads\/2023\/05\/10\/nazim-cavusoglu63-1536x1104.jpg?ver=7ff3dfef0801358fe3bc997e46d1f34c 1536w\"\/>                            <\/div>\n<p>Milli E\u011fitim Bakan\u0131 Naz\u0131m \u00c7avu\u015fo\u011flu, \u00d6\u011fretmenler De\u011fi\u015fiklik Yasas\u0131\u2019n\u0131n Meclis Genel Kurulu\u2019nda kabul edilmesinin ard\u0131ndan a\u00e7\u0131klama yapt\u0131.<br \/>Yasan\u0131n olgunla\u015fmas\u0131 ve Meclis\u2019te g\u00f6r\u00fc\u015f\u00fclerek kabul edilmesi s\u00fcreciyle ilgili s\u00fcreci anlatan \u00c7avu\u015fo\u011flu, 2022 y\u0131l\u0131n\u0131n Temmuz ay\u0131nda ba\u015flad\u0131klar\u0131 \u00e7al\u0131\u015fmalar\u0131n neticeye ula\u015ft\u0131\u011f\u0131n\u0131 ve kamuoyunu me\u015fgul eden \u00d6\u011fretmenler (De\u011fi\u015fiklik) Yasa Tasar\u0131s\u0131\u2019n\u0131 olgunla\u015ft\u0131rarak Meclis\u2019ten ge\u00e7irdiklerini s\u00f6yledi. <\/p>\n<p>Yasan\u0131n, \u00f6\u011fretmenin bilgi ve birikiminden daha fazla faydalanmak amac\u0131yla d\u00fczenlendi\u011fine vurgu yapan \u00c7avu\u015fo\u011flu, bu yasan\u0131n \u00f6\u011fretmeni itibars\u0131zla\u015ft\u0131ran bir anlay\u0131\u015fla haz\u0131rlanmad\u0131\u011f\u0131na dikkat \u00e7ekti. <\/p>\n<p>Sendikalar taraf\u0131ndan at\u0131lan sloganlar\u0131n, ge\u00e7irilen yasaya y\u00f6nelik olmad\u0131\u011f\u0131n\u0131 ve yasada bulunan maddeleri i\u00e7ermedi\u011fini belirten \u00c7avu\u015fo\u011flu, \u201cBu yasa \u00f6\u011fretmeni itibars\u0131zla\u015ft\u0131ran herhangi bir madde i\u00e7ermemektedir.\u201d ifadelerini kulland\u0131.  <\/p>\n<p>\u201cHer ne kadar sendikalar isti\u015fare yapmadan bu yasay\u0131 ge\u00e7irdi\u011fimizi s\u00f6ylese de Teknik Kurul a\u015famas\u0131ndan sonra dahi 9 kez resmi toplant\u0131 yap\u0131ld\u0131\u011f\u0131 tutanaklarda mevcuttur\u201d diye konu\u015fan \u00c7avu\u015fo\u011flu, sendikalar\u0131n, Bakanl\u0131kta ve Meclis Alt Komitesi\u2019nde ortaya koyduklar\u0131 \u00f6nerileri dikkate ald\u0131klar\u0131n\u0131 ve Bakanl\u0131k olarak yasan\u0131n olgunla\u015ft\u0131r\u0131lmas\u0131 s\u00fcrecinde bir\u00e7ok d\u00fczenleme \u00f6nerisini komiteye ilettiklerini s\u00f6yledi.<\/p>\n<p>Meclis Genel Kurulu\u2019nda yap\u0131lan uzun g\u00f6r\u00fc\u015fmelerin sonucunda ge\u00e7irilen yasan\u0131n ne kadar \u00f6nemli oldu\u011funun kamuoyu taraf\u0131ndan da g\u00f6r\u00fcld\u00fc\u011f\u00fcn\u00fc kaydeden Bakan \u00c7avu\u015fo\u011flu, s\u00fcre\u00e7 i\u00e7erisinde sendikalar\u0131n kendilerine g\u00f6re ortaya koydu\u011fu gerek\u00e7elerden dolay\u0131, \u00f6\u011frenciyi, \u00f6\u011fretmeni, velileri ve bakanl\u0131\u011f\u0131 \u00fczen bir s\u00fcre\u00e7 ya\u015fad\u0131klar\u0131n\u0131 dile getirdi.  <\/p>\n<p>A\u00e7\u0131klamas\u0131nda \u201cYasada \u00f6\u011fretmeni zedeleyici ve itibars\u0131zla\u015ft\u0131r\u0131c\u0131 herhangi bir maddenin olmad\u0131\u011f\u0131 konusundaki g\u00f6r\u00fc\u015flerimizde \u0131srarc\u0131y\u0131z\u201d diyen \u00c7avu\u015fo\u011flu, gelinen a\u015famada ma\u011fdur olanlar\u0131n \u00f6\u011frenciler oldu\u011funu belirtirken, bu ma\u011fduriyetin daha fazla devam etmemesi i\u00e7in sendikalara sa\u011fduyu \u00e7a\u011fr\u0131s\u0131nda bulundu.<br \/>\u00c7avu\u015fo\u011flu, \u00f6\u011fretmenlerin, \u00f6\u011frencilerin s\u0131nav hakk\u0131, karne hakk\u0131, mezuniyet hakk\u0131 oldu\u011funun bilinciyle hareket edecekleri ve sevin\u00e7lerini ya\u015fama noktas\u0131nda bug\u00fcne kadar g\u00f6sterdi\u011fi hassasiyeti yeniden g\u00f6sterecekleri d\u00fc\u015f\u00fcncesinde olduklar\u0131n\u0131 da belirterek, s\u00fcrd\u00fcr\u00fclen eylemlerin bir an \u00f6nce sona ermesine ve okullar\u0131n normale d\u00f6nmesi gerekti\u011fine dikkat \u00e7ekti. <\/p>\n<p>\u00c7avu\u015fo\u011flu, grev ve eylem s\u00fcrecinde, yasan\u0131n d\u0131\u015f\u0131nda i\u015faret edilen konular\u0131n bilgileri dahilinde oldu\u011funu ve ortak ak\u0131l ile \u00e7\u00f6z\u00fcme kavu\u015fturmak i\u00e7in \u00e7al\u0131\u015fmaya devam edeceklerinin de alt\u0131n\u0131 \u00e7izdi. <\/p>\n<p>K\u0131br\u0131s T\u00fcrk halk\u0131n\u0131n bug\u00fcne kadar \u00f6\u011fretmenleriyle var oldu\u011funu ve bundan sonrada \u00f6\u011fretmenleriyle yola devam edece\u011fini belirten \u00c7avu\u015fo\u011flu, \u201c\u00d6\u011fretmenlerimizin topluma yapt\u0131\u011f\u0131 katk\u0131, tarih kitaplar\u0131 i\u00e7erisinde ve bundan sonra yaz\u0131lacak tarih i\u00e7erisinde de yer almaya devam edecektir.\u201d dedi. <\/p>\n<p>Bu ba\u011flamda, Milli E\u011fitim Bakanl\u0131\u011f\u0131\u2019n\u0131n her sorunun ileti\u015fimle \u00e7\u00f6z\u00fclece\u011fi ger\u00e7e\u011fini dikkate alarak, her zaman oldu\u011fu gibi uzla\u015fmac\u0131 bir anlay\u0131\u015fla hareket edece\u011fine vurgu yapan \u00c7avu\u015fo\u011flu, sendikalar\u0131 bir kez daha sa\u011fduyuya davet etti. <\/p>\n<p>\u00c7avu\u015fo\u011flu, Bakanl\u0131k kap\u0131lar\u0131n\u0131n \u00f6\u011fretmene ve sendikalara her zaman a\u00e7\u0131k oldu\u011funu da yineleyerek, Talim ve Terbiye Kurulu ile ilgili daire m\u00fcd\u00fcrl\u00fcklerinin yar\u0131n sendikalar\u0131, sendikalara uyan bir zamanda sorunlar\u0131 ele almak, \u00f6\u011frencilerin ya\u015fad\u0131\u011f\u0131 ma\u011fduriyetleri gidermek, velilerin tedirginli\u011fi ortadan kald\u0131rmak, akademik takvimi de\u011ferlendirmek ve nakil \u00e7al\u0131\u015fmalar\u0131n\u0131 ba\u015flatmak \u00fczere toplant\u0131ya davet edeceklerini s\u00f6yledi.<br \/>\u00c7avu\u015fo\u011flu, e\u011fitimin sorunlar\u0131n\u0131 ortak ak\u0131lla, birlikte hareket ederek \u00e7\u00f6zebileceklerini bir kez daha dile getirerek, \u00f6\u011fretmenin kar\u015f\u0131s\u0131nda de\u011fil yan\u0131nda olduklar\u0131na vurgu yapt\u0131.<\/p>\n<\/p><\/div>\n<p><script async\n                    defer\n                    crossorigin=\"anonymous\"\n                    src=\"https:\/\/connect.facebook.net\/tr_TR\/sdk.js#xfbml=1&#038;version=v3.3\"\n            ><\/script><\/p>\n","protected":false},"excerpt":{"rendered":"<p>Milli E\u011fitim Bakan\u0131 Naz\u0131m \u00c7avu\u015fo\u011flu, \u00d6\u011fretmenler De\u011fi\u015fiklik Yasas\u0131\u2019n\u0131n Meclis Genel Kurulu\u2019nda kabul edilmesinin ard\u0131ndan a\u00e7\u0131klama yapt\u0131.Yasan\u0131n olgunla\u015fmas\u0131 ve Meclis\u2019te g\u00f6r\u00fc\u015f\u00fclerek kabul edilmesi s\u00fcreciyle ilgili s\u00fcreci anlatan \u00c7avu\u015fo\u011flu, 2022 y\u0131l\u0131n\u0131n Temmuz ay\u0131nda ba\u015flad\u0131klar\u0131 \u00e7al\u0131\u015fmalar\u0131n neticeye ula\u015ft\u0131\u011f\u0131n\u0131 ve kamuoyunu me\u015fgul eden \u00d6\u011fretmenler (De\u011fi\u015fiklik) Yasa Tasar\u0131s\u0131\u2019n\u0131 olgunla\u015ft\u0131rarak Meclis\u2019ten ge\u00e7irdiklerini s\u00f6yledi. Yasan\u0131n, \u00f6\u011fretmenin bilgi ve birikiminden daha fazla faydalanmak<\/p>\n","protected":false},"author":1,"featured_media":6792,"comment_status":"open","ping_status":"open","sticky":false,"template":"","format":"standard","meta":{"footnotes":""},"categories":[1],"tags":[],"class_list":["post-7884","post","type-post","status-publish","format-standard","has-post-thumbnail","hentry","category-gundem"],"yoast_head":"<!-- This site is optimized with the Yoast SEO plugin v27.4 - https:\/\/yoast.com\/product\/yoast-seo-wordpress\/ -->\n<title>\u00c7avu\u015fo\u011flu: Yasa, \u00f6\u011fretmeni itibars\u0131zla\u015ft\u0131ran bir anlay\u0131\u015fla haz\u0131rlanmad\u0131 -<\/title>\n<meta name=\"robots\" content=\"index, follow, max-snippet:-1, max-image-preview:large, max-video-preview:-1\" \/>\n<link rel=\"canonical\" href=\"https:\/\/kibrisdakik.com\/?p=7884\" \/>\n<meta property=\"og:locale\" content=\"tr_TR\" \/>\n<meta property=\"og:type\" content=\"article\" \/>\n<meta property=\"og:title\" content=\"\u00c7avu\u015fo\u011flu: Yasa, \u00f6\u011fretmeni itibars\u0131zla\u015ft\u0131ran bir anlay\u0131\u015fla haz\u0131rlanmad\u0131 -\" \/>\n<meta property=\"og:description\" content=\"Milli E\u011fitim Bakan\u0131 Naz\u0131m \u00c7avu\u015fo\u011flu, \u00d6\u011fretmenler De\u011fi\u015fiklik Yasas\u0131\u2019n\u0131n Meclis Genel Kurulu\u2019nda kabul edilmesinin ard\u0131ndan a\u00e7\u0131klama yapt\u0131.Yasan\u0131n olgunla\u015fmas\u0131 ve Meclis\u2019te g\u00f6r\u00fc\u015f\u00fclerek kabul edilmesi s\u00fcreciyle ilgili s\u00fcreci anlatan \u00c7avu\u015fo\u011flu, 2022 y\u0131l\u0131n\u0131n Temmuz ay\u0131nda ba\u015flad\u0131klar\u0131 \u00e7al\u0131\u015fmalar\u0131n neticeye ula\u015ft\u0131\u011f\u0131n\u0131 ve kamuoyunu me\u015fgul eden \u00d6\u011fretmenler (De\u011fi\u015fiklik) Yasa Tasar\u0131s\u0131\u2019n\u0131 olgunla\u015ft\u0131rarak Meclis\u2019ten ge\u00e7irdiklerini s\u00f6yledi. Yasan\u0131n, \u00f6\u011fretmenin bilgi ve birikiminden daha fazla faydalanmak\" \/>\n<meta property=\"og:url\" content=\"https:\/\/kibrisdakik.com\/?p=7884\" \/>\n<meta property=\"article:published_time\" content=\"2023-05-30T10:52:21+00:00\" \/>\n<meta property=\"og:image\" content=\"https:\/\/kibrisdakik.com\/wp-content\/uploads\/2023\/05\/nazim-cavusoglu63-740x420.jpg\" \/>\n\t<meta property=\"og:image:width\" content=\"1592\" \/>\n\t<meta property=\"og:image:height\" content=\"1144\" \/>\n\t<meta property=\"og:image:type\" content=\"image\/jpeg\" \/>\n<meta name=\"author\" content=\"admin\" \/>\n<meta name=\"twitter:card\" content=\"summary_large_image\" \/>\n<meta name=\"twitter:label1\" content=\"Yazan:\" \/>\n\t<meta name=\"twitter:data1\" content=\"admin\" \/>\n\t<meta name=\"twitter:label2\" content=\"Tahmini okuma s\u00fcresi\" \/>\n\t<meta name=\"twitter:data2\" content=\"3 dakika\" \/>\n<script type=\"application\/ld+json\" class=\"yoast-schema-graph\">{\"@context\":\"https:\\\/\\\/schema.org\",\"@graph\":[{\"@type\":\"Article\",\"@id\":\"https:\\\/\\\/kibrisdakik.com\\\/?p=7884#article\",\"isPartOf\":{\"@id\":\"https:\\\/\\\/kibrisdakik.com\\\/?p=7884\"},\"author\":{\"name\":\"admin\",\"@id\":\"https:\\\/\\\/kibrisdakik.com\\\/#\\\/schema\\\/person\\\/9cd9d437bbb44f72b73ba127e06d8e79\"},\"headline\":\"\u00c7avu\u015fo\u011flu: Yasa, \u00f6\u011fretmeni itibars\u0131zla\u015ft\u0131ran bir anlay\u0131\u015fla haz\u0131rlanmad\u0131\",\"datePublished\":\"2023-05-30T10:52:21+00:00\",\"mainEntityOfPage\":{\"@id\":\"https:\\\/\\\/kibrisdakik.com\\\/?p=7884\"},\"wordCount\":663,\"commentCount\":0,\"image\":{\"@id\":\"https:\\\/\\\/kibrisdakik.com\\\/?p=7884#primaryimage\"},\"thumbnailUrl\":\"https:\\\/\\\/kibrisdakik.com\\\/wp-content\\\/uploads\\\/2023\\\/05\\\/nazim-cavusoglu63-740x420.jpg\",\"articleSection\":[\"G\u00fcndem\"],\"inLanguage\":\"tr\",\"potentialAction\":[{\"@type\":\"CommentAction\",\"name\":\"Comment\",\"target\":[\"https:\\\/\\\/kibrisdakik.com\\\/?p=7884#respond\"]}]},{\"@type\":\"WebPage\",\"@id\":\"https:\\\/\\\/kibrisdakik.com\\\/?p=7884\",\"url\":\"https:\\\/\\\/kibrisdakik.com\\\/?p=7884\",\"name\":\"\u00c7avu\u015fo\u011flu: Yasa, \u00f6\u011fretmeni itibars\u0131zla\u015ft\u0131ran bir anlay\u0131\u015fla haz\u0131rlanmad\u0131 -\",\"isPartOf\":{\"@id\":\"https:\\\/\\\/kibrisdakik.com\\\/#website\"},\"primaryImageOfPage\":{\"@id\":\"https:\\\/\\\/kibrisdakik.com\\\/?p=7884#primaryimage\"},\"image\":{\"@id\":\"https:\\\/\\\/kibrisdakik.com\\\/?p=7884#primaryimage\"},\"thumbnailUrl\":\"https:\\\/\\\/kibrisdakik.com\\\/wp-content\\\/uploads\\\/2023\\\/05\\\/nazim-cavusoglu63-740x420.jpg\",\"datePublished\":\"2023-05-30T10:52:21+00:00\",\"author\":{\"@id\":\"https:\\\/\\\/kibrisdakik.com\\\/#\\\/schema\\\/person\\\/9cd9d437bbb44f72b73ba127e06d8e79\"},\"breadcrumb\":{\"@id\":\"https:\\\/\\\/kibrisdakik.com\\\/?p=7884#breadcrumb\"},\"inLanguage\":\"tr\",\"potentialAction\":[{\"@type\":\"ReadAction\",\"target\":[\"https:\\\/\\\/kibrisdakik.com\\\/?p=7884\"]}]},{\"@type\":\"ImageObject\",\"inLanguage\":\"tr\",\"@id\":\"https:\\\/\\\/kibrisdakik.com\\\/?p=7884#primaryimage\",\"url\":\"https:\\\/\\\/kibrisdakik.com\\\/wp-content\\\/uploads\\\/2023\\\/05\\\/nazim-cavusoglu63-740x420.jpg\",\"contentUrl\":\"https:\\\/\\\/kibrisdakik.com\\\/wp-content\\\/uploads\\\/2023\\\/05\\\/nazim-cavusoglu63-740x420.jpg\",\"width\":1592,\"height\":1144},{\"@type\":\"BreadcrumbList\",\"@id\":\"https:\\\/\\\/kibrisdakik.com\\\/?p=7884#breadcrumb\",\"itemListElement\":[{\"@type\":\"ListItem\",\"position\":1,\"name\":\"Home\",\"item\":\"https:\\\/\\\/kibrisdakik.com\\\/\"},{\"@type\":\"ListItem\",\"position\":2,\"name\":\"\u00c7avu\u015fo\u011flu: Yasa, \u00f6\u011fretmeni itibars\u0131zla\u015ft\u0131ran bir anlay\u0131\u015fla haz\u0131rlanmad\u0131\"}]},{\"@type\":\"WebSite\",\"@id\":\"https:\\\/\\\/kibrisdakik.com\\\/#website\",\"url\":\"https:\\\/\\\/kibrisdakik.com\\\/\",\"name\":\"\",\"description\":\"Tam vaktinde haber\",\"potentialAction\":[{\"@type\":\"SearchAction\",\"target\":{\"@type\":\"EntryPoint\",\"urlTemplate\":\"https:\\\/\\\/kibrisdakik.com\\\/?s={search_term_string}\"},\"query-input\":{\"@type\":\"PropertyValueSpecification\",\"valueRequired\":true,\"valueName\":\"search_term_string\"}}],\"inLanguage\":\"tr\"},{\"@type\":\"Person\",\"@id\":\"https:\\\/\\\/kibrisdakik.com\\\/#\\\/schema\\\/person\\\/9cd9d437bbb44f72b73ba127e06d8e79\",\"name\":\"admin\",\"image\":{\"@type\":\"ImageObject\",\"inLanguage\":\"tr\",\"@id\":\"https:\\\/\\\/secure.gravatar.com\\\/avatar\\\/ccc17943b9d660506c869530f897617f7cb1c21a4bf30023f252596d83e1f007?s=96&d=mm&r=g\",\"url\":\"https:\\\/\\\/secure.gravatar.com\\\/avatar\\\/ccc17943b9d660506c869530f897617f7cb1c21a4bf30023f252596d83e1f007?s=96&d=mm&r=g\",\"contentUrl\":\"https:\\\/\\\/secure.gravatar.com\\\/avatar\\\/ccc17943b9d660506c869530f897617f7cb1c21a4bf30023f252596d83e1f007?s=96&d=mm&r=g\",\"caption\":\"admin\"},\"sameAs\":[\"https:\\\/\\\/kibrisdakik.com\"],\"url\":\"https:\\\/\\\/kibrisdakik.com\\\/?author=1\"}]}<\/script>\n<!-- \/ Yoast SEO plugin. -->","yoast_head_json":{"title":"\u00c7avu\u015fo\u011flu: Yasa, \u00f6\u011fretmeni itibars\u0131zla\u015ft\u0131ran bir anlay\u0131\u015fla haz\u0131rlanmad\u0131 -","robots":{"index":"index","follow":"follow","max-snippet":"max-snippet:-1","max-image-preview":"max-image-preview:large","max-video-preview":"max-video-preview:-1"},"canonical":"https:\/\/kibrisdakik.com\/?p=7884","og_locale":"tr_TR","og_type":"article","og_title":"\u00c7avu\u015fo\u011flu: Yasa, \u00f6\u011fretmeni itibars\u0131zla\u015ft\u0131ran bir anlay\u0131\u015fla haz\u0131rlanmad\u0131 -","og_description":"Milli E\u011fitim Bakan\u0131 Naz\u0131m \u00c7avu\u015fo\u011flu, \u00d6\u011fretmenler De\u011fi\u015fiklik Yasas\u0131\u2019n\u0131n Meclis Genel Kurulu\u2019nda kabul edilmesinin ard\u0131ndan a\u00e7\u0131klama yapt\u0131.Yasan\u0131n olgunla\u015fmas\u0131 ve Meclis\u2019te g\u00f6r\u00fc\u015f\u00fclerek kabul edilmesi s\u00fcreciyle ilgili s\u00fcreci anlatan \u00c7avu\u015fo\u011flu, 2022 y\u0131l\u0131n\u0131n Temmuz ay\u0131nda ba\u015flad\u0131klar\u0131 \u00e7al\u0131\u015fmalar\u0131n neticeye ula\u015ft\u0131\u011f\u0131n\u0131 ve kamuoyunu me\u015fgul eden \u00d6\u011fretmenler (De\u011fi\u015fiklik) Yasa Tasar\u0131s\u0131\u2019n\u0131 olgunla\u015ft\u0131rarak Meclis\u2019ten ge\u00e7irdiklerini s\u00f6yledi. Yasan\u0131n, \u00f6\u011fretmenin bilgi ve birikiminden daha fazla faydalanmak","og_url":"https:\/\/kibrisdakik.com\/?p=7884","article_published_time":"2023-05-30T10:52:21+00:00","og_image":[{"width":1592,"height":1144,"url":"https:\/\/kibrisdakik.com\/wp-content\/uploads\/2023\/05\/nazim-cavusoglu63-740x420.jpg","type":"image\/jpeg"}],"author":"admin","twitter_card":"summary_large_image","twitter_misc":{"Yazan:":"admin","Tahmini okuma s\u00fcresi":"3 dakika"},"schema":{"@context":"https:\/\/schema.org","@graph":[{"@type":"Article","@id":"https:\/\/kibrisdakik.com\/?p=7884#article","isPartOf":{"@id":"https:\/\/kibrisdakik.com\/?p=7884"},"author":{"name":"admin","@id":"https:\/\/kibrisdakik.com\/#\/schema\/person\/9cd9d437bbb44f72b73ba127e06d8e79"},"headline":"\u00c7avu\u015fo\u011flu: Yasa, \u00f6\u011fretmeni itibars\u0131zla\u015ft\u0131ran bir anlay\u0131\u015fla haz\u0131rlanmad\u0131","datePublished":"2023-05-30T10:52:21+00:00","mainEntityOfPage":{"@id":"https:\/\/kibrisdakik.com\/?p=7884"},"wordCount":663,"commentCount":0,"image":{"@id":"https:\/\/kibrisdakik.com\/?p=7884#primaryimage"},"thumbnailUrl":"https:\/\/kibrisdakik.com\/wp-content\/uploads\/2023\/05\/nazim-cavusoglu63-740x420.jpg","articleSection":["G\u00fcndem"],"inLanguage":"tr","potentialAction":[{"@type":"CommentAction","name":"Comment","target":["https:\/\/kibrisdakik.com\/?p=7884#respond"]}]},{"@type":"WebPage","@id":"https:\/\/kibrisdakik.com\/?p=7884","url":"https:\/\/kibrisdakik.com\/?p=7884","name":"\u00c7avu\u015fo\u011flu: Yasa, \u00f6\u011fretmeni itibars\u0131zla\u015ft\u0131ran bir anlay\u0131\u015fla haz\u0131rlanmad\u0131 -","isPartOf":{"@id":"https:\/\/kibrisdakik.com\/#website"},"primaryImageOfPage":{"@id":"https:\/\/kibrisdakik.com\/?p=7884#primaryimage"},"image":{"@id":"https:\/\/kibrisdakik.com\/?p=7884#primaryimage"},"thumbnailUrl":"https:\/\/kibrisdakik.com\/wp-content\/uploads\/2023\/05\/nazim-cavusoglu63-740x420.jpg","datePublished":"2023-05-30T10:52:21+00:00","author":{"@id":"https:\/\/kibrisdakik.com\/#\/schema\/person\/9cd9d437bbb44f72b73ba127e06d8e79"},"breadcrumb":{"@id":"https:\/\/kibrisdakik.com\/?p=7884#breadcrumb"},"inLanguage":"tr","potentialAction":[{"@type":"ReadAction","target":["https:\/\/kibrisdakik.com\/?p=7884"]}]},{"@type":"ImageObject","inLanguage":"tr","@id":"https:\/\/kibrisdakik.com\/?p=7884#primaryimage","url":"https:\/\/kibrisdakik.com\/wp-content\/uploads\/2023\/05\/nazim-cavusoglu63-740x420.jpg","contentUrl":"https:\/\/kibrisdakik.com\/wp-content\/uploads\/2023\/05\/nazim-cavusoglu63-740x420.jpg","width":1592,"height":1144},{"@type":"BreadcrumbList","@id":"https:\/\/kibrisdakik.com\/?p=7884#breadcrumb","itemListElement":[{"@type":"ListItem","position":1,"name":"Home","item":"https:\/\/kibrisdakik.com\/"},{"@type":"ListItem","position":2,"name":"\u00c7avu\u015fo\u011flu: Yasa, \u00f6\u011fretmeni itibars\u0131zla\u015ft\u0131ran bir anlay\u0131\u015fla haz\u0131rlanmad\u0131"}]},{"@type":"WebSite","@id":"https:\/\/kibrisdakik.com\/#website","url":"https:\/\/kibrisdakik.com\/","name":"","description":"Tam vaktinde haber","potentialAction":[{"@type":"SearchAction","target":{"@type":"EntryPoint","urlTemplate":"https:\/\/kibrisdakik.com\/?s={search_term_string}"},"query-input":{"@type":"PropertyValueSpecification","valueRequired":true,"valueName":"search_term_string"}}],"inLanguage":"tr"},{"@type":"Person","@id":"https:\/\/kibrisdakik.com\/#\/schema\/person\/9cd9d437bbb44f72b73ba127e06d8e79","name":"admin","image":{"@type":"ImageObject","inLanguage":"tr","@id":"https:\/\/secure.gravatar.com\/avatar\/ccc17943b9d660506c869530f897617f7cb1c21a4bf30023f252596d83e1f007?s=96&d=mm&r=g","url":"https:\/\/secure.gravatar.com\/avatar\/ccc17943b9d660506c869530f897617f7cb1c21a4bf30023f252596d83e1f007?s=96&d=mm&r=g","contentUrl":"https:\/\/secure.gravatar.com\/avatar\/ccc17943b9d660506c869530f897617f7cb1c21a4bf30023f252596d83e1f007?s=96&d=mm&r=g","caption":"admin"},"sameAs":["https:\/\/kibrisdakik.com"],"url":"https:\/\/kibrisdakik.com\/?author=1"}]}},"_links":{"self":[{"href":"https:\/\/kibrisdakik.com\/index.php?rest_route=\/wp\/v2\/posts\/7884","targetHints":{"allow":["GET"]}}],"collection":[{"href":"https:\/\/kibrisdakik.com\/index.php?rest_route=\/wp\/v2\/posts"}],"about":[{"href":"https:\/\/kibrisdakik.com\/index.php?rest_route=\/wp\/v2\/types\/post"}],"author":[{"embeddable":true,"href":"https:\/\/kibrisdakik.com\/index.php?rest_route=\/wp\/v2\/users\/1"}],"replies":[{"embeddable":true,"href":"https:\/\/kibrisdakik.com\/index.php?rest_route=%2Fwp%2Fv2%2Fcomments&post=7884"}],"version-history":[{"count":0,"href":"https:\/\/kibrisdakik.com\/index.php?rest_route=\/wp\/v2\/posts\/7884\/revisions"}],"wp:featuredmedia":[{"embeddable":true,"href":"https:\/\/kibrisdakik.com\/index.php?rest_route=\/wp\/v2\/media\/6792"}],"wp:attachment":[{"href":"https:\/\/kibrisdakik.com\/index.php?rest_route=%2Fwp%2Fv2%2Fmedia&parent=7884"}],"wp:term":[{"taxonomy":"category","embeddable":true,"href":"https:\/\/kibrisdakik.com\/index.php?rest_route=%2Fwp%2Fv2%2Fcategories&post=7884"},{"taxonomy":"post_tag","embeddable":true,"href":"https:\/\/kibrisdakik.com\/index.php?rest_route=%2Fwp%2Fv2%2Ftags&post=7884"}],"curies":[{"name":"wp","href":"https:\/\/api.w.org\/{rel}","templated":true}]}}