{"id":78842,"date":"2025-03-26T20:18:00","date_gmt":"2025-03-26T17:18:00","guid":{"rendered":"https:\/\/kibrisdakik.com\/index.php\/2025\/03\/26\/prostat-farkindalik-ayi-dr-esmer-ailesinde-prostat-kanseri-oykusu-olanlar-ve-genetik-yatkinlik-tasiyanlar-daha-sik-tarama-yaptirmali\/"},"modified":"2025-03-26T20:18:00","modified_gmt":"2025-03-26T17:18:00","slug":"prostat-farkindalik-ayi-dr-esmer-ailesinde-prostat-kanseri-oykusu-olanlar-ve-genetik-yatkinlik-tasiyanlar-daha-sik-tarama-yaptirmali","status":"publish","type":"post","link":"https:\/\/kibrisdakik.com\/?p=78842","title":{"rendered":"Prostat Fark\u0131ndal\u0131k Ay\u0131\u2026 Dr. Esmer : \u201cAilesinde prostat kanseri \u00f6yk\u00fcs\u00fc olanlar ve genetik yatk\u0131nl\u0131k ta\u015f\u0131yanlar daha s\u0131k tarama yapt\u0131rmal\u0131\u201d"},"content":{"rendered":"<p><\/p>\n<div>\n<div class=\"mariselle-image-container center\">\n                <img loading=\"lazy\" decoding=\"async\" width=\"1280\" height=\"720\" class=\"lazy-image\" alt=\"\" sizes=\"auto, (max-width: 1280px) 100vw, 1280px\" src=\"https:\/\/brtk.net\/wp-content\/uploads\/2025\/03\/26\/prostAT.webp?ver=54bc3908611ef789d7bbf792769afaa5\" srcset=\"https:\/\/brtk.net\/wp-content\/uploads\/2025\/03\/26\/prostAT.webp?ver=54bc3908611ef789d7bbf792769afaa5 1280w, https:\/\/brtk.net\/wp-content\/uploads\/2025\/03\/26\/prostAT-300x169.webp?ver=75d25b9a8ff8761d71fdc55f7408a479 300w, https:\/\/brtk.net\/wp-content\/uploads\/2025\/03\/26\/prostAT-1024x576.webp?ver=75d25b9a8ff8761d71fdc55f7408a479 1024w, https:\/\/brtk.net\/wp-content\/uploads\/2025\/03\/26\/prostAT-768x432.webp?ver=75d25b9a8ff8761d71fdc55f7408a479 768w\"\/>                            <\/div>\n<p>\u0130\u00e7 Hastal\u0131klar\u0131 Uzman\u0131 ve T\u0131bbi Onkoloji Uzman\u0131 Dr. Derya Demirta\u015f Esmer,  \u00f6zellikle ailesinde prostat kanseri \u00f6yk\u00fcs\u00fc bulunanlar\u0131n ve genetik yatk\u0131nl\u0131k ta\u015f\u0131yanlar\u0131n daha s\u0131k tarama yapt\u0131rmas\u0131 gerekti\u011fini vurgulad\u0131.<\/p>\n<p>Hastal\u0131\u011f\u0131n genellikle erken evrede belirti vermedi\u011fini, tarama yap\u0131lmazsa g\u00f6zden ka\u00e7\u0131r\u0131labilece\u011fini s\u00f6yleyen Esmer, ba\u015fka sebeplerden \u00f6len erkeklerin otopsisinde tespit edilen prostat kanserinin toplumda tan\u0131 konulan prostat kanseri oran\u0131ndan y\u00fcksek oldu\u011funu kaydetti.<\/p>\n<p>Esmer, \u201cErkeklerin \u00e7o\u011funda prostat kanseri bulunabiliyor ama kanserin onlar i\u00e7in bir sorun yaratmas\u0131 y\u0131llar alabiliyor\u201d dedi.<\/p>\n<p>K\u0131br\u0131s T\u00fcrk Tabipleri Birli\u011fi y\u00f6netimi ad\u0131na \u201cProstat Fark\u0131ndal\u0131k Ay\u0131\u201d nedeniyle yaz\u0131l\u0131 a\u00e7\u0131klama yapan \u0130\u00e7 Hastal\u0131klar\u0131 Uzman\u0131 ve T\u0131bbi Onkoloji Uzman\u0131 Dr. Derya Demirta\u015f Esmer, d\u00fcnyada kanser olan her d\u00f6rt erkekten birinin, KKTC\u2019de ve T\u00fcrkiye\u2019de ise her 12 erkekten birinin prostat kanseri tan\u0131s\u0131 ald\u0131\u011f\u0131n\u0131 belirtti.<\/p>\n<p>Esmer, erken te\u015fhisin, prostat kanseri nedeniyle ya\u015fanacak sa\u011fl\u0131k sorunlar\u0131n\u0131n veya \u00f6l\u00fcm oranlar\u0131n\u0131n d\u00fc\u015fmesi anlam\u0131na gelmeyebilece\u011fini de belirterek, idrar zorluklar\u0131, kanl\u0131 idrar veya alt kar\u0131nda a\u011fr\u0131 gibi belirtilerle prostat kanserinin ili\u015fkili olabilece\u011fine dikkat \u00e7ekerek, bunlar fark edildi\u011finde bir uzmana ba\u015fvurulmas\u0131n\u0131 istedi.<\/p>\n<p><em>-Prostat erkeklerde en yayg\u0131n g\u00f6r\u00fclen ikinci kanser<\/em><\/p>\n<p>\u0130\u00e7 Hastal\u0131klar\u0131 Uzman\u0131 ve T\u0131bbi Onkoloji Uzman\u0131 Dr. Derya Demirta\u015f Esmer\u2019in a\u00e7\u0131klamas\u0131na g\u00f6re,  D\u00fcnya Sa\u011fl\u0131k \u00d6rg\u00fct\u00fc (WHO) GLOBOCAN veri taban\u0131na bak\u0131ld\u0131\u011f\u0131nda prostat kanseri d\u00fcnya \u00e7ap\u0131nda erkeklerde en yayg\u0131n g\u00f6r\u00fclen ikinci kanser. Prostat kanserinde y\u0131lda tahmini 1 milyon 600 bin vaka ve 366 bin de \u00f6l\u00fcm oluyor.<\/p>\n<p><em>\u2013 65 ila 74 ya\u015f aras\u0131nda zirve yap\u0131yor<\/em><\/p>\n<p>Esmer\u2019in a\u00e7\u0131klamas\u0131na g\u00f6re, risk fakt\u00f6rlerinin ba\u015f\u0131nda ya\u015f, etnik k\u00f6ken, genetik ve beslenme geliyor.<\/p>\n<p>Prostat kanseri 40 ya\u015f\u0131ndan \u00f6nce nadiren g\u00f6r\u00fclse de, bu ya\u015ftan sonra risk h\u0131zla artarak 65 ila 74 ya\u015f aras\u0131nda zirve yap\u0131yor. 70 ya\u015f \u00fczeri erkeklerin y\u00fczde 50\u2019sinde prostat g\u00f6r\u00fclebiliyor.<\/p>\n<p><em>-Aile ge\u00e7mi\u015fi risk fakt\u00f6r\u00fc<\/em><\/p>\n<p>Prostat kanseri g\u00fc\u00e7l\u00fc bir kal\u0131tsal bile\u015fene sahip oldu\u011fundan aile ge\u00e7mi\u015finde prostat kanseri bulunan erkekler, \u00f6zellikle birinci derece akrabas\u0131nda 65 ya\u015f\u0131ndan \u00f6nce prostat kanseri tan\u0131s\u0131 konmu\u015f olanlar, daha y\u00fcksek risk alt\u0131nda.<\/p>\n<p>Ayr\u0131ca, kal\u0131tsal olabilecek di\u011fer kanser t\u00fcrlerine (\u00f6rne\u011fin 50 ya\u015f\u0131ndan \u00f6nce te\u015fhis edilmi\u015f meme kanseri, erkek meme kanseri, kolorektal kanser, over kanseri, pankreas kanseri, melanom) sahip aile bireyleri de prostat kanseri riskini art\u0131rabilir.<\/p>\n<p>\u00d6zellikle aile ge\u00e7mi\u015finde meme kanseri bulunan erkekler, prostat kanseri a\u00e7\u0131s\u0131ndan daha y\u00fcksek risk alt\u0131nda.<\/p>\n<p><em>\u2013 Prostatta beslenme, sigara ve kahve<\/em><\/p>\n<p>Dr. Derya Demirta\u015f Esmer\u2019in verdi\u011fi bilgiye g\u00f6re, prostat kanseri, siyahi erkeklerde daha yayg\u0131n g\u00f6r\u00fcl\u00fcyor.<\/p>\n<p>Beslenme de bu kanser t\u00fcr\u00fcn\u00fcn g\u00f6r\u00fclmesinde risk fakt\u00f6r\u00fc. \u00d6zellikle hayvansal ya\u011flardan zengin bir diyet, prostat kanseri geli\u015fimine neden olabiliyor. Kahve t\u00fcketiminin artmas\u0131 ise \u00f6l\u00fcmc\u00fcl prostat kanseri riskini azalt\u0131yor.<\/p>\n<p>Sigara prostat kanseri geli\u015fme riskini art\u0131r\u0131rken obezite de hastal\u0131k i\u00e7in olas\u0131 bir risk fakt\u00f6r\u00fc.<\/p>\n<p><em>-Klinik belirtiler<\/em><\/p>\n<p>Dr. Esmer\u2019in a\u00e7\u0131klamas\u0131na g\u00f6re, klinik belirtiler \u015f\u00f6yle:<\/p>\n<p>\u201c\u0130drar yapmada g\u00fc\u00e7l\u00fck, s\u0131k s\u0131k idrara \u00e7\u0131kma, idrar yaparken a\u011fr\u0131 ve yanma hissi, zay\u0131f idrar ak\u0131\u015f\u0131, menide veya idrarda kan g\u00f6r\u00fclmesi, ereksiyon sorunlar\u0131 ve a\u011fr\u0131l\u0131 bo\u015falma, alt pelvik (kar\u0131n)  b\u00f6lgede a\u011fr\u0131, kal\u00e7a, s\u0131rt, g\u00f6\u011f\u00fcs veya kemiklerde a\u011fr\u0131, kilo kayb\u0131, yorgunluk, mide bulant\u0131s\u0131 ve kusma.\u201d<\/p>\n<p><em>-PSA tan\u0131da en de\u011ferli test<\/em><\/p>\n<p>PSA, prostat kanserinin erken tespiti i\u00e7in en yayg\u0131n kullan\u0131lan ve en de\u011ferli test olarak kabul ediliyor. PSA de\u011ferleri y\u00fckseldik\u00e7e prostat kanseri olma olas\u0131l\u0131\u011f\u0131 art\u0131yor. Tan\u0131 konan her hasta i\u00e7in uygun tedavi stratejisi ve tedavi se\u00e7eneklerinin avantajlar\u0131n\u0131n ve dezavantajlar\u0131n\u0131n g\u00f6z \u00f6n\u00fcne bulundurulmas\u0131 da \u00f6nemli.<\/p>\n<p><em>-Rutin tarama program\u0131 t\u00fcm erkekler i\u00e7in \u00f6nerilmiyor<\/em><\/p>\n<p>Prostat kanseri i\u00e7in rutin tarama program\u0131 t\u00fcm erkekler i\u00e7in \u00f6nerilmiyor. Ancak, risk alt\u0131ndaki bireyler, \u00f6zellikle ailesinde prostat kanseri \u00f6yk\u00fcs\u00fc bulunanlar ve genetik yatk\u0131nl\u0131k ta\u015f\u0131yanlar\u0131n PSA testi ve Dijital Rektal Muayene gibi y\u00f6ntemlerle daha s\u0131k izlenmesi gerekiyor.<\/p>\n<\/p><\/div>\n<p><script async\n                    defer\n                    crossorigin=\"anonymous\"\n                    src=\"https:\/\/connect.facebook.net\/tr_TR\/sdk.js#xfbml=1&#038;version=v3.3\"\n            ><\/script><\/p>\n","protected":false},"excerpt":{"rendered":"<p>\u0130\u00e7 Hastal\u0131klar\u0131 Uzman\u0131 ve T\u0131bbi Onkoloji Uzman\u0131 Dr. Derya Demirta\u015f Esmer, \u00f6zellikle ailesinde prostat kanseri \u00f6yk\u00fcs\u00fc bulunanlar\u0131n ve genetik yatk\u0131nl\u0131k ta\u015f\u0131yanlar\u0131n daha s\u0131k tarama yapt\u0131rmas\u0131 gerekti\u011fini vurgulad\u0131. Hastal\u0131\u011f\u0131n genellikle erken evrede belirti vermedi\u011fini, tarama yap\u0131lmazsa g\u00f6zden ka\u00e7\u0131r\u0131labilece\u011fini s\u00f6yleyen Esmer, ba\u015fka sebeplerden \u00f6len erkeklerin otopsisinde tespit edilen prostat kanserinin toplumda tan\u0131 konulan prostat kanseri oran\u0131ndan y\u00fcksek<\/p>\n","protected":false},"author":1,"featured_media":78843,"comment_status":"open","ping_status":"open","sticky":false,"template":"","format":"standard","meta":{"footnotes":""},"categories":[1],"tags":[],"class_list":["post-78842","post","type-post","status-publish","format-standard","has-post-thumbnail","hentry","category-gundem"],"yoast_head":"<!-- This site is optimized with the Yoast SEO plugin v27.4 - https:\/\/yoast.com\/product\/yoast-seo-wordpress\/ -->\n<title>Prostat Fark\u0131ndal\u0131k Ay\u0131\u2026 Dr. Esmer : \u201cAilesinde prostat kanseri \u00f6yk\u00fcs\u00fc olanlar ve genetik yatk\u0131nl\u0131k ta\u015f\u0131yanlar daha s\u0131k tarama yapt\u0131rmal\u0131\u201d -<\/title>\n<meta name=\"robots\" content=\"index, follow, max-snippet:-1, max-image-preview:large, max-video-preview:-1\" \/>\n<link rel=\"canonical\" href=\"https:\/\/kibrisdakik.com\/?p=78842\" \/>\n<meta property=\"og:locale\" content=\"tr_TR\" \/>\n<meta property=\"og:type\" content=\"article\" \/>\n<meta property=\"og:title\" content=\"Prostat Fark\u0131ndal\u0131k Ay\u0131\u2026 Dr. Esmer : \u201cAilesinde prostat kanseri \u00f6yk\u00fcs\u00fc olanlar ve genetik yatk\u0131nl\u0131k ta\u015f\u0131yanlar daha s\u0131k tarama yapt\u0131rmal\u0131\u201d -\" \/>\n<meta property=\"og:description\" content=\"\u0130\u00e7 Hastal\u0131klar\u0131 Uzman\u0131 ve T\u0131bbi Onkoloji Uzman\u0131 Dr. Derya Demirta\u015f Esmer, \u00f6zellikle ailesinde prostat kanseri \u00f6yk\u00fcs\u00fc bulunanlar\u0131n ve genetik yatk\u0131nl\u0131k ta\u015f\u0131yanlar\u0131n daha s\u0131k tarama yapt\u0131rmas\u0131 gerekti\u011fini vurgulad\u0131. Hastal\u0131\u011f\u0131n genellikle erken evrede belirti vermedi\u011fini, tarama yap\u0131lmazsa g\u00f6zden ka\u00e7\u0131r\u0131labilece\u011fini s\u00f6yleyen Esmer, ba\u015fka sebeplerden \u00f6len erkeklerin otopsisinde tespit edilen prostat kanserinin toplumda tan\u0131 konulan prostat kanseri oran\u0131ndan y\u00fcksek\" \/>\n<meta property=\"og:url\" content=\"https:\/\/kibrisdakik.com\/?p=78842\" \/>\n<meta property=\"article:published_time\" content=\"2025-03-26T17:18:00+00:00\" \/>\n<meta property=\"og:image\" content=\"https:\/\/kibrisdakik.com\/wp-content\/uploads\/2025\/03\/prostAT.webp-740x420.webp\" \/>\n\t<meta property=\"og:image:width\" content=\"1280\" \/>\n\t<meta property=\"og:image:height\" content=\"720\" \/>\n\t<meta property=\"og:image:type\" content=\"image\/webp\" \/>\n<meta name=\"author\" content=\"admin\" \/>\n<meta name=\"twitter:card\" content=\"summary_large_image\" \/>\n<meta name=\"twitter:label1\" content=\"Yazan:\" \/>\n\t<meta name=\"twitter:data1\" content=\"admin\" \/>\n\t<meta name=\"twitter:label2\" content=\"Tahmini okuma s\u00fcresi\" \/>\n\t<meta name=\"twitter:data2\" content=\"4 dakika\" \/>\n<script type=\"application\/ld+json\" class=\"yoast-schema-graph\">{\"@context\":\"https:\\\/\\\/schema.org\",\"@graph\":[{\"@type\":\"Article\",\"@id\":\"https:\\\/\\\/kibrisdakik.com\\\/?p=78842#article\",\"isPartOf\":{\"@id\":\"https:\\\/\\\/kibrisdakik.com\\\/?p=78842\"},\"author\":{\"name\":\"admin\",\"@id\":\"https:\\\/\\\/kibrisdakik.com\\\/#\\\/schema\\\/person\\\/9cd9d437bbb44f72b73ba127e06d8e79\"},\"headline\":\"Prostat Fark\u0131ndal\u0131k Ay\u0131\u2026 Dr. Esmer : \u201cAilesinde prostat kanseri \u00f6yk\u00fcs\u00fc olanlar ve genetik yatk\u0131nl\u0131k ta\u015f\u0131yanlar daha s\u0131k tarama yapt\u0131rmal\u0131\u201d\",\"datePublished\":\"2025-03-26T17:18:00+00:00\",\"mainEntityOfPage\":{\"@id\":\"https:\\\/\\\/kibrisdakik.com\\\/?p=78842\"},\"wordCount\":769,\"commentCount\":0,\"image\":{\"@id\":\"https:\\\/\\\/kibrisdakik.com\\\/?p=78842#primaryimage\"},\"thumbnailUrl\":\"https:\\\/\\\/kibrisdakik.com\\\/wp-content\\\/uploads\\\/2025\\\/03\\\/prostAT.webp-740x420.webp\",\"articleSection\":[\"G\u00fcndem\"],\"inLanguage\":\"tr\",\"potentialAction\":[{\"@type\":\"CommentAction\",\"name\":\"Comment\",\"target\":[\"https:\\\/\\\/kibrisdakik.com\\\/?p=78842#respond\"]}]},{\"@type\":\"WebPage\",\"@id\":\"https:\\\/\\\/kibrisdakik.com\\\/?p=78842\",\"url\":\"https:\\\/\\\/kibrisdakik.com\\\/?p=78842\",\"name\":\"Prostat Fark\u0131ndal\u0131k Ay\u0131\u2026 Dr. Esmer : \u201cAilesinde prostat kanseri \u00f6yk\u00fcs\u00fc olanlar ve genetik yatk\u0131nl\u0131k ta\u015f\u0131yanlar daha s\u0131k tarama yapt\u0131rmal\u0131\u201d -\",\"isPartOf\":{\"@id\":\"https:\\\/\\\/kibrisdakik.com\\\/#website\"},\"primaryImageOfPage\":{\"@id\":\"https:\\\/\\\/kibrisdakik.com\\\/?p=78842#primaryimage\"},\"image\":{\"@id\":\"https:\\\/\\\/kibrisdakik.com\\\/?p=78842#primaryimage\"},\"thumbnailUrl\":\"https:\\\/\\\/kibrisdakik.com\\\/wp-content\\\/uploads\\\/2025\\\/03\\\/prostAT.webp-740x420.webp\",\"datePublished\":\"2025-03-26T17:18:00+00:00\",\"author\":{\"@id\":\"https:\\\/\\\/kibrisdakik.com\\\/#\\\/schema\\\/person\\\/9cd9d437bbb44f72b73ba127e06d8e79\"},\"breadcrumb\":{\"@id\":\"https:\\\/\\\/kibrisdakik.com\\\/?p=78842#breadcrumb\"},\"inLanguage\":\"tr\",\"potentialAction\":[{\"@type\":\"ReadAction\",\"target\":[\"https:\\\/\\\/kibrisdakik.com\\\/?p=78842\"]}]},{\"@type\":\"ImageObject\",\"inLanguage\":\"tr\",\"@id\":\"https:\\\/\\\/kibrisdakik.com\\\/?p=78842#primaryimage\",\"url\":\"https:\\\/\\\/kibrisdakik.com\\\/wp-content\\\/uploads\\\/2025\\\/03\\\/prostAT.webp-740x420.webp\",\"contentUrl\":\"https:\\\/\\\/kibrisdakik.com\\\/wp-content\\\/uploads\\\/2025\\\/03\\\/prostAT.webp-740x420.webp\",\"width\":1280,\"height\":720},{\"@type\":\"BreadcrumbList\",\"@id\":\"https:\\\/\\\/kibrisdakik.com\\\/?p=78842#breadcrumb\",\"itemListElement\":[{\"@type\":\"ListItem\",\"position\":1,\"name\":\"Home\",\"item\":\"https:\\\/\\\/kibrisdakik.com\\\/\"},{\"@type\":\"ListItem\",\"position\":2,\"name\":\"Prostat Fark\u0131ndal\u0131k Ay\u0131\u2026 Dr. Esmer : \u201cAilesinde prostat kanseri \u00f6yk\u00fcs\u00fc olanlar ve genetik yatk\u0131nl\u0131k ta\u015f\u0131yanlar daha s\u0131k tarama yapt\u0131rmal\u0131\u201d\"}]},{\"@type\":\"WebSite\",\"@id\":\"https:\\\/\\\/kibrisdakik.com\\\/#website\",\"url\":\"https:\\\/\\\/kibrisdakik.com\\\/\",\"name\":\"\",\"description\":\"Tam vaktinde haber\",\"potentialAction\":[{\"@type\":\"SearchAction\",\"target\":{\"@type\":\"EntryPoint\",\"urlTemplate\":\"https:\\\/\\\/kibrisdakik.com\\\/?s={search_term_string}\"},\"query-input\":{\"@type\":\"PropertyValueSpecification\",\"valueRequired\":true,\"valueName\":\"search_term_string\"}}],\"inLanguage\":\"tr\"},{\"@type\":\"Person\",\"@id\":\"https:\\\/\\\/kibrisdakik.com\\\/#\\\/schema\\\/person\\\/9cd9d437bbb44f72b73ba127e06d8e79\",\"name\":\"admin\",\"image\":{\"@type\":\"ImageObject\",\"inLanguage\":\"tr\",\"@id\":\"https:\\\/\\\/secure.gravatar.com\\\/avatar\\\/ccc17943b9d660506c869530f897617f7cb1c21a4bf30023f252596d83e1f007?s=96&d=mm&r=g\",\"url\":\"https:\\\/\\\/secure.gravatar.com\\\/avatar\\\/ccc17943b9d660506c869530f897617f7cb1c21a4bf30023f252596d83e1f007?s=96&d=mm&r=g\",\"contentUrl\":\"https:\\\/\\\/secure.gravatar.com\\\/avatar\\\/ccc17943b9d660506c869530f897617f7cb1c21a4bf30023f252596d83e1f007?s=96&d=mm&r=g\",\"caption\":\"admin\"},\"sameAs\":[\"https:\\\/\\\/kibrisdakik.com\"],\"url\":\"https:\\\/\\\/kibrisdakik.com\\\/?author=1\"}]}<\/script>\n<!-- \/ Yoast SEO plugin. -->","yoast_head_json":{"title":"Prostat Fark\u0131ndal\u0131k Ay\u0131\u2026 Dr. Esmer : \u201cAilesinde prostat kanseri \u00f6yk\u00fcs\u00fc olanlar ve genetik yatk\u0131nl\u0131k ta\u015f\u0131yanlar daha s\u0131k tarama yapt\u0131rmal\u0131\u201d -","robots":{"index":"index","follow":"follow","max-snippet":"max-snippet:-1","max-image-preview":"max-image-preview:large","max-video-preview":"max-video-preview:-1"},"canonical":"https:\/\/kibrisdakik.com\/?p=78842","og_locale":"tr_TR","og_type":"article","og_title":"Prostat Fark\u0131ndal\u0131k Ay\u0131\u2026 Dr. Esmer : \u201cAilesinde prostat kanseri \u00f6yk\u00fcs\u00fc olanlar ve genetik yatk\u0131nl\u0131k ta\u015f\u0131yanlar daha s\u0131k tarama yapt\u0131rmal\u0131\u201d -","og_description":"\u0130\u00e7 Hastal\u0131klar\u0131 Uzman\u0131 ve T\u0131bbi Onkoloji Uzman\u0131 Dr. Derya Demirta\u015f Esmer, \u00f6zellikle ailesinde prostat kanseri \u00f6yk\u00fcs\u00fc bulunanlar\u0131n ve genetik yatk\u0131nl\u0131k ta\u015f\u0131yanlar\u0131n daha s\u0131k tarama yapt\u0131rmas\u0131 gerekti\u011fini vurgulad\u0131. Hastal\u0131\u011f\u0131n genellikle erken evrede belirti vermedi\u011fini, tarama yap\u0131lmazsa g\u00f6zden ka\u00e7\u0131r\u0131labilece\u011fini s\u00f6yleyen Esmer, ba\u015fka sebeplerden \u00f6len erkeklerin otopsisinde tespit edilen prostat kanserinin toplumda tan\u0131 konulan prostat kanseri oran\u0131ndan y\u00fcksek","og_url":"https:\/\/kibrisdakik.com\/?p=78842","article_published_time":"2025-03-26T17:18:00+00:00","og_image":[{"width":1280,"height":720,"url":"https:\/\/kibrisdakik.com\/wp-content\/uploads\/2025\/03\/prostAT.webp-740x420.webp","type":"image\/webp"}],"author":"admin","twitter_card":"summary_large_image","twitter_misc":{"Yazan:":"admin","Tahmini okuma s\u00fcresi":"4 dakika"},"schema":{"@context":"https:\/\/schema.org","@graph":[{"@type":"Article","@id":"https:\/\/kibrisdakik.com\/?p=78842#article","isPartOf":{"@id":"https:\/\/kibrisdakik.com\/?p=78842"},"author":{"name":"admin","@id":"https:\/\/kibrisdakik.com\/#\/schema\/person\/9cd9d437bbb44f72b73ba127e06d8e79"},"headline":"Prostat Fark\u0131ndal\u0131k Ay\u0131\u2026 Dr. Esmer : \u201cAilesinde prostat kanseri \u00f6yk\u00fcs\u00fc olanlar ve genetik yatk\u0131nl\u0131k ta\u015f\u0131yanlar daha s\u0131k tarama yapt\u0131rmal\u0131\u201d","datePublished":"2025-03-26T17:18:00+00:00","mainEntityOfPage":{"@id":"https:\/\/kibrisdakik.com\/?p=78842"},"wordCount":769,"commentCount":0,"image":{"@id":"https:\/\/kibrisdakik.com\/?p=78842#primaryimage"},"thumbnailUrl":"https:\/\/kibrisdakik.com\/wp-content\/uploads\/2025\/03\/prostAT.webp-740x420.webp","articleSection":["G\u00fcndem"],"inLanguage":"tr","potentialAction":[{"@type":"CommentAction","name":"Comment","target":["https:\/\/kibrisdakik.com\/?p=78842#respond"]}]},{"@type":"WebPage","@id":"https:\/\/kibrisdakik.com\/?p=78842","url":"https:\/\/kibrisdakik.com\/?p=78842","name":"Prostat Fark\u0131ndal\u0131k Ay\u0131\u2026 Dr. Esmer : \u201cAilesinde prostat kanseri \u00f6yk\u00fcs\u00fc olanlar ve genetik yatk\u0131nl\u0131k ta\u015f\u0131yanlar daha s\u0131k tarama yapt\u0131rmal\u0131\u201d -","isPartOf":{"@id":"https:\/\/kibrisdakik.com\/#website"},"primaryImageOfPage":{"@id":"https:\/\/kibrisdakik.com\/?p=78842#primaryimage"},"image":{"@id":"https:\/\/kibrisdakik.com\/?p=78842#primaryimage"},"thumbnailUrl":"https:\/\/kibrisdakik.com\/wp-content\/uploads\/2025\/03\/prostAT.webp-740x420.webp","datePublished":"2025-03-26T17:18:00+00:00","author":{"@id":"https:\/\/kibrisdakik.com\/#\/schema\/person\/9cd9d437bbb44f72b73ba127e06d8e79"},"breadcrumb":{"@id":"https:\/\/kibrisdakik.com\/?p=78842#breadcrumb"},"inLanguage":"tr","potentialAction":[{"@type":"ReadAction","target":["https:\/\/kibrisdakik.com\/?p=78842"]}]},{"@type":"ImageObject","inLanguage":"tr","@id":"https:\/\/kibrisdakik.com\/?p=78842#primaryimage","url":"https:\/\/kibrisdakik.com\/wp-content\/uploads\/2025\/03\/prostAT.webp-740x420.webp","contentUrl":"https:\/\/kibrisdakik.com\/wp-content\/uploads\/2025\/03\/prostAT.webp-740x420.webp","width":1280,"height":720},{"@type":"BreadcrumbList","@id":"https:\/\/kibrisdakik.com\/?p=78842#breadcrumb","itemListElement":[{"@type":"ListItem","position":1,"name":"Home","item":"https:\/\/kibrisdakik.com\/"},{"@type":"ListItem","position":2,"name":"Prostat Fark\u0131ndal\u0131k Ay\u0131\u2026 Dr. Esmer : \u201cAilesinde prostat kanseri \u00f6yk\u00fcs\u00fc olanlar ve genetik yatk\u0131nl\u0131k ta\u015f\u0131yanlar daha s\u0131k tarama yapt\u0131rmal\u0131\u201d"}]},{"@type":"WebSite","@id":"https:\/\/kibrisdakik.com\/#website","url":"https:\/\/kibrisdakik.com\/","name":"","description":"Tam vaktinde haber","potentialAction":[{"@type":"SearchAction","target":{"@type":"EntryPoint","urlTemplate":"https:\/\/kibrisdakik.com\/?s={search_term_string}"},"query-input":{"@type":"PropertyValueSpecification","valueRequired":true,"valueName":"search_term_string"}}],"inLanguage":"tr"},{"@type":"Person","@id":"https:\/\/kibrisdakik.com\/#\/schema\/person\/9cd9d437bbb44f72b73ba127e06d8e79","name":"admin","image":{"@type":"ImageObject","inLanguage":"tr","@id":"https:\/\/secure.gravatar.com\/avatar\/ccc17943b9d660506c869530f897617f7cb1c21a4bf30023f252596d83e1f007?s=96&d=mm&r=g","url":"https:\/\/secure.gravatar.com\/avatar\/ccc17943b9d660506c869530f897617f7cb1c21a4bf30023f252596d83e1f007?s=96&d=mm&r=g","contentUrl":"https:\/\/secure.gravatar.com\/avatar\/ccc17943b9d660506c869530f897617f7cb1c21a4bf30023f252596d83e1f007?s=96&d=mm&r=g","caption":"admin"},"sameAs":["https:\/\/kibrisdakik.com"],"url":"https:\/\/kibrisdakik.com\/?author=1"}]}},"_links":{"self":[{"href":"https:\/\/kibrisdakik.com\/index.php?rest_route=\/wp\/v2\/posts\/78842","targetHints":{"allow":["GET"]}}],"collection":[{"href":"https:\/\/kibrisdakik.com\/index.php?rest_route=\/wp\/v2\/posts"}],"about":[{"href":"https:\/\/kibrisdakik.com\/index.php?rest_route=\/wp\/v2\/types\/post"}],"author":[{"embeddable":true,"href":"https:\/\/kibrisdakik.com\/index.php?rest_route=\/wp\/v2\/users\/1"}],"replies":[{"embeddable":true,"href":"https:\/\/kibrisdakik.com\/index.php?rest_route=%2Fwp%2Fv2%2Fcomments&post=78842"}],"version-history":[{"count":0,"href":"https:\/\/kibrisdakik.com\/index.php?rest_route=\/wp\/v2\/posts\/78842\/revisions"}],"wp:featuredmedia":[{"embeddable":true,"href":"https:\/\/kibrisdakik.com\/index.php?rest_route=\/wp\/v2\/media\/78843"}],"wp:attachment":[{"href":"https:\/\/kibrisdakik.com\/index.php?rest_route=%2Fwp%2Fv2%2Fmedia&parent=78842"}],"wp:term":[{"taxonomy":"category","embeddable":true,"href":"https:\/\/kibrisdakik.com\/index.php?rest_route=%2Fwp%2Fv2%2Fcategories&post=78842"},{"taxonomy":"post_tag","embeddable":true,"href":"https:\/\/kibrisdakik.com\/index.php?rest_route=%2Fwp%2Fv2%2Ftags&post=78842"}],"curies":[{"name":"wp","href":"https:\/\/api.w.org\/{rel}","templated":true}]}}