{"id":78869,"date":"2025-03-27T11:24:40","date_gmt":"2025-03-27T08:24:40","guid":{"rendered":"https:\/\/kibrisdakik.com\/index.php\/2025\/03\/27\/gonyeli-cemberi-ile-bogaz-kavsagi-arasinda-patlatma-calismasi-yapilacak\/"},"modified":"2025-03-27T11:24:40","modified_gmt":"2025-03-27T08:24:40","slug":"gonyeli-cemberi-ile-bogaz-kavsagi-arasinda-patlatma-calismasi-yapilacak","status":"publish","type":"post","link":"https:\/\/kibrisdakik.com\/?p=78869","title":{"rendered":"G\u00f6nyeli \u00c7emberi ile Bo\u011faz kav\u015fa\u011f\u0131 aras\u0131nda patlatma \u00e7al\u0131\u015fmas\u0131 yap\u0131lacak"},"content":{"rendered":"<div>\n<div class=\"mariselle-image-container none\">\n                                            <\/div>\n<p style=\"font-weight: 300;\"><span style=\"font-weight: 300 !important;\">Karayollar\u0131 Dairesi, G\u00f6nyeli \u00e7emberi ile Bo\u011faz kav\u015fa\u011f\u0131 aras\u0131nda devam eden k\u00f6pr\u00fcl\u00fc kav\u015fak in\u015fa \u00e7al\u0131\u015fmalar\u0131 kapsam\u0131nda bug\u00fcn 12.00 ile 13.00 saatleri aras\u0131nda patlatma faaliyeti yap\u0131laca\u011f\u0131n\u0131 duyurdu.<\/span><\/p>\n<p style=\"font-weight: 300;\">A\u00e7\u0131klamada, bu s\u00fcrede trafi\u011fin kontroll\u00fc sa\u011flanaca\u011f\u0131 kaydedilerek, bu g\u00fczerg\u00e2h\u0131 kullanacak s\u00fcr\u00fcc\u00fclerin can ve mal g\u00fcvenli\u011fi a\u00e7\u0131s\u0131ndan dikkatli ve yava\u015f seyretmeleri, trafik i\u015faret ve i\u015faret\u00e7ilerine uymalar\u0131 istendi.<\/p>\n<p>\u00a0<\/p>\n<\/p><\/div>\n<p><script async\n                    defer\n                    crossorigin=\"anonymous\"\n                    src=\"https:\/\/connect.facebook.net\/tr_TR\/sdk.js#xfbml=1&#038;version=v3.3\"\n            ><\/script><\/p>\n","protected":false},"excerpt":{"rendered":"<p>Karayollar\u0131 Dairesi, G\u00f6nyeli \u00e7emberi ile Bo\u011faz kav\u015fa\u011f\u0131 aras\u0131nda devam eden k\u00f6pr\u00fcl\u00fc kav\u015fak in\u015fa \u00e7al\u0131\u015fmalar\u0131 kapsam\u0131nda bug\u00fcn 12.00 ile 13.00 saatleri aras\u0131nda patlatma faaliyeti yap\u0131laca\u011f\u0131n\u0131 duyurdu. A\u00e7\u0131klamada, bu s\u00fcrede trafi\u011fin kontroll\u00fc sa\u011flanaca\u011f\u0131 kaydedilerek, bu g\u00fczerg\u00e2h\u0131 kullanacak s\u00fcr\u00fcc\u00fclerin can ve mal g\u00fcvenli\u011fi a\u00e7\u0131s\u0131ndan dikkatli ve yava\u015f seyretmeleri, trafik i\u015faret ve i\u015faret\u00e7ilerine uymalar\u0131 istendi. \u00a0<\/p>\n","protected":false},"author":1,"featured_media":74983,"comment_status":"open","ping_status":"open","sticky":false,"template":"","format":"standard","meta":{"footnotes":""},"categories":[81,101],"tags":[],"class_list":["post-78869","post","type-post","status-publish","format-standard","has-post-thumbnail","hentry","category-kibris","category-manset"],"yoast_head":"<!-- This site is optimized with the Yoast SEO plugin v27.5 - https:\/\/yoast.com\/product\/yoast-seo-wordpress\/ -->\n<title>G\u00f6nyeli \u00c7emberi ile Bo\u011faz kav\u015fa\u011f\u0131 aras\u0131nda patlatma \u00e7al\u0131\u015fmas\u0131 yap\u0131lacak -<\/title>\n<meta name=\"robots\" content=\"index, follow, max-snippet:-1, max-image-preview:large, max-video-preview:-1\" \/>\n<link rel=\"canonical\" href=\"https:\/\/kibrisdakik.com\/?p=78869\" \/>\n<meta property=\"og:locale\" content=\"tr_TR\" \/>\n<meta property=\"og:type\" content=\"article\" \/>\n<meta property=\"og:title\" content=\"G\u00f6nyeli \u00c7emberi ile Bo\u011faz kav\u015fa\u011f\u0131 aras\u0131nda patlatma \u00e7al\u0131\u015fmas\u0131 yap\u0131lacak -\" \/>\n<meta property=\"og:description\" content=\"Karayollar\u0131 Dairesi, G\u00f6nyeli \u00e7emberi ile Bo\u011faz kav\u015fa\u011f\u0131 aras\u0131nda devam eden k\u00f6pr\u00fcl\u00fc kav\u015fak in\u015fa \u00e7al\u0131\u015fmalar\u0131 kapsam\u0131nda bug\u00fcn 12.00 ile 13.00 saatleri aras\u0131nda patlatma faaliyeti yap\u0131laca\u011f\u0131n\u0131 duyurdu. A\u00e7\u0131klamada, bu s\u00fcrede trafi\u011fin kontroll\u00fc sa\u011flanaca\u011f\u0131 kaydedilerek, bu g\u00fczerg\u00e2h\u0131 kullanacak s\u00fcr\u00fcc\u00fclerin can ve mal g\u00fcvenli\u011fi a\u00e7\u0131s\u0131ndan dikkatli ve yava\u015f seyretmeleri, trafik i\u015faret ve i\u015faret\u00e7ilerine uymalar\u0131 istendi. \u00a0\" \/>\n<meta property=\"og:url\" content=\"https:\/\/kibrisdakik.com\/?p=78869\" \/>\n<meta property=\"article:published_time\" content=\"2025-03-27T08:24:40+00:00\" \/>\n<meta property=\"og:image\" content=\"https:\/\/kibrisdakik.com\/wp-content\/uploads\/2025\/02\/1738656142678karayollari-dairesi9-740x420.jpg\" \/>\n\t<meta property=\"og:image:width\" content=\"971\" \/>\n\t<meta property=\"og:image:height\" content=\"551\" \/>\n\t<meta property=\"og:image:type\" content=\"image\/jpeg\" \/>\n<meta name=\"author\" content=\"admin\" \/>\n<meta name=\"twitter:card\" content=\"summary_large_image\" \/>\n<meta name=\"twitter:label1\" content=\"Yazan:\" \/>\n\t<meta name=\"twitter:data1\" content=\"admin\" \/>\n<script type=\"application\/ld+json\" class=\"yoast-schema-graph\">{\"@context\":\"https:\\\/\\\/schema.org\",\"@graph\":[{\"@type\":\"Article\",\"@id\":\"https:\\\/\\\/kibrisdakik.com\\\/?p=78869#article\",\"isPartOf\":{\"@id\":\"https:\\\/\\\/kibrisdakik.com\\\/?p=78869\"},\"author\":{\"name\":\"admin\",\"@id\":\"https:\\\/\\\/kibrisdakik.com\\\/#\\\/schema\\\/person\\\/9cd9d437bbb44f72b73ba127e06d8e79\"},\"headline\":\"G\u00f6nyeli \u00c7emberi ile Bo\u011faz kav\u015fa\u011f\u0131 aras\u0131nda patlatma \u00e7al\u0131\u015fmas\u0131 yap\u0131lacak\",\"datePublished\":\"2025-03-27T08:24:40+00:00\",\"mainEntityOfPage\":{\"@id\":\"https:\\\/\\\/kibrisdakik.com\\\/?p=78869\"},\"wordCount\":94,\"commentCount\":0,\"image\":{\"@id\":\"https:\\\/\\\/kibrisdakik.com\\\/?p=78869#primaryimage\"},\"thumbnailUrl\":\"https:\\\/\\\/kibrisdakik.com\\\/wp-content\\\/uploads\\\/2025\\\/02\\\/1738656142678karayollari-dairesi9-740x420.jpg\",\"articleSection\":[\"K\u0131br\u0131s\",\"Man\u015fet\"],\"inLanguage\":\"tr\",\"potentialAction\":[{\"@type\":\"CommentAction\",\"name\":\"Comment\",\"target\":[\"https:\\\/\\\/kibrisdakik.com\\\/?p=78869#respond\"]}]},{\"@type\":\"WebPage\",\"@id\":\"https:\\\/\\\/kibrisdakik.com\\\/?p=78869\",\"url\":\"https:\\\/\\\/kibrisdakik.com\\\/?p=78869\",\"name\":\"G\u00f6nyeli \u00c7emberi ile Bo\u011faz kav\u015fa\u011f\u0131 aras\u0131nda patlatma \u00e7al\u0131\u015fmas\u0131 yap\u0131lacak -\",\"isPartOf\":{\"@id\":\"https:\\\/\\\/kibrisdakik.com\\\/#website\"},\"primaryImageOfPage\":{\"@id\":\"https:\\\/\\\/kibrisdakik.com\\\/?p=78869#primaryimage\"},\"image\":{\"@id\":\"https:\\\/\\\/kibrisdakik.com\\\/?p=78869#primaryimage\"},\"thumbnailUrl\":\"https:\\\/\\\/kibrisdakik.com\\\/wp-content\\\/uploads\\\/2025\\\/02\\\/1738656142678karayollari-dairesi9-740x420.jpg\",\"datePublished\":\"2025-03-27T08:24:40+00:00\",\"author\":{\"@id\":\"https:\\\/\\\/kibrisdakik.com\\\/#\\\/schema\\\/person\\\/9cd9d437bbb44f72b73ba127e06d8e79\"},\"breadcrumb\":{\"@id\":\"https:\\\/\\\/kibrisdakik.com\\\/?p=78869#breadcrumb\"},\"inLanguage\":\"tr\",\"potentialAction\":[{\"@type\":\"ReadAction\",\"target\":[\"https:\\\/\\\/kibrisdakik.com\\\/?p=78869\"]}]},{\"@type\":\"ImageObject\",\"inLanguage\":\"tr\",\"@id\":\"https:\\\/\\\/kibrisdakik.com\\\/?p=78869#primaryimage\",\"url\":\"https:\\\/\\\/kibrisdakik.com\\\/wp-content\\\/uploads\\\/2025\\\/02\\\/1738656142678karayollari-dairesi9-740x420.jpg\",\"contentUrl\":\"https:\\\/\\\/kibrisdakik.com\\\/wp-content\\\/uploads\\\/2025\\\/02\\\/1738656142678karayollari-dairesi9-740x420.jpg\",\"width\":971,\"height\":551},{\"@type\":\"BreadcrumbList\",\"@id\":\"https:\\\/\\\/kibrisdakik.com\\\/?p=78869#breadcrumb\",\"itemListElement\":[{\"@type\":\"ListItem\",\"position\":1,\"name\":\"Home\",\"item\":\"https:\\\/\\\/kibrisdakik.com\\\/\"},{\"@type\":\"ListItem\",\"position\":2,\"name\":\"G\u00f6nyeli \u00c7emberi ile Bo\u011faz kav\u015fa\u011f\u0131 aras\u0131nda patlatma \u00e7al\u0131\u015fmas\u0131 yap\u0131lacak\"}]},{\"@type\":\"WebSite\",\"@id\":\"https:\\\/\\\/kibrisdakik.com\\\/#website\",\"url\":\"https:\\\/\\\/kibrisdakik.com\\\/\",\"name\":\"\",\"description\":\"Tam vaktinde haber\",\"potentialAction\":[{\"@type\":\"SearchAction\",\"target\":{\"@type\":\"EntryPoint\",\"urlTemplate\":\"https:\\\/\\\/kibrisdakik.com\\\/?s={search_term_string}\"},\"query-input\":{\"@type\":\"PropertyValueSpecification\",\"valueRequired\":true,\"valueName\":\"search_term_string\"}}],\"inLanguage\":\"tr\"},{\"@type\":\"Person\",\"@id\":\"https:\\\/\\\/kibrisdakik.com\\\/#\\\/schema\\\/person\\\/9cd9d437bbb44f72b73ba127e06d8e79\",\"name\":\"admin\",\"image\":{\"@type\":\"ImageObject\",\"inLanguage\":\"tr\",\"@id\":\"https:\\\/\\\/secure.gravatar.com\\\/avatar\\\/ccc17943b9d660506c869530f897617f7cb1c21a4bf30023f252596d83e1f007?s=96&d=mm&r=g\",\"url\":\"https:\\\/\\\/secure.gravatar.com\\\/avatar\\\/ccc17943b9d660506c869530f897617f7cb1c21a4bf30023f252596d83e1f007?s=96&d=mm&r=g\",\"contentUrl\":\"https:\\\/\\\/secure.gravatar.com\\\/avatar\\\/ccc17943b9d660506c869530f897617f7cb1c21a4bf30023f252596d83e1f007?s=96&d=mm&r=g\",\"caption\":\"admin\"},\"sameAs\":[\"https:\\\/\\\/kibrisdakik.com\"],\"url\":\"https:\\\/\\\/kibrisdakik.com\\\/?author=1\"}]}<\/script>\n<!-- \/ Yoast SEO plugin. -->","yoast_head_json":{"title":"G\u00f6nyeli \u00c7emberi ile Bo\u011faz kav\u015fa\u011f\u0131 aras\u0131nda patlatma \u00e7al\u0131\u015fmas\u0131 yap\u0131lacak -","robots":{"index":"index","follow":"follow","max-snippet":"max-snippet:-1","max-image-preview":"max-image-preview:large","max-video-preview":"max-video-preview:-1"},"canonical":"https:\/\/kibrisdakik.com\/?p=78869","og_locale":"tr_TR","og_type":"article","og_title":"G\u00f6nyeli \u00c7emberi ile Bo\u011faz kav\u015fa\u011f\u0131 aras\u0131nda patlatma \u00e7al\u0131\u015fmas\u0131 yap\u0131lacak -","og_description":"Karayollar\u0131 Dairesi, G\u00f6nyeli \u00e7emberi ile Bo\u011faz kav\u015fa\u011f\u0131 aras\u0131nda devam eden k\u00f6pr\u00fcl\u00fc kav\u015fak in\u015fa \u00e7al\u0131\u015fmalar\u0131 kapsam\u0131nda bug\u00fcn 12.00 ile 13.00 saatleri aras\u0131nda patlatma faaliyeti yap\u0131laca\u011f\u0131n\u0131 duyurdu. A\u00e7\u0131klamada, bu s\u00fcrede trafi\u011fin kontroll\u00fc sa\u011flanaca\u011f\u0131 kaydedilerek, bu g\u00fczerg\u00e2h\u0131 kullanacak s\u00fcr\u00fcc\u00fclerin can ve mal g\u00fcvenli\u011fi a\u00e7\u0131s\u0131ndan dikkatli ve yava\u015f seyretmeleri, trafik i\u015faret ve i\u015faret\u00e7ilerine uymalar\u0131 istendi. \u00a0","og_url":"https:\/\/kibrisdakik.com\/?p=78869","article_published_time":"2025-03-27T08:24:40+00:00","og_image":[{"width":971,"height":551,"url":"https:\/\/kibrisdakik.com\/wp-content\/uploads\/2025\/02\/1738656142678karayollari-dairesi9-740x420.jpg","type":"image\/jpeg"}],"author":"admin","twitter_card":"summary_large_image","twitter_misc":{"Yazan:":"admin"},"schema":{"@context":"https:\/\/schema.org","@graph":[{"@type":"Article","@id":"https:\/\/kibrisdakik.com\/?p=78869#article","isPartOf":{"@id":"https:\/\/kibrisdakik.com\/?p=78869"},"author":{"name":"admin","@id":"https:\/\/kibrisdakik.com\/#\/schema\/person\/9cd9d437bbb44f72b73ba127e06d8e79"},"headline":"G\u00f6nyeli \u00c7emberi ile Bo\u011faz kav\u015fa\u011f\u0131 aras\u0131nda patlatma \u00e7al\u0131\u015fmas\u0131 yap\u0131lacak","datePublished":"2025-03-27T08:24:40+00:00","mainEntityOfPage":{"@id":"https:\/\/kibrisdakik.com\/?p=78869"},"wordCount":94,"commentCount":0,"image":{"@id":"https:\/\/kibrisdakik.com\/?p=78869#primaryimage"},"thumbnailUrl":"https:\/\/kibrisdakik.com\/wp-content\/uploads\/2025\/02\/1738656142678karayollari-dairesi9-740x420.jpg","articleSection":["K\u0131br\u0131s","Man\u015fet"],"inLanguage":"tr","potentialAction":[{"@type":"CommentAction","name":"Comment","target":["https:\/\/kibrisdakik.com\/?p=78869#respond"]}]},{"@type":"WebPage","@id":"https:\/\/kibrisdakik.com\/?p=78869","url":"https:\/\/kibrisdakik.com\/?p=78869","name":"G\u00f6nyeli \u00c7emberi ile Bo\u011faz kav\u015fa\u011f\u0131 aras\u0131nda patlatma \u00e7al\u0131\u015fmas\u0131 yap\u0131lacak -","isPartOf":{"@id":"https:\/\/kibrisdakik.com\/#website"},"primaryImageOfPage":{"@id":"https:\/\/kibrisdakik.com\/?p=78869#primaryimage"},"image":{"@id":"https:\/\/kibrisdakik.com\/?p=78869#primaryimage"},"thumbnailUrl":"https:\/\/kibrisdakik.com\/wp-content\/uploads\/2025\/02\/1738656142678karayollari-dairesi9-740x420.jpg","datePublished":"2025-03-27T08:24:40+00:00","author":{"@id":"https:\/\/kibrisdakik.com\/#\/schema\/person\/9cd9d437bbb44f72b73ba127e06d8e79"},"breadcrumb":{"@id":"https:\/\/kibrisdakik.com\/?p=78869#breadcrumb"},"inLanguage":"tr","potentialAction":[{"@type":"ReadAction","target":["https:\/\/kibrisdakik.com\/?p=78869"]}]},{"@type":"ImageObject","inLanguage":"tr","@id":"https:\/\/kibrisdakik.com\/?p=78869#primaryimage","url":"https:\/\/kibrisdakik.com\/wp-content\/uploads\/2025\/02\/1738656142678karayollari-dairesi9-740x420.jpg","contentUrl":"https:\/\/kibrisdakik.com\/wp-content\/uploads\/2025\/02\/1738656142678karayollari-dairesi9-740x420.jpg","width":971,"height":551},{"@type":"BreadcrumbList","@id":"https:\/\/kibrisdakik.com\/?p=78869#breadcrumb","itemListElement":[{"@type":"ListItem","position":1,"name":"Home","item":"https:\/\/kibrisdakik.com\/"},{"@type":"ListItem","position":2,"name":"G\u00f6nyeli \u00c7emberi ile Bo\u011faz kav\u015fa\u011f\u0131 aras\u0131nda patlatma \u00e7al\u0131\u015fmas\u0131 yap\u0131lacak"}]},{"@type":"WebSite","@id":"https:\/\/kibrisdakik.com\/#website","url":"https:\/\/kibrisdakik.com\/","name":"","description":"Tam vaktinde haber","potentialAction":[{"@type":"SearchAction","target":{"@type":"EntryPoint","urlTemplate":"https:\/\/kibrisdakik.com\/?s={search_term_string}"},"query-input":{"@type":"PropertyValueSpecification","valueRequired":true,"valueName":"search_term_string"}}],"inLanguage":"tr"},{"@type":"Person","@id":"https:\/\/kibrisdakik.com\/#\/schema\/person\/9cd9d437bbb44f72b73ba127e06d8e79","name":"admin","image":{"@type":"ImageObject","inLanguage":"tr","@id":"https:\/\/secure.gravatar.com\/avatar\/ccc17943b9d660506c869530f897617f7cb1c21a4bf30023f252596d83e1f007?s=96&d=mm&r=g","url":"https:\/\/secure.gravatar.com\/avatar\/ccc17943b9d660506c869530f897617f7cb1c21a4bf30023f252596d83e1f007?s=96&d=mm&r=g","contentUrl":"https:\/\/secure.gravatar.com\/avatar\/ccc17943b9d660506c869530f897617f7cb1c21a4bf30023f252596d83e1f007?s=96&d=mm&r=g","caption":"admin"},"sameAs":["https:\/\/kibrisdakik.com"],"url":"https:\/\/kibrisdakik.com\/?author=1"}]}},"_links":{"self":[{"href":"https:\/\/kibrisdakik.com\/index.php?rest_route=\/wp\/v2\/posts\/78869","targetHints":{"allow":["GET"]}}],"collection":[{"href":"https:\/\/kibrisdakik.com\/index.php?rest_route=\/wp\/v2\/posts"}],"about":[{"href":"https:\/\/kibrisdakik.com\/index.php?rest_route=\/wp\/v2\/types\/post"}],"author":[{"embeddable":true,"href":"https:\/\/kibrisdakik.com\/index.php?rest_route=\/wp\/v2\/users\/1"}],"replies":[{"embeddable":true,"href":"https:\/\/kibrisdakik.com\/index.php?rest_route=%2Fwp%2Fv2%2Fcomments&post=78869"}],"version-history":[{"count":0,"href":"https:\/\/kibrisdakik.com\/index.php?rest_route=\/wp\/v2\/posts\/78869\/revisions"}],"wp:featuredmedia":[{"embeddable":true,"href":"https:\/\/kibrisdakik.com\/index.php?rest_route=\/wp\/v2\/media\/74983"}],"wp:attachment":[{"href":"https:\/\/kibrisdakik.com\/index.php?rest_route=%2Fwp%2Fv2%2Fmedia&parent=78869"}],"wp:term":[{"taxonomy":"category","embeddable":true,"href":"https:\/\/kibrisdakik.com\/index.php?rest_route=%2Fwp%2Fv2%2Fcategories&post=78869"},{"taxonomy":"post_tag","embeddable":true,"href":"https:\/\/kibrisdakik.com\/index.php?rest_route=%2Fwp%2Fv2%2Ftags&post=78869"}],"curies":[{"name":"wp","href":"https:\/\/api.w.org\/{rel}","templated":true}]}}