{"id":78876,"date":"2025-03-27T13:03:01","date_gmt":"2025-03-27T10:03:01","guid":{"rendered":"https:\/\/kibrisdakik.com\/index.php\/2025\/03\/27\/23-marttaki-trafik-kazasinda-agir-yaralanan-29-yasindaki-chari-hayatini-kaybetti\/"},"modified":"2025-03-27T13:03:01","modified_gmt":"2025-03-27T10:03:01","slug":"23-marttaki-trafik-kazasinda-agir-yaralanan-29-yasindaki-chari-hayatini-kaybetti","status":"publish","type":"post","link":"https:\/\/kibrisdakik.com\/?p=78876","title":{"rendered":"23 Mart\u2019taki trafik kazas\u0131nda a\u011f\u0131r yaralanan 29 ya\u015f\u0131ndaki Chari hayat\u0131n\u0131 kaybetti"},"content":{"rendered":"<div>\n<div class=\"mariselle-image-container none\">\n                                            <\/div>\n<p style=\"font-weight: 300 !important;\"><span style=\"font-weight: 300 !important;\">K\u00fc\u00e7\u00fckerenk\u00f6y-Tatl\u0131su ana yolunda 23 Mart\u2019ta meydana gelen trafik kazas\u0131nda a\u011f\u0131r yaralanan 29 ya\u015f\u0131ndaki Walter Tawanda Chari, tedavi g\u00f6rd\u00fc\u011f\u00fc Lefko\u015fa Dr. Burhan Nalbanto\u011flu Devlet Hastanesi Triaj Yo\u011fun Bak\u0131m servisinde yap\u0131lan t\u00fcm m\u00fcdahalelere ra\u011fmen kurtar\u0131lmayarak hayat\u0131n\u0131 kaybetti.<\/span><\/p>\n<p style=\"font-weight: 300 !important;\">Polis Bas\u0131n Subayl\u0131\u011f\u0131\u2019ndan verilen bilgiye g\u00f6re, Chari bug\u00fcn ya\u015fam\u0131n\u0131 yitirdi.<\/p>\n<p style=\"font-weight: 300 !important;\">Kaza, 23 Mart\u2019ta saat 00.30\u2019da K\u00fc\u00e7\u00fckerenk\u00f6y-Tatl\u0131su ana yolunun 2-3\u2019\u00fcnc\u00fc kilometreleri aras\u0131nda meydana gelmi\u015fti. Christopher Stefan Sutton (E-27) y\u00f6netimindeki PK 625 plakal\u0131 ara\u00e7ta yolcu olarak bulunan Walter TAWANDA Chari (E-29) a\u011f\u0131r yaralanm\u0131\u015ft\u0131.<\/p>\n<p style=\"font-weight: 300 !important;\">Polisin kazayla ilgili soru\u015fturmas\u0131 kapsam\u0131nda ara\u00e7 s\u00fcr\u00fcc\u00fcs\u00fc Christopher Stefan Sutton\u2019un halen poliste tutuklu bulundu\u011fu kaydedildi.<\/p>\n<p style=\"font-weight: 300 !important;\">Chari\u2019nin \u00f6l\u00fcm\u00fcyle 2025 y\u0131l\u0131ndaki trafik kazalar\u0131nda hayat\u0131n\u0131 kaybedenlerin say\u0131s\u0131 14\u2019e y\u00fckseldi.<\/p>\n<\/div>\n<p><script async\n                    defer\n                    crossorigin=\"anonymous\"\n                    src=\"https:\/\/connect.facebook.net\/tr_TR\/sdk.js#xfbml=1&#038;version=v3.3\"\n            ><\/script><\/p>\n","protected":false},"excerpt":{"rendered":"<p>K\u00fc\u00e7\u00fckerenk\u00f6y-Tatl\u0131su ana yolunda 23 Mart\u2019ta meydana gelen trafik kazas\u0131nda a\u011f\u0131r yaralanan 29 ya\u015f\u0131ndaki Walter Tawanda Chari, tedavi g\u00f6rd\u00fc\u011f\u00fc Lefko\u015fa Dr. Burhan Nalbanto\u011flu Devlet Hastanesi Triaj Yo\u011fun Bak\u0131m servisinde yap\u0131lan t\u00fcm m\u00fcdahalelere ra\u011fmen kurtar\u0131lmayarak hayat\u0131n\u0131 kaybetti. Polis Bas\u0131n Subayl\u0131\u011f\u0131\u2019ndan verilen bilgiye g\u00f6re, Chari bug\u00fcn ya\u015fam\u0131n\u0131 yitirdi. Kaza, 23 Mart\u2019ta saat 00.30\u2019da K\u00fc\u00e7\u00fckerenk\u00f6y-Tatl\u0131su ana yolunun 2-3\u2019\u00fcnc\u00fc kilometreleri<\/p>\n","protected":false},"author":1,"featured_media":78691,"comment_status":"open","ping_status":"open","sticky":false,"template":"","format":"standard","meta":{"footnotes":""},"categories":[81,101],"tags":[],"class_list":["post-78876","post","type-post","status-publish","format-standard","has-post-thumbnail","hentry","category-kibris","category-manset"],"yoast_head":"<!-- This site is optimized with the Yoast SEO plugin v27.4 - https:\/\/yoast.com\/product\/yoast-seo-wordpress\/ -->\n<title>23 Mart\u2019taki trafik kazas\u0131nda a\u011f\u0131r yaralanan 29 ya\u015f\u0131ndaki Chari hayat\u0131n\u0131 kaybetti -<\/title>\n<meta name=\"robots\" content=\"index, follow, max-snippet:-1, max-image-preview:large, max-video-preview:-1\" \/>\n<link rel=\"canonical\" href=\"https:\/\/kibrisdakik.com\/?p=78876\" \/>\n<meta property=\"og:locale\" content=\"tr_TR\" \/>\n<meta property=\"og:type\" content=\"article\" \/>\n<meta property=\"og:title\" content=\"23 Mart\u2019taki trafik kazas\u0131nda a\u011f\u0131r yaralanan 29 ya\u015f\u0131ndaki Chari hayat\u0131n\u0131 kaybetti -\" \/>\n<meta property=\"og:description\" content=\"K\u00fc\u00e7\u00fckerenk\u00f6y-Tatl\u0131su ana yolunda 23 Mart\u2019ta meydana gelen trafik kazas\u0131nda a\u011f\u0131r yaralanan 29 ya\u015f\u0131ndaki Walter Tawanda Chari, tedavi g\u00f6rd\u00fc\u011f\u00fc Lefko\u015fa Dr. Burhan Nalbanto\u011flu Devlet Hastanesi Triaj Yo\u011fun Bak\u0131m servisinde yap\u0131lan t\u00fcm m\u00fcdahalelere ra\u011fmen kurtar\u0131lmayarak hayat\u0131n\u0131 kaybetti. Polis Bas\u0131n Subayl\u0131\u011f\u0131\u2019ndan verilen bilgiye g\u00f6re, Chari bug\u00fcn ya\u015fam\u0131n\u0131 yitirdi. Kaza, 23 Mart\u2019ta saat 00.30\u2019da K\u00fc\u00e7\u00fckerenk\u00f6y-Tatl\u0131su ana yolunun 2-3\u2019\u00fcnc\u00fc kilometreleri\" \/>\n<meta property=\"og:url\" content=\"https:\/\/kibrisdakik.com\/?p=78876\" \/>\n<meta property=\"article:published_time\" content=\"2025-03-27T10:03:01+00:00\" \/>\n<meta property=\"og:image\" content=\"https:\/\/kibrisdakik.com\/wp-content\/uploads\/2025\/03\/1742893484511olum32.jpg\" \/>\n\t<meta property=\"og:image:width\" content=\"460\" \/>\n\t<meta property=\"og:image:height\" content=\"276\" \/>\n\t<meta property=\"og:image:type\" content=\"image\/jpeg\" \/>\n<meta name=\"author\" content=\"admin\" \/>\n<meta name=\"twitter:card\" content=\"summary_large_image\" \/>\n<meta name=\"twitter:label1\" content=\"Yazan:\" \/>\n\t<meta name=\"twitter:data1\" content=\"admin\" \/>\n\t<meta name=\"twitter:label2\" content=\"Tahmini okuma s\u00fcresi\" \/>\n\t<meta name=\"twitter:data2\" content=\"1 dakika\" \/>\n<script type=\"application\/ld+json\" class=\"yoast-schema-graph\">{\"@context\":\"https:\\\/\\\/schema.org\",\"@graph\":[{\"@type\":\"Article\",\"@id\":\"https:\\\/\\\/kibrisdakik.com\\\/?p=78876#article\",\"isPartOf\":{\"@id\":\"https:\\\/\\\/kibrisdakik.com\\\/?p=78876\"},\"author\":{\"name\":\"admin\",\"@id\":\"https:\\\/\\\/kibrisdakik.com\\\/#\\\/schema\\\/person\\\/9cd9d437bbb44f72b73ba127e06d8e79\"},\"headline\":\"23 Mart\u2019taki trafik kazas\u0131nda a\u011f\u0131r yaralanan 29 ya\u015f\u0131ndaki Chari hayat\u0131n\u0131 kaybetti\",\"datePublished\":\"2025-03-27T10:03:01+00:00\",\"mainEntityOfPage\":{\"@id\":\"https:\\\/\\\/kibrisdakik.com\\\/?p=78876\"},\"wordCount\":162,\"commentCount\":0,\"image\":{\"@id\":\"https:\\\/\\\/kibrisdakik.com\\\/?p=78876#primaryimage\"},\"thumbnailUrl\":\"https:\\\/\\\/kibrisdakik.com\\\/wp-content\\\/uploads\\\/2025\\\/03\\\/1742893484511olum32.jpg\",\"articleSection\":[\"K\u0131br\u0131s\",\"Man\u015fet\"],\"inLanguage\":\"tr\",\"potentialAction\":[{\"@type\":\"CommentAction\",\"name\":\"Comment\",\"target\":[\"https:\\\/\\\/kibrisdakik.com\\\/?p=78876#respond\"]}]},{\"@type\":\"WebPage\",\"@id\":\"https:\\\/\\\/kibrisdakik.com\\\/?p=78876\",\"url\":\"https:\\\/\\\/kibrisdakik.com\\\/?p=78876\",\"name\":\"23 Mart\u2019taki trafik kazas\u0131nda a\u011f\u0131r yaralanan 29 ya\u015f\u0131ndaki Chari hayat\u0131n\u0131 kaybetti -\",\"isPartOf\":{\"@id\":\"https:\\\/\\\/kibrisdakik.com\\\/#website\"},\"primaryImageOfPage\":{\"@id\":\"https:\\\/\\\/kibrisdakik.com\\\/?p=78876#primaryimage\"},\"image\":{\"@id\":\"https:\\\/\\\/kibrisdakik.com\\\/?p=78876#primaryimage\"},\"thumbnailUrl\":\"https:\\\/\\\/kibrisdakik.com\\\/wp-content\\\/uploads\\\/2025\\\/03\\\/1742893484511olum32.jpg\",\"datePublished\":\"2025-03-27T10:03:01+00:00\",\"author\":{\"@id\":\"https:\\\/\\\/kibrisdakik.com\\\/#\\\/schema\\\/person\\\/9cd9d437bbb44f72b73ba127e06d8e79\"},\"breadcrumb\":{\"@id\":\"https:\\\/\\\/kibrisdakik.com\\\/?p=78876#breadcrumb\"},\"inLanguage\":\"tr\",\"potentialAction\":[{\"@type\":\"ReadAction\",\"target\":[\"https:\\\/\\\/kibrisdakik.com\\\/?p=78876\"]}]},{\"@type\":\"ImageObject\",\"inLanguage\":\"tr\",\"@id\":\"https:\\\/\\\/kibrisdakik.com\\\/?p=78876#primaryimage\",\"url\":\"https:\\\/\\\/kibrisdakik.com\\\/wp-content\\\/uploads\\\/2025\\\/03\\\/1742893484511olum32.jpg\",\"contentUrl\":\"https:\\\/\\\/kibrisdakik.com\\\/wp-content\\\/uploads\\\/2025\\\/03\\\/1742893484511olum32.jpg\",\"width\":460,\"height\":276},{\"@type\":\"BreadcrumbList\",\"@id\":\"https:\\\/\\\/kibrisdakik.com\\\/?p=78876#breadcrumb\",\"itemListElement\":[{\"@type\":\"ListItem\",\"position\":1,\"name\":\"Home\",\"item\":\"https:\\\/\\\/kibrisdakik.com\\\/\"},{\"@type\":\"ListItem\",\"position\":2,\"name\":\"23 Mart\u2019taki trafik kazas\u0131nda a\u011f\u0131r yaralanan 29 ya\u015f\u0131ndaki Chari hayat\u0131n\u0131 kaybetti\"}]},{\"@type\":\"WebSite\",\"@id\":\"https:\\\/\\\/kibrisdakik.com\\\/#website\",\"url\":\"https:\\\/\\\/kibrisdakik.com\\\/\",\"name\":\"\",\"description\":\"Tam vaktinde haber\",\"potentialAction\":[{\"@type\":\"SearchAction\",\"target\":{\"@type\":\"EntryPoint\",\"urlTemplate\":\"https:\\\/\\\/kibrisdakik.com\\\/?s={search_term_string}\"},\"query-input\":{\"@type\":\"PropertyValueSpecification\",\"valueRequired\":true,\"valueName\":\"search_term_string\"}}],\"inLanguage\":\"tr\"},{\"@type\":\"Person\",\"@id\":\"https:\\\/\\\/kibrisdakik.com\\\/#\\\/schema\\\/person\\\/9cd9d437bbb44f72b73ba127e06d8e79\",\"name\":\"admin\",\"image\":{\"@type\":\"ImageObject\",\"inLanguage\":\"tr\",\"@id\":\"https:\\\/\\\/secure.gravatar.com\\\/avatar\\\/ccc17943b9d660506c869530f897617f7cb1c21a4bf30023f252596d83e1f007?s=96&d=mm&r=g\",\"url\":\"https:\\\/\\\/secure.gravatar.com\\\/avatar\\\/ccc17943b9d660506c869530f897617f7cb1c21a4bf30023f252596d83e1f007?s=96&d=mm&r=g\",\"contentUrl\":\"https:\\\/\\\/secure.gravatar.com\\\/avatar\\\/ccc17943b9d660506c869530f897617f7cb1c21a4bf30023f252596d83e1f007?s=96&d=mm&r=g\",\"caption\":\"admin\"},\"sameAs\":[\"https:\\\/\\\/kibrisdakik.com\"],\"url\":\"https:\\\/\\\/kibrisdakik.com\\\/?author=1\"}]}<\/script>\n<!-- \/ Yoast SEO plugin. -->","yoast_head_json":{"title":"23 Mart\u2019taki trafik kazas\u0131nda a\u011f\u0131r yaralanan 29 ya\u015f\u0131ndaki Chari hayat\u0131n\u0131 kaybetti -","robots":{"index":"index","follow":"follow","max-snippet":"max-snippet:-1","max-image-preview":"max-image-preview:large","max-video-preview":"max-video-preview:-1"},"canonical":"https:\/\/kibrisdakik.com\/?p=78876","og_locale":"tr_TR","og_type":"article","og_title":"23 Mart\u2019taki trafik kazas\u0131nda a\u011f\u0131r yaralanan 29 ya\u015f\u0131ndaki Chari hayat\u0131n\u0131 kaybetti -","og_description":"K\u00fc\u00e7\u00fckerenk\u00f6y-Tatl\u0131su ana yolunda 23 Mart\u2019ta meydana gelen trafik kazas\u0131nda a\u011f\u0131r yaralanan 29 ya\u015f\u0131ndaki Walter Tawanda Chari, tedavi g\u00f6rd\u00fc\u011f\u00fc Lefko\u015fa Dr. Burhan Nalbanto\u011flu Devlet Hastanesi Triaj Yo\u011fun Bak\u0131m servisinde yap\u0131lan t\u00fcm m\u00fcdahalelere ra\u011fmen kurtar\u0131lmayarak hayat\u0131n\u0131 kaybetti. Polis Bas\u0131n Subayl\u0131\u011f\u0131\u2019ndan verilen bilgiye g\u00f6re, Chari bug\u00fcn ya\u015fam\u0131n\u0131 yitirdi. Kaza, 23 Mart\u2019ta saat 00.30\u2019da K\u00fc\u00e7\u00fckerenk\u00f6y-Tatl\u0131su ana yolunun 2-3\u2019\u00fcnc\u00fc kilometreleri","og_url":"https:\/\/kibrisdakik.com\/?p=78876","article_published_time":"2025-03-27T10:03:01+00:00","og_image":[{"width":460,"height":276,"url":"https:\/\/kibrisdakik.com\/wp-content\/uploads\/2025\/03\/1742893484511olum32.jpg","type":"image\/jpeg"}],"author":"admin","twitter_card":"summary_large_image","twitter_misc":{"Yazan:":"admin","Tahmini okuma s\u00fcresi":"1 dakika"},"schema":{"@context":"https:\/\/schema.org","@graph":[{"@type":"Article","@id":"https:\/\/kibrisdakik.com\/?p=78876#article","isPartOf":{"@id":"https:\/\/kibrisdakik.com\/?p=78876"},"author":{"name":"admin","@id":"https:\/\/kibrisdakik.com\/#\/schema\/person\/9cd9d437bbb44f72b73ba127e06d8e79"},"headline":"23 Mart\u2019taki trafik kazas\u0131nda a\u011f\u0131r yaralanan 29 ya\u015f\u0131ndaki Chari hayat\u0131n\u0131 kaybetti","datePublished":"2025-03-27T10:03:01+00:00","mainEntityOfPage":{"@id":"https:\/\/kibrisdakik.com\/?p=78876"},"wordCount":162,"commentCount":0,"image":{"@id":"https:\/\/kibrisdakik.com\/?p=78876#primaryimage"},"thumbnailUrl":"https:\/\/kibrisdakik.com\/wp-content\/uploads\/2025\/03\/1742893484511olum32.jpg","articleSection":["K\u0131br\u0131s","Man\u015fet"],"inLanguage":"tr","potentialAction":[{"@type":"CommentAction","name":"Comment","target":["https:\/\/kibrisdakik.com\/?p=78876#respond"]}]},{"@type":"WebPage","@id":"https:\/\/kibrisdakik.com\/?p=78876","url":"https:\/\/kibrisdakik.com\/?p=78876","name":"23 Mart\u2019taki trafik kazas\u0131nda a\u011f\u0131r yaralanan 29 ya\u015f\u0131ndaki Chari hayat\u0131n\u0131 kaybetti -","isPartOf":{"@id":"https:\/\/kibrisdakik.com\/#website"},"primaryImageOfPage":{"@id":"https:\/\/kibrisdakik.com\/?p=78876#primaryimage"},"image":{"@id":"https:\/\/kibrisdakik.com\/?p=78876#primaryimage"},"thumbnailUrl":"https:\/\/kibrisdakik.com\/wp-content\/uploads\/2025\/03\/1742893484511olum32.jpg","datePublished":"2025-03-27T10:03:01+00:00","author":{"@id":"https:\/\/kibrisdakik.com\/#\/schema\/person\/9cd9d437bbb44f72b73ba127e06d8e79"},"breadcrumb":{"@id":"https:\/\/kibrisdakik.com\/?p=78876#breadcrumb"},"inLanguage":"tr","potentialAction":[{"@type":"ReadAction","target":["https:\/\/kibrisdakik.com\/?p=78876"]}]},{"@type":"ImageObject","inLanguage":"tr","@id":"https:\/\/kibrisdakik.com\/?p=78876#primaryimage","url":"https:\/\/kibrisdakik.com\/wp-content\/uploads\/2025\/03\/1742893484511olum32.jpg","contentUrl":"https:\/\/kibrisdakik.com\/wp-content\/uploads\/2025\/03\/1742893484511olum32.jpg","width":460,"height":276},{"@type":"BreadcrumbList","@id":"https:\/\/kibrisdakik.com\/?p=78876#breadcrumb","itemListElement":[{"@type":"ListItem","position":1,"name":"Home","item":"https:\/\/kibrisdakik.com\/"},{"@type":"ListItem","position":2,"name":"23 Mart\u2019taki trafik kazas\u0131nda a\u011f\u0131r yaralanan 29 ya\u015f\u0131ndaki Chari hayat\u0131n\u0131 kaybetti"}]},{"@type":"WebSite","@id":"https:\/\/kibrisdakik.com\/#website","url":"https:\/\/kibrisdakik.com\/","name":"","description":"Tam vaktinde haber","potentialAction":[{"@type":"SearchAction","target":{"@type":"EntryPoint","urlTemplate":"https:\/\/kibrisdakik.com\/?s={search_term_string}"},"query-input":{"@type":"PropertyValueSpecification","valueRequired":true,"valueName":"search_term_string"}}],"inLanguage":"tr"},{"@type":"Person","@id":"https:\/\/kibrisdakik.com\/#\/schema\/person\/9cd9d437bbb44f72b73ba127e06d8e79","name":"admin","image":{"@type":"ImageObject","inLanguage":"tr","@id":"https:\/\/secure.gravatar.com\/avatar\/ccc17943b9d660506c869530f897617f7cb1c21a4bf30023f252596d83e1f007?s=96&d=mm&r=g","url":"https:\/\/secure.gravatar.com\/avatar\/ccc17943b9d660506c869530f897617f7cb1c21a4bf30023f252596d83e1f007?s=96&d=mm&r=g","contentUrl":"https:\/\/secure.gravatar.com\/avatar\/ccc17943b9d660506c869530f897617f7cb1c21a4bf30023f252596d83e1f007?s=96&d=mm&r=g","caption":"admin"},"sameAs":["https:\/\/kibrisdakik.com"],"url":"https:\/\/kibrisdakik.com\/?author=1"}]}},"_links":{"self":[{"href":"https:\/\/kibrisdakik.com\/index.php?rest_route=\/wp\/v2\/posts\/78876","targetHints":{"allow":["GET"]}}],"collection":[{"href":"https:\/\/kibrisdakik.com\/index.php?rest_route=\/wp\/v2\/posts"}],"about":[{"href":"https:\/\/kibrisdakik.com\/index.php?rest_route=\/wp\/v2\/types\/post"}],"author":[{"embeddable":true,"href":"https:\/\/kibrisdakik.com\/index.php?rest_route=\/wp\/v2\/users\/1"}],"replies":[{"embeddable":true,"href":"https:\/\/kibrisdakik.com\/index.php?rest_route=%2Fwp%2Fv2%2Fcomments&post=78876"}],"version-history":[{"count":0,"href":"https:\/\/kibrisdakik.com\/index.php?rest_route=\/wp\/v2\/posts\/78876\/revisions"}],"wp:featuredmedia":[{"embeddable":true,"href":"https:\/\/kibrisdakik.com\/index.php?rest_route=\/wp\/v2\/media\/78691"}],"wp:attachment":[{"href":"https:\/\/kibrisdakik.com\/index.php?rest_route=%2Fwp%2Fv2%2Fmedia&parent=78876"}],"wp:term":[{"taxonomy":"category","embeddable":true,"href":"https:\/\/kibrisdakik.com\/index.php?rest_route=%2Fwp%2Fv2%2Fcategories&post=78876"},{"taxonomy":"post_tag","embeddable":true,"href":"https:\/\/kibrisdakik.com\/index.php?rest_route=%2Fwp%2Fv2%2Ftags&post=78876"}],"curies":[{"name":"wp","href":"https:\/\/api.w.org\/{rel}","templated":true}]}}