{"id":78927,"date":"2025-03-27T11:23:00","date_gmt":"2025-03-27T08:23:00","guid":{"rendered":"https:\/\/kibrisdakik.com\/index.php\/2025\/03\/27\/ozturkler-polis-genel-muduru-kuniyi-kabul-etti\/"},"modified":"2025-03-27T11:23:00","modified_gmt":"2025-03-27T08:23:00","slug":"ozturkler-polis-genel-muduru-kuniyi-kabul-etti","status":"publish","type":"post","link":"https:\/\/kibrisdakik.com\/?p=78927","title":{"rendered":"\u00d6zt\u00fcrkler, Polis Genel M\u00fcd\u00fcr\u00fc Kuni\u2019yi kabul etti"},"content":{"rendered":"<p><\/p>\n<div>\n<div class=\"mariselle-image-container none\">\n                <img loading=\"lazy\" decoding=\"async\" width=\"928\" height=\"453\" class=\"lazy-image\" alt=\"\" sizes=\"auto, (max-width: 928px) 100vw, 928px\" src=\"https:\/\/brtk.net\/wp-content\/uploads\/2025\/03\/27\/ozturkler-kuni-3.jpg?ver=c698cc49f64effd4dea02cc255e42962\" srcset=\"https:\/\/brtk.net\/wp-content\/uploads\/2025\/03\/27\/ozturkler-kuni-3.jpg?ver=c698cc49f64effd4dea02cc255e42962 928w, https:\/\/brtk.net\/wp-content\/uploads\/2025\/03\/27\/ozturkler-kuni-3-300x146.jpg?ver=6c817c56ee9a8df16e7295fe7751cb90 300w, https:\/\/brtk.net\/wp-content\/uploads\/2025\/03\/27\/ozturkler-kuni-3-768x375.jpg?ver=6c817c56ee9a8df16e7295fe7751cb90 768w\"\/>                            <\/div>\n<p>Cumhuriyet Meclisi Ba\u015fkan\u0131 Ziya \u00d6zt\u00fcrkler, Polis Genel M\u00fcd\u00fcr\u00fc Kas\u0131m Kuni\u2019yi kabul etti.<\/p>\n<p>Meclisten yap\u0131lan a\u00e7\u0131klamaya g\u00f6re, Meclis \u015eeref Salonunda yer alan kabulde PGM I. Yard\u0131mc\u0131s\u0131 Ali Adal\u0131er, II. Yard\u0131mc\u0131s\u0131 Kaan Resa Sa\u00e7ar da yer ald\u0131.<\/p>\n<\/p><\/div>\n<p><script async\n                    defer\n                    crossorigin=\"anonymous\"\n                    src=\"https:\/\/connect.facebook.net\/tr_TR\/sdk.js#xfbml=1&#038;version=v3.3\"\n            ><\/script><\/p>\n","protected":false},"excerpt":{"rendered":"<p>Cumhuriyet Meclisi Ba\u015fkan\u0131 Ziya \u00d6zt\u00fcrkler, Polis Genel M\u00fcd\u00fcr\u00fc Kas\u0131m Kuni\u2019yi kabul etti. Meclisten yap\u0131lan a\u00e7\u0131klamaya g\u00f6re, Meclis \u015eeref Salonunda yer alan kabulde PGM I. Yard\u0131mc\u0131s\u0131 Ali Adal\u0131er, II. Yard\u0131mc\u0131s\u0131 Kaan Resa Sa\u00e7ar da yer ald\u0131.<\/p>\n","protected":false},"author":1,"featured_media":78928,"comment_status":"open","ping_status":"open","sticky":false,"template":"","format":"standard","meta":{"footnotes":""},"categories":[1,101],"tags":[],"class_list":["post-78927","post","type-post","status-publish","format-standard","has-post-thumbnail","hentry","category-gundem","category-manset"],"yoast_head":"<!-- This site is optimized with the Yoast SEO plugin v27.4 - https:\/\/yoast.com\/product\/yoast-seo-wordpress\/ -->\n<title>\u00d6zt\u00fcrkler, Polis Genel M\u00fcd\u00fcr\u00fc Kuni\u2019yi kabul etti -<\/title>\n<meta name=\"robots\" content=\"index, follow, max-snippet:-1, max-image-preview:large, max-video-preview:-1\" \/>\n<link rel=\"canonical\" href=\"https:\/\/kibrisdakik.com\/?p=78927\" \/>\n<meta property=\"og:locale\" content=\"tr_TR\" \/>\n<meta property=\"og:type\" content=\"article\" \/>\n<meta property=\"og:title\" content=\"\u00d6zt\u00fcrkler, Polis Genel M\u00fcd\u00fcr\u00fc Kuni\u2019yi kabul etti -\" \/>\n<meta property=\"og:description\" content=\"Cumhuriyet Meclisi Ba\u015fkan\u0131 Ziya \u00d6zt\u00fcrkler, Polis Genel M\u00fcd\u00fcr\u00fc Kas\u0131m Kuni\u2019yi kabul etti. Meclisten yap\u0131lan a\u00e7\u0131klamaya g\u00f6re, Meclis \u015eeref Salonunda yer alan kabulde PGM I. Yard\u0131mc\u0131s\u0131 Ali Adal\u0131er, II. Yard\u0131mc\u0131s\u0131 Kaan Resa Sa\u00e7ar da yer ald\u0131.\" \/>\n<meta property=\"og:url\" content=\"https:\/\/kibrisdakik.com\/?p=78927\" \/>\n<meta property=\"article:published_time\" content=\"2025-03-27T08:23:00+00:00\" \/>\n<meta property=\"og:image\" content=\"https:\/\/kibrisdakik.com\/wp-content\/uploads\/2025\/03\/ozturkler-kuni-3-740x420.jpg\" \/>\n\t<meta property=\"og:image:width\" content=\"928\" \/>\n\t<meta property=\"og:image:height\" content=\"453\" \/>\n\t<meta property=\"og:image:type\" content=\"image\/jpeg\" \/>\n<meta name=\"author\" content=\"admin\" \/>\n<meta name=\"twitter:card\" content=\"summary_large_image\" \/>\n<meta name=\"twitter:label1\" content=\"Yazan:\" \/>\n\t<meta name=\"twitter:data1\" content=\"admin\" \/>\n<script type=\"application\/ld+json\" class=\"yoast-schema-graph\">{\"@context\":\"https:\\\/\\\/schema.org\",\"@graph\":[{\"@type\":\"Article\",\"@id\":\"https:\\\/\\\/kibrisdakik.com\\\/?p=78927#article\",\"isPartOf\":{\"@id\":\"https:\\\/\\\/kibrisdakik.com\\\/?p=78927\"},\"author\":{\"name\":\"admin\",\"@id\":\"https:\\\/\\\/kibrisdakik.com\\\/#\\\/schema\\\/person\\\/9cd9d437bbb44f72b73ba127e06d8e79\"},\"headline\":\"\u00d6zt\u00fcrkler, Polis Genel M\u00fcd\u00fcr\u00fc Kuni\u2019yi kabul etti\",\"datePublished\":\"2025-03-27T08:23:00+00:00\",\"mainEntityOfPage\":{\"@id\":\"https:\\\/\\\/kibrisdakik.com\\\/?p=78927\"},\"wordCount\":61,\"commentCount\":0,\"image\":{\"@id\":\"https:\\\/\\\/kibrisdakik.com\\\/?p=78927#primaryimage\"},\"thumbnailUrl\":\"https:\\\/\\\/kibrisdakik.com\\\/wp-content\\\/uploads\\\/2025\\\/03\\\/ozturkler-kuni-3-740x420.jpg\",\"articleSection\":[\"G\u00fcndem\",\"Man\u015fet\"],\"inLanguage\":\"tr\",\"potentialAction\":[{\"@type\":\"CommentAction\",\"name\":\"Comment\",\"target\":[\"https:\\\/\\\/kibrisdakik.com\\\/?p=78927#respond\"]}]},{\"@type\":\"WebPage\",\"@id\":\"https:\\\/\\\/kibrisdakik.com\\\/?p=78927\",\"url\":\"https:\\\/\\\/kibrisdakik.com\\\/?p=78927\",\"name\":\"\u00d6zt\u00fcrkler, Polis Genel M\u00fcd\u00fcr\u00fc Kuni\u2019yi kabul etti -\",\"isPartOf\":{\"@id\":\"https:\\\/\\\/kibrisdakik.com\\\/#website\"},\"primaryImageOfPage\":{\"@id\":\"https:\\\/\\\/kibrisdakik.com\\\/?p=78927#primaryimage\"},\"image\":{\"@id\":\"https:\\\/\\\/kibrisdakik.com\\\/?p=78927#primaryimage\"},\"thumbnailUrl\":\"https:\\\/\\\/kibrisdakik.com\\\/wp-content\\\/uploads\\\/2025\\\/03\\\/ozturkler-kuni-3-740x420.jpg\",\"datePublished\":\"2025-03-27T08:23:00+00:00\",\"author\":{\"@id\":\"https:\\\/\\\/kibrisdakik.com\\\/#\\\/schema\\\/person\\\/9cd9d437bbb44f72b73ba127e06d8e79\"},\"breadcrumb\":{\"@id\":\"https:\\\/\\\/kibrisdakik.com\\\/?p=78927#breadcrumb\"},\"inLanguage\":\"tr\",\"potentialAction\":[{\"@type\":\"ReadAction\",\"target\":[\"https:\\\/\\\/kibrisdakik.com\\\/?p=78927\"]}]},{\"@type\":\"ImageObject\",\"inLanguage\":\"tr\",\"@id\":\"https:\\\/\\\/kibrisdakik.com\\\/?p=78927#primaryimage\",\"url\":\"https:\\\/\\\/kibrisdakik.com\\\/wp-content\\\/uploads\\\/2025\\\/03\\\/ozturkler-kuni-3-740x420.jpg\",\"contentUrl\":\"https:\\\/\\\/kibrisdakik.com\\\/wp-content\\\/uploads\\\/2025\\\/03\\\/ozturkler-kuni-3-740x420.jpg\",\"width\":928,\"height\":453},{\"@type\":\"BreadcrumbList\",\"@id\":\"https:\\\/\\\/kibrisdakik.com\\\/?p=78927#breadcrumb\",\"itemListElement\":[{\"@type\":\"ListItem\",\"position\":1,\"name\":\"Home\",\"item\":\"https:\\\/\\\/kibrisdakik.com\\\/\"},{\"@type\":\"ListItem\",\"position\":2,\"name\":\"\u00d6zt\u00fcrkler, Polis Genel M\u00fcd\u00fcr\u00fc Kuni\u2019yi kabul etti\"}]},{\"@type\":\"WebSite\",\"@id\":\"https:\\\/\\\/kibrisdakik.com\\\/#website\",\"url\":\"https:\\\/\\\/kibrisdakik.com\\\/\",\"name\":\"\",\"description\":\"Tam vaktinde haber\",\"potentialAction\":[{\"@type\":\"SearchAction\",\"target\":{\"@type\":\"EntryPoint\",\"urlTemplate\":\"https:\\\/\\\/kibrisdakik.com\\\/?s={search_term_string}\"},\"query-input\":{\"@type\":\"PropertyValueSpecification\",\"valueRequired\":true,\"valueName\":\"search_term_string\"}}],\"inLanguage\":\"tr\"},{\"@type\":\"Person\",\"@id\":\"https:\\\/\\\/kibrisdakik.com\\\/#\\\/schema\\\/person\\\/9cd9d437bbb44f72b73ba127e06d8e79\",\"name\":\"admin\",\"image\":{\"@type\":\"ImageObject\",\"inLanguage\":\"tr\",\"@id\":\"https:\\\/\\\/secure.gravatar.com\\\/avatar\\\/ccc17943b9d660506c869530f897617f7cb1c21a4bf30023f252596d83e1f007?s=96&d=mm&r=g\",\"url\":\"https:\\\/\\\/secure.gravatar.com\\\/avatar\\\/ccc17943b9d660506c869530f897617f7cb1c21a4bf30023f252596d83e1f007?s=96&d=mm&r=g\",\"contentUrl\":\"https:\\\/\\\/secure.gravatar.com\\\/avatar\\\/ccc17943b9d660506c869530f897617f7cb1c21a4bf30023f252596d83e1f007?s=96&d=mm&r=g\",\"caption\":\"admin\"},\"sameAs\":[\"https:\\\/\\\/kibrisdakik.com\"],\"url\":\"https:\\\/\\\/kibrisdakik.com\\\/?author=1\"}]}<\/script>\n<!-- \/ Yoast SEO plugin. -->","yoast_head_json":{"title":"\u00d6zt\u00fcrkler, Polis Genel M\u00fcd\u00fcr\u00fc Kuni\u2019yi kabul etti -","robots":{"index":"index","follow":"follow","max-snippet":"max-snippet:-1","max-image-preview":"max-image-preview:large","max-video-preview":"max-video-preview:-1"},"canonical":"https:\/\/kibrisdakik.com\/?p=78927","og_locale":"tr_TR","og_type":"article","og_title":"\u00d6zt\u00fcrkler, Polis Genel M\u00fcd\u00fcr\u00fc Kuni\u2019yi kabul etti -","og_description":"Cumhuriyet Meclisi Ba\u015fkan\u0131 Ziya \u00d6zt\u00fcrkler, Polis Genel M\u00fcd\u00fcr\u00fc Kas\u0131m Kuni\u2019yi kabul etti. Meclisten yap\u0131lan a\u00e7\u0131klamaya g\u00f6re, Meclis \u015eeref Salonunda yer alan kabulde PGM I. Yard\u0131mc\u0131s\u0131 Ali Adal\u0131er, II. Yard\u0131mc\u0131s\u0131 Kaan Resa Sa\u00e7ar da yer ald\u0131.","og_url":"https:\/\/kibrisdakik.com\/?p=78927","article_published_time":"2025-03-27T08:23:00+00:00","og_image":[{"width":928,"height":453,"url":"https:\/\/kibrisdakik.com\/wp-content\/uploads\/2025\/03\/ozturkler-kuni-3-740x420.jpg","type":"image\/jpeg"}],"author":"admin","twitter_card":"summary_large_image","twitter_misc":{"Yazan:":"admin"},"schema":{"@context":"https:\/\/schema.org","@graph":[{"@type":"Article","@id":"https:\/\/kibrisdakik.com\/?p=78927#article","isPartOf":{"@id":"https:\/\/kibrisdakik.com\/?p=78927"},"author":{"name":"admin","@id":"https:\/\/kibrisdakik.com\/#\/schema\/person\/9cd9d437bbb44f72b73ba127e06d8e79"},"headline":"\u00d6zt\u00fcrkler, Polis Genel M\u00fcd\u00fcr\u00fc Kuni\u2019yi kabul etti","datePublished":"2025-03-27T08:23:00+00:00","mainEntityOfPage":{"@id":"https:\/\/kibrisdakik.com\/?p=78927"},"wordCount":61,"commentCount":0,"image":{"@id":"https:\/\/kibrisdakik.com\/?p=78927#primaryimage"},"thumbnailUrl":"https:\/\/kibrisdakik.com\/wp-content\/uploads\/2025\/03\/ozturkler-kuni-3-740x420.jpg","articleSection":["G\u00fcndem","Man\u015fet"],"inLanguage":"tr","potentialAction":[{"@type":"CommentAction","name":"Comment","target":["https:\/\/kibrisdakik.com\/?p=78927#respond"]}]},{"@type":"WebPage","@id":"https:\/\/kibrisdakik.com\/?p=78927","url":"https:\/\/kibrisdakik.com\/?p=78927","name":"\u00d6zt\u00fcrkler, Polis Genel M\u00fcd\u00fcr\u00fc Kuni\u2019yi kabul etti -","isPartOf":{"@id":"https:\/\/kibrisdakik.com\/#website"},"primaryImageOfPage":{"@id":"https:\/\/kibrisdakik.com\/?p=78927#primaryimage"},"image":{"@id":"https:\/\/kibrisdakik.com\/?p=78927#primaryimage"},"thumbnailUrl":"https:\/\/kibrisdakik.com\/wp-content\/uploads\/2025\/03\/ozturkler-kuni-3-740x420.jpg","datePublished":"2025-03-27T08:23:00+00:00","author":{"@id":"https:\/\/kibrisdakik.com\/#\/schema\/person\/9cd9d437bbb44f72b73ba127e06d8e79"},"breadcrumb":{"@id":"https:\/\/kibrisdakik.com\/?p=78927#breadcrumb"},"inLanguage":"tr","potentialAction":[{"@type":"ReadAction","target":["https:\/\/kibrisdakik.com\/?p=78927"]}]},{"@type":"ImageObject","inLanguage":"tr","@id":"https:\/\/kibrisdakik.com\/?p=78927#primaryimage","url":"https:\/\/kibrisdakik.com\/wp-content\/uploads\/2025\/03\/ozturkler-kuni-3-740x420.jpg","contentUrl":"https:\/\/kibrisdakik.com\/wp-content\/uploads\/2025\/03\/ozturkler-kuni-3-740x420.jpg","width":928,"height":453},{"@type":"BreadcrumbList","@id":"https:\/\/kibrisdakik.com\/?p=78927#breadcrumb","itemListElement":[{"@type":"ListItem","position":1,"name":"Home","item":"https:\/\/kibrisdakik.com\/"},{"@type":"ListItem","position":2,"name":"\u00d6zt\u00fcrkler, Polis Genel M\u00fcd\u00fcr\u00fc Kuni\u2019yi kabul etti"}]},{"@type":"WebSite","@id":"https:\/\/kibrisdakik.com\/#website","url":"https:\/\/kibrisdakik.com\/","name":"","description":"Tam vaktinde haber","potentialAction":[{"@type":"SearchAction","target":{"@type":"EntryPoint","urlTemplate":"https:\/\/kibrisdakik.com\/?s={search_term_string}"},"query-input":{"@type":"PropertyValueSpecification","valueRequired":true,"valueName":"search_term_string"}}],"inLanguage":"tr"},{"@type":"Person","@id":"https:\/\/kibrisdakik.com\/#\/schema\/person\/9cd9d437bbb44f72b73ba127e06d8e79","name":"admin","image":{"@type":"ImageObject","inLanguage":"tr","@id":"https:\/\/secure.gravatar.com\/avatar\/ccc17943b9d660506c869530f897617f7cb1c21a4bf30023f252596d83e1f007?s=96&d=mm&r=g","url":"https:\/\/secure.gravatar.com\/avatar\/ccc17943b9d660506c869530f897617f7cb1c21a4bf30023f252596d83e1f007?s=96&d=mm&r=g","contentUrl":"https:\/\/secure.gravatar.com\/avatar\/ccc17943b9d660506c869530f897617f7cb1c21a4bf30023f252596d83e1f007?s=96&d=mm&r=g","caption":"admin"},"sameAs":["https:\/\/kibrisdakik.com"],"url":"https:\/\/kibrisdakik.com\/?author=1"}]}},"_links":{"self":[{"href":"https:\/\/kibrisdakik.com\/index.php?rest_route=\/wp\/v2\/posts\/78927","targetHints":{"allow":["GET"]}}],"collection":[{"href":"https:\/\/kibrisdakik.com\/index.php?rest_route=\/wp\/v2\/posts"}],"about":[{"href":"https:\/\/kibrisdakik.com\/index.php?rest_route=\/wp\/v2\/types\/post"}],"author":[{"embeddable":true,"href":"https:\/\/kibrisdakik.com\/index.php?rest_route=\/wp\/v2\/users\/1"}],"replies":[{"embeddable":true,"href":"https:\/\/kibrisdakik.com\/index.php?rest_route=%2Fwp%2Fv2%2Fcomments&post=78927"}],"version-history":[{"count":0,"href":"https:\/\/kibrisdakik.com\/index.php?rest_route=\/wp\/v2\/posts\/78927\/revisions"}],"wp:featuredmedia":[{"embeddable":true,"href":"https:\/\/kibrisdakik.com\/index.php?rest_route=\/wp\/v2\/media\/78928"}],"wp:attachment":[{"href":"https:\/\/kibrisdakik.com\/index.php?rest_route=%2Fwp%2Fv2%2Fmedia&parent=78927"}],"wp:term":[{"taxonomy":"category","embeddable":true,"href":"https:\/\/kibrisdakik.com\/index.php?rest_route=%2Fwp%2Fv2%2Fcategories&post=78927"},{"taxonomy":"post_tag","embeddable":true,"href":"https:\/\/kibrisdakik.com\/index.php?rest_route=%2Fwp%2Fv2%2Ftags&post=78927"}],"curies":[{"name":"wp","href":"https:\/\/api.w.org\/{rel}","templated":true}]}}