{"id":78942,"date":"2025-03-28T08:41:00","date_gmt":"2025-03-28T05:41:00","guid":{"rendered":"https:\/\/kibrisdakik.com\/index.php\/2025\/03\/28\/putinden-ukraynaya-gecici-yonetim-atanmasi-onerisi\/"},"modified":"2025-03-28T08:41:00","modified_gmt":"2025-03-28T05:41:00","slug":"putinden-ukraynaya-gecici-yonetim-atanmasi-onerisi","status":"publish","type":"post","link":"https:\/\/kibrisdakik.com\/?p=78942","title":{"rendered":"Putin\u2019den Ukrayna\u2019ya ge\u00e7ici y\u00f6netim atanmas\u0131 \u00f6nerisi"},"content":{"rendered":"<p><\/p>\n<div>\n<div class=\"mariselle-image-container center\">\n                <img loading=\"lazy\" decoding=\"async\" width=\"641\" height=\"380\" class=\"lazy-image\" alt=\"\" sizes=\"auto, (max-width: 641px) 100vw, 641px\" src=\"https:\/\/brtk.net\/wp-content\/uploads\/2023\/06\/10\/putin-nukleer-silah-icin-tarih-verdi-6144.jpg?ver=18257a2cb8c3af1296c21e574ab8b733\" srcset=\"https:\/\/brtk.net\/wp-content\/uploads\/2023\/06\/10\/putin-nukleer-silah-icin-tarih-verdi-6144.jpg?ver=18257a2cb8c3af1296c21e574ab8b733 641w, https:\/\/brtk.net\/wp-content\/uploads\/2023\/06\/10\/putin-nukleer-silah-icin-tarih-verdi-6144-300x178.jpg?ver=18257a2cb8c3af1296c21e574ab8b733 300w\"\/>                            <\/div>\n<p>Rusya Devlet Ba\u015fkan\u0131 Vladimir Putin, Ukrayna\u2019ya demokratik bir se\u00e7im ve sava\u015f\u0131n sonland\u0131r\u0131lmas\u0131na y\u00f6nelik m\u00fczakerelerin yap\u0131labilmesi i\u00e7in ge\u00e7ici y\u00f6netim atanmas\u0131 \u00f6nerisinde bulundu.<\/p>\n<p>Putin, Rusya\u2019n\u0131n Murmansk \u015fehrindeki limanda d\u00fczenlenen bir etkinlikte konu\u015ftu.<\/p>\n<p>Ukrayna\u2019daki sava\u015f\u0131 kendilerinin ba\u015flatmad\u0131\u011f\u0131n\u0131 savunan Putin, \u201c\u00c7at\u0131\u015fmalar, Ukrayna\u2019da Bat\u0131l\u0131 \u00fclkelerin destekledi\u011fi 2014 darbesiyle ba\u015flad\u0131.\u201d dedi.<\/p>\n<p>Putin, Ukrayna ile m\u00fczakerelerin yap\u0131labilmesi i\u00e7in me\u015fru bir y\u00f6netim olmas\u0131 gerekti\u011fini belirterek, \u201cPrensip olarak, Ukrayna\u2019da Birle\u015fmi\u015f Milletler (BM), ABD, Avrupa \u00fclkeleri ve ortaklar\u0131m\u0131z\u0131n himayesinde ge\u00e7ici bir y\u00f6netim getirilebilir.\u201d diye konu\u015ftu.<\/p>\n<p><strong>\u201cBar\u0131\u015f anla\u015fmas\u0131 m\u00fczakerelerine ba\u015flanabilir\u201d<\/strong><br \/>Ukrayna\u2019da b\u00f6ylelikle halk\u0131n destekledi\u011fi bir y\u00f6netimin g\u00f6reve gelebilece\u011fini anlatan Putin, \u201cB\u00f6ylelikle demokratik se\u00e7imler yaparak, halk\u0131n g\u00fcvenine sahip, yetenekli ve g\u00fcvenilir bir h\u00fck\u00fcmeti iktidara getirmek ve ard\u0131ndan onlarla bar\u0131\u015f anla\u015fmas\u0131 m\u00fczakerelerine ba\u015flanabilir.\u201d ifadelerini kulland\u0131.<\/p>\n<p>BM\u2019nin daha \u00f6nce Yugoslavya ve Papua Yeni Gine\u2019de benzer \u00e7al\u0131\u015fmalar yapt\u0131\u011f\u0131na i\u015faret eden Putin, \u201cBu da Ukrayna\u2019da se\u00e7eneklerden birisi olabilir. B\u00f6ylelikle d\u00fcnya \u00e7ap\u0131nda tan\u0131nacak ve g\u00fcvenilir olacak me\u015fru belgeler imzalamak m\u00fcmk\u00fcn olabilecektir.\u201d de\u011ferlendirmesinde bulundu.<\/p>\n<p>Putin, ABD Ba\u015fkan\u0131 Donald Trump\u2019\u0131n \u00e7at\u0131\u015fmalar\u0131 bitirmeyi \u201csamimiyetle\u201d istedi\u011fini s\u00f6zlerine ekledi.<\/p>\n<\/p><\/div>\n<p><script async\n                    defer\n                    crossorigin=\"anonymous\"\n                    src=\"https:\/\/connect.facebook.net\/tr_TR\/sdk.js#xfbml=1&#038;version=v3.3\"\n            ><\/script><\/p>\n","protected":false},"excerpt":{"rendered":"<p>Rusya Devlet Ba\u015fkan\u0131 Vladimir Putin, Ukrayna\u2019ya demokratik bir se\u00e7im ve sava\u015f\u0131n sonland\u0131r\u0131lmas\u0131na y\u00f6nelik m\u00fczakerelerin yap\u0131labilmesi i\u00e7in ge\u00e7ici y\u00f6netim atanmas\u0131 \u00f6nerisinde bulundu. Putin, Rusya\u2019n\u0131n Murmansk \u015fehrindeki limanda d\u00fczenlenen bir etkinlikte konu\u015ftu. Ukrayna\u2019daki sava\u015f\u0131 kendilerinin ba\u015flatmad\u0131\u011f\u0131n\u0131 savunan Putin, \u201c\u00c7at\u0131\u015fmalar, Ukrayna\u2019da Bat\u0131l\u0131 \u00fclkelerin destekledi\u011fi 2014 darbesiyle ba\u015flad\u0131.\u201d dedi. Putin, Ukrayna ile m\u00fczakerelerin yap\u0131labilmesi i\u00e7in me\u015fru bir y\u00f6netim olmas\u0131<\/p>\n","protected":false},"author":1,"featured_media":78943,"comment_status":"open","ping_status":"open","sticky":false,"template":"","format":"standard","meta":{"footnotes":""},"categories":[1],"tags":[],"class_list":["post-78942","post","type-post","status-publish","format-standard","has-post-thumbnail","hentry","category-gundem"],"yoast_head":"<!-- This site is optimized with the Yoast SEO plugin v27.4 - https:\/\/yoast.com\/product\/yoast-seo-wordpress\/ -->\n<title>Putin\u2019den Ukrayna\u2019ya ge\u00e7ici y\u00f6netim atanmas\u0131 \u00f6nerisi -<\/title>\n<meta name=\"robots\" content=\"index, follow, max-snippet:-1, max-image-preview:large, max-video-preview:-1\" \/>\n<link rel=\"canonical\" href=\"https:\/\/kibrisdakik.com\/?p=78942\" \/>\n<meta property=\"og:locale\" content=\"tr_TR\" \/>\n<meta property=\"og:type\" content=\"article\" \/>\n<meta property=\"og:title\" content=\"Putin\u2019den Ukrayna\u2019ya ge\u00e7ici y\u00f6netim atanmas\u0131 \u00f6nerisi -\" \/>\n<meta property=\"og:description\" content=\"Rusya Devlet Ba\u015fkan\u0131 Vladimir Putin, Ukrayna\u2019ya demokratik bir se\u00e7im ve sava\u015f\u0131n sonland\u0131r\u0131lmas\u0131na y\u00f6nelik m\u00fczakerelerin yap\u0131labilmesi i\u00e7in ge\u00e7ici y\u00f6netim atanmas\u0131 \u00f6nerisinde bulundu. Putin, Rusya\u2019n\u0131n Murmansk \u015fehrindeki limanda d\u00fczenlenen bir etkinlikte konu\u015ftu. Ukrayna\u2019daki sava\u015f\u0131 kendilerinin ba\u015flatmad\u0131\u011f\u0131n\u0131 savunan Putin, \u201c\u00c7at\u0131\u015fmalar, Ukrayna\u2019da Bat\u0131l\u0131 \u00fclkelerin destekledi\u011fi 2014 darbesiyle ba\u015flad\u0131.\u201d dedi. Putin, Ukrayna ile m\u00fczakerelerin yap\u0131labilmesi i\u00e7in me\u015fru bir y\u00f6netim olmas\u0131\" \/>\n<meta property=\"og:url\" content=\"https:\/\/kibrisdakik.com\/?p=78942\" \/>\n<meta property=\"article:published_time\" content=\"2025-03-28T05:41:00+00:00\" \/>\n<meta property=\"og:image\" content=\"https:\/\/kibrisdakik.com\/wp-content\/uploads\/2025\/03\/putin-nukleer-silah-icin-tarih-verdi-6144.jpg\" \/>\n\t<meta property=\"og:image:width\" content=\"641\" \/>\n\t<meta property=\"og:image:height\" content=\"380\" \/>\n\t<meta property=\"og:image:type\" content=\"image\/jpeg\" \/>\n<meta name=\"author\" content=\"admin\" \/>\n<meta name=\"twitter:card\" content=\"summary_large_image\" \/>\n<meta name=\"twitter:label1\" content=\"Yazan:\" \/>\n\t<meta name=\"twitter:data1\" content=\"admin\" \/>\n\t<meta name=\"twitter:label2\" content=\"Tahmini okuma s\u00fcresi\" \/>\n\t<meta name=\"twitter:data2\" content=\"1 dakika\" \/>\n<script type=\"application\/ld+json\" class=\"yoast-schema-graph\">{\"@context\":\"https:\\\/\\\/schema.org\",\"@graph\":[{\"@type\":\"Article\",\"@id\":\"https:\\\/\\\/kibrisdakik.com\\\/?p=78942#article\",\"isPartOf\":{\"@id\":\"https:\\\/\\\/kibrisdakik.com\\\/?p=78942\"},\"author\":{\"name\":\"admin\",\"@id\":\"https:\\\/\\\/kibrisdakik.com\\\/#\\\/schema\\\/person\\\/9cd9d437bbb44f72b73ba127e06d8e79\"},\"headline\":\"Putin\u2019den Ukrayna\u2019ya ge\u00e7ici y\u00f6netim atanmas\u0131 \u00f6nerisi\",\"datePublished\":\"2025-03-28T05:41:00+00:00\",\"mainEntityOfPage\":{\"@id\":\"https:\\\/\\\/kibrisdakik.com\\\/?p=78942\"},\"wordCount\":247,\"commentCount\":0,\"image\":{\"@id\":\"https:\\\/\\\/kibrisdakik.com\\\/?p=78942#primaryimage\"},\"thumbnailUrl\":\"https:\\\/\\\/kibrisdakik.com\\\/wp-content\\\/uploads\\\/2025\\\/03\\\/putin-nukleer-silah-icin-tarih-verdi-6144.jpg\",\"articleSection\":[\"G\u00fcndem\"],\"inLanguage\":\"tr\",\"potentialAction\":[{\"@type\":\"CommentAction\",\"name\":\"Comment\",\"target\":[\"https:\\\/\\\/kibrisdakik.com\\\/?p=78942#respond\"]}]},{\"@type\":\"WebPage\",\"@id\":\"https:\\\/\\\/kibrisdakik.com\\\/?p=78942\",\"url\":\"https:\\\/\\\/kibrisdakik.com\\\/?p=78942\",\"name\":\"Putin\u2019den Ukrayna\u2019ya ge\u00e7ici y\u00f6netim atanmas\u0131 \u00f6nerisi -\",\"isPartOf\":{\"@id\":\"https:\\\/\\\/kibrisdakik.com\\\/#website\"},\"primaryImageOfPage\":{\"@id\":\"https:\\\/\\\/kibrisdakik.com\\\/?p=78942#primaryimage\"},\"image\":{\"@id\":\"https:\\\/\\\/kibrisdakik.com\\\/?p=78942#primaryimage\"},\"thumbnailUrl\":\"https:\\\/\\\/kibrisdakik.com\\\/wp-content\\\/uploads\\\/2025\\\/03\\\/putin-nukleer-silah-icin-tarih-verdi-6144.jpg\",\"datePublished\":\"2025-03-28T05:41:00+00:00\",\"author\":{\"@id\":\"https:\\\/\\\/kibrisdakik.com\\\/#\\\/schema\\\/person\\\/9cd9d437bbb44f72b73ba127e06d8e79\"},\"breadcrumb\":{\"@id\":\"https:\\\/\\\/kibrisdakik.com\\\/?p=78942#breadcrumb\"},\"inLanguage\":\"tr\",\"potentialAction\":[{\"@type\":\"ReadAction\",\"target\":[\"https:\\\/\\\/kibrisdakik.com\\\/?p=78942\"]}]},{\"@type\":\"ImageObject\",\"inLanguage\":\"tr\",\"@id\":\"https:\\\/\\\/kibrisdakik.com\\\/?p=78942#primaryimage\",\"url\":\"https:\\\/\\\/kibrisdakik.com\\\/wp-content\\\/uploads\\\/2025\\\/03\\\/putin-nukleer-silah-icin-tarih-verdi-6144.jpg\",\"contentUrl\":\"https:\\\/\\\/kibrisdakik.com\\\/wp-content\\\/uploads\\\/2025\\\/03\\\/putin-nukleer-silah-icin-tarih-verdi-6144.jpg\",\"width\":641,\"height\":380},{\"@type\":\"BreadcrumbList\",\"@id\":\"https:\\\/\\\/kibrisdakik.com\\\/?p=78942#breadcrumb\",\"itemListElement\":[{\"@type\":\"ListItem\",\"position\":1,\"name\":\"Home\",\"item\":\"https:\\\/\\\/kibrisdakik.com\\\/\"},{\"@type\":\"ListItem\",\"position\":2,\"name\":\"Putin\u2019den Ukrayna\u2019ya ge\u00e7ici y\u00f6netim atanmas\u0131 \u00f6nerisi\"}]},{\"@type\":\"WebSite\",\"@id\":\"https:\\\/\\\/kibrisdakik.com\\\/#website\",\"url\":\"https:\\\/\\\/kibrisdakik.com\\\/\",\"name\":\"\",\"description\":\"Tam vaktinde haber\",\"potentialAction\":[{\"@type\":\"SearchAction\",\"target\":{\"@type\":\"EntryPoint\",\"urlTemplate\":\"https:\\\/\\\/kibrisdakik.com\\\/?s={search_term_string}\"},\"query-input\":{\"@type\":\"PropertyValueSpecification\",\"valueRequired\":true,\"valueName\":\"search_term_string\"}}],\"inLanguage\":\"tr\"},{\"@type\":\"Person\",\"@id\":\"https:\\\/\\\/kibrisdakik.com\\\/#\\\/schema\\\/person\\\/9cd9d437bbb44f72b73ba127e06d8e79\",\"name\":\"admin\",\"image\":{\"@type\":\"ImageObject\",\"inLanguage\":\"tr\",\"@id\":\"https:\\\/\\\/secure.gravatar.com\\\/avatar\\\/ccc17943b9d660506c869530f897617f7cb1c21a4bf30023f252596d83e1f007?s=96&d=mm&r=g\",\"url\":\"https:\\\/\\\/secure.gravatar.com\\\/avatar\\\/ccc17943b9d660506c869530f897617f7cb1c21a4bf30023f252596d83e1f007?s=96&d=mm&r=g\",\"contentUrl\":\"https:\\\/\\\/secure.gravatar.com\\\/avatar\\\/ccc17943b9d660506c869530f897617f7cb1c21a4bf30023f252596d83e1f007?s=96&d=mm&r=g\",\"caption\":\"admin\"},\"sameAs\":[\"https:\\\/\\\/kibrisdakik.com\"],\"url\":\"https:\\\/\\\/kibrisdakik.com\\\/?author=1\"}]}<\/script>\n<!-- \/ Yoast SEO plugin. -->","yoast_head_json":{"title":"Putin\u2019den Ukrayna\u2019ya ge\u00e7ici y\u00f6netim atanmas\u0131 \u00f6nerisi -","robots":{"index":"index","follow":"follow","max-snippet":"max-snippet:-1","max-image-preview":"max-image-preview:large","max-video-preview":"max-video-preview:-1"},"canonical":"https:\/\/kibrisdakik.com\/?p=78942","og_locale":"tr_TR","og_type":"article","og_title":"Putin\u2019den Ukrayna\u2019ya ge\u00e7ici y\u00f6netim atanmas\u0131 \u00f6nerisi -","og_description":"Rusya Devlet Ba\u015fkan\u0131 Vladimir Putin, Ukrayna\u2019ya demokratik bir se\u00e7im ve sava\u015f\u0131n sonland\u0131r\u0131lmas\u0131na y\u00f6nelik m\u00fczakerelerin yap\u0131labilmesi i\u00e7in ge\u00e7ici y\u00f6netim atanmas\u0131 \u00f6nerisinde bulundu. Putin, Rusya\u2019n\u0131n Murmansk \u015fehrindeki limanda d\u00fczenlenen bir etkinlikte konu\u015ftu. Ukrayna\u2019daki sava\u015f\u0131 kendilerinin ba\u015flatmad\u0131\u011f\u0131n\u0131 savunan Putin, \u201c\u00c7at\u0131\u015fmalar, Ukrayna\u2019da Bat\u0131l\u0131 \u00fclkelerin destekledi\u011fi 2014 darbesiyle ba\u015flad\u0131.\u201d dedi. Putin, Ukrayna ile m\u00fczakerelerin yap\u0131labilmesi i\u00e7in me\u015fru bir y\u00f6netim olmas\u0131","og_url":"https:\/\/kibrisdakik.com\/?p=78942","article_published_time":"2025-03-28T05:41:00+00:00","og_image":[{"width":641,"height":380,"url":"https:\/\/kibrisdakik.com\/wp-content\/uploads\/2025\/03\/putin-nukleer-silah-icin-tarih-verdi-6144.jpg","type":"image\/jpeg"}],"author":"admin","twitter_card":"summary_large_image","twitter_misc":{"Yazan:":"admin","Tahmini okuma s\u00fcresi":"1 dakika"},"schema":{"@context":"https:\/\/schema.org","@graph":[{"@type":"Article","@id":"https:\/\/kibrisdakik.com\/?p=78942#article","isPartOf":{"@id":"https:\/\/kibrisdakik.com\/?p=78942"},"author":{"name":"admin","@id":"https:\/\/kibrisdakik.com\/#\/schema\/person\/9cd9d437bbb44f72b73ba127e06d8e79"},"headline":"Putin\u2019den Ukrayna\u2019ya ge\u00e7ici y\u00f6netim atanmas\u0131 \u00f6nerisi","datePublished":"2025-03-28T05:41:00+00:00","mainEntityOfPage":{"@id":"https:\/\/kibrisdakik.com\/?p=78942"},"wordCount":247,"commentCount":0,"image":{"@id":"https:\/\/kibrisdakik.com\/?p=78942#primaryimage"},"thumbnailUrl":"https:\/\/kibrisdakik.com\/wp-content\/uploads\/2025\/03\/putin-nukleer-silah-icin-tarih-verdi-6144.jpg","articleSection":["G\u00fcndem"],"inLanguage":"tr","potentialAction":[{"@type":"CommentAction","name":"Comment","target":["https:\/\/kibrisdakik.com\/?p=78942#respond"]}]},{"@type":"WebPage","@id":"https:\/\/kibrisdakik.com\/?p=78942","url":"https:\/\/kibrisdakik.com\/?p=78942","name":"Putin\u2019den Ukrayna\u2019ya ge\u00e7ici y\u00f6netim atanmas\u0131 \u00f6nerisi -","isPartOf":{"@id":"https:\/\/kibrisdakik.com\/#website"},"primaryImageOfPage":{"@id":"https:\/\/kibrisdakik.com\/?p=78942#primaryimage"},"image":{"@id":"https:\/\/kibrisdakik.com\/?p=78942#primaryimage"},"thumbnailUrl":"https:\/\/kibrisdakik.com\/wp-content\/uploads\/2025\/03\/putin-nukleer-silah-icin-tarih-verdi-6144.jpg","datePublished":"2025-03-28T05:41:00+00:00","author":{"@id":"https:\/\/kibrisdakik.com\/#\/schema\/person\/9cd9d437bbb44f72b73ba127e06d8e79"},"breadcrumb":{"@id":"https:\/\/kibrisdakik.com\/?p=78942#breadcrumb"},"inLanguage":"tr","potentialAction":[{"@type":"ReadAction","target":["https:\/\/kibrisdakik.com\/?p=78942"]}]},{"@type":"ImageObject","inLanguage":"tr","@id":"https:\/\/kibrisdakik.com\/?p=78942#primaryimage","url":"https:\/\/kibrisdakik.com\/wp-content\/uploads\/2025\/03\/putin-nukleer-silah-icin-tarih-verdi-6144.jpg","contentUrl":"https:\/\/kibrisdakik.com\/wp-content\/uploads\/2025\/03\/putin-nukleer-silah-icin-tarih-verdi-6144.jpg","width":641,"height":380},{"@type":"BreadcrumbList","@id":"https:\/\/kibrisdakik.com\/?p=78942#breadcrumb","itemListElement":[{"@type":"ListItem","position":1,"name":"Home","item":"https:\/\/kibrisdakik.com\/"},{"@type":"ListItem","position":2,"name":"Putin\u2019den Ukrayna\u2019ya ge\u00e7ici y\u00f6netim atanmas\u0131 \u00f6nerisi"}]},{"@type":"WebSite","@id":"https:\/\/kibrisdakik.com\/#website","url":"https:\/\/kibrisdakik.com\/","name":"","description":"Tam vaktinde haber","potentialAction":[{"@type":"SearchAction","target":{"@type":"EntryPoint","urlTemplate":"https:\/\/kibrisdakik.com\/?s={search_term_string}"},"query-input":{"@type":"PropertyValueSpecification","valueRequired":true,"valueName":"search_term_string"}}],"inLanguage":"tr"},{"@type":"Person","@id":"https:\/\/kibrisdakik.com\/#\/schema\/person\/9cd9d437bbb44f72b73ba127e06d8e79","name":"admin","image":{"@type":"ImageObject","inLanguage":"tr","@id":"https:\/\/secure.gravatar.com\/avatar\/ccc17943b9d660506c869530f897617f7cb1c21a4bf30023f252596d83e1f007?s=96&d=mm&r=g","url":"https:\/\/secure.gravatar.com\/avatar\/ccc17943b9d660506c869530f897617f7cb1c21a4bf30023f252596d83e1f007?s=96&d=mm&r=g","contentUrl":"https:\/\/secure.gravatar.com\/avatar\/ccc17943b9d660506c869530f897617f7cb1c21a4bf30023f252596d83e1f007?s=96&d=mm&r=g","caption":"admin"},"sameAs":["https:\/\/kibrisdakik.com"],"url":"https:\/\/kibrisdakik.com\/?author=1"}]}},"_links":{"self":[{"href":"https:\/\/kibrisdakik.com\/index.php?rest_route=\/wp\/v2\/posts\/78942","targetHints":{"allow":["GET"]}}],"collection":[{"href":"https:\/\/kibrisdakik.com\/index.php?rest_route=\/wp\/v2\/posts"}],"about":[{"href":"https:\/\/kibrisdakik.com\/index.php?rest_route=\/wp\/v2\/types\/post"}],"author":[{"embeddable":true,"href":"https:\/\/kibrisdakik.com\/index.php?rest_route=\/wp\/v2\/users\/1"}],"replies":[{"embeddable":true,"href":"https:\/\/kibrisdakik.com\/index.php?rest_route=%2Fwp%2Fv2%2Fcomments&post=78942"}],"version-history":[{"count":0,"href":"https:\/\/kibrisdakik.com\/index.php?rest_route=\/wp\/v2\/posts\/78942\/revisions"}],"wp:featuredmedia":[{"embeddable":true,"href":"https:\/\/kibrisdakik.com\/index.php?rest_route=\/wp\/v2\/media\/78943"}],"wp:attachment":[{"href":"https:\/\/kibrisdakik.com\/index.php?rest_route=%2Fwp%2Fv2%2Fmedia&parent=78942"}],"wp:term":[{"taxonomy":"category","embeddable":true,"href":"https:\/\/kibrisdakik.com\/index.php?rest_route=%2Fwp%2Fv2%2Fcategories&post=78942"},{"taxonomy":"post_tag","embeddable":true,"href":"https:\/\/kibrisdakik.com\/index.php?rest_route=%2Fwp%2Fv2%2Ftags&post=78942"}],"curies":[{"name":"wp","href":"https:\/\/api.w.org\/{rel}","templated":true}]}}