{"id":78988,"date":"2025-03-28T18:06:00","date_gmt":"2025-03-28T15:06:00","guid":{"rendered":"https:\/\/kibrisdakik.com\/index.php\/2025\/03\/28\/erdogan-putin-ile-telefonda-gorustu\/"},"modified":"2025-03-28T18:06:00","modified_gmt":"2025-03-28T15:06:00","slug":"erdogan-putin-ile-telefonda-gorustu","status":"publish","type":"post","link":"https:\/\/kibrisdakik.com\/?p=78988","title":{"rendered":"Erdo\u011fan, Putin ile telefonda g\u00f6r\u00fc\u015ft\u00fc"},"content":{"rendered":"<p><\/p>\n<div>\n<div class=\"mariselle-image-container center\">\n                <img loading=\"lazy\" decoding=\"async\" width=\"1280\" height=\"720\" class=\"lazy-image\" alt=\"\" sizes=\"auto, (max-width: 1280px) 100vw, 1280px\" src=\"https:\/\/brtk.net\/wp-content\/uploads\/2025\/03\/28\/1743156098868erdogan-putin-aa-1931036.jpg?ver=3608b6e485149114ae00b465e46cf65a\" srcset=\"https:\/\/brtk.net\/wp-content\/uploads\/2025\/03\/28\/1743156098868erdogan-putin-aa-1931036.jpg?ver=3608b6e485149114ae00b465e46cf65a 1280w, https:\/\/brtk.net\/wp-content\/uploads\/2025\/03\/28\/1743156098868erdogan-putin-aa-1931036-300x169.jpg?ver=b385a7bceba2495dd5bc15653bf407b7 300w, https:\/\/brtk.net\/wp-content\/uploads\/2025\/03\/28\/1743156098868erdogan-putin-aa-1931036-1024x576.jpg?ver=b385a7bceba2495dd5bc15653bf407b7 1024w, https:\/\/brtk.net\/wp-content\/uploads\/2025\/03\/28\/1743156098868erdogan-putin-aa-1931036-768x432.jpg?ver=b385a7bceba2495dd5bc15653bf407b7 768w\"\/>                            <\/div>\n<p>T\u00fcrkiye Cumhurba\u015fkan\u0131 Recep Tayyip Erdo\u011fan, Rusya Devlet Ba\u015fkan\u0131 Vladimir Putin ile ger\u00e7ekle\u015fti\u011fi telefon g\u00f6r\u00fc\u015fmesinde, Suriye\u2019nin kaynaklar\u0131n\u0131n Suriye y\u00f6netimine b\u0131rak\u0131lmas\u0131 gerekti\u011fini, T\u00fcrkiye\u2019nin s\u00f6zde \u201cSuriye Demokratik G\u00fc\u00e7leri\u201dnin merkezi y\u00f6netim b\u00fcnyesinde eritilmesini destekledi\u011fini, Suriye\u2019nin bundan b\u00f6yle ter\u00f6r \u00f6rg\u00fctleri i\u00e7in elveri\u015fli bir alan olmaktan tamamen \u00e7\u0131kart\u0131lmas\u0131n\u0131n Suriye\u2019nin istikrar\u0131 i\u00e7in hayati \u00f6nemde oldu\u011funu belirtti.<\/p>\n<p>TC Cumhurba\u015fkanl\u0131\u011f\u0131 \u0130leti\u015fim Ba\u015fkanl\u0131\u011f\u0131ndan yap\u0131lan a\u00e7\u0131klamaya g\u00f6re, Cumhurba\u015fkan\u0131 Erdo\u011fan\u2019\u0131n, Putin ile yapt\u0131\u011f\u0131 telefon g\u00f6r\u00fc\u015fmesinde T\u00fcrkiye ile Rusya ikili ili\u015fkileri, b\u00f6lgesel ve k\u00fcresel konular ele al\u0131nd\u0131.<\/p>\n<p>Erdo\u011fan g\u00f6r\u00fc\u015fmede, b\u00f6lgesel meselelerin \u00e7\u00f6z\u00fcm\u00fcnde T\u00fcrkiye ile Rusya\u2019n\u0131n i\u015f birli\u011finin kilit \u00f6neme sahip oldu\u011funu, Rusya-Ukrayna aras\u0131nda devam eden sava\u015f\u0131n sona erdirilmesi i\u00e7in ba\u015flat\u0131lan s\u00fcreci T\u00fcrkiye\u2019nin yak\u0131ndan takip etti\u011fini, T\u00fcrkiye\u2019nin onurlu ve kal\u0131c\u0131 bar\u0131\u015f\u0131n sa\u011flanmas\u0131 i\u00e7in bar\u0131\u015f m\u00fczakerelerine ev sahipli\u011fi yapmak dahil her t\u00fcrl\u00fc deste\u011fe haz\u0131r oldu\u011funun alt\u0131n\u0131 \u00e7izdi.<\/p>\n<p>G\u00f6r\u00fc\u015fmede Erdo\u011fan, Karadeniz\u2019de ticari seyr\u00fcsefer emniyeti i\u00e7in at\u0131lacak iyi niyetli ad\u0131mlar\u0131n, bar\u0131\u015f s\u00fcrecine katk\u0131 sa\u011flayaca\u011f\u0131n\u0131, T\u00fcrkiye\u2019nin Karadeniz\u2019in bir \u00e7at\u0131\u015fma alan\u0131na d\u00f6nmemesi i\u00e7in \u00fczerine d\u00fc\u015feni yapmaya devam etti\u011fini belirtti.<\/p>\n<p>Erdo\u011fan g\u00f6r\u00fc\u015fmede T\u00fcrkiye\u2019nin, Suriye konusunda Rusya ile i\u015f birli\u011fine \u00f6nem verdi\u011fini, Suriye\u2019nin toprak b\u00fct\u00fcnl\u00fc\u011f\u00fc temelinde kal\u0131c\u0131 huzur ve istikrara kavu\u015fmas\u0131 i\u00e7in T\u00fcrkiye ve Rusya\u2019n\u0131n birlikte \u00e7al\u0131\u015fmas\u0131n\u0131n m\u00fchim oldu\u011funu, Suriye\u2019nin birli\u011fini bozmaya y\u00f6nelik etnik ve mezhebi ayr\u0131mc\u0131l\u0131\u011f\u0131 k\u00f6r\u00fckleyen gayretlerin bertaraf edilmesi ve Suriye\u2019ye y\u00f6nelik yapt\u0131r\u0131mlar\u0131n t\u00fcm\u00fcyle kald\u0131r\u0131lmas\u0131 i\u00e7in T\u00fcrkiye ve Rusya\u2019n\u0131n birlikte \u00e7al\u0131\u015fabilece\u011fini ifade etti.<\/p>\n<p>G\u00f6r\u00fc\u015fmede Erdo\u011fan, Suriye\u2019nin kaynaklar\u0131n\u0131n Suriye y\u00f6netimine b\u0131rak\u0131lmas\u0131 gerekti\u011fini, T\u00fcrkiye\u2019nin s\u00f6zde \u201cSuriye Demokratik G\u00fc\u00e7leri\u201dnin merkezi y\u00f6netim b\u00fcnyesinde eritilmesini destekledi\u011fini, Suriye\u2019nin bundan b\u00f6yle ter\u00f6r \u00f6rg\u00fctleri i\u00e7in elveri\u015fli bir alan olmaktan tamamen \u00e7\u0131kart\u0131lmas\u0131n\u0131n Suriye\u2019nin istikrar\u0131 i\u00e7in hayati \u00f6nemde oldu\u011funu vurgulad\u0131.<\/p>\n<\/p><\/div>\n<p><script async\n                    defer\n                    crossorigin=\"anonymous\"\n                    src=\"https:\/\/connect.facebook.net\/tr_TR\/sdk.js#xfbml=1&#038;version=v3.3\"\n            ><\/script><\/p>\n","protected":false},"excerpt":{"rendered":"<p>T\u00fcrkiye Cumhurba\u015fkan\u0131 Recep Tayyip Erdo\u011fan, Rusya Devlet Ba\u015fkan\u0131 Vladimir Putin ile ger\u00e7ekle\u015fti\u011fi telefon g\u00f6r\u00fc\u015fmesinde, Suriye\u2019nin kaynaklar\u0131n\u0131n Suriye y\u00f6netimine b\u0131rak\u0131lmas\u0131 gerekti\u011fini, T\u00fcrkiye\u2019nin s\u00f6zde \u201cSuriye Demokratik G\u00fc\u00e7leri\u201dnin merkezi y\u00f6netim b\u00fcnyesinde eritilmesini destekledi\u011fini, Suriye\u2019nin bundan b\u00f6yle ter\u00f6r \u00f6rg\u00fctleri i\u00e7in elveri\u015fli bir alan olmaktan tamamen \u00e7\u0131kart\u0131lmas\u0131n\u0131n Suriye\u2019nin istikrar\u0131 i\u00e7in hayati \u00f6nemde oldu\u011funu belirtti. TC Cumhurba\u015fkanl\u0131\u011f\u0131 \u0130leti\u015fim Ba\u015fkanl\u0131\u011f\u0131ndan yap\u0131lan a\u00e7\u0131klamaya<\/p>\n","protected":false},"author":1,"featured_media":78989,"comment_status":"open","ping_status":"open","sticky":false,"template":"","format":"standard","meta":{"footnotes":""},"categories":[86],"tags":[],"class_list":["post-78988","post","type-post","status-publish","format-standard","has-post-thumbnail","hentry","category-turkiye"],"yoast_head":"<!-- This site is optimized with the Yoast SEO plugin v27.5 - https:\/\/yoast.com\/product\/yoast-seo-wordpress\/ -->\n<title>Erdo\u011fan, Putin ile telefonda g\u00f6r\u00fc\u015ft\u00fc -<\/title>\n<meta name=\"robots\" content=\"index, follow, max-snippet:-1, max-image-preview:large, max-video-preview:-1\" \/>\n<link rel=\"canonical\" href=\"https:\/\/kibrisdakik.com\/?p=78988\" \/>\n<meta property=\"og:locale\" content=\"tr_TR\" \/>\n<meta property=\"og:type\" content=\"article\" \/>\n<meta property=\"og:title\" content=\"Erdo\u011fan, Putin ile telefonda g\u00f6r\u00fc\u015ft\u00fc -\" \/>\n<meta property=\"og:description\" content=\"T\u00fcrkiye Cumhurba\u015fkan\u0131 Recep Tayyip Erdo\u011fan, Rusya Devlet Ba\u015fkan\u0131 Vladimir Putin ile ger\u00e7ekle\u015fti\u011fi telefon g\u00f6r\u00fc\u015fmesinde, Suriye\u2019nin kaynaklar\u0131n\u0131n Suriye y\u00f6netimine b\u0131rak\u0131lmas\u0131 gerekti\u011fini, T\u00fcrkiye\u2019nin s\u00f6zde \u201cSuriye Demokratik G\u00fc\u00e7leri\u201dnin merkezi y\u00f6netim b\u00fcnyesinde eritilmesini destekledi\u011fini, Suriye\u2019nin bundan b\u00f6yle ter\u00f6r \u00f6rg\u00fctleri i\u00e7in elveri\u015fli bir alan olmaktan tamamen \u00e7\u0131kart\u0131lmas\u0131n\u0131n Suriye\u2019nin istikrar\u0131 i\u00e7in hayati \u00f6nemde oldu\u011funu belirtti. TC Cumhurba\u015fkanl\u0131\u011f\u0131 \u0130leti\u015fim Ba\u015fkanl\u0131\u011f\u0131ndan yap\u0131lan a\u00e7\u0131klamaya\" \/>\n<meta property=\"og:url\" content=\"https:\/\/kibrisdakik.com\/?p=78988\" \/>\n<meta property=\"article:published_time\" content=\"2025-03-28T15:06:00+00:00\" \/>\n<meta property=\"og:image\" content=\"https:\/\/kibrisdakik.com\/wp-content\/uploads\/2025\/03\/1743156098868erdogan-putin-aa-1931036-740x420.jpg\" \/>\n\t<meta property=\"og:image:width\" content=\"1280\" \/>\n\t<meta property=\"og:image:height\" content=\"720\" \/>\n\t<meta property=\"og:image:type\" content=\"image\/jpeg\" \/>\n<meta name=\"author\" content=\"admin\" \/>\n<meta name=\"twitter:card\" content=\"summary_large_image\" \/>\n<meta name=\"twitter:label1\" content=\"Yazan:\" \/>\n\t<meta name=\"twitter:data1\" content=\"admin\" \/>\n\t<meta name=\"twitter:label2\" content=\"Tahmini okuma s\u00fcresi\" \/>\n\t<meta name=\"twitter:data2\" content=\"2 dakika\" \/>\n<script type=\"application\/ld+json\" class=\"yoast-schema-graph\">{\"@context\":\"https:\\\/\\\/schema.org\",\"@graph\":[{\"@type\":\"Article\",\"@id\":\"https:\\\/\\\/kibrisdakik.com\\\/?p=78988#article\",\"isPartOf\":{\"@id\":\"https:\\\/\\\/kibrisdakik.com\\\/?p=78988\"},\"author\":{\"name\":\"admin\",\"@id\":\"https:\\\/\\\/kibrisdakik.com\\\/#\\\/schema\\\/person\\\/9cd9d437bbb44f72b73ba127e06d8e79\"},\"headline\":\"Erdo\u011fan, Putin ile telefonda g\u00f6r\u00fc\u015ft\u00fc\",\"datePublished\":\"2025-03-28T15:06:00+00:00\",\"mainEntityOfPage\":{\"@id\":\"https:\\\/\\\/kibrisdakik.com\\\/?p=78988\"},\"wordCount\":430,\"commentCount\":0,\"image\":{\"@id\":\"https:\\\/\\\/kibrisdakik.com\\\/?p=78988#primaryimage\"},\"thumbnailUrl\":\"https:\\\/\\\/kibrisdakik.com\\\/wp-content\\\/uploads\\\/2025\\\/03\\\/1743156098868erdogan-putin-aa-1931036-740x420.jpg\",\"articleSection\":[\"T\u00fcrkiye\"],\"inLanguage\":\"tr\",\"potentialAction\":[{\"@type\":\"CommentAction\",\"name\":\"Comment\",\"target\":[\"https:\\\/\\\/kibrisdakik.com\\\/?p=78988#respond\"]}]},{\"@type\":\"WebPage\",\"@id\":\"https:\\\/\\\/kibrisdakik.com\\\/?p=78988\",\"url\":\"https:\\\/\\\/kibrisdakik.com\\\/?p=78988\",\"name\":\"Erdo\u011fan, Putin ile telefonda g\u00f6r\u00fc\u015ft\u00fc -\",\"isPartOf\":{\"@id\":\"https:\\\/\\\/kibrisdakik.com\\\/#website\"},\"primaryImageOfPage\":{\"@id\":\"https:\\\/\\\/kibrisdakik.com\\\/?p=78988#primaryimage\"},\"image\":{\"@id\":\"https:\\\/\\\/kibrisdakik.com\\\/?p=78988#primaryimage\"},\"thumbnailUrl\":\"https:\\\/\\\/kibrisdakik.com\\\/wp-content\\\/uploads\\\/2025\\\/03\\\/1743156098868erdogan-putin-aa-1931036-740x420.jpg\",\"datePublished\":\"2025-03-28T15:06:00+00:00\",\"author\":{\"@id\":\"https:\\\/\\\/kibrisdakik.com\\\/#\\\/schema\\\/person\\\/9cd9d437bbb44f72b73ba127e06d8e79\"},\"breadcrumb\":{\"@id\":\"https:\\\/\\\/kibrisdakik.com\\\/?p=78988#breadcrumb\"},\"inLanguage\":\"tr\",\"potentialAction\":[{\"@type\":\"ReadAction\",\"target\":[\"https:\\\/\\\/kibrisdakik.com\\\/?p=78988\"]}]},{\"@type\":\"ImageObject\",\"inLanguage\":\"tr\",\"@id\":\"https:\\\/\\\/kibrisdakik.com\\\/?p=78988#primaryimage\",\"url\":\"https:\\\/\\\/kibrisdakik.com\\\/wp-content\\\/uploads\\\/2025\\\/03\\\/1743156098868erdogan-putin-aa-1931036-740x420.jpg\",\"contentUrl\":\"https:\\\/\\\/kibrisdakik.com\\\/wp-content\\\/uploads\\\/2025\\\/03\\\/1743156098868erdogan-putin-aa-1931036-740x420.jpg\",\"width\":1280,\"height\":720},{\"@type\":\"BreadcrumbList\",\"@id\":\"https:\\\/\\\/kibrisdakik.com\\\/?p=78988#breadcrumb\",\"itemListElement\":[{\"@type\":\"ListItem\",\"position\":1,\"name\":\"Home\",\"item\":\"https:\\\/\\\/kibrisdakik.com\\\/\"},{\"@type\":\"ListItem\",\"position\":2,\"name\":\"Erdo\u011fan, Putin ile telefonda g\u00f6r\u00fc\u015ft\u00fc\"}]},{\"@type\":\"WebSite\",\"@id\":\"https:\\\/\\\/kibrisdakik.com\\\/#website\",\"url\":\"https:\\\/\\\/kibrisdakik.com\\\/\",\"name\":\"\",\"description\":\"Tam vaktinde haber\",\"potentialAction\":[{\"@type\":\"SearchAction\",\"target\":{\"@type\":\"EntryPoint\",\"urlTemplate\":\"https:\\\/\\\/kibrisdakik.com\\\/?s={search_term_string}\"},\"query-input\":{\"@type\":\"PropertyValueSpecification\",\"valueRequired\":true,\"valueName\":\"search_term_string\"}}],\"inLanguage\":\"tr\"},{\"@type\":\"Person\",\"@id\":\"https:\\\/\\\/kibrisdakik.com\\\/#\\\/schema\\\/person\\\/9cd9d437bbb44f72b73ba127e06d8e79\",\"name\":\"admin\",\"image\":{\"@type\":\"ImageObject\",\"inLanguage\":\"tr\",\"@id\":\"https:\\\/\\\/secure.gravatar.com\\\/avatar\\\/ccc17943b9d660506c869530f897617f7cb1c21a4bf30023f252596d83e1f007?s=96&d=mm&r=g\",\"url\":\"https:\\\/\\\/secure.gravatar.com\\\/avatar\\\/ccc17943b9d660506c869530f897617f7cb1c21a4bf30023f252596d83e1f007?s=96&d=mm&r=g\",\"contentUrl\":\"https:\\\/\\\/secure.gravatar.com\\\/avatar\\\/ccc17943b9d660506c869530f897617f7cb1c21a4bf30023f252596d83e1f007?s=96&d=mm&r=g\",\"caption\":\"admin\"},\"sameAs\":[\"https:\\\/\\\/kibrisdakik.com\"],\"url\":\"https:\\\/\\\/kibrisdakik.com\\\/?author=1\"}]}<\/script>\n<!-- \/ Yoast SEO plugin. -->","yoast_head_json":{"title":"Erdo\u011fan, Putin ile telefonda g\u00f6r\u00fc\u015ft\u00fc -","robots":{"index":"index","follow":"follow","max-snippet":"max-snippet:-1","max-image-preview":"max-image-preview:large","max-video-preview":"max-video-preview:-1"},"canonical":"https:\/\/kibrisdakik.com\/?p=78988","og_locale":"tr_TR","og_type":"article","og_title":"Erdo\u011fan, Putin ile telefonda g\u00f6r\u00fc\u015ft\u00fc -","og_description":"T\u00fcrkiye Cumhurba\u015fkan\u0131 Recep Tayyip Erdo\u011fan, Rusya Devlet Ba\u015fkan\u0131 Vladimir Putin ile ger\u00e7ekle\u015fti\u011fi telefon g\u00f6r\u00fc\u015fmesinde, Suriye\u2019nin kaynaklar\u0131n\u0131n Suriye y\u00f6netimine b\u0131rak\u0131lmas\u0131 gerekti\u011fini, T\u00fcrkiye\u2019nin s\u00f6zde \u201cSuriye Demokratik G\u00fc\u00e7leri\u201dnin merkezi y\u00f6netim b\u00fcnyesinde eritilmesini destekledi\u011fini, Suriye\u2019nin bundan b\u00f6yle ter\u00f6r \u00f6rg\u00fctleri i\u00e7in elveri\u015fli bir alan olmaktan tamamen \u00e7\u0131kart\u0131lmas\u0131n\u0131n Suriye\u2019nin istikrar\u0131 i\u00e7in hayati \u00f6nemde oldu\u011funu belirtti. TC Cumhurba\u015fkanl\u0131\u011f\u0131 \u0130leti\u015fim Ba\u015fkanl\u0131\u011f\u0131ndan yap\u0131lan a\u00e7\u0131klamaya","og_url":"https:\/\/kibrisdakik.com\/?p=78988","article_published_time":"2025-03-28T15:06:00+00:00","og_image":[{"width":1280,"height":720,"url":"https:\/\/kibrisdakik.com\/wp-content\/uploads\/2025\/03\/1743156098868erdogan-putin-aa-1931036-740x420.jpg","type":"image\/jpeg"}],"author":"admin","twitter_card":"summary_large_image","twitter_misc":{"Yazan:":"admin","Tahmini okuma s\u00fcresi":"2 dakika"},"schema":{"@context":"https:\/\/schema.org","@graph":[{"@type":"Article","@id":"https:\/\/kibrisdakik.com\/?p=78988#article","isPartOf":{"@id":"https:\/\/kibrisdakik.com\/?p=78988"},"author":{"name":"admin","@id":"https:\/\/kibrisdakik.com\/#\/schema\/person\/9cd9d437bbb44f72b73ba127e06d8e79"},"headline":"Erdo\u011fan, Putin ile telefonda g\u00f6r\u00fc\u015ft\u00fc","datePublished":"2025-03-28T15:06:00+00:00","mainEntityOfPage":{"@id":"https:\/\/kibrisdakik.com\/?p=78988"},"wordCount":430,"commentCount":0,"image":{"@id":"https:\/\/kibrisdakik.com\/?p=78988#primaryimage"},"thumbnailUrl":"https:\/\/kibrisdakik.com\/wp-content\/uploads\/2025\/03\/1743156098868erdogan-putin-aa-1931036-740x420.jpg","articleSection":["T\u00fcrkiye"],"inLanguage":"tr","potentialAction":[{"@type":"CommentAction","name":"Comment","target":["https:\/\/kibrisdakik.com\/?p=78988#respond"]}]},{"@type":"WebPage","@id":"https:\/\/kibrisdakik.com\/?p=78988","url":"https:\/\/kibrisdakik.com\/?p=78988","name":"Erdo\u011fan, Putin ile telefonda g\u00f6r\u00fc\u015ft\u00fc -","isPartOf":{"@id":"https:\/\/kibrisdakik.com\/#website"},"primaryImageOfPage":{"@id":"https:\/\/kibrisdakik.com\/?p=78988#primaryimage"},"image":{"@id":"https:\/\/kibrisdakik.com\/?p=78988#primaryimage"},"thumbnailUrl":"https:\/\/kibrisdakik.com\/wp-content\/uploads\/2025\/03\/1743156098868erdogan-putin-aa-1931036-740x420.jpg","datePublished":"2025-03-28T15:06:00+00:00","author":{"@id":"https:\/\/kibrisdakik.com\/#\/schema\/person\/9cd9d437bbb44f72b73ba127e06d8e79"},"breadcrumb":{"@id":"https:\/\/kibrisdakik.com\/?p=78988#breadcrumb"},"inLanguage":"tr","potentialAction":[{"@type":"ReadAction","target":["https:\/\/kibrisdakik.com\/?p=78988"]}]},{"@type":"ImageObject","inLanguage":"tr","@id":"https:\/\/kibrisdakik.com\/?p=78988#primaryimage","url":"https:\/\/kibrisdakik.com\/wp-content\/uploads\/2025\/03\/1743156098868erdogan-putin-aa-1931036-740x420.jpg","contentUrl":"https:\/\/kibrisdakik.com\/wp-content\/uploads\/2025\/03\/1743156098868erdogan-putin-aa-1931036-740x420.jpg","width":1280,"height":720},{"@type":"BreadcrumbList","@id":"https:\/\/kibrisdakik.com\/?p=78988#breadcrumb","itemListElement":[{"@type":"ListItem","position":1,"name":"Home","item":"https:\/\/kibrisdakik.com\/"},{"@type":"ListItem","position":2,"name":"Erdo\u011fan, Putin ile telefonda g\u00f6r\u00fc\u015ft\u00fc"}]},{"@type":"WebSite","@id":"https:\/\/kibrisdakik.com\/#website","url":"https:\/\/kibrisdakik.com\/","name":"","description":"Tam vaktinde haber","potentialAction":[{"@type":"SearchAction","target":{"@type":"EntryPoint","urlTemplate":"https:\/\/kibrisdakik.com\/?s={search_term_string}"},"query-input":{"@type":"PropertyValueSpecification","valueRequired":true,"valueName":"search_term_string"}}],"inLanguage":"tr"},{"@type":"Person","@id":"https:\/\/kibrisdakik.com\/#\/schema\/person\/9cd9d437bbb44f72b73ba127e06d8e79","name":"admin","image":{"@type":"ImageObject","inLanguage":"tr","@id":"https:\/\/secure.gravatar.com\/avatar\/ccc17943b9d660506c869530f897617f7cb1c21a4bf30023f252596d83e1f007?s=96&d=mm&r=g","url":"https:\/\/secure.gravatar.com\/avatar\/ccc17943b9d660506c869530f897617f7cb1c21a4bf30023f252596d83e1f007?s=96&d=mm&r=g","contentUrl":"https:\/\/secure.gravatar.com\/avatar\/ccc17943b9d660506c869530f897617f7cb1c21a4bf30023f252596d83e1f007?s=96&d=mm&r=g","caption":"admin"},"sameAs":["https:\/\/kibrisdakik.com"],"url":"https:\/\/kibrisdakik.com\/?author=1"}]}},"_links":{"self":[{"href":"https:\/\/kibrisdakik.com\/index.php?rest_route=\/wp\/v2\/posts\/78988","targetHints":{"allow":["GET"]}}],"collection":[{"href":"https:\/\/kibrisdakik.com\/index.php?rest_route=\/wp\/v2\/posts"}],"about":[{"href":"https:\/\/kibrisdakik.com\/index.php?rest_route=\/wp\/v2\/types\/post"}],"author":[{"embeddable":true,"href":"https:\/\/kibrisdakik.com\/index.php?rest_route=\/wp\/v2\/users\/1"}],"replies":[{"embeddable":true,"href":"https:\/\/kibrisdakik.com\/index.php?rest_route=%2Fwp%2Fv2%2Fcomments&post=78988"}],"version-history":[{"count":0,"href":"https:\/\/kibrisdakik.com\/index.php?rest_route=\/wp\/v2\/posts\/78988\/revisions"}],"wp:featuredmedia":[{"embeddable":true,"href":"https:\/\/kibrisdakik.com\/index.php?rest_route=\/wp\/v2\/media\/78989"}],"wp:attachment":[{"href":"https:\/\/kibrisdakik.com\/index.php?rest_route=%2Fwp%2Fv2%2Fmedia&parent=78988"}],"wp:term":[{"taxonomy":"category","embeddable":true,"href":"https:\/\/kibrisdakik.com\/index.php?rest_route=%2Fwp%2Fv2%2Fcategories&post=78988"},{"taxonomy":"post_tag","embeddable":true,"href":"https:\/\/kibrisdakik.com\/index.php?rest_route=%2Fwp%2Fv2%2Ftags&post=78988"}],"curies":[{"name":"wp","href":"https:\/\/api.w.org\/{rel}","templated":true}]}}