{"id":79015,"date":"2025-03-28T23:55:00","date_gmt":"2025-03-28T20:55:00","guid":{"rendered":"https:\/\/kibrisdakik.com\/index.php\/2025\/03\/28\/ak-parti-sozcusu-celikten-tepki\/"},"modified":"2025-03-28T23:55:00","modified_gmt":"2025-03-28T20:55:00","slug":"ak-parti-sozcusu-celikten-tepki","status":"publish","type":"post","link":"https:\/\/kibrisdakik.com\/?p=79015","title":{"rendered":"AK Parti S\u00f6zc\u00fcs\u00fc \u00c7elik\u2019ten tepki"},"content":{"rendered":"<p><\/p>\n<div>\n<div class=\"mariselle-image-container center\">\n                <img loading=\"lazy\" decoding=\"async\" width=\"1280\" height=\"720\" class=\"lazy-image\" alt=\"\" sizes=\"auto, (max-width: 1280px) 100vw, 1280px\" src=\"https:\/\/brtk.net\/wp-content\/uploads\/2024\/09\/12\/omer-celik-aa-2126340-2.jpg?ver=8d1f1503cd6dc275be700494dce07600\" srcset=\"https:\/\/brtk.net\/wp-content\/uploads\/2024\/09\/12\/omer-celik-aa-2126340-2.jpg?ver=8d1f1503cd6dc275be700494dce07600 1280w, https:\/\/brtk.net\/wp-content\/uploads\/2024\/09\/12\/omer-celik-aa-2126340-2-300x169.jpg?ver=05c8460dfcb3bfa59b646cf8fab7b914 300w, https:\/\/brtk.net\/wp-content\/uploads\/2024\/09\/12\/omer-celik-aa-2126340-2-1024x576.jpg?ver=05c8460dfcb3bfa59b646cf8fab7b914 1024w, https:\/\/brtk.net\/wp-content\/uploads\/2024\/09\/12\/omer-celik-aa-2126340-2-768x432.jpg?ver=05c8460dfcb3bfa59b646cf8fab7b914 768w\"\/>                            <\/div>\n<p>AK Parti S\u00f6zc\u00fcs\u00fc \u00d6mer \u00c7elik, KKTC\u2019de bir \u00f6\u011frencinin ba\u015f\u00f6rt\u00fcs\u00fc sebebiyle okula girmesinin engellenmesine tepki g\u00f6sterdi. \u00c7elik, \u201cBu yakla\u015f\u0131m laiklik de\u011fildir, laikli\u011fin \u00e7irkin bir istismar\u0131d\u0131r. Fanatiklerin e\u011fitim hakk\u0131n\u0131 engellemesi a\u00e7\u0131k bir fa\u015fizmdir\u201d dedi.<\/p>\n<p>AK Parti Genel Ba\u015fkan Yard\u0131mc\u0131s\u0131\u00a0ve Parti S\u00f6zc\u00fcs\u00fc \u00d6mer \u00c7elik, Lefko\u015fa\u2019da\u00a0\u0130rsen K\u00fc\u00e7\u00fck Ortaokulu\u2019nda bir \u00f6\u011frencinin k\u0131yafeti sebebiyle okula girmesinin baz\u0131 ki\u015filer taraf\u0131ndan engellenmesini \u015fiddetle k\u0131nad\u0131\u011f\u0131n\u0131 ifade etti.\u00a0<\/p>\n<p>Sosyal medyadan yapt\u0131\u011f\u0131 payla\u015f\u0131mda \u00c7elik, \u015funlar\u0131 kaydetti:\u00a0<\/p>\n<p>\u201cE\u011fitim hakk\u0131n\u0131 ihlal edenlerin bu \u00e7irkin yakla\u015f\u0131m\u0131, insan haklar\u0131na ayk\u0131r\u0131 bir fanatizmdir. Bu \u00e7irkinli\u011fe bahane \u00fcretmek i\u00e7in sarfettikleri c\u00fcmleler ise vahimdir.<\/p>\n<p>Bu fanatizme kar\u015f\u0131 \u00fclkemizde \u00e7ok temel bir demokrasi m\u00fccadelesi verdik. Ge\u00e7mi\u015fte bu yasak\u00e7\u0131l\u0131\u011fa imza atanlar utan\u00e7lar\u0131yla ba\u015f ba\u015fa kald\u0131lar.<\/p>\n<p>Ayn\u0131 fanatizmin KKTC\u2019ye zarar vermesi engellenmelidir. En temel de\u011ferlere ayk\u0131r\u0131 bu \u00e7irkin yakla\u015f\u0131m\u0131n d\u00fczeltilmesini temenni ediyoruz.<\/p>\n<p>Bir \u00f6\u011frencinin ba\u015f\u00f6rt\u00fcs\u00fc sebebiyle e\u011fitim hakk\u0131n\u0131n engellenmesinin laiklikle izah edilmesi sa\u00e7mal\u0131kt\u0131r.<\/p>\n<p>Bu yakla\u015f\u0131m laiklik de\u011fildir, laikli\u011fin \u00e7irkin bir istismar\u0131d\u0131r. Fanatiklerin e\u011fitim hakk\u0131n\u0131 engellemesi a\u00e7\u0131k bir fa\u015fizmdir.\u201d<\/p>\n<\/p><\/div>\n<p><script async\n                    defer\n                    crossorigin=\"anonymous\"\n                    src=\"https:\/\/connect.facebook.net\/tr_TR\/sdk.js#xfbml=1&#038;version=v3.3\"\n            ><\/script><\/p>\n","protected":false},"excerpt":{"rendered":"<p>AK Parti S\u00f6zc\u00fcs\u00fc \u00d6mer \u00c7elik, KKTC\u2019de bir \u00f6\u011frencinin ba\u015f\u00f6rt\u00fcs\u00fc sebebiyle okula girmesinin engellenmesine tepki g\u00f6sterdi. \u00c7elik, \u201cBu yakla\u015f\u0131m laiklik de\u011fildir, laikli\u011fin \u00e7irkin bir istismar\u0131d\u0131r. Fanatiklerin e\u011fitim hakk\u0131n\u0131 engellemesi a\u00e7\u0131k bir fa\u015fizmdir\u201d dedi. AK Parti Genel Ba\u015fkan Yard\u0131mc\u0131s\u0131\u00a0ve Parti S\u00f6zc\u00fcs\u00fc \u00d6mer \u00c7elik, Lefko\u015fa\u2019da\u00a0\u0130rsen K\u00fc\u00e7\u00fck Ortaokulu\u2019nda bir \u00f6\u011frencinin k\u0131yafeti sebebiyle okula girmesinin baz\u0131 ki\u015filer taraf\u0131ndan engellenmesini \u015fiddetle<\/p>\n","protected":false},"author":1,"featured_media":79016,"comment_status":"open","ping_status":"open","sticky":false,"template":"","format":"standard","meta":{"footnotes":""},"categories":[86],"tags":[],"class_list":["post-79015","post","type-post","status-publish","format-standard","has-post-thumbnail","hentry","category-turkiye"],"yoast_head":"<!-- This site is optimized with the Yoast SEO plugin v27.5 - https:\/\/yoast.com\/product\/yoast-seo-wordpress\/ -->\n<title>AK Parti S\u00f6zc\u00fcs\u00fc \u00c7elik\u2019ten tepki -<\/title>\n<meta name=\"robots\" content=\"index, follow, max-snippet:-1, max-image-preview:large, max-video-preview:-1\" \/>\n<link rel=\"canonical\" href=\"https:\/\/kibrisdakik.com\/?p=79015\" \/>\n<meta property=\"og:locale\" content=\"tr_TR\" \/>\n<meta property=\"og:type\" content=\"article\" \/>\n<meta property=\"og:title\" content=\"AK Parti S\u00f6zc\u00fcs\u00fc \u00c7elik\u2019ten tepki -\" \/>\n<meta property=\"og:description\" content=\"AK Parti S\u00f6zc\u00fcs\u00fc \u00d6mer \u00c7elik, KKTC\u2019de bir \u00f6\u011frencinin ba\u015f\u00f6rt\u00fcs\u00fc sebebiyle okula girmesinin engellenmesine tepki g\u00f6sterdi. \u00c7elik, \u201cBu yakla\u015f\u0131m laiklik de\u011fildir, laikli\u011fin \u00e7irkin bir istismar\u0131d\u0131r. Fanatiklerin e\u011fitim hakk\u0131n\u0131 engellemesi a\u00e7\u0131k bir fa\u015fizmdir\u201d dedi. AK Parti Genel Ba\u015fkan Yard\u0131mc\u0131s\u0131\u00a0ve Parti S\u00f6zc\u00fcs\u00fc \u00d6mer \u00c7elik, Lefko\u015fa\u2019da\u00a0\u0130rsen K\u00fc\u00e7\u00fck Ortaokulu\u2019nda bir \u00f6\u011frencinin k\u0131yafeti sebebiyle okula girmesinin baz\u0131 ki\u015filer taraf\u0131ndan engellenmesini \u015fiddetle\" \/>\n<meta property=\"og:url\" content=\"https:\/\/kibrisdakik.com\/?p=79015\" \/>\n<meta property=\"article:published_time\" content=\"2025-03-28T20:55:00+00:00\" \/>\n<meta property=\"og:image\" content=\"https:\/\/kibrisdakik.com\/wp-content\/uploads\/2025\/03\/OMER-CELIK-54353-2.webp-740x420.webp\" \/>\n\t<meta property=\"og:image:width\" content=\"760\" \/>\n\t<meta property=\"og:image:height\" content=\"450\" \/>\n\t<meta property=\"og:image:type\" content=\"image\/webp\" \/>\n<meta name=\"author\" content=\"admin\" \/>\n<meta name=\"twitter:card\" content=\"summary_large_image\" \/>\n<meta name=\"twitter:label1\" content=\"Yazan:\" \/>\n\t<meta name=\"twitter:data1\" content=\"admin\" \/>\n\t<meta name=\"twitter:label2\" content=\"Tahmini okuma s\u00fcresi\" \/>\n\t<meta name=\"twitter:data2\" content=\"1 dakika\" \/>\n<script type=\"application\/ld+json\" class=\"yoast-schema-graph\">{\"@context\":\"https:\\\/\\\/schema.org\",\"@graph\":[{\"@type\":\"Article\",\"@id\":\"https:\\\/\\\/kibrisdakik.com\\\/?p=79015#article\",\"isPartOf\":{\"@id\":\"https:\\\/\\\/kibrisdakik.com\\\/?p=79015\"},\"author\":{\"name\":\"admin\",\"@id\":\"https:\\\/\\\/kibrisdakik.com\\\/#\\\/schema\\\/person\\\/9cd9d437bbb44f72b73ba127e06d8e79\"},\"headline\":\"AK Parti S\u00f6zc\u00fcs\u00fc \u00c7elik\u2019ten tepki\",\"datePublished\":\"2025-03-28T20:55:00+00:00\",\"mainEntityOfPage\":{\"@id\":\"https:\\\/\\\/kibrisdakik.com\\\/?p=79015\"},\"wordCount\":227,\"commentCount\":0,\"image\":{\"@id\":\"https:\\\/\\\/kibrisdakik.com\\\/?p=79015#primaryimage\"},\"thumbnailUrl\":\"https:\\\/\\\/kibrisdakik.com\\\/wp-content\\\/uploads\\\/2025\\\/03\\\/OMER-CELIK-54353-2.webp-740x420.webp\",\"articleSection\":[\"T\u00fcrkiye\"],\"inLanguage\":\"tr\",\"potentialAction\":[{\"@type\":\"CommentAction\",\"name\":\"Comment\",\"target\":[\"https:\\\/\\\/kibrisdakik.com\\\/?p=79015#respond\"]}]},{\"@type\":\"WebPage\",\"@id\":\"https:\\\/\\\/kibrisdakik.com\\\/?p=79015\",\"url\":\"https:\\\/\\\/kibrisdakik.com\\\/?p=79015\",\"name\":\"AK Parti S\u00f6zc\u00fcs\u00fc \u00c7elik\u2019ten tepki -\",\"isPartOf\":{\"@id\":\"https:\\\/\\\/kibrisdakik.com\\\/#website\"},\"primaryImageOfPage\":{\"@id\":\"https:\\\/\\\/kibrisdakik.com\\\/?p=79015#primaryimage\"},\"image\":{\"@id\":\"https:\\\/\\\/kibrisdakik.com\\\/?p=79015#primaryimage\"},\"thumbnailUrl\":\"https:\\\/\\\/kibrisdakik.com\\\/wp-content\\\/uploads\\\/2025\\\/03\\\/OMER-CELIK-54353-2.webp-740x420.webp\",\"datePublished\":\"2025-03-28T20:55:00+00:00\",\"author\":{\"@id\":\"https:\\\/\\\/kibrisdakik.com\\\/#\\\/schema\\\/person\\\/9cd9d437bbb44f72b73ba127e06d8e79\"},\"breadcrumb\":{\"@id\":\"https:\\\/\\\/kibrisdakik.com\\\/?p=79015#breadcrumb\"},\"inLanguage\":\"tr\",\"potentialAction\":[{\"@type\":\"ReadAction\",\"target\":[\"https:\\\/\\\/kibrisdakik.com\\\/?p=79015\"]}]},{\"@type\":\"ImageObject\",\"inLanguage\":\"tr\",\"@id\":\"https:\\\/\\\/kibrisdakik.com\\\/?p=79015#primaryimage\",\"url\":\"https:\\\/\\\/kibrisdakik.com\\\/wp-content\\\/uploads\\\/2025\\\/03\\\/OMER-CELIK-54353-2.webp-740x420.webp\",\"contentUrl\":\"https:\\\/\\\/kibrisdakik.com\\\/wp-content\\\/uploads\\\/2025\\\/03\\\/OMER-CELIK-54353-2.webp-740x420.webp\",\"width\":760,\"height\":450},{\"@type\":\"BreadcrumbList\",\"@id\":\"https:\\\/\\\/kibrisdakik.com\\\/?p=79015#breadcrumb\",\"itemListElement\":[{\"@type\":\"ListItem\",\"position\":1,\"name\":\"Home\",\"item\":\"https:\\\/\\\/kibrisdakik.com\\\/\"},{\"@type\":\"ListItem\",\"position\":2,\"name\":\"AK Parti S\u00f6zc\u00fcs\u00fc \u00c7elik\u2019ten tepki\"}]},{\"@type\":\"WebSite\",\"@id\":\"https:\\\/\\\/kibrisdakik.com\\\/#website\",\"url\":\"https:\\\/\\\/kibrisdakik.com\\\/\",\"name\":\"\",\"description\":\"Tam vaktinde haber\",\"potentialAction\":[{\"@type\":\"SearchAction\",\"target\":{\"@type\":\"EntryPoint\",\"urlTemplate\":\"https:\\\/\\\/kibrisdakik.com\\\/?s={search_term_string}\"},\"query-input\":{\"@type\":\"PropertyValueSpecification\",\"valueRequired\":true,\"valueName\":\"search_term_string\"}}],\"inLanguage\":\"tr\"},{\"@type\":\"Person\",\"@id\":\"https:\\\/\\\/kibrisdakik.com\\\/#\\\/schema\\\/person\\\/9cd9d437bbb44f72b73ba127e06d8e79\",\"name\":\"admin\",\"image\":{\"@type\":\"ImageObject\",\"inLanguage\":\"tr\",\"@id\":\"https:\\\/\\\/secure.gravatar.com\\\/avatar\\\/ccc17943b9d660506c869530f897617f7cb1c21a4bf30023f252596d83e1f007?s=96&d=mm&r=g\",\"url\":\"https:\\\/\\\/secure.gravatar.com\\\/avatar\\\/ccc17943b9d660506c869530f897617f7cb1c21a4bf30023f252596d83e1f007?s=96&d=mm&r=g\",\"contentUrl\":\"https:\\\/\\\/secure.gravatar.com\\\/avatar\\\/ccc17943b9d660506c869530f897617f7cb1c21a4bf30023f252596d83e1f007?s=96&d=mm&r=g\",\"caption\":\"admin\"},\"sameAs\":[\"https:\\\/\\\/kibrisdakik.com\"],\"url\":\"https:\\\/\\\/kibrisdakik.com\\\/?author=1\"}]}<\/script>\n<!-- \/ Yoast SEO plugin. -->","yoast_head_json":{"title":"AK Parti S\u00f6zc\u00fcs\u00fc \u00c7elik\u2019ten tepki -","robots":{"index":"index","follow":"follow","max-snippet":"max-snippet:-1","max-image-preview":"max-image-preview:large","max-video-preview":"max-video-preview:-1"},"canonical":"https:\/\/kibrisdakik.com\/?p=79015","og_locale":"tr_TR","og_type":"article","og_title":"AK Parti S\u00f6zc\u00fcs\u00fc \u00c7elik\u2019ten tepki -","og_description":"AK Parti S\u00f6zc\u00fcs\u00fc \u00d6mer \u00c7elik, KKTC\u2019de bir \u00f6\u011frencinin ba\u015f\u00f6rt\u00fcs\u00fc sebebiyle okula girmesinin engellenmesine tepki g\u00f6sterdi. \u00c7elik, \u201cBu yakla\u015f\u0131m laiklik de\u011fildir, laikli\u011fin \u00e7irkin bir istismar\u0131d\u0131r. Fanatiklerin e\u011fitim hakk\u0131n\u0131 engellemesi a\u00e7\u0131k bir fa\u015fizmdir\u201d dedi. AK Parti Genel Ba\u015fkan Yard\u0131mc\u0131s\u0131\u00a0ve Parti S\u00f6zc\u00fcs\u00fc \u00d6mer \u00c7elik, Lefko\u015fa\u2019da\u00a0\u0130rsen K\u00fc\u00e7\u00fck Ortaokulu\u2019nda bir \u00f6\u011frencinin k\u0131yafeti sebebiyle okula girmesinin baz\u0131 ki\u015filer taraf\u0131ndan engellenmesini \u015fiddetle","og_url":"https:\/\/kibrisdakik.com\/?p=79015","article_published_time":"2025-03-28T20:55:00+00:00","og_image":[{"width":760,"height":450,"url":"https:\/\/kibrisdakik.com\/wp-content\/uploads\/2025\/03\/OMER-CELIK-54353-2.webp-740x420.webp","type":"image\/webp"}],"author":"admin","twitter_card":"summary_large_image","twitter_misc":{"Yazan:":"admin","Tahmini okuma s\u00fcresi":"1 dakika"},"schema":{"@context":"https:\/\/schema.org","@graph":[{"@type":"Article","@id":"https:\/\/kibrisdakik.com\/?p=79015#article","isPartOf":{"@id":"https:\/\/kibrisdakik.com\/?p=79015"},"author":{"name":"admin","@id":"https:\/\/kibrisdakik.com\/#\/schema\/person\/9cd9d437bbb44f72b73ba127e06d8e79"},"headline":"AK Parti S\u00f6zc\u00fcs\u00fc \u00c7elik\u2019ten tepki","datePublished":"2025-03-28T20:55:00+00:00","mainEntityOfPage":{"@id":"https:\/\/kibrisdakik.com\/?p=79015"},"wordCount":227,"commentCount":0,"image":{"@id":"https:\/\/kibrisdakik.com\/?p=79015#primaryimage"},"thumbnailUrl":"https:\/\/kibrisdakik.com\/wp-content\/uploads\/2025\/03\/OMER-CELIK-54353-2.webp-740x420.webp","articleSection":["T\u00fcrkiye"],"inLanguage":"tr","potentialAction":[{"@type":"CommentAction","name":"Comment","target":["https:\/\/kibrisdakik.com\/?p=79015#respond"]}]},{"@type":"WebPage","@id":"https:\/\/kibrisdakik.com\/?p=79015","url":"https:\/\/kibrisdakik.com\/?p=79015","name":"AK Parti S\u00f6zc\u00fcs\u00fc \u00c7elik\u2019ten tepki -","isPartOf":{"@id":"https:\/\/kibrisdakik.com\/#website"},"primaryImageOfPage":{"@id":"https:\/\/kibrisdakik.com\/?p=79015#primaryimage"},"image":{"@id":"https:\/\/kibrisdakik.com\/?p=79015#primaryimage"},"thumbnailUrl":"https:\/\/kibrisdakik.com\/wp-content\/uploads\/2025\/03\/OMER-CELIK-54353-2.webp-740x420.webp","datePublished":"2025-03-28T20:55:00+00:00","author":{"@id":"https:\/\/kibrisdakik.com\/#\/schema\/person\/9cd9d437bbb44f72b73ba127e06d8e79"},"breadcrumb":{"@id":"https:\/\/kibrisdakik.com\/?p=79015#breadcrumb"},"inLanguage":"tr","potentialAction":[{"@type":"ReadAction","target":["https:\/\/kibrisdakik.com\/?p=79015"]}]},{"@type":"ImageObject","inLanguage":"tr","@id":"https:\/\/kibrisdakik.com\/?p=79015#primaryimage","url":"https:\/\/kibrisdakik.com\/wp-content\/uploads\/2025\/03\/OMER-CELIK-54353-2.webp-740x420.webp","contentUrl":"https:\/\/kibrisdakik.com\/wp-content\/uploads\/2025\/03\/OMER-CELIK-54353-2.webp-740x420.webp","width":760,"height":450},{"@type":"BreadcrumbList","@id":"https:\/\/kibrisdakik.com\/?p=79015#breadcrumb","itemListElement":[{"@type":"ListItem","position":1,"name":"Home","item":"https:\/\/kibrisdakik.com\/"},{"@type":"ListItem","position":2,"name":"AK Parti S\u00f6zc\u00fcs\u00fc \u00c7elik\u2019ten tepki"}]},{"@type":"WebSite","@id":"https:\/\/kibrisdakik.com\/#website","url":"https:\/\/kibrisdakik.com\/","name":"","description":"Tam vaktinde haber","potentialAction":[{"@type":"SearchAction","target":{"@type":"EntryPoint","urlTemplate":"https:\/\/kibrisdakik.com\/?s={search_term_string}"},"query-input":{"@type":"PropertyValueSpecification","valueRequired":true,"valueName":"search_term_string"}}],"inLanguage":"tr"},{"@type":"Person","@id":"https:\/\/kibrisdakik.com\/#\/schema\/person\/9cd9d437bbb44f72b73ba127e06d8e79","name":"admin","image":{"@type":"ImageObject","inLanguage":"tr","@id":"https:\/\/secure.gravatar.com\/avatar\/ccc17943b9d660506c869530f897617f7cb1c21a4bf30023f252596d83e1f007?s=96&d=mm&r=g","url":"https:\/\/secure.gravatar.com\/avatar\/ccc17943b9d660506c869530f897617f7cb1c21a4bf30023f252596d83e1f007?s=96&d=mm&r=g","contentUrl":"https:\/\/secure.gravatar.com\/avatar\/ccc17943b9d660506c869530f897617f7cb1c21a4bf30023f252596d83e1f007?s=96&d=mm&r=g","caption":"admin"},"sameAs":["https:\/\/kibrisdakik.com"],"url":"https:\/\/kibrisdakik.com\/?author=1"}]}},"_links":{"self":[{"href":"https:\/\/kibrisdakik.com\/index.php?rest_route=\/wp\/v2\/posts\/79015","targetHints":{"allow":["GET"]}}],"collection":[{"href":"https:\/\/kibrisdakik.com\/index.php?rest_route=\/wp\/v2\/posts"}],"about":[{"href":"https:\/\/kibrisdakik.com\/index.php?rest_route=\/wp\/v2\/types\/post"}],"author":[{"embeddable":true,"href":"https:\/\/kibrisdakik.com\/index.php?rest_route=\/wp\/v2\/users\/1"}],"replies":[{"embeddable":true,"href":"https:\/\/kibrisdakik.com\/index.php?rest_route=%2Fwp%2Fv2%2Fcomments&post=79015"}],"version-history":[{"count":0,"href":"https:\/\/kibrisdakik.com\/index.php?rest_route=\/wp\/v2\/posts\/79015\/revisions"}],"wp:featuredmedia":[{"embeddable":true,"href":"https:\/\/kibrisdakik.com\/index.php?rest_route=\/wp\/v2\/media\/79016"}],"wp:attachment":[{"href":"https:\/\/kibrisdakik.com\/index.php?rest_route=%2Fwp%2Fv2%2Fmedia&parent=79015"}],"wp:term":[{"taxonomy":"category","embeddable":true,"href":"https:\/\/kibrisdakik.com\/index.php?rest_route=%2Fwp%2Fv2%2Fcategories&post=79015"},{"taxonomy":"post_tag","embeddable":true,"href":"https:\/\/kibrisdakik.com\/index.php?rest_route=%2Fwp%2Fv2%2Ftags&post=79015"}],"curies":[{"name":"wp","href":"https:\/\/api.w.org\/{rel}","templated":true}]}}