{"id":79053,"date":"2025-03-29T15:35:29","date_gmt":"2025-03-29T12:35:29","guid":{"rendered":"https:\/\/kibrisdakik.com\/index.php\/2025\/03\/29\/cavusoglundan-ramazan-bayrami-mesaji\/"},"modified":"2025-03-29T15:35:29","modified_gmt":"2025-03-29T12:35:29","slug":"cavusoglundan-ramazan-bayrami-mesaji","status":"publish","type":"post","link":"https:\/\/kibrisdakik.com\/?p=79053","title":{"rendered":"\u00c7avu\u015fo\u011flu\u2019ndan Ramazan Bayram\u0131 mesaj\u0131"},"content":{"rendered":"<div>\n<div class=\"mariselle-image-container center\">\n                                            <\/div>\n<p>\nMill\u00ee E\u011fitim Bakan\u0131 Naz\u0131m \u00c7avu\u015fo\u011flu, k\u00fcresel krizler ve sava\u015flar\u0131n g\u00f6lgesinde i\u00e7 bar\u0131\u015f ve huzuru koruyup, birlik i\u00e7inde sorunlara \u00e7\u00f6z\u00fcm \u00fcretmek gerekti\u011fini belirtti.<\/p>\n<p>\u00c7avu\u015fo\u011flu, \u201cHepimize d\u00fc\u015fen sorumluluk, \u00fclkemizin sahip oldu\u011fu bar\u0131\u015f ortam\u0131n\u0131 zedeleyecek her t\u00fcrl\u00fc tutum ve davran\u0131\u015ftan ka\u00e7\u0131nmak, dayan\u0131\u015fmay\u0131 g\u00fc\u00e7lendirmektir\u201d<\/p>\n<p>Naz\u0131m \u00c7avu\u015fo\u011flu, Ramazsan Bayram\u0131 nedeniyle yay\u0131mlad\u0131\u011f\u0131 mesaj\u0131nda \u015funlar\u0131 kaydetti:<\/p>\n<p>\u201cSevgi, ho\u015fg\u00f6r\u00fc, birlik ve beraberlik gibi pek \u00e7ok de\u011feri bar\u0131nd\u0131ran m\u00fcbarek Ramazan ay\u0131n\u0131 geride b\u0131rak\u0131rken, bar\u0131\u015f\u0131n, huzurun ve dayan\u0131\u015fman\u0131n vesilesi olan bir Ramazan Bayram\u0131\u2019na daha ula\u015fman\u0131n mutlulu\u011funu ya\u015f\u0131yoruz. Bayramlar, birlik ve beraberli\u011fin en g\u00fc\u00e7l\u00fc \u015fekilde hissedildi\u011fi, sevgi, sayg\u0131 ve karde\u015flik ba\u011flar\u0131n\u0131n peki\u015fti\u011fi m\u00fcstesna g\u00fcnlerdir. Bu bayramda da darg\u0131nl\u0131klar\u0131 bir kenara b\u0131rak\u0131p, payla\u015fma ve dayan\u0131\u015fman\u0131n en g\u00fczel \u00f6rneklerini sergileyerek, toplumsal birlikteli\u011fimizi daha da g\u00fc\u00e7lendirelim. \u00d6zellikle, k\u00fcresel krizler ve sava\u015flar\u0131n g\u00f6lgesinde ge\u00e7en bu zorlu d\u00f6nemde, i\u00e7 bar\u0131\u015f ve huzurumuzu korumak, birlik i\u00e7inde sorunlara \u00e7\u00f6z\u00fcm \u00fcretmek hepimizin \u00f6nceli\u011fi olmal\u0131d\u0131r. Hepimize d\u00fc\u015fen sorumluluk, \u00fclkemizin sahip oldu\u011fu bar\u0131\u015f ortam\u0131n\u0131 zedeleyecek her t\u00fcrl\u00fc tutum ve davran\u0131\u015ftan ka\u00e7\u0131nmak, dayan\u0131\u015fmay\u0131 g\u00fc\u00e7lendirmektir. Bu duygu ve d\u00fc\u015f\u00fcncelerle, \u00f6\u011frencilerimizin, \u00f6\u011fretmenlerimizin, e\u011fitim camiam\u0131z\u0131n ve t\u00fcm halk\u0131m\u0131z\u0131n Ramazan Bayram\u0131\u2019n\u0131 en i\u00e7ten dileklerimle kutluyor, sa\u011fl\u0131k, huzur ve mutluluk i\u00e7inde nice bayramlar ge\u00e7irmelerini temenni ediyorum.\u201d<\/p>\n<\/p><\/div>\n<p><script async\n                    defer\n                    crossorigin=\"anonymous\"\n                    src=\"https:\/\/connect.facebook.net\/tr_TR\/sdk.js#xfbml=1&#038;version=v3.3\"\n            ><\/script><\/p>\n","protected":false},"excerpt":{"rendered":"<p>Mill\u00ee E\u011fitim Bakan\u0131 Naz\u0131m \u00c7avu\u015fo\u011flu, k\u00fcresel krizler ve sava\u015flar\u0131n g\u00f6lgesinde i\u00e7 bar\u0131\u015f ve huzuru koruyup, birlik i\u00e7inde sorunlara \u00e7\u00f6z\u00fcm \u00fcretmek gerekti\u011fini belirtti. \u00c7avu\u015fo\u011flu, \u201cHepimize d\u00fc\u015fen sorumluluk, \u00fclkemizin sahip oldu\u011fu bar\u0131\u015f ortam\u0131n\u0131 zedeleyecek her t\u00fcrl\u00fc tutum ve davran\u0131\u015ftan ka\u00e7\u0131nmak, dayan\u0131\u015fmay\u0131 g\u00fc\u00e7lendirmektir\u201d Naz\u0131m \u00c7avu\u015fo\u011flu, Ramazsan Bayram\u0131 nedeniyle yay\u0131mlad\u0131\u011f\u0131 mesaj\u0131nda \u015funlar\u0131 kaydetti: \u201cSevgi, ho\u015fg\u00f6r\u00fc, birlik ve beraberlik gibi<\/p>\n","protected":false},"author":1,"featured_media":74061,"comment_status":"open","ping_status":"open","sticky":false,"template":"","format":"standard","meta":{"footnotes":""},"categories":[81,101],"tags":[],"class_list":["post-79053","post","type-post","status-publish","format-standard","has-post-thumbnail","hentry","category-kibris","category-manset"],"yoast_head":"<!-- This site is optimized with the Yoast SEO plugin v27.5 - https:\/\/yoast.com\/product\/yoast-seo-wordpress\/ -->\n<title>\u00c7avu\u015fo\u011flu\u2019ndan Ramazan Bayram\u0131 mesaj\u0131 -<\/title>\n<meta name=\"robots\" content=\"index, follow, max-snippet:-1, max-image-preview:large, max-video-preview:-1\" \/>\n<link rel=\"canonical\" href=\"https:\/\/kibrisdakik.com\/?p=79053\" \/>\n<meta property=\"og:locale\" content=\"tr_TR\" \/>\n<meta property=\"og:type\" content=\"article\" \/>\n<meta property=\"og:title\" content=\"\u00c7avu\u015fo\u011flu\u2019ndan Ramazan Bayram\u0131 mesaj\u0131 -\" \/>\n<meta property=\"og:description\" content=\"Mill\u00ee E\u011fitim Bakan\u0131 Naz\u0131m \u00c7avu\u015fo\u011flu, k\u00fcresel krizler ve sava\u015flar\u0131n g\u00f6lgesinde i\u00e7 bar\u0131\u015f ve huzuru koruyup, birlik i\u00e7inde sorunlara \u00e7\u00f6z\u00fcm \u00fcretmek gerekti\u011fini belirtti. \u00c7avu\u015fo\u011flu, \u201cHepimize d\u00fc\u015fen sorumluluk, \u00fclkemizin sahip oldu\u011fu bar\u0131\u015f ortam\u0131n\u0131 zedeleyecek her t\u00fcrl\u00fc tutum ve davran\u0131\u015ftan ka\u00e7\u0131nmak, dayan\u0131\u015fmay\u0131 g\u00fc\u00e7lendirmektir\u201d Naz\u0131m \u00c7avu\u015fo\u011flu, Ramazsan Bayram\u0131 nedeniyle yay\u0131mlad\u0131\u011f\u0131 mesaj\u0131nda \u015funlar\u0131 kaydetti: \u201cSevgi, ho\u015fg\u00f6r\u00fc, birlik ve beraberlik gibi\" \/>\n<meta property=\"og:url\" content=\"https:\/\/kibrisdakik.com\/?p=79053\" \/>\n<meta property=\"article:published_time\" content=\"2025-03-29T12:35:29+00:00\" \/>\n<meta property=\"og:image\" content=\"https:\/\/kibrisdakik.com\/wp-content\/uploads\/2025\/01\/1737471021932cavusoglu-1.jpeg\" \/>\n\t<meta property=\"og:image:width\" content=\"665\" \/>\n\t<meta property=\"og:image:height\" content=\"400\" \/>\n\t<meta property=\"og:image:type\" content=\"image\/jpeg\" \/>\n<meta name=\"author\" content=\"admin\" \/>\n<meta name=\"twitter:card\" content=\"summary_large_image\" \/>\n<meta name=\"twitter:label1\" content=\"Yazan:\" \/>\n\t<meta name=\"twitter:data1\" content=\"admin\" \/>\n\t<meta name=\"twitter:label2\" content=\"Tahmini okuma s\u00fcresi\" \/>\n\t<meta name=\"twitter:data2\" content=\"1 dakika\" \/>\n<script type=\"application\/ld+json\" class=\"yoast-schema-graph\">{\"@context\":\"https:\\\/\\\/schema.org\",\"@graph\":[{\"@type\":\"Article\",\"@id\":\"https:\\\/\\\/kibrisdakik.com\\\/?p=79053#article\",\"isPartOf\":{\"@id\":\"https:\\\/\\\/kibrisdakik.com\\\/?p=79053\"},\"author\":{\"name\":\"admin\",\"@id\":\"https:\\\/\\\/kibrisdakik.com\\\/#\\\/schema\\\/person\\\/9cd9d437bbb44f72b73ba127e06d8e79\"},\"headline\":\"\u00c7avu\u015fo\u011flu\u2019ndan Ramazan Bayram\u0131 mesaj\u0131\",\"datePublished\":\"2025-03-29T12:35:29+00:00\",\"mainEntityOfPage\":{\"@id\":\"https:\\\/\\\/kibrisdakik.com\\\/?p=79053\"},\"wordCount\":283,\"commentCount\":0,\"image\":{\"@id\":\"https:\\\/\\\/kibrisdakik.com\\\/?p=79053#primaryimage\"},\"thumbnailUrl\":\"https:\\\/\\\/kibrisdakik.com\\\/wp-content\\\/uploads\\\/2025\\\/01\\\/1737471021932cavusoglu-1.jpeg\",\"articleSection\":[\"K\u0131br\u0131s\",\"Man\u015fet\"],\"inLanguage\":\"tr\",\"potentialAction\":[{\"@type\":\"CommentAction\",\"name\":\"Comment\",\"target\":[\"https:\\\/\\\/kibrisdakik.com\\\/?p=79053#respond\"]}]},{\"@type\":\"WebPage\",\"@id\":\"https:\\\/\\\/kibrisdakik.com\\\/?p=79053\",\"url\":\"https:\\\/\\\/kibrisdakik.com\\\/?p=79053\",\"name\":\"\u00c7avu\u015fo\u011flu\u2019ndan Ramazan Bayram\u0131 mesaj\u0131 -\",\"isPartOf\":{\"@id\":\"https:\\\/\\\/kibrisdakik.com\\\/#website\"},\"primaryImageOfPage\":{\"@id\":\"https:\\\/\\\/kibrisdakik.com\\\/?p=79053#primaryimage\"},\"image\":{\"@id\":\"https:\\\/\\\/kibrisdakik.com\\\/?p=79053#primaryimage\"},\"thumbnailUrl\":\"https:\\\/\\\/kibrisdakik.com\\\/wp-content\\\/uploads\\\/2025\\\/01\\\/1737471021932cavusoglu-1.jpeg\",\"datePublished\":\"2025-03-29T12:35:29+00:00\",\"author\":{\"@id\":\"https:\\\/\\\/kibrisdakik.com\\\/#\\\/schema\\\/person\\\/9cd9d437bbb44f72b73ba127e06d8e79\"},\"breadcrumb\":{\"@id\":\"https:\\\/\\\/kibrisdakik.com\\\/?p=79053#breadcrumb\"},\"inLanguage\":\"tr\",\"potentialAction\":[{\"@type\":\"ReadAction\",\"target\":[\"https:\\\/\\\/kibrisdakik.com\\\/?p=79053\"]}]},{\"@type\":\"ImageObject\",\"inLanguage\":\"tr\",\"@id\":\"https:\\\/\\\/kibrisdakik.com\\\/?p=79053#primaryimage\",\"url\":\"https:\\\/\\\/kibrisdakik.com\\\/wp-content\\\/uploads\\\/2025\\\/01\\\/1737471021932cavusoglu-1.jpeg\",\"contentUrl\":\"https:\\\/\\\/kibrisdakik.com\\\/wp-content\\\/uploads\\\/2025\\\/01\\\/1737471021932cavusoglu-1.jpeg\",\"width\":665,\"height\":400},{\"@type\":\"BreadcrumbList\",\"@id\":\"https:\\\/\\\/kibrisdakik.com\\\/?p=79053#breadcrumb\",\"itemListElement\":[{\"@type\":\"ListItem\",\"position\":1,\"name\":\"Home\",\"item\":\"https:\\\/\\\/kibrisdakik.com\\\/\"},{\"@type\":\"ListItem\",\"position\":2,\"name\":\"\u00c7avu\u015fo\u011flu\u2019ndan Ramazan Bayram\u0131 mesaj\u0131\"}]},{\"@type\":\"WebSite\",\"@id\":\"https:\\\/\\\/kibrisdakik.com\\\/#website\",\"url\":\"https:\\\/\\\/kibrisdakik.com\\\/\",\"name\":\"\",\"description\":\"Tam vaktinde haber\",\"potentialAction\":[{\"@type\":\"SearchAction\",\"target\":{\"@type\":\"EntryPoint\",\"urlTemplate\":\"https:\\\/\\\/kibrisdakik.com\\\/?s={search_term_string}\"},\"query-input\":{\"@type\":\"PropertyValueSpecification\",\"valueRequired\":true,\"valueName\":\"search_term_string\"}}],\"inLanguage\":\"tr\"},{\"@type\":\"Person\",\"@id\":\"https:\\\/\\\/kibrisdakik.com\\\/#\\\/schema\\\/person\\\/9cd9d437bbb44f72b73ba127e06d8e79\",\"name\":\"admin\",\"image\":{\"@type\":\"ImageObject\",\"inLanguage\":\"tr\",\"@id\":\"https:\\\/\\\/secure.gravatar.com\\\/avatar\\\/ccc17943b9d660506c869530f897617f7cb1c21a4bf30023f252596d83e1f007?s=96&d=mm&r=g\",\"url\":\"https:\\\/\\\/secure.gravatar.com\\\/avatar\\\/ccc17943b9d660506c869530f897617f7cb1c21a4bf30023f252596d83e1f007?s=96&d=mm&r=g\",\"contentUrl\":\"https:\\\/\\\/secure.gravatar.com\\\/avatar\\\/ccc17943b9d660506c869530f897617f7cb1c21a4bf30023f252596d83e1f007?s=96&d=mm&r=g\",\"caption\":\"admin\"},\"sameAs\":[\"https:\\\/\\\/kibrisdakik.com\"],\"url\":\"https:\\\/\\\/kibrisdakik.com\\\/?author=1\"}]}<\/script>\n<!-- \/ Yoast SEO plugin. -->","yoast_head_json":{"title":"\u00c7avu\u015fo\u011flu\u2019ndan Ramazan Bayram\u0131 mesaj\u0131 -","robots":{"index":"index","follow":"follow","max-snippet":"max-snippet:-1","max-image-preview":"max-image-preview:large","max-video-preview":"max-video-preview:-1"},"canonical":"https:\/\/kibrisdakik.com\/?p=79053","og_locale":"tr_TR","og_type":"article","og_title":"\u00c7avu\u015fo\u011flu\u2019ndan Ramazan Bayram\u0131 mesaj\u0131 -","og_description":"Mill\u00ee E\u011fitim Bakan\u0131 Naz\u0131m \u00c7avu\u015fo\u011flu, k\u00fcresel krizler ve sava\u015flar\u0131n g\u00f6lgesinde i\u00e7 bar\u0131\u015f ve huzuru koruyup, birlik i\u00e7inde sorunlara \u00e7\u00f6z\u00fcm \u00fcretmek gerekti\u011fini belirtti. \u00c7avu\u015fo\u011flu, \u201cHepimize d\u00fc\u015fen sorumluluk, \u00fclkemizin sahip oldu\u011fu bar\u0131\u015f ortam\u0131n\u0131 zedeleyecek her t\u00fcrl\u00fc tutum ve davran\u0131\u015ftan ka\u00e7\u0131nmak, dayan\u0131\u015fmay\u0131 g\u00fc\u00e7lendirmektir\u201d Naz\u0131m \u00c7avu\u015fo\u011flu, Ramazsan Bayram\u0131 nedeniyle yay\u0131mlad\u0131\u011f\u0131 mesaj\u0131nda \u015funlar\u0131 kaydetti: \u201cSevgi, ho\u015fg\u00f6r\u00fc, birlik ve beraberlik gibi","og_url":"https:\/\/kibrisdakik.com\/?p=79053","article_published_time":"2025-03-29T12:35:29+00:00","og_image":[{"width":665,"height":400,"url":"https:\/\/kibrisdakik.com\/wp-content\/uploads\/2025\/01\/1737471021932cavusoglu-1.jpeg","type":"image\/jpeg"}],"author":"admin","twitter_card":"summary_large_image","twitter_misc":{"Yazan:":"admin","Tahmini okuma s\u00fcresi":"1 dakika"},"schema":{"@context":"https:\/\/schema.org","@graph":[{"@type":"Article","@id":"https:\/\/kibrisdakik.com\/?p=79053#article","isPartOf":{"@id":"https:\/\/kibrisdakik.com\/?p=79053"},"author":{"name":"admin","@id":"https:\/\/kibrisdakik.com\/#\/schema\/person\/9cd9d437bbb44f72b73ba127e06d8e79"},"headline":"\u00c7avu\u015fo\u011flu\u2019ndan Ramazan Bayram\u0131 mesaj\u0131","datePublished":"2025-03-29T12:35:29+00:00","mainEntityOfPage":{"@id":"https:\/\/kibrisdakik.com\/?p=79053"},"wordCount":283,"commentCount":0,"image":{"@id":"https:\/\/kibrisdakik.com\/?p=79053#primaryimage"},"thumbnailUrl":"https:\/\/kibrisdakik.com\/wp-content\/uploads\/2025\/01\/1737471021932cavusoglu-1.jpeg","articleSection":["K\u0131br\u0131s","Man\u015fet"],"inLanguage":"tr","potentialAction":[{"@type":"CommentAction","name":"Comment","target":["https:\/\/kibrisdakik.com\/?p=79053#respond"]}]},{"@type":"WebPage","@id":"https:\/\/kibrisdakik.com\/?p=79053","url":"https:\/\/kibrisdakik.com\/?p=79053","name":"\u00c7avu\u015fo\u011flu\u2019ndan Ramazan Bayram\u0131 mesaj\u0131 -","isPartOf":{"@id":"https:\/\/kibrisdakik.com\/#website"},"primaryImageOfPage":{"@id":"https:\/\/kibrisdakik.com\/?p=79053#primaryimage"},"image":{"@id":"https:\/\/kibrisdakik.com\/?p=79053#primaryimage"},"thumbnailUrl":"https:\/\/kibrisdakik.com\/wp-content\/uploads\/2025\/01\/1737471021932cavusoglu-1.jpeg","datePublished":"2025-03-29T12:35:29+00:00","author":{"@id":"https:\/\/kibrisdakik.com\/#\/schema\/person\/9cd9d437bbb44f72b73ba127e06d8e79"},"breadcrumb":{"@id":"https:\/\/kibrisdakik.com\/?p=79053#breadcrumb"},"inLanguage":"tr","potentialAction":[{"@type":"ReadAction","target":["https:\/\/kibrisdakik.com\/?p=79053"]}]},{"@type":"ImageObject","inLanguage":"tr","@id":"https:\/\/kibrisdakik.com\/?p=79053#primaryimage","url":"https:\/\/kibrisdakik.com\/wp-content\/uploads\/2025\/01\/1737471021932cavusoglu-1.jpeg","contentUrl":"https:\/\/kibrisdakik.com\/wp-content\/uploads\/2025\/01\/1737471021932cavusoglu-1.jpeg","width":665,"height":400},{"@type":"BreadcrumbList","@id":"https:\/\/kibrisdakik.com\/?p=79053#breadcrumb","itemListElement":[{"@type":"ListItem","position":1,"name":"Home","item":"https:\/\/kibrisdakik.com\/"},{"@type":"ListItem","position":2,"name":"\u00c7avu\u015fo\u011flu\u2019ndan Ramazan Bayram\u0131 mesaj\u0131"}]},{"@type":"WebSite","@id":"https:\/\/kibrisdakik.com\/#website","url":"https:\/\/kibrisdakik.com\/","name":"","description":"Tam vaktinde haber","potentialAction":[{"@type":"SearchAction","target":{"@type":"EntryPoint","urlTemplate":"https:\/\/kibrisdakik.com\/?s={search_term_string}"},"query-input":{"@type":"PropertyValueSpecification","valueRequired":true,"valueName":"search_term_string"}}],"inLanguage":"tr"},{"@type":"Person","@id":"https:\/\/kibrisdakik.com\/#\/schema\/person\/9cd9d437bbb44f72b73ba127e06d8e79","name":"admin","image":{"@type":"ImageObject","inLanguage":"tr","@id":"https:\/\/secure.gravatar.com\/avatar\/ccc17943b9d660506c869530f897617f7cb1c21a4bf30023f252596d83e1f007?s=96&d=mm&r=g","url":"https:\/\/secure.gravatar.com\/avatar\/ccc17943b9d660506c869530f897617f7cb1c21a4bf30023f252596d83e1f007?s=96&d=mm&r=g","contentUrl":"https:\/\/secure.gravatar.com\/avatar\/ccc17943b9d660506c869530f897617f7cb1c21a4bf30023f252596d83e1f007?s=96&d=mm&r=g","caption":"admin"},"sameAs":["https:\/\/kibrisdakik.com"],"url":"https:\/\/kibrisdakik.com\/?author=1"}]}},"_links":{"self":[{"href":"https:\/\/kibrisdakik.com\/index.php?rest_route=\/wp\/v2\/posts\/79053","targetHints":{"allow":["GET"]}}],"collection":[{"href":"https:\/\/kibrisdakik.com\/index.php?rest_route=\/wp\/v2\/posts"}],"about":[{"href":"https:\/\/kibrisdakik.com\/index.php?rest_route=\/wp\/v2\/types\/post"}],"author":[{"embeddable":true,"href":"https:\/\/kibrisdakik.com\/index.php?rest_route=\/wp\/v2\/users\/1"}],"replies":[{"embeddable":true,"href":"https:\/\/kibrisdakik.com\/index.php?rest_route=%2Fwp%2Fv2%2Fcomments&post=79053"}],"version-history":[{"count":0,"href":"https:\/\/kibrisdakik.com\/index.php?rest_route=\/wp\/v2\/posts\/79053\/revisions"}],"wp:featuredmedia":[{"embeddable":true,"href":"https:\/\/kibrisdakik.com\/index.php?rest_route=\/wp\/v2\/media\/74061"}],"wp:attachment":[{"href":"https:\/\/kibrisdakik.com\/index.php?rest_route=%2Fwp%2Fv2%2Fmedia&parent=79053"}],"wp:term":[{"taxonomy":"category","embeddable":true,"href":"https:\/\/kibrisdakik.com\/index.php?rest_route=%2Fwp%2Fv2%2Fcategories&post=79053"},{"taxonomy":"post_tag","embeddable":true,"href":"https:\/\/kibrisdakik.com\/index.php?rest_route=%2Fwp%2Fv2%2Ftags&post=79053"}],"curies":[{"name":"wp","href":"https:\/\/api.w.org\/{rel}","templated":true}]}}