{"id":79085,"date":"2025-03-29T13:22:00","date_gmt":"2025-03-29T10:22:00","guid":{"rendered":"https:\/\/kibrisdakik.com\/index.php\/2025\/03\/29\/mehmet-simsekten-chp-genel-baskani-ozgur-ozelin-iddialarina-yanit\/"},"modified":"2025-03-29T13:22:00","modified_gmt":"2025-03-29T10:22:00","slug":"mehmet-simsekten-chp-genel-baskani-ozgur-ozelin-iddialarina-yanit","status":"publish","type":"post","link":"https:\/\/kibrisdakik.com\/?p=79085","title":{"rendered":"Mehmet \u015eim\u015fek\u2019ten CHP Genel Ba\u015fkan\u0131 \u00d6zg\u00fcr \u00d6zel\u2019in iddialar\u0131na yan\u0131t"},"content":{"rendered":"<p><\/p>\n<div>\n<div class=\"mariselle-image-container center\">\n                <img loading=\"lazy\" decoding=\"async\" width=\"864\" height=\"486\" class=\"lazy-image\" alt=\"\" sizes=\"auto, (max-width: 864px) 100vw, 864px\" src=\"https:\/\/brtk.net\/wp-content\/uploads\/2025\/03\/29\/1743255166478thumbs_b_c_e8441c8806e2b79a835d79228b6ec173.jpg?ver=2b40d1d5d74a4a88e42a0e2efd6e27f2\" srcset=\"https:\/\/brtk.net\/wp-content\/uploads\/2025\/03\/29\/1743255166478thumbs_b_c_e8441c8806e2b79a835d79228b6ec173.jpg?ver=2b40d1d5d74a4a88e42a0e2efd6e27f2 864w, https:\/\/brtk.net\/wp-content\/uploads\/2025\/03\/29\/1743255166478thumbs_b_c_e8441c8806e2b79a835d79228b6ec173-300x169.jpg?ver=cd20500480a81d539c866dae48a435ef 300w, https:\/\/brtk.net\/wp-content\/uploads\/2025\/03\/29\/1743255166478thumbs_b_c_e8441c8806e2b79a835d79228b6ec173-768x432.jpg?ver=cd20500480a81d539c866dae48a435ef 768w\"\/>                            <\/div>\n<p>\nT\u00fcrkiye Hazine ve Maliye Bakan\u0131 Mehmet \u015eim\u015fek, CHP Genel Ba\u015fkan\u0131 \u00d6zg\u00fcr \u00d6zel\u2019in Mali Su\u00e7lar\u0131 Ara\u015ft\u0131rma Kurulu (MASAK) Ba\u015fkanl\u0131\u011f\u0131 raporlar\u0131na ili\u015fkin iddialar\u0131 i\u00e7in, \u201cSavc\u0131l\u0131k taraf\u0131ndan talep edilen MASAK raporlar\u0131 do\u011frudan savc\u0131l\u0131k makam\u0131na raporlanmakta olup, savc\u0131l\u0131k d\u0131\u015f\u0131nda kimsenin bilgisi ve m\u00fcdahalesi s\u00f6z konusu olamaz.\u201d ifadesini kulland\u0131.<\/p>\n<p>\u015eim\u015fek, sosyal medya hesab\u0131ndan yapt\u0131\u011f\u0131 payla\u015f\u0131mda, \u015funlar\u0131 kaydetti:<\/p>\n<p>\u201cAna muhalefet partisi liderinin ithamlar\u0131na kar\u015f\u0131n devlet kurumlar\u0131n\u0131n i\u015fleyi\u015fi hakk\u0131nda a\u00e7\u0131klama yap\u0131lmas\u0131 gere\u011fi has\u0131l olmu\u015ftur. Savc\u0131l\u0131k taraf\u0131ndan talep edilen MASAK raporlar\u0131 do\u011frudan savc\u0131l\u0131k makam\u0131na raporlanmakta olup, savc\u0131l\u0131k d\u0131\u015f\u0131nda kimsenin bilgisi ve m\u00fcdahalesi s\u00f6z konusu olamaz.\u201d<\/p>\n<\/p><\/div>\n<p><script async\n                    defer\n                    crossorigin=\"anonymous\"\n                    src=\"https:\/\/connect.facebook.net\/tr_TR\/sdk.js#xfbml=1&#038;version=v3.3\"\n            ><\/script><\/p>\n","protected":false},"excerpt":{"rendered":"<p>T\u00fcrkiye Hazine ve Maliye Bakan\u0131 Mehmet \u015eim\u015fek, CHP Genel Ba\u015fkan\u0131 \u00d6zg\u00fcr \u00d6zel\u2019in Mali Su\u00e7lar\u0131 Ara\u015ft\u0131rma Kurulu (MASAK) Ba\u015fkanl\u0131\u011f\u0131 raporlar\u0131na ili\u015fkin iddialar\u0131 i\u00e7in, \u201cSavc\u0131l\u0131k taraf\u0131ndan talep edilen MASAK raporlar\u0131 do\u011frudan savc\u0131l\u0131k makam\u0131na raporlanmakta olup, savc\u0131l\u0131k d\u0131\u015f\u0131nda kimsenin bilgisi ve m\u00fcdahalesi s\u00f6z konusu olamaz.\u201d ifadesini kulland\u0131. \u015eim\u015fek, sosyal medya hesab\u0131ndan yapt\u0131\u011f\u0131 payla\u015f\u0131mda, \u015funlar\u0131 kaydetti: \u201cAna muhalefet partisi<\/p>\n","protected":false},"author":1,"featured_media":79086,"comment_status":"open","ping_status":"open","sticky":false,"template":"","format":"standard","meta":{"footnotes":""},"categories":[86],"tags":[],"class_list":["post-79085","post","type-post","status-publish","format-standard","has-post-thumbnail","hentry","category-turkiye"],"yoast_head":"<!-- This site is optimized with the Yoast SEO plugin v27.5 - https:\/\/yoast.com\/product\/yoast-seo-wordpress\/ -->\n<title>Mehmet \u015eim\u015fek\u2019ten CHP Genel Ba\u015fkan\u0131 \u00d6zg\u00fcr \u00d6zel\u2019in iddialar\u0131na yan\u0131t -<\/title>\n<meta name=\"robots\" content=\"index, follow, max-snippet:-1, max-image-preview:large, max-video-preview:-1\" \/>\n<link rel=\"canonical\" href=\"https:\/\/kibrisdakik.com\/?p=79085\" \/>\n<meta property=\"og:locale\" content=\"tr_TR\" \/>\n<meta property=\"og:type\" content=\"article\" \/>\n<meta property=\"og:title\" content=\"Mehmet \u015eim\u015fek\u2019ten CHP Genel Ba\u015fkan\u0131 \u00d6zg\u00fcr \u00d6zel\u2019in iddialar\u0131na yan\u0131t -\" \/>\n<meta property=\"og:description\" content=\"T\u00fcrkiye Hazine ve Maliye Bakan\u0131 Mehmet \u015eim\u015fek, CHP Genel Ba\u015fkan\u0131 \u00d6zg\u00fcr \u00d6zel\u2019in Mali Su\u00e7lar\u0131 Ara\u015ft\u0131rma Kurulu (MASAK) Ba\u015fkanl\u0131\u011f\u0131 raporlar\u0131na ili\u015fkin iddialar\u0131 i\u00e7in, \u201cSavc\u0131l\u0131k taraf\u0131ndan talep edilen MASAK raporlar\u0131 do\u011frudan savc\u0131l\u0131k makam\u0131na raporlanmakta olup, savc\u0131l\u0131k d\u0131\u015f\u0131nda kimsenin bilgisi ve m\u00fcdahalesi s\u00f6z konusu olamaz.\u201d ifadesini kulland\u0131. \u015eim\u015fek, sosyal medya hesab\u0131ndan yapt\u0131\u011f\u0131 payla\u015f\u0131mda, \u015funlar\u0131 kaydetti: \u201cAna muhalefet partisi\" \/>\n<meta property=\"og:url\" content=\"https:\/\/kibrisdakik.com\/?p=79085\" \/>\n<meta property=\"article:published_time\" content=\"2025-03-29T10:22:00+00:00\" \/>\n<meta property=\"og:image\" content=\"https:\/\/kibrisdakik.com\/wp-content\/uploads\/2025\/03\/1743255166478thumbs_b_c_e8441c8806e2b79a835d79228b6ec173-740x420.jpg\" \/>\n\t<meta property=\"og:image:width\" content=\"864\" \/>\n\t<meta property=\"og:image:height\" content=\"486\" \/>\n\t<meta property=\"og:image:type\" content=\"image\/jpeg\" \/>\n<meta name=\"author\" content=\"admin\" \/>\n<meta name=\"twitter:card\" content=\"summary_large_image\" \/>\n<meta name=\"twitter:label1\" content=\"Yazan:\" \/>\n\t<meta name=\"twitter:data1\" content=\"admin\" \/>\n\t<meta name=\"twitter:label2\" content=\"Tahmini okuma s\u00fcresi\" \/>\n\t<meta name=\"twitter:data2\" content=\"1 dakika\" \/>\n<script type=\"application\/ld+json\" class=\"yoast-schema-graph\">{\"@context\":\"https:\\\/\\\/schema.org\",\"@graph\":[{\"@type\":\"Article\",\"@id\":\"https:\\\/\\\/kibrisdakik.com\\\/?p=79085#article\",\"isPartOf\":{\"@id\":\"https:\\\/\\\/kibrisdakik.com\\\/?p=79085\"},\"author\":{\"name\":\"admin\",\"@id\":\"https:\\\/\\\/kibrisdakik.com\\\/#\\\/schema\\\/person\\\/9cd9d437bbb44f72b73ba127e06d8e79\"},\"headline\":\"Mehmet \u015eim\u015fek\u2019ten CHP Genel Ba\u015fkan\u0131 \u00d6zg\u00fcr \u00d6zel\u2019in iddialar\u0131na yan\u0131t\",\"datePublished\":\"2025-03-29T10:22:00+00:00\",\"mainEntityOfPage\":{\"@id\":\"https:\\\/\\\/kibrisdakik.com\\\/?p=79085\"},\"wordCount\":154,\"commentCount\":0,\"image\":{\"@id\":\"https:\\\/\\\/kibrisdakik.com\\\/?p=79085#primaryimage\"},\"thumbnailUrl\":\"https:\\\/\\\/kibrisdakik.com\\\/wp-content\\\/uploads\\\/2025\\\/03\\\/1743255166478thumbs_b_c_e8441c8806e2b79a835d79228b6ec173-740x420.jpg\",\"articleSection\":[\"T\u00fcrkiye\"],\"inLanguage\":\"tr\",\"potentialAction\":[{\"@type\":\"CommentAction\",\"name\":\"Comment\",\"target\":[\"https:\\\/\\\/kibrisdakik.com\\\/?p=79085#respond\"]}]},{\"@type\":\"WebPage\",\"@id\":\"https:\\\/\\\/kibrisdakik.com\\\/?p=79085\",\"url\":\"https:\\\/\\\/kibrisdakik.com\\\/?p=79085\",\"name\":\"Mehmet \u015eim\u015fek\u2019ten CHP Genel Ba\u015fkan\u0131 \u00d6zg\u00fcr \u00d6zel\u2019in iddialar\u0131na yan\u0131t -\",\"isPartOf\":{\"@id\":\"https:\\\/\\\/kibrisdakik.com\\\/#website\"},\"primaryImageOfPage\":{\"@id\":\"https:\\\/\\\/kibrisdakik.com\\\/?p=79085#primaryimage\"},\"image\":{\"@id\":\"https:\\\/\\\/kibrisdakik.com\\\/?p=79085#primaryimage\"},\"thumbnailUrl\":\"https:\\\/\\\/kibrisdakik.com\\\/wp-content\\\/uploads\\\/2025\\\/03\\\/1743255166478thumbs_b_c_e8441c8806e2b79a835d79228b6ec173-740x420.jpg\",\"datePublished\":\"2025-03-29T10:22:00+00:00\",\"author\":{\"@id\":\"https:\\\/\\\/kibrisdakik.com\\\/#\\\/schema\\\/person\\\/9cd9d437bbb44f72b73ba127e06d8e79\"},\"breadcrumb\":{\"@id\":\"https:\\\/\\\/kibrisdakik.com\\\/?p=79085#breadcrumb\"},\"inLanguage\":\"tr\",\"potentialAction\":[{\"@type\":\"ReadAction\",\"target\":[\"https:\\\/\\\/kibrisdakik.com\\\/?p=79085\"]}]},{\"@type\":\"ImageObject\",\"inLanguage\":\"tr\",\"@id\":\"https:\\\/\\\/kibrisdakik.com\\\/?p=79085#primaryimage\",\"url\":\"https:\\\/\\\/kibrisdakik.com\\\/wp-content\\\/uploads\\\/2025\\\/03\\\/1743255166478thumbs_b_c_e8441c8806e2b79a835d79228b6ec173-740x420.jpg\",\"contentUrl\":\"https:\\\/\\\/kibrisdakik.com\\\/wp-content\\\/uploads\\\/2025\\\/03\\\/1743255166478thumbs_b_c_e8441c8806e2b79a835d79228b6ec173-740x420.jpg\",\"width\":864,\"height\":486},{\"@type\":\"BreadcrumbList\",\"@id\":\"https:\\\/\\\/kibrisdakik.com\\\/?p=79085#breadcrumb\",\"itemListElement\":[{\"@type\":\"ListItem\",\"position\":1,\"name\":\"Home\",\"item\":\"https:\\\/\\\/kibrisdakik.com\\\/\"},{\"@type\":\"ListItem\",\"position\":2,\"name\":\"Mehmet \u015eim\u015fek\u2019ten CHP Genel Ba\u015fkan\u0131 \u00d6zg\u00fcr \u00d6zel\u2019in iddialar\u0131na yan\u0131t\"}]},{\"@type\":\"WebSite\",\"@id\":\"https:\\\/\\\/kibrisdakik.com\\\/#website\",\"url\":\"https:\\\/\\\/kibrisdakik.com\\\/\",\"name\":\"\",\"description\":\"Tam vaktinde haber\",\"potentialAction\":[{\"@type\":\"SearchAction\",\"target\":{\"@type\":\"EntryPoint\",\"urlTemplate\":\"https:\\\/\\\/kibrisdakik.com\\\/?s={search_term_string}\"},\"query-input\":{\"@type\":\"PropertyValueSpecification\",\"valueRequired\":true,\"valueName\":\"search_term_string\"}}],\"inLanguage\":\"tr\"},{\"@type\":\"Person\",\"@id\":\"https:\\\/\\\/kibrisdakik.com\\\/#\\\/schema\\\/person\\\/9cd9d437bbb44f72b73ba127e06d8e79\",\"name\":\"admin\",\"image\":{\"@type\":\"ImageObject\",\"inLanguage\":\"tr\",\"@id\":\"https:\\\/\\\/secure.gravatar.com\\\/avatar\\\/ccc17943b9d660506c869530f897617f7cb1c21a4bf30023f252596d83e1f007?s=96&d=mm&r=g\",\"url\":\"https:\\\/\\\/secure.gravatar.com\\\/avatar\\\/ccc17943b9d660506c869530f897617f7cb1c21a4bf30023f252596d83e1f007?s=96&d=mm&r=g\",\"contentUrl\":\"https:\\\/\\\/secure.gravatar.com\\\/avatar\\\/ccc17943b9d660506c869530f897617f7cb1c21a4bf30023f252596d83e1f007?s=96&d=mm&r=g\",\"caption\":\"admin\"},\"sameAs\":[\"https:\\\/\\\/kibrisdakik.com\"],\"url\":\"https:\\\/\\\/kibrisdakik.com\\\/?author=1\"}]}<\/script>\n<!-- \/ Yoast SEO plugin. -->","yoast_head_json":{"title":"Mehmet \u015eim\u015fek\u2019ten CHP Genel Ba\u015fkan\u0131 \u00d6zg\u00fcr \u00d6zel\u2019in iddialar\u0131na yan\u0131t -","robots":{"index":"index","follow":"follow","max-snippet":"max-snippet:-1","max-image-preview":"max-image-preview:large","max-video-preview":"max-video-preview:-1"},"canonical":"https:\/\/kibrisdakik.com\/?p=79085","og_locale":"tr_TR","og_type":"article","og_title":"Mehmet \u015eim\u015fek\u2019ten CHP Genel Ba\u015fkan\u0131 \u00d6zg\u00fcr \u00d6zel\u2019in iddialar\u0131na yan\u0131t -","og_description":"T\u00fcrkiye Hazine ve Maliye Bakan\u0131 Mehmet \u015eim\u015fek, CHP Genel Ba\u015fkan\u0131 \u00d6zg\u00fcr \u00d6zel\u2019in Mali Su\u00e7lar\u0131 Ara\u015ft\u0131rma Kurulu (MASAK) Ba\u015fkanl\u0131\u011f\u0131 raporlar\u0131na ili\u015fkin iddialar\u0131 i\u00e7in, \u201cSavc\u0131l\u0131k taraf\u0131ndan talep edilen MASAK raporlar\u0131 do\u011frudan savc\u0131l\u0131k makam\u0131na raporlanmakta olup, savc\u0131l\u0131k d\u0131\u015f\u0131nda kimsenin bilgisi ve m\u00fcdahalesi s\u00f6z konusu olamaz.\u201d ifadesini kulland\u0131. \u015eim\u015fek, sosyal medya hesab\u0131ndan yapt\u0131\u011f\u0131 payla\u015f\u0131mda, \u015funlar\u0131 kaydetti: \u201cAna muhalefet partisi","og_url":"https:\/\/kibrisdakik.com\/?p=79085","article_published_time":"2025-03-29T10:22:00+00:00","og_image":[{"width":864,"height":486,"url":"https:\/\/kibrisdakik.com\/wp-content\/uploads\/2025\/03\/1743255166478thumbs_b_c_e8441c8806e2b79a835d79228b6ec173-740x420.jpg","type":"image\/jpeg"}],"author":"admin","twitter_card":"summary_large_image","twitter_misc":{"Yazan:":"admin","Tahmini okuma s\u00fcresi":"1 dakika"},"schema":{"@context":"https:\/\/schema.org","@graph":[{"@type":"Article","@id":"https:\/\/kibrisdakik.com\/?p=79085#article","isPartOf":{"@id":"https:\/\/kibrisdakik.com\/?p=79085"},"author":{"name":"admin","@id":"https:\/\/kibrisdakik.com\/#\/schema\/person\/9cd9d437bbb44f72b73ba127e06d8e79"},"headline":"Mehmet \u015eim\u015fek\u2019ten CHP Genel Ba\u015fkan\u0131 \u00d6zg\u00fcr \u00d6zel\u2019in iddialar\u0131na yan\u0131t","datePublished":"2025-03-29T10:22:00+00:00","mainEntityOfPage":{"@id":"https:\/\/kibrisdakik.com\/?p=79085"},"wordCount":154,"commentCount":0,"image":{"@id":"https:\/\/kibrisdakik.com\/?p=79085#primaryimage"},"thumbnailUrl":"https:\/\/kibrisdakik.com\/wp-content\/uploads\/2025\/03\/1743255166478thumbs_b_c_e8441c8806e2b79a835d79228b6ec173-740x420.jpg","articleSection":["T\u00fcrkiye"],"inLanguage":"tr","potentialAction":[{"@type":"CommentAction","name":"Comment","target":["https:\/\/kibrisdakik.com\/?p=79085#respond"]}]},{"@type":"WebPage","@id":"https:\/\/kibrisdakik.com\/?p=79085","url":"https:\/\/kibrisdakik.com\/?p=79085","name":"Mehmet \u015eim\u015fek\u2019ten CHP Genel Ba\u015fkan\u0131 \u00d6zg\u00fcr \u00d6zel\u2019in iddialar\u0131na yan\u0131t -","isPartOf":{"@id":"https:\/\/kibrisdakik.com\/#website"},"primaryImageOfPage":{"@id":"https:\/\/kibrisdakik.com\/?p=79085#primaryimage"},"image":{"@id":"https:\/\/kibrisdakik.com\/?p=79085#primaryimage"},"thumbnailUrl":"https:\/\/kibrisdakik.com\/wp-content\/uploads\/2025\/03\/1743255166478thumbs_b_c_e8441c8806e2b79a835d79228b6ec173-740x420.jpg","datePublished":"2025-03-29T10:22:00+00:00","author":{"@id":"https:\/\/kibrisdakik.com\/#\/schema\/person\/9cd9d437bbb44f72b73ba127e06d8e79"},"breadcrumb":{"@id":"https:\/\/kibrisdakik.com\/?p=79085#breadcrumb"},"inLanguage":"tr","potentialAction":[{"@type":"ReadAction","target":["https:\/\/kibrisdakik.com\/?p=79085"]}]},{"@type":"ImageObject","inLanguage":"tr","@id":"https:\/\/kibrisdakik.com\/?p=79085#primaryimage","url":"https:\/\/kibrisdakik.com\/wp-content\/uploads\/2025\/03\/1743255166478thumbs_b_c_e8441c8806e2b79a835d79228b6ec173-740x420.jpg","contentUrl":"https:\/\/kibrisdakik.com\/wp-content\/uploads\/2025\/03\/1743255166478thumbs_b_c_e8441c8806e2b79a835d79228b6ec173-740x420.jpg","width":864,"height":486},{"@type":"BreadcrumbList","@id":"https:\/\/kibrisdakik.com\/?p=79085#breadcrumb","itemListElement":[{"@type":"ListItem","position":1,"name":"Home","item":"https:\/\/kibrisdakik.com\/"},{"@type":"ListItem","position":2,"name":"Mehmet \u015eim\u015fek\u2019ten CHP Genel Ba\u015fkan\u0131 \u00d6zg\u00fcr \u00d6zel\u2019in iddialar\u0131na yan\u0131t"}]},{"@type":"WebSite","@id":"https:\/\/kibrisdakik.com\/#website","url":"https:\/\/kibrisdakik.com\/","name":"","description":"Tam vaktinde haber","potentialAction":[{"@type":"SearchAction","target":{"@type":"EntryPoint","urlTemplate":"https:\/\/kibrisdakik.com\/?s={search_term_string}"},"query-input":{"@type":"PropertyValueSpecification","valueRequired":true,"valueName":"search_term_string"}}],"inLanguage":"tr"},{"@type":"Person","@id":"https:\/\/kibrisdakik.com\/#\/schema\/person\/9cd9d437bbb44f72b73ba127e06d8e79","name":"admin","image":{"@type":"ImageObject","inLanguage":"tr","@id":"https:\/\/secure.gravatar.com\/avatar\/ccc17943b9d660506c869530f897617f7cb1c21a4bf30023f252596d83e1f007?s=96&d=mm&r=g","url":"https:\/\/secure.gravatar.com\/avatar\/ccc17943b9d660506c869530f897617f7cb1c21a4bf30023f252596d83e1f007?s=96&d=mm&r=g","contentUrl":"https:\/\/secure.gravatar.com\/avatar\/ccc17943b9d660506c869530f897617f7cb1c21a4bf30023f252596d83e1f007?s=96&d=mm&r=g","caption":"admin"},"sameAs":["https:\/\/kibrisdakik.com"],"url":"https:\/\/kibrisdakik.com\/?author=1"}]}},"_links":{"self":[{"href":"https:\/\/kibrisdakik.com\/index.php?rest_route=\/wp\/v2\/posts\/79085","targetHints":{"allow":["GET"]}}],"collection":[{"href":"https:\/\/kibrisdakik.com\/index.php?rest_route=\/wp\/v2\/posts"}],"about":[{"href":"https:\/\/kibrisdakik.com\/index.php?rest_route=\/wp\/v2\/types\/post"}],"author":[{"embeddable":true,"href":"https:\/\/kibrisdakik.com\/index.php?rest_route=\/wp\/v2\/users\/1"}],"replies":[{"embeddable":true,"href":"https:\/\/kibrisdakik.com\/index.php?rest_route=%2Fwp%2Fv2%2Fcomments&post=79085"}],"version-history":[{"count":0,"href":"https:\/\/kibrisdakik.com\/index.php?rest_route=\/wp\/v2\/posts\/79085\/revisions"}],"wp:featuredmedia":[{"embeddable":true,"href":"https:\/\/kibrisdakik.com\/index.php?rest_route=\/wp\/v2\/media\/79086"}],"wp:attachment":[{"href":"https:\/\/kibrisdakik.com\/index.php?rest_route=%2Fwp%2Fv2%2Fmedia&parent=79085"}],"wp:term":[{"taxonomy":"category","embeddable":true,"href":"https:\/\/kibrisdakik.com\/index.php?rest_route=%2Fwp%2Fv2%2Fcategories&post=79085"},{"taxonomy":"post_tag","embeddable":true,"href":"https:\/\/kibrisdakik.com\/index.php?rest_route=%2Fwp%2Fv2%2Ftags&post=79085"}],"curies":[{"name":"wp","href":"https:\/\/api.w.org\/{rel}","templated":true}]}}