{"id":79096,"date":"2025-03-29T19:20:44","date_gmt":"2025-03-29T16:20:44","guid":{"rendered":"https:\/\/kibrisdakik.com\/index.php\/2025\/03\/29\/cumhurbaskani-ersin-tatar-tmt-mucahidiktbk-gazi-ve-sehit-yakinlarini-ziyaret-etti\/"},"modified":"2025-03-29T19:20:44","modified_gmt":"2025-03-29T16:20:44","slug":"cumhurbaskani-ersin-tatar-tmt-mucahidiktbk-gazi-ve-sehit-yakinlarini-ziyaret-etti","status":"publish","type":"post","link":"https:\/\/kibrisdakik.com\/?p=79096","title":{"rendered":"Cumhurba\u015fkan\u0131 Ersin Tatar, TMT m\u00fccahidi,KTBK gazi ve \u015fehit yak\u0131nlar\u0131n\u0131 ziyaret etti"},"content":{"rendered":"<div>\n<div class=\"mariselle-image-container center\">\n                                            <\/div>\n<p>Cumhurba\u015fkan\u0131 Ersin Tatar, bayram vesilesiyle TMT M\u00fccahidi Ali \u00d6nc\u00fcer, KTBK Gazisi Mehmet Tekba\u015f ile \u015fehit Kemal Enver  Veloks, \u015fehit Erdo\u011fan \u00c7ak\u0131r\u2019\u0131n ailelerini ziyaret etti.<\/p>\n<p>Cumhurba\u015fkan\u0131 Ersin Tatar ziyaretlerde yapt\u0131\u011f\u0131 konu\u015fmada devlet olarak gazilerin ve \u015fehit yak\u0131nlar\u0131n\u0131n her zaman yan\u0131nda olduklar\u0131n\u0131 ve olmaya devam edeceklerini s\u00f6yledi.<\/p>\n<p>\u015eehit ailelerinin b\u00fcy\u00fck ac\u0131lar \u00e7ekti\u011fini ve fedakarl\u0131klar g\u00f6sterdi\u011fini ifade eden Cumhurba\u015fkan\u0131 Tatar, \u015fehit ailelerinin \u00e7ok \u00f6nemli ve de\u011ferli oldu\u011funu vurgulad\u0131.<\/p>\n<p>B\u00fcy\u00fck fedakarl\u0131k g\u00f6steren ve hizmetler veren gazilere ve \u015fehitler ad\u0131na ailelerine te\u015fekk\u00fcr eden Cumhurba\u015fkan\u0131 Tatar, ama\u00e7lar\u0131n\u0131n Kuzey K\u0131br\u0131s T\u00fcrk Cumhuriyeti\u2019nin g\u00fc\u00e7lenmesi oldu\u011funu belirtti, K\u0131br\u0131s Bar\u0131\u015f Harekat\u0131\u2019n\u0131n \u00fczerinden uzun y\u0131llar ge\u00e7ti\u011fini ve K\u0131br\u0131s Adas\u0131\u2019nda bar\u0131\u015f, huzur ve g\u00fcven bulundu\u011funu ifade etti.<\/p>\n<p>D\u00fcnyada \u00e7at\u0131\u015fma k\u00fclt\u00fcr\u00fcn\u00fcn devam etmekte  oldu\u011funu vurgulayan Cumhurba\u015fkan\u0131 Ersin Tatar, 1974 y\u0131l\u0131na kadar K\u0131br\u0131s T\u00fcrk\u00fcn\u00fcn de \u00e7ok zor g\u00fcnlerden ge\u00e7ti\u011fini ancak \u015fuan K\u0131br\u0131s adas\u0131n\u0131n huzur, bar\u0131\u015f ve g\u00fcvenlik i\u00e7erisinde oldu\u011funu bunu da gazi ve \u015fehitlere bor\u00e7lu olundu\u011funu dile getirdi.<\/p>\n<p>Cumhurba\u015fkan\u0131 Tatar, t\u00fcm \u015fehitleri rahmetle and\u0131, gazilere \u015f\u00fckranlar\u0131n\u0131 sundu.<\/p>\n<p>\u201c\u015eehitlerimizi ne unuturuz, ne unuttururuz\u201ddiyen Cumhurba\u015fkan\u0131 Tatar, ge\u00e7mi\u015fte \u00e7ok ac\u0131lar \u00e7eken K\u0131br\u0131s T\u00fcrk\u00fc\u2019n\u00fcn verdi\u011fi varolu\u015f m\u00fccadelesi sayesinde bug\u00fcn \u00f6zg\u00fcr ve ba\u011f\u0131ms\u0131z bir \u015fekilde huzur i\u00e7inde ya\u015fand\u0131\u011f\u0131n\u0131 kaydetti.<\/p>\n<p>\u015eehit aileleri de ziyaretten duyduklar\u0131 memnuniyeti ifade ederken, TMT M\u00fccahidi Ali \u00d6nc\u00fcer, KTBK Gazisi Mehmet Tekba\u015f ise Cumhurba\u015fkan\u0131\u2019n\u0131n ziyaretinin kendilerini mutlu etti\u011fini dile getirdi.<\/p>\n<p>Vatan u\u011fruna gen\u00e7 ya\u015fta ya\u015famlar\u0131n\u0131 yitiren \u015fehitlerin unutulmayaca\u011f\u0131n\u0131 anlatan Cumhurba\u015fkan\u0131 Tatar, devletin \u015fehit ailelerinin her zaman yan\u0131nda olaca\u011f\u0131n\u0131 kaydetti.<\/p>\n<\/p><\/div>\n<p><script async\n                    defer\n                    crossorigin=\"anonymous\"\n                    src=\"https:\/\/connect.facebook.net\/tr_TR\/sdk.js#xfbml=1&#038;version=v3.3\"\n            ><\/script><\/p>\n","protected":false},"excerpt":{"rendered":"<p>Cumhurba\u015fkan\u0131 Ersin Tatar, bayram vesilesiyle TMT M\u00fccahidi Ali \u00d6nc\u00fcer, KTBK Gazisi Mehmet Tekba\u015f ile \u015fehit Kemal Enver Veloks, \u015fehit Erdo\u011fan \u00c7ak\u0131r\u2019\u0131n ailelerini ziyaret etti. Cumhurba\u015fkan\u0131 Ersin Tatar ziyaretlerde yapt\u0131\u011f\u0131 konu\u015fmada devlet olarak gazilerin ve \u015fehit yak\u0131nlar\u0131n\u0131n her zaman yan\u0131nda olduklar\u0131n\u0131 ve olmaya devam edeceklerini s\u00f6yledi. \u015eehit ailelerinin b\u00fcy\u00fck ac\u0131lar \u00e7ekti\u011fini ve fedakarl\u0131klar g\u00f6sterdi\u011fini ifade eden<\/p>\n","protected":false},"author":1,"featured_media":79097,"comment_status":"open","ping_status":"open","sticky":false,"template":"","format":"standard","meta":{"footnotes":""},"categories":[81,101],"tags":[],"class_list":["post-79096","post","type-post","status-publish","format-standard","has-post-thumbnail","hentry","category-kibris","category-manset"],"yoast_head":"<!-- This site is optimized with the Yoast SEO plugin v27.4 - https:\/\/yoast.com\/product\/yoast-seo-wordpress\/ -->\n<title>Cumhurba\u015fkan\u0131 Ersin Tatar, TMT m\u00fccahidi,KTBK gazi ve \u015fehit yak\u0131nlar\u0131n\u0131 ziyaret etti -<\/title>\n<meta name=\"robots\" content=\"index, follow, max-snippet:-1, max-image-preview:large, max-video-preview:-1\" \/>\n<link rel=\"canonical\" href=\"https:\/\/kibrisdakik.com\/?p=79096\" \/>\n<meta property=\"og:locale\" content=\"tr_TR\" \/>\n<meta property=\"og:type\" content=\"article\" \/>\n<meta property=\"og:title\" content=\"Cumhurba\u015fkan\u0131 Ersin Tatar, TMT m\u00fccahidi,KTBK gazi ve \u015fehit yak\u0131nlar\u0131n\u0131 ziyaret etti -\" \/>\n<meta property=\"og:description\" content=\"Cumhurba\u015fkan\u0131 Ersin Tatar, bayram vesilesiyle TMT M\u00fccahidi Ali \u00d6nc\u00fcer, KTBK Gazisi Mehmet Tekba\u015f ile \u015fehit Kemal Enver Veloks, \u015fehit Erdo\u011fan \u00c7ak\u0131r\u2019\u0131n ailelerini ziyaret etti. Cumhurba\u015fkan\u0131 Ersin Tatar ziyaretlerde yapt\u0131\u011f\u0131 konu\u015fmada devlet olarak gazilerin ve \u015fehit yak\u0131nlar\u0131n\u0131n her zaman yan\u0131nda olduklar\u0131n\u0131 ve olmaya devam edeceklerini s\u00f6yledi. \u015eehit ailelerinin b\u00fcy\u00fck ac\u0131lar \u00e7ekti\u011fini ve fedakarl\u0131klar g\u00f6sterdi\u011fini ifade eden\" \/>\n<meta property=\"og:url\" content=\"https:\/\/kibrisdakik.com\/?p=79096\" \/>\n<meta property=\"article:published_time\" content=\"2025-03-29T16:20:44+00:00\" \/>\n<meta property=\"og:image\" content=\"https:\/\/kibrisdakik.com\/wp-content\/uploads\/2025\/03\/Screenshot_20250329_180159_X-740x420.jpg\" \/>\n\t<meta property=\"og:image:width\" content=\"1080\" \/>\n\t<meta property=\"og:image:height\" content=\"562\" \/>\n\t<meta property=\"og:image:type\" content=\"image\/jpeg\" \/>\n<meta name=\"author\" content=\"admin\" \/>\n<meta name=\"twitter:card\" content=\"summary_large_image\" \/>\n<meta name=\"twitter:label1\" content=\"Yazan:\" \/>\n\t<meta name=\"twitter:data1\" content=\"admin\" \/>\n\t<meta name=\"twitter:label2\" content=\"Tahmini okuma s\u00fcresi\" \/>\n\t<meta name=\"twitter:data2\" content=\"2 dakika\" \/>\n<script type=\"application\/ld+json\" class=\"yoast-schema-graph\">{\"@context\":\"https:\\\/\\\/schema.org\",\"@graph\":[{\"@type\":\"Article\",\"@id\":\"https:\\\/\\\/kibrisdakik.com\\\/?p=79096#article\",\"isPartOf\":{\"@id\":\"https:\\\/\\\/kibrisdakik.com\\\/?p=79096\"},\"author\":{\"name\":\"admin\",\"@id\":\"https:\\\/\\\/kibrisdakik.com\\\/#\\\/schema\\\/person\\\/9cd9d437bbb44f72b73ba127e06d8e79\"},\"headline\":\"Cumhurba\u015fkan\u0131 Ersin Tatar, TMT m\u00fccahidi,KTBK gazi ve \u015fehit yak\u0131nlar\u0131n\u0131 ziyaret etti\",\"datePublished\":\"2025-03-29T16:20:44+00:00\",\"mainEntityOfPage\":{\"@id\":\"https:\\\/\\\/kibrisdakik.com\\\/?p=79096\"},\"wordCount\":354,\"commentCount\":0,\"image\":{\"@id\":\"https:\\\/\\\/kibrisdakik.com\\\/?p=79096#primaryimage\"},\"thumbnailUrl\":\"https:\\\/\\\/kibrisdakik.com\\\/wp-content\\\/uploads\\\/2025\\\/03\\\/Screenshot_20250329_180159_X-740x420.jpg\",\"articleSection\":[\"K\u0131br\u0131s\",\"Man\u015fet\"],\"inLanguage\":\"tr\",\"potentialAction\":[{\"@type\":\"CommentAction\",\"name\":\"Comment\",\"target\":[\"https:\\\/\\\/kibrisdakik.com\\\/?p=79096#respond\"]}]},{\"@type\":\"WebPage\",\"@id\":\"https:\\\/\\\/kibrisdakik.com\\\/?p=79096\",\"url\":\"https:\\\/\\\/kibrisdakik.com\\\/?p=79096\",\"name\":\"Cumhurba\u015fkan\u0131 Ersin Tatar, TMT m\u00fccahidi,KTBK gazi ve \u015fehit yak\u0131nlar\u0131n\u0131 ziyaret etti -\",\"isPartOf\":{\"@id\":\"https:\\\/\\\/kibrisdakik.com\\\/#website\"},\"primaryImageOfPage\":{\"@id\":\"https:\\\/\\\/kibrisdakik.com\\\/?p=79096#primaryimage\"},\"image\":{\"@id\":\"https:\\\/\\\/kibrisdakik.com\\\/?p=79096#primaryimage\"},\"thumbnailUrl\":\"https:\\\/\\\/kibrisdakik.com\\\/wp-content\\\/uploads\\\/2025\\\/03\\\/Screenshot_20250329_180159_X-740x420.jpg\",\"datePublished\":\"2025-03-29T16:20:44+00:00\",\"author\":{\"@id\":\"https:\\\/\\\/kibrisdakik.com\\\/#\\\/schema\\\/person\\\/9cd9d437bbb44f72b73ba127e06d8e79\"},\"breadcrumb\":{\"@id\":\"https:\\\/\\\/kibrisdakik.com\\\/?p=79096#breadcrumb\"},\"inLanguage\":\"tr\",\"potentialAction\":[{\"@type\":\"ReadAction\",\"target\":[\"https:\\\/\\\/kibrisdakik.com\\\/?p=79096\"]}]},{\"@type\":\"ImageObject\",\"inLanguage\":\"tr\",\"@id\":\"https:\\\/\\\/kibrisdakik.com\\\/?p=79096#primaryimage\",\"url\":\"https:\\\/\\\/kibrisdakik.com\\\/wp-content\\\/uploads\\\/2025\\\/03\\\/Screenshot_20250329_180159_X-740x420.jpg\",\"contentUrl\":\"https:\\\/\\\/kibrisdakik.com\\\/wp-content\\\/uploads\\\/2025\\\/03\\\/Screenshot_20250329_180159_X-740x420.jpg\",\"width\":1080,\"height\":562},{\"@type\":\"BreadcrumbList\",\"@id\":\"https:\\\/\\\/kibrisdakik.com\\\/?p=79096#breadcrumb\",\"itemListElement\":[{\"@type\":\"ListItem\",\"position\":1,\"name\":\"Home\",\"item\":\"https:\\\/\\\/kibrisdakik.com\\\/\"},{\"@type\":\"ListItem\",\"position\":2,\"name\":\"Cumhurba\u015fkan\u0131 Ersin Tatar, TMT m\u00fccahidi,KTBK gazi ve \u015fehit yak\u0131nlar\u0131n\u0131 ziyaret etti\"}]},{\"@type\":\"WebSite\",\"@id\":\"https:\\\/\\\/kibrisdakik.com\\\/#website\",\"url\":\"https:\\\/\\\/kibrisdakik.com\\\/\",\"name\":\"\",\"description\":\"Tam vaktinde haber\",\"potentialAction\":[{\"@type\":\"SearchAction\",\"target\":{\"@type\":\"EntryPoint\",\"urlTemplate\":\"https:\\\/\\\/kibrisdakik.com\\\/?s={search_term_string}\"},\"query-input\":{\"@type\":\"PropertyValueSpecification\",\"valueRequired\":true,\"valueName\":\"search_term_string\"}}],\"inLanguage\":\"tr\"},{\"@type\":\"Person\",\"@id\":\"https:\\\/\\\/kibrisdakik.com\\\/#\\\/schema\\\/person\\\/9cd9d437bbb44f72b73ba127e06d8e79\",\"name\":\"admin\",\"image\":{\"@type\":\"ImageObject\",\"inLanguage\":\"tr\",\"@id\":\"https:\\\/\\\/secure.gravatar.com\\\/avatar\\\/ccc17943b9d660506c869530f897617f7cb1c21a4bf30023f252596d83e1f007?s=96&d=mm&r=g\",\"url\":\"https:\\\/\\\/secure.gravatar.com\\\/avatar\\\/ccc17943b9d660506c869530f897617f7cb1c21a4bf30023f252596d83e1f007?s=96&d=mm&r=g\",\"contentUrl\":\"https:\\\/\\\/secure.gravatar.com\\\/avatar\\\/ccc17943b9d660506c869530f897617f7cb1c21a4bf30023f252596d83e1f007?s=96&d=mm&r=g\",\"caption\":\"admin\"},\"sameAs\":[\"https:\\\/\\\/kibrisdakik.com\"],\"url\":\"https:\\\/\\\/kibrisdakik.com\\\/?author=1\"}]}<\/script>\n<!-- \/ Yoast SEO plugin. -->","yoast_head_json":{"title":"Cumhurba\u015fkan\u0131 Ersin Tatar, TMT m\u00fccahidi,KTBK gazi ve \u015fehit yak\u0131nlar\u0131n\u0131 ziyaret etti -","robots":{"index":"index","follow":"follow","max-snippet":"max-snippet:-1","max-image-preview":"max-image-preview:large","max-video-preview":"max-video-preview:-1"},"canonical":"https:\/\/kibrisdakik.com\/?p=79096","og_locale":"tr_TR","og_type":"article","og_title":"Cumhurba\u015fkan\u0131 Ersin Tatar, TMT m\u00fccahidi,KTBK gazi ve \u015fehit yak\u0131nlar\u0131n\u0131 ziyaret etti -","og_description":"Cumhurba\u015fkan\u0131 Ersin Tatar, bayram vesilesiyle TMT M\u00fccahidi Ali \u00d6nc\u00fcer, KTBK Gazisi Mehmet Tekba\u015f ile \u015fehit Kemal Enver Veloks, \u015fehit Erdo\u011fan \u00c7ak\u0131r\u2019\u0131n ailelerini ziyaret etti. Cumhurba\u015fkan\u0131 Ersin Tatar ziyaretlerde yapt\u0131\u011f\u0131 konu\u015fmada devlet olarak gazilerin ve \u015fehit yak\u0131nlar\u0131n\u0131n her zaman yan\u0131nda olduklar\u0131n\u0131 ve olmaya devam edeceklerini s\u00f6yledi. \u015eehit ailelerinin b\u00fcy\u00fck ac\u0131lar \u00e7ekti\u011fini ve fedakarl\u0131klar g\u00f6sterdi\u011fini ifade eden","og_url":"https:\/\/kibrisdakik.com\/?p=79096","article_published_time":"2025-03-29T16:20:44+00:00","og_image":[{"width":1080,"height":562,"url":"https:\/\/kibrisdakik.com\/wp-content\/uploads\/2025\/03\/Screenshot_20250329_180159_X-740x420.jpg","type":"image\/jpeg"}],"author":"admin","twitter_card":"summary_large_image","twitter_misc":{"Yazan:":"admin","Tahmini okuma s\u00fcresi":"2 dakika"},"schema":{"@context":"https:\/\/schema.org","@graph":[{"@type":"Article","@id":"https:\/\/kibrisdakik.com\/?p=79096#article","isPartOf":{"@id":"https:\/\/kibrisdakik.com\/?p=79096"},"author":{"name":"admin","@id":"https:\/\/kibrisdakik.com\/#\/schema\/person\/9cd9d437bbb44f72b73ba127e06d8e79"},"headline":"Cumhurba\u015fkan\u0131 Ersin Tatar, TMT m\u00fccahidi,KTBK gazi ve \u015fehit yak\u0131nlar\u0131n\u0131 ziyaret etti","datePublished":"2025-03-29T16:20:44+00:00","mainEntityOfPage":{"@id":"https:\/\/kibrisdakik.com\/?p=79096"},"wordCount":354,"commentCount":0,"image":{"@id":"https:\/\/kibrisdakik.com\/?p=79096#primaryimage"},"thumbnailUrl":"https:\/\/kibrisdakik.com\/wp-content\/uploads\/2025\/03\/Screenshot_20250329_180159_X-740x420.jpg","articleSection":["K\u0131br\u0131s","Man\u015fet"],"inLanguage":"tr","potentialAction":[{"@type":"CommentAction","name":"Comment","target":["https:\/\/kibrisdakik.com\/?p=79096#respond"]}]},{"@type":"WebPage","@id":"https:\/\/kibrisdakik.com\/?p=79096","url":"https:\/\/kibrisdakik.com\/?p=79096","name":"Cumhurba\u015fkan\u0131 Ersin Tatar, TMT m\u00fccahidi,KTBK gazi ve \u015fehit yak\u0131nlar\u0131n\u0131 ziyaret etti -","isPartOf":{"@id":"https:\/\/kibrisdakik.com\/#website"},"primaryImageOfPage":{"@id":"https:\/\/kibrisdakik.com\/?p=79096#primaryimage"},"image":{"@id":"https:\/\/kibrisdakik.com\/?p=79096#primaryimage"},"thumbnailUrl":"https:\/\/kibrisdakik.com\/wp-content\/uploads\/2025\/03\/Screenshot_20250329_180159_X-740x420.jpg","datePublished":"2025-03-29T16:20:44+00:00","author":{"@id":"https:\/\/kibrisdakik.com\/#\/schema\/person\/9cd9d437bbb44f72b73ba127e06d8e79"},"breadcrumb":{"@id":"https:\/\/kibrisdakik.com\/?p=79096#breadcrumb"},"inLanguage":"tr","potentialAction":[{"@type":"ReadAction","target":["https:\/\/kibrisdakik.com\/?p=79096"]}]},{"@type":"ImageObject","inLanguage":"tr","@id":"https:\/\/kibrisdakik.com\/?p=79096#primaryimage","url":"https:\/\/kibrisdakik.com\/wp-content\/uploads\/2025\/03\/Screenshot_20250329_180159_X-740x420.jpg","contentUrl":"https:\/\/kibrisdakik.com\/wp-content\/uploads\/2025\/03\/Screenshot_20250329_180159_X-740x420.jpg","width":1080,"height":562},{"@type":"BreadcrumbList","@id":"https:\/\/kibrisdakik.com\/?p=79096#breadcrumb","itemListElement":[{"@type":"ListItem","position":1,"name":"Home","item":"https:\/\/kibrisdakik.com\/"},{"@type":"ListItem","position":2,"name":"Cumhurba\u015fkan\u0131 Ersin Tatar, TMT m\u00fccahidi,KTBK gazi ve \u015fehit yak\u0131nlar\u0131n\u0131 ziyaret etti"}]},{"@type":"WebSite","@id":"https:\/\/kibrisdakik.com\/#website","url":"https:\/\/kibrisdakik.com\/","name":"","description":"Tam vaktinde haber","potentialAction":[{"@type":"SearchAction","target":{"@type":"EntryPoint","urlTemplate":"https:\/\/kibrisdakik.com\/?s={search_term_string}"},"query-input":{"@type":"PropertyValueSpecification","valueRequired":true,"valueName":"search_term_string"}}],"inLanguage":"tr"},{"@type":"Person","@id":"https:\/\/kibrisdakik.com\/#\/schema\/person\/9cd9d437bbb44f72b73ba127e06d8e79","name":"admin","image":{"@type":"ImageObject","inLanguage":"tr","@id":"https:\/\/secure.gravatar.com\/avatar\/ccc17943b9d660506c869530f897617f7cb1c21a4bf30023f252596d83e1f007?s=96&d=mm&r=g","url":"https:\/\/secure.gravatar.com\/avatar\/ccc17943b9d660506c869530f897617f7cb1c21a4bf30023f252596d83e1f007?s=96&d=mm&r=g","contentUrl":"https:\/\/secure.gravatar.com\/avatar\/ccc17943b9d660506c869530f897617f7cb1c21a4bf30023f252596d83e1f007?s=96&d=mm&r=g","caption":"admin"},"sameAs":["https:\/\/kibrisdakik.com"],"url":"https:\/\/kibrisdakik.com\/?author=1"}]}},"_links":{"self":[{"href":"https:\/\/kibrisdakik.com\/index.php?rest_route=\/wp\/v2\/posts\/79096","targetHints":{"allow":["GET"]}}],"collection":[{"href":"https:\/\/kibrisdakik.com\/index.php?rest_route=\/wp\/v2\/posts"}],"about":[{"href":"https:\/\/kibrisdakik.com\/index.php?rest_route=\/wp\/v2\/types\/post"}],"author":[{"embeddable":true,"href":"https:\/\/kibrisdakik.com\/index.php?rest_route=\/wp\/v2\/users\/1"}],"replies":[{"embeddable":true,"href":"https:\/\/kibrisdakik.com\/index.php?rest_route=%2Fwp%2Fv2%2Fcomments&post=79096"}],"version-history":[{"count":0,"href":"https:\/\/kibrisdakik.com\/index.php?rest_route=\/wp\/v2\/posts\/79096\/revisions"}],"wp:featuredmedia":[{"embeddable":true,"href":"https:\/\/kibrisdakik.com\/index.php?rest_route=\/wp\/v2\/media\/79097"}],"wp:attachment":[{"href":"https:\/\/kibrisdakik.com\/index.php?rest_route=%2Fwp%2Fv2%2Fmedia&parent=79096"}],"wp:term":[{"taxonomy":"category","embeddable":true,"href":"https:\/\/kibrisdakik.com\/index.php?rest_route=%2Fwp%2Fv2%2Fcategories&post=79096"},{"taxonomy":"post_tag","embeddable":true,"href":"https:\/\/kibrisdakik.com\/index.php?rest_route=%2Fwp%2Fv2%2Ftags&post=79096"}],"curies":[{"name":"wp","href":"https:\/\/api.w.org\/{rel}","templated":true}]}}