{"id":79118,"date":"2025-03-30T12:36:33","date_gmt":"2025-03-30T09:36:33","guid":{"rendered":"https:\/\/kibrisdakik.com\/index.php\/2025\/03\/30\/bayindirlik-ve-ulastirma-bakani-arikli-ramazan-bayrami-mesaji-yayimladi\/"},"modified":"2025-03-30T12:36:33","modified_gmt":"2025-03-30T09:36:33","slug":"bayindirlik-ve-ulastirma-bakani-arikli-ramazan-bayrami-mesaji-yayimladi","status":"publish","type":"post","link":"https:\/\/kibrisdakik.com\/?p=79118","title":{"rendered":"Bay\u0131nd\u0131rl\u0131k ve Ula\u015ft\u0131rma Bakan\u0131 Ar\u0131kl\u0131, Ramazan Bayram\u0131 mesaj\u0131 yay\u0131mlad\u0131"},"content":{"rendered":"<div>\n<div class=\"mariselle-image-container none\">\n                                            <\/div>\n<p style=\"font-weight: 300;\">Bay\u0131nd\u0131rl\u0131k ve Ula\u015ft\u0131rma Bakan\u0131 Ar\u0131kl\u0131, Ramazan Bayram\u0131 dolay\u0131s\u0131yla yay\u0131mlad\u0131\u011f\u0131 mesajda, K\u0131br\u0131s T\u00fcrk halk\u0131n\u0131n gelece\u011fe g\u00fcvenle bakabilmesi i\u00e7in toplumsal dayan\u0131\u015fman\u0131n ve karde\u015flik ba\u011flar\u0131n\u0131n g\u00fc\u00e7lendirilmesi gerekti\u011fini s\u00f6yledi.<\/p>\n<p style=\"font-weight: 300;\">Bakanl\u0131ktan yap\u0131lan a\u00e7\u0131klamaya g\u00f6re, Bay\u0131nd\u0131rl\u0131k ve Ula\u015ft\u0131rma Bakan\u0131 Ar\u0131kl\u0131, Ramazan Bayram\u0131 mesaj\u0131nda \u015fu ifadelere yer verdi:<\/p>\n<p style=\"font-weight: 300;\">\u201cBirlik, beraberlik ve karde\u015flik duygular\u0131n\u0131n peki\u015fti\u011fi, yard\u0131mla\u015fma ve dayan\u0131\u015fman\u0131n en g\u00fczel \u00f6rneklerinin sergilendi\u011fi m\u00fcbarek Ramazan Bayram\u0131\u2019na ula\u015fman\u0131n huzurunu ya\u015f\u0131yoruz. Bayramlar, manevi de\u011ferlerimizi hat\u0131rlad\u0131\u011f\u0131m\u0131z, k\u0131rg\u0131nl\u0131klar\u0131 unuttu\u011fumuz ve payla\u015fman\u0131n bereketini hissetti\u011fimiz \u00f6zel g\u00fcnlerdir. Ramazan ay\u0131nda edindi\u011fimiz sab\u0131r, ho\u015fg\u00f6r\u00fc ve merhamet duygular\u0131n\u0131 bayram vesilesiyle peki\u015ftirmeli, birlik ve beraberlik i\u00e7inde gelece\u011fe umutla bakmal\u0131y\u0131z.<\/p>\n<p style=\"font-weight: 300;\">D\u00fcnyam\u0131z\u0131n zor zamanlardan ge\u00e7ti\u011fi, sava\u015flar\u0131n, do\u011fal afetlerin ve ekonomik s\u0131k\u0131nt\u0131lar\u0131n milyonlarca insan\u0131 etkiledi\u011fi bu d\u00f6nemde, Ramazan Bayram\u0131\u2019n\u0131n bar\u0131\u015f ve huzur getirmesini temenni ediyorum. Mazlum ve ma\u011fdur olanlar\u0131n umutlar\u0131n\u0131 yeniden ye\u015fertecek ad\u0131mlar\u0131n at\u0131lmas\u0131, insanl\u0131\u011f\u0131n ortak de\u011ferler etraf\u0131nda kenetlenmesi en b\u00fcy\u00fck dile\u011fimizdir. Bayramlar\u0131n ruhuna uygun olarak, ihtiya\u00e7 sahiplerine el uzatmal\u0131, yard\u0131mla\u015fmay\u0131 ve dayan\u0131\u015fmay\u0131 hayat\u0131m\u0131z\u0131n her an\u0131na yaymal\u0131y\u0131z.<\/p>\n<p style=\"font-weight: 300;\">Bu vesileyle, Kuzey K\u0131br\u0131s T\u00fcrk Cumhuriyeti\u2019nde huzur ve bar\u0131\u015f ortam\u0131n\u0131 koruman\u0131n, birlik ve beraberlik i\u00e7inde ya\u015faman\u0131n ne denli \u00f6nemli oldu\u011funu bir kez daha hat\u0131rlatmak isterim. Gelece\u011fe g\u00fcvenle bakabilmek i\u00e7in toplumsal dayan\u0131\u015fmam\u0131z\u0131 g\u00fc\u00e7lendirmeli, karde\u015flik ba\u011flar\u0131m\u0131z\u0131 daha da peki\u015ftirmeliyiz. G\u00f6n\u00fcllerde sevgi, dillerde dua, y\u00fczlerde tebess\u00fcm eksik olmas\u0131n.<\/p>\n<p style=\"font-weight: 300;\">Bu duygu ve d\u00fc\u015f\u00fcncelerle, ba\u015fta aziz milletimiz olmak \u00fczere t\u00fcm \u0130slam \u00e2leminin Ramazan Bayram\u0131\u2019n\u0131 en i\u00e7ten dileklerimle kutluyor, sa\u011fl\u0131k, huzur ve mutluluk dolu nice bayramlar diliyorum. Bayram\u0131n, bar\u0131\u015f, karde\u015flik ve refah getirmesi temennisiyle, t\u00fcm vatanda\u015flar\u0131m\u0131za sevgi ve sayg\u0131lar\u0131m\u0131 sunuyorum.Bayram\u0131n\u0131z m\u00fcbarek olsun!\u201d<\/p>\n<p>\u00a0<\/p>\n<\/p><\/div>\n<p><script async\n                    defer\n                    crossorigin=\"anonymous\"\n                    src=\"https:\/\/connect.facebook.net\/tr_TR\/sdk.js#xfbml=1&#038;version=v3.3\"\n            ><\/script><\/p>\n","protected":false},"excerpt":{"rendered":"<p>Bay\u0131nd\u0131rl\u0131k ve Ula\u015ft\u0131rma Bakan\u0131 Ar\u0131kl\u0131, Ramazan Bayram\u0131 dolay\u0131s\u0131yla yay\u0131mlad\u0131\u011f\u0131 mesajda, K\u0131br\u0131s T\u00fcrk halk\u0131n\u0131n gelece\u011fe g\u00fcvenle bakabilmesi i\u00e7in toplumsal dayan\u0131\u015fman\u0131n ve karde\u015flik ba\u011flar\u0131n\u0131n g\u00fc\u00e7lendirilmesi gerekti\u011fini s\u00f6yledi. Bakanl\u0131ktan yap\u0131lan a\u00e7\u0131klamaya g\u00f6re, Bay\u0131nd\u0131rl\u0131k ve Ula\u015ft\u0131rma Bakan\u0131 Ar\u0131kl\u0131, Ramazan Bayram\u0131 mesaj\u0131nda \u015fu ifadelere yer verdi: \u201cBirlik, beraberlik ve karde\u015flik duygular\u0131n\u0131n peki\u015fti\u011fi, yard\u0131mla\u015fma ve dayan\u0131\u015fman\u0131n en g\u00fczel \u00f6rneklerinin sergilendi\u011fi m\u00fcbarek<\/p>\n","protected":false},"author":1,"featured_media":75125,"comment_status":"open","ping_status":"open","sticky":false,"template":"","format":"standard","meta":{"footnotes":""},"categories":[81,101],"tags":[],"class_list":["post-79118","post","type-post","status-publish","format-standard","has-post-thumbnail","hentry","category-kibris","category-manset"],"yoast_head":"<!-- This site is optimized with the Yoast SEO plugin v27.5 - https:\/\/yoast.com\/product\/yoast-seo-wordpress\/ -->\n<title>Bay\u0131nd\u0131rl\u0131k ve Ula\u015ft\u0131rma Bakan\u0131 Ar\u0131kl\u0131, Ramazan Bayram\u0131 mesaj\u0131 yay\u0131mlad\u0131 -<\/title>\n<meta name=\"robots\" content=\"index, follow, max-snippet:-1, max-image-preview:large, max-video-preview:-1\" \/>\n<link rel=\"canonical\" href=\"https:\/\/kibrisdakik.com\/?p=79118\" \/>\n<meta property=\"og:locale\" content=\"tr_TR\" \/>\n<meta property=\"og:type\" content=\"article\" \/>\n<meta property=\"og:title\" content=\"Bay\u0131nd\u0131rl\u0131k ve Ula\u015ft\u0131rma Bakan\u0131 Ar\u0131kl\u0131, Ramazan Bayram\u0131 mesaj\u0131 yay\u0131mlad\u0131 -\" \/>\n<meta property=\"og:description\" content=\"Bay\u0131nd\u0131rl\u0131k ve Ula\u015ft\u0131rma Bakan\u0131 Ar\u0131kl\u0131, Ramazan Bayram\u0131 dolay\u0131s\u0131yla yay\u0131mlad\u0131\u011f\u0131 mesajda, K\u0131br\u0131s T\u00fcrk halk\u0131n\u0131n gelece\u011fe g\u00fcvenle bakabilmesi i\u00e7in toplumsal dayan\u0131\u015fman\u0131n ve karde\u015flik ba\u011flar\u0131n\u0131n g\u00fc\u00e7lendirilmesi gerekti\u011fini s\u00f6yledi. Bakanl\u0131ktan yap\u0131lan a\u00e7\u0131klamaya g\u00f6re, Bay\u0131nd\u0131rl\u0131k ve Ula\u015ft\u0131rma Bakan\u0131 Ar\u0131kl\u0131, Ramazan Bayram\u0131 mesaj\u0131nda \u015fu ifadelere yer verdi: \u201cBirlik, beraberlik ve karde\u015flik duygular\u0131n\u0131n peki\u015fti\u011fi, yard\u0131mla\u015fma ve dayan\u0131\u015fman\u0131n en g\u00fczel \u00f6rneklerinin sergilendi\u011fi m\u00fcbarek\" \/>\n<meta property=\"og:url\" content=\"https:\/\/kibrisdakik.com\/?p=79118\" \/>\n<meta property=\"article:published_time\" content=\"2025-03-30T09:36:33+00:00\" \/>\n<meta property=\"og:image\" content=\"https:\/\/kibrisdakik.com\/wp-content\/uploads\/2025\/02\/1738832828399arikli-mesaj.jpg\" \/>\n\t<meta property=\"og:image:width\" content=\"640\" \/>\n\t<meta property=\"og:image:height\" content=\"359\" \/>\n\t<meta property=\"og:image:type\" content=\"image\/jpeg\" \/>\n<meta name=\"author\" content=\"admin\" \/>\n<meta name=\"twitter:card\" content=\"summary_large_image\" \/>\n<meta name=\"twitter:label1\" content=\"Yazan:\" \/>\n\t<meta name=\"twitter:data1\" content=\"admin\" \/>\n\t<meta name=\"twitter:label2\" content=\"Tahmini okuma s\u00fcresi\" \/>\n\t<meta name=\"twitter:data2\" content=\"2 dakika\" \/>\n<script type=\"application\/ld+json\" class=\"yoast-schema-graph\">{\"@context\":\"https:\\\/\\\/schema.org\",\"@graph\":[{\"@type\":\"Article\",\"@id\":\"https:\\\/\\\/kibrisdakik.com\\\/?p=79118#article\",\"isPartOf\":{\"@id\":\"https:\\\/\\\/kibrisdakik.com\\\/?p=79118\"},\"author\":{\"name\":\"admin\",\"@id\":\"https:\\\/\\\/kibrisdakik.com\\\/#\\\/schema\\\/person\\\/9cd9d437bbb44f72b73ba127e06d8e79\"},\"headline\":\"Bay\u0131nd\u0131rl\u0131k ve Ula\u015ft\u0131rma Bakan\u0131 Ar\u0131kl\u0131, Ramazan Bayram\u0131 mesaj\u0131 yay\u0131mlad\u0131\",\"datePublished\":\"2025-03-30T09:36:33+00:00\",\"mainEntityOfPage\":{\"@id\":\"https:\\\/\\\/kibrisdakik.com\\\/?p=79118\"},\"wordCount\":408,\"commentCount\":0,\"image\":{\"@id\":\"https:\\\/\\\/kibrisdakik.com\\\/?p=79118#primaryimage\"},\"thumbnailUrl\":\"https:\\\/\\\/kibrisdakik.com\\\/wp-content\\\/uploads\\\/2025\\\/02\\\/1738832828399arikli-mesaj.jpg\",\"articleSection\":[\"K\u0131br\u0131s\",\"Man\u015fet\"],\"inLanguage\":\"tr\",\"potentialAction\":[{\"@type\":\"CommentAction\",\"name\":\"Comment\",\"target\":[\"https:\\\/\\\/kibrisdakik.com\\\/?p=79118#respond\"]}]},{\"@type\":\"WebPage\",\"@id\":\"https:\\\/\\\/kibrisdakik.com\\\/?p=79118\",\"url\":\"https:\\\/\\\/kibrisdakik.com\\\/?p=79118\",\"name\":\"Bay\u0131nd\u0131rl\u0131k ve Ula\u015ft\u0131rma Bakan\u0131 Ar\u0131kl\u0131, Ramazan Bayram\u0131 mesaj\u0131 yay\u0131mlad\u0131 -\",\"isPartOf\":{\"@id\":\"https:\\\/\\\/kibrisdakik.com\\\/#website\"},\"primaryImageOfPage\":{\"@id\":\"https:\\\/\\\/kibrisdakik.com\\\/?p=79118#primaryimage\"},\"image\":{\"@id\":\"https:\\\/\\\/kibrisdakik.com\\\/?p=79118#primaryimage\"},\"thumbnailUrl\":\"https:\\\/\\\/kibrisdakik.com\\\/wp-content\\\/uploads\\\/2025\\\/02\\\/1738832828399arikli-mesaj.jpg\",\"datePublished\":\"2025-03-30T09:36:33+00:00\",\"author\":{\"@id\":\"https:\\\/\\\/kibrisdakik.com\\\/#\\\/schema\\\/person\\\/9cd9d437bbb44f72b73ba127e06d8e79\"},\"breadcrumb\":{\"@id\":\"https:\\\/\\\/kibrisdakik.com\\\/?p=79118#breadcrumb\"},\"inLanguage\":\"tr\",\"potentialAction\":[{\"@type\":\"ReadAction\",\"target\":[\"https:\\\/\\\/kibrisdakik.com\\\/?p=79118\"]}]},{\"@type\":\"ImageObject\",\"inLanguage\":\"tr\",\"@id\":\"https:\\\/\\\/kibrisdakik.com\\\/?p=79118#primaryimage\",\"url\":\"https:\\\/\\\/kibrisdakik.com\\\/wp-content\\\/uploads\\\/2025\\\/02\\\/1738832828399arikli-mesaj.jpg\",\"contentUrl\":\"https:\\\/\\\/kibrisdakik.com\\\/wp-content\\\/uploads\\\/2025\\\/02\\\/1738832828399arikli-mesaj.jpg\",\"width\":640,\"height\":359},{\"@type\":\"BreadcrumbList\",\"@id\":\"https:\\\/\\\/kibrisdakik.com\\\/?p=79118#breadcrumb\",\"itemListElement\":[{\"@type\":\"ListItem\",\"position\":1,\"name\":\"Home\",\"item\":\"https:\\\/\\\/kibrisdakik.com\\\/\"},{\"@type\":\"ListItem\",\"position\":2,\"name\":\"Bay\u0131nd\u0131rl\u0131k ve Ula\u015ft\u0131rma Bakan\u0131 Ar\u0131kl\u0131, Ramazan Bayram\u0131 mesaj\u0131 yay\u0131mlad\u0131\"}]},{\"@type\":\"WebSite\",\"@id\":\"https:\\\/\\\/kibrisdakik.com\\\/#website\",\"url\":\"https:\\\/\\\/kibrisdakik.com\\\/\",\"name\":\"\",\"description\":\"Tam vaktinde haber\",\"potentialAction\":[{\"@type\":\"SearchAction\",\"target\":{\"@type\":\"EntryPoint\",\"urlTemplate\":\"https:\\\/\\\/kibrisdakik.com\\\/?s={search_term_string}\"},\"query-input\":{\"@type\":\"PropertyValueSpecification\",\"valueRequired\":true,\"valueName\":\"search_term_string\"}}],\"inLanguage\":\"tr\"},{\"@type\":\"Person\",\"@id\":\"https:\\\/\\\/kibrisdakik.com\\\/#\\\/schema\\\/person\\\/9cd9d437bbb44f72b73ba127e06d8e79\",\"name\":\"admin\",\"image\":{\"@type\":\"ImageObject\",\"inLanguage\":\"tr\",\"@id\":\"https:\\\/\\\/secure.gravatar.com\\\/avatar\\\/ccc17943b9d660506c869530f897617f7cb1c21a4bf30023f252596d83e1f007?s=96&d=mm&r=g\",\"url\":\"https:\\\/\\\/secure.gravatar.com\\\/avatar\\\/ccc17943b9d660506c869530f897617f7cb1c21a4bf30023f252596d83e1f007?s=96&d=mm&r=g\",\"contentUrl\":\"https:\\\/\\\/secure.gravatar.com\\\/avatar\\\/ccc17943b9d660506c869530f897617f7cb1c21a4bf30023f252596d83e1f007?s=96&d=mm&r=g\",\"caption\":\"admin\"},\"sameAs\":[\"https:\\\/\\\/kibrisdakik.com\"],\"url\":\"https:\\\/\\\/kibrisdakik.com\\\/?author=1\"}]}<\/script>\n<!-- \/ Yoast SEO plugin. -->","yoast_head_json":{"title":"Bay\u0131nd\u0131rl\u0131k ve Ula\u015ft\u0131rma Bakan\u0131 Ar\u0131kl\u0131, Ramazan Bayram\u0131 mesaj\u0131 yay\u0131mlad\u0131 -","robots":{"index":"index","follow":"follow","max-snippet":"max-snippet:-1","max-image-preview":"max-image-preview:large","max-video-preview":"max-video-preview:-1"},"canonical":"https:\/\/kibrisdakik.com\/?p=79118","og_locale":"tr_TR","og_type":"article","og_title":"Bay\u0131nd\u0131rl\u0131k ve Ula\u015ft\u0131rma Bakan\u0131 Ar\u0131kl\u0131, Ramazan Bayram\u0131 mesaj\u0131 yay\u0131mlad\u0131 -","og_description":"Bay\u0131nd\u0131rl\u0131k ve Ula\u015ft\u0131rma Bakan\u0131 Ar\u0131kl\u0131, Ramazan Bayram\u0131 dolay\u0131s\u0131yla yay\u0131mlad\u0131\u011f\u0131 mesajda, K\u0131br\u0131s T\u00fcrk halk\u0131n\u0131n gelece\u011fe g\u00fcvenle bakabilmesi i\u00e7in toplumsal dayan\u0131\u015fman\u0131n ve karde\u015flik ba\u011flar\u0131n\u0131n g\u00fc\u00e7lendirilmesi gerekti\u011fini s\u00f6yledi. Bakanl\u0131ktan yap\u0131lan a\u00e7\u0131klamaya g\u00f6re, Bay\u0131nd\u0131rl\u0131k ve Ula\u015ft\u0131rma Bakan\u0131 Ar\u0131kl\u0131, Ramazan Bayram\u0131 mesaj\u0131nda \u015fu ifadelere yer verdi: \u201cBirlik, beraberlik ve karde\u015flik duygular\u0131n\u0131n peki\u015fti\u011fi, yard\u0131mla\u015fma ve dayan\u0131\u015fman\u0131n en g\u00fczel \u00f6rneklerinin sergilendi\u011fi m\u00fcbarek","og_url":"https:\/\/kibrisdakik.com\/?p=79118","article_published_time":"2025-03-30T09:36:33+00:00","og_image":[{"width":640,"height":359,"url":"https:\/\/kibrisdakik.com\/wp-content\/uploads\/2025\/02\/1738832828399arikli-mesaj.jpg","type":"image\/jpeg"}],"author":"admin","twitter_card":"summary_large_image","twitter_misc":{"Yazan:":"admin","Tahmini okuma s\u00fcresi":"2 dakika"},"schema":{"@context":"https:\/\/schema.org","@graph":[{"@type":"Article","@id":"https:\/\/kibrisdakik.com\/?p=79118#article","isPartOf":{"@id":"https:\/\/kibrisdakik.com\/?p=79118"},"author":{"name":"admin","@id":"https:\/\/kibrisdakik.com\/#\/schema\/person\/9cd9d437bbb44f72b73ba127e06d8e79"},"headline":"Bay\u0131nd\u0131rl\u0131k ve Ula\u015ft\u0131rma Bakan\u0131 Ar\u0131kl\u0131, Ramazan Bayram\u0131 mesaj\u0131 yay\u0131mlad\u0131","datePublished":"2025-03-30T09:36:33+00:00","mainEntityOfPage":{"@id":"https:\/\/kibrisdakik.com\/?p=79118"},"wordCount":408,"commentCount":0,"image":{"@id":"https:\/\/kibrisdakik.com\/?p=79118#primaryimage"},"thumbnailUrl":"https:\/\/kibrisdakik.com\/wp-content\/uploads\/2025\/02\/1738832828399arikli-mesaj.jpg","articleSection":["K\u0131br\u0131s","Man\u015fet"],"inLanguage":"tr","potentialAction":[{"@type":"CommentAction","name":"Comment","target":["https:\/\/kibrisdakik.com\/?p=79118#respond"]}]},{"@type":"WebPage","@id":"https:\/\/kibrisdakik.com\/?p=79118","url":"https:\/\/kibrisdakik.com\/?p=79118","name":"Bay\u0131nd\u0131rl\u0131k ve Ula\u015ft\u0131rma Bakan\u0131 Ar\u0131kl\u0131, Ramazan Bayram\u0131 mesaj\u0131 yay\u0131mlad\u0131 -","isPartOf":{"@id":"https:\/\/kibrisdakik.com\/#website"},"primaryImageOfPage":{"@id":"https:\/\/kibrisdakik.com\/?p=79118#primaryimage"},"image":{"@id":"https:\/\/kibrisdakik.com\/?p=79118#primaryimage"},"thumbnailUrl":"https:\/\/kibrisdakik.com\/wp-content\/uploads\/2025\/02\/1738832828399arikli-mesaj.jpg","datePublished":"2025-03-30T09:36:33+00:00","author":{"@id":"https:\/\/kibrisdakik.com\/#\/schema\/person\/9cd9d437bbb44f72b73ba127e06d8e79"},"breadcrumb":{"@id":"https:\/\/kibrisdakik.com\/?p=79118#breadcrumb"},"inLanguage":"tr","potentialAction":[{"@type":"ReadAction","target":["https:\/\/kibrisdakik.com\/?p=79118"]}]},{"@type":"ImageObject","inLanguage":"tr","@id":"https:\/\/kibrisdakik.com\/?p=79118#primaryimage","url":"https:\/\/kibrisdakik.com\/wp-content\/uploads\/2025\/02\/1738832828399arikli-mesaj.jpg","contentUrl":"https:\/\/kibrisdakik.com\/wp-content\/uploads\/2025\/02\/1738832828399arikli-mesaj.jpg","width":640,"height":359},{"@type":"BreadcrumbList","@id":"https:\/\/kibrisdakik.com\/?p=79118#breadcrumb","itemListElement":[{"@type":"ListItem","position":1,"name":"Home","item":"https:\/\/kibrisdakik.com\/"},{"@type":"ListItem","position":2,"name":"Bay\u0131nd\u0131rl\u0131k ve Ula\u015ft\u0131rma Bakan\u0131 Ar\u0131kl\u0131, Ramazan Bayram\u0131 mesaj\u0131 yay\u0131mlad\u0131"}]},{"@type":"WebSite","@id":"https:\/\/kibrisdakik.com\/#website","url":"https:\/\/kibrisdakik.com\/","name":"","description":"Tam vaktinde haber","potentialAction":[{"@type":"SearchAction","target":{"@type":"EntryPoint","urlTemplate":"https:\/\/kibrisdakik.com\/?s={search_term_string}"},"query-input":{"@type":"PropertyValueSpecification","valueRequired":true,"valueName":"search_term_string"}}],"inLanguage":"tr"},{"@type":"Person","@id":"https:\/\/kibrisdakik.com\/#\/schema\/person\/9cd9d437bbb44f72b73ba127e06d8e79","name":"admin","image":{"@type":"ImageObject","inLanguage":"tr","@id":"https:\/\/secure.gravatar.com\/avatar\/ccc17943b9d660506c869530f897617f7cb1c21a4bf30023f252596d83e1f007?s=96&d=mm&r=g","url":"https:\/\/secure.gravatar.com\/avatar\/ccc17943b9d660506c869530f897617f7cb1c21a4bf30023f252596d83e1f007?s=96&d=mm&r=g","contentUrl":"https:\/\/secure.gravatar.com\/avatar\/ccc17943b9d660506c869530f897617f7cb1c21a4bf30023f252596d83e1f007?s=96&d=mm&r=g","caption":"admin"},"sameAs":["https:\/\/kibrisdakik.com"],"url":"https:\/\/kibrisdakik.com\/?author=1"}]}},"_links":{"self":[{"href":"https:\/\/kibrisdakik.com\/index.php?rest_route=\/wp\/v2\/posts\/79118","targetHints":{"allow":["GET"]}}],"collection":[{"href":"https:\/\/kibrisdakik.com\/index.php?rest_route=\/wp\/v2\/posts"}],"about":[{"href":"https:\/\/kibrisdakik.com\/index.php?rest_route=\/wp\/v2\/types\/post"}],"author":[{"embeddable":true,"href":"https:\/\/kibrisdakik.com\/index.php?rest_route=\/wp\/v2\/users\/1"}],"replies":[{"embeddable":true,"href":"https:\/\/kibrisdakik.com\/index.php?rest_route=%2Fwp%2Fv2%2Fcomments&post=79118"}],"version-history":[{"count":0,"href":"https:\/\/kibrisdakik.com\/index.php?rest_route=\/wp\/v2\/posts\/79118\/revisions"}],"wp:featuredmedia":[{"embeddable":true,"href":"https:\/\/kibrisdakik.com\/index.php?rest_route=\/wp\/v2\/media\/75125"}],"wp:attachment":[{"href":"https:\/\/kibrisdakik.com\/index.php?rest_route=%2Fwp%2Fv2%2Fmedia&parent=79118"}],"wp:term":[{"taxonomy":"category","embeddable":true,"href":"https:\/\/kibrisdakik.com\/index.php?rest_route=%2Fwp%2Fv2%2Fcategories&post=79118"},{"taxonomy":"post_tag","embeddable":true,"href":"https:\/\/kibrisdakik.com\/index.php?rest_route=%2Fwp%2Fv2%2Ftags&post=79118"}],"curies":[{"name":"wp","href":"https:\/\/api.w.org\/{rel}","templated":true}]}}