{"id":79119,"date":"2025-03-30T12:40:51","date_gmt":"2025-03-30T09:40:51","guid":{"rendered":"https:\/\/kibrisdakik.com\/index.php\/2025\/03\/30\/basbakan-ustel-ubpnin-koskluciftlikteki-genel-merkezinde-partililerle-bayramlasti-lefkosa\/"},"modified":"2025-03-30T12:40:51","modified_gmt":"2025-03-30T09:40:51","slug":"basbakan-ustel-ubpnin-koskluciftlikteki-genel-merkezinde-partililerle-bayramlasti-lefkosa","status":"publish","type":"post","link":"https:\/\/kibrisdakik.com\/?p=79119","title":{"rendered":"Ba\u015fbakan \u00dcstel, UBP\u2019nin K\u00f6\u015fkl\u00fc\u00e7iftlik\u2019teki Genel Merkezi\u2019nde partililerle bayramla\u015ft\u0131  Lefko\u015fa"},"content":{"rendered":"<div>\n<div class=\"mariselle-image-container none\">\n                                            <\/div>\n<p style=\"font-weight: 300;\"><span style=\"font-weight: 300 !important;\">\u00a0Ulusal Birlik Partisi (UBP) Genel Ba\u015fkan\u0131 ve Ba\u015fbakan \u00dcnal \u00dcstel ile e\u015fi Zerrin \u00dcstel, UBP\u2019nin K\u00f6\u015fkl\u00fc\u00e7iftlik\u2019teki Genel Merkezi\u2019nde partililerle bayramla\u015ft\u0131.<\/span><\/p>\n<p style=\"font-weight: 300;\"><span style=\"font-weight: 300 !important;\">\u00a0B<\/span><span style=\"font-weight: 300 !important;\">ayramla\u015fmaya; Meclis Ba\u015fkan\u0131 Ziya \u00d6zt\u00fcrkler, baz\u0131 bakanlar ve h\u00fck\u00fcmet yetkilileri de kat\u0131ld\u0131.<\/span><\/p>\n<p style=\"font-weight: 300;\"><span style=\"font-weight: 300 !important;\">\u00a0<\/span><span style=\"font-weight: 300 !important;\">Bayramla\u015fma sonras\u0131 Ba\u015fbakan \u00dcnal \u00dcstel bas\u0131na yapt\u0131\u011f\u0131 a\u00e7\u0131klamada, vatanda\u015flara seyahat ederken dikkatli olunmas\u0131, gece bir yerlere gidilecekse geri d\u00f6n\u00fc\u015f\u00fcn de\u00a0 d\u00fc\u015f\u00fcn\u00fclmesi tavsiyesinde bulundu.<\/span><\/p>\n<p style=\"font-weight: 300;\"><span style=\"font-weight: 300 !important;\">Bayramlar\u0131n darg\u0131nl\u0131klar ve k\u00fcsk\u00fcnl\u00fcklerin bitmesi i\u00e7in \u00f6nemli f\u0131rsatlar oldu\u011funu kaydeden \u00dcstel, \u201cBirlik ve beraberlikleri rencide edecek s\u00f6ylemlerden \u00e7ekinmemiz laz\u0131m.\u201d dedi.<\/span><\/p>\n<p style=\"font-weight: 300;\"><span style=\"font-weight: 300 !important;\">\u00a0<\/span><span style=\"font-weight: 300 !important;\">\u00dcstel, halk\u0131n Ramazan Bayram\u0131\u2019n\u0131 y\u00fcrekten kutlad\u0131.\u00a0<\/span><\/p>\n<p>\u00a0<\/p>\n<p>\u00a0<\/p>\n<\/p><\/div>\n<p><script async\n                    defer\n                    crossorigin=\"anonymous\"\n                    src=\"https:\/\/connect.facebook.net\/tr_TR\/sdk.js#xfbml=1&#038;version=v3.3\"\n            ><\/script><\/p>\n","protected":false},"excerpt":{"rendered":"<p>\u00a0Ulusal Birlik Partisi (UBP) Genel Ba\u015fkan\u0131 ve Ba\u015fbakan \u00dcnal \u00dcstel ile e\u015fi Zerrin \u00dcstel, UBP\u2019nin K\u00f6\u015fkl\u00fc\u00e7iftlik\u2019teki Genel Merkezi\u2019nde partililerle bayramla\u015ft\u0131. \u00a0Bayramla\u015fmaya; Meclis Ba\u015fkan\u0131 Ziya \u00d6zt\u00fcrkler, baz\u0131 bakanlar ve h\u00fck\u00fcmet yetkilileri de kat\u0131ld\u0131. \u00a0Bayramla\u015fma sonras\u0131 Ba\u015fbakan \u00dcnal \u00dcstel bas\u0131na yapt\u0131\u011f\u0131 a\u00e7\u0131klamada, vatanda\u015flara seyahat ederken dikkatli olunmas\u0131, gece bir yerlere gidilecekse geri d\u00f6n\u00fc\u015f\u00fcn de\u00a0 d\u00fc\u015f\u00fcn\u00fclmesi tavsiyesinde bulundu.<\/p>\n","protected":false},"author":1,"featured_media":79120,"comment_status":"open","ping_status":"open","sticky":false,"template":"","format":"standard","meta":{"footnotes":""},"categories":[81,101],"tags":[],"class_list":["post-79119","post","type-post","status-publish","format-standard","has-post-thumbnail","hentry","category-kibris","category-manset"],"yoast_head":"<!-- This site is optimized with the Yoast SEO plugin v27.5 - https:\/\/yoast.com\/product\/yoast-seo-wordpress\/ -->\n<title>Ba\u015fbakan \u00dcstel, UBP\u2019nin K\u00f6\u015fkl\u00fc\u00e7iftlik\u2019teki Genel Merkezi\u2019nde partililerle bayramla\u015ft\u0131 Lefko\u015fa -<\/title>\n<meta name=\"robots\" content=\"index, follow, max-snippet:-1, max-image-preview:large, max-video-preview:-1\" \/>\n<link rel=\"canonical\" href=\"https:\/\/kibrisdakik.com\/?p=79119\" \/>\n<meta property=\"og:locale\" content=\"tr_TR\" \/>\n<meta property=\"og:type\" content=\"article\" \/>\n<meta property=\"og:title\" content=\"Ba\u015fbakan \u00dcstel, UBP\u2019nin K\u00f6\u015fkl\u00fc\u00e7iftlik\u2019teki Genel Merkezi\u2019nde partililerle bayramla\u015ft\u0131 Lefko\u015fa -\" \/>\n<meta property=\"og:description\" content=\"\u00a0Ulusal Birlik Partisi (UBP) Genel Ba\u015fkan\u0131 ve Ba\u015fbakan \u00dcnal \u00dcstel ile e\u015fi Zerrin \u00dcstel, UBP\u2019nin K\u00f6\u015fkl\u00fc\u00e7iftlik\u2019teki Genel Merkezi\u2019nde partililerle bayramla\u015ft\u0131. \u00a0Bayramla\u015fmaya; Meclis Ba\u015fkan\u0131 Ziya \u00d6zt\u00fcrkler, baz\u0131 bakanlar ve h\u00fck\u00fcmet yetkilileri de kat\u0131ld\u0131. \u00a0Bayramla\u015fma sonras\u0131 Ba\u015fbakan \u00dcnal \u00dcstel bas\u0131na yapt\u0131\u011f\u0131 a\u00e7\u0131klamada, vatanda\u015flara seyahat ederken dikkatli olunmas\u0131, gece bir yerlere gidilecekse geri d\u00f6n\u00fc\u015f\u00fcn de\u00a0 d\u00fc\u015f\u00fcn\u00fclmesi tavsiyesinde bulundu.\" \/>\n<meta property=\"og:url\" content=\"https:\/\/kibrisdakik.com\/?p=79119\" \/>\n<meta property=\"article:published_time\" content=\"2025-03-30T09:40:51+00:00\" \/>\n<meta property=\"og:image\" content=\"https:\/\/kibrisdakik.com\/wp-content\/uploads\/2025\/03\/1743322869463WhatsApp-Image-2025-03-30-at-11.19.18-740x420.jpeg\" \/>\n\t<meta property=\"og:image:width\" content=\"1600\" \/>\n\t<meta property=\"og:image:height\" content=\"1067\" \/>\n\t<meta property=\"og:image:type\" content=\"image\/jpeg\" \/>\n<meta name=\"author\" content=\"admin\" \/>\n<meta name=\"twitter:card\" content=\"summary_large_image\" \/>\n<meta name=\"twitter:label1\" content=\"Yazan:\" \/>\n\t<meta name=\"twitter:data1\" content=\"admin\" \/>\n\t<meta name=\"twitter:label2\" content=\"Tahmini okuma s\u00fcresi\" \/>\n\t<meta name=\"twitter:data2\" content=\"1 dakika\" \/>\n<script type=\"application\/ld+json\" class=\"yoast-schema-graph\">{\"@context\":\"https:\\\/\\\/schema.org\",\"@graph\":[{\"@type\":\"Article\",\"@id\":\"https:\\\/\\\/kibrisdakik.com\\\/?p=79119#article\",\"isPartOf\":{\"@id\":\"https:\\\/\\\/kibrisdakik.com\\\/?p=79119\"},\"author\":{\"name\":\"admin\",\"@id\":\"https:\\\/\\\/kibrisdakik.com\\\/#\\\/schema\\\/person\\\/9cd9d437bbb44f72b73ba127e06d8e79\"},\"headline\":\"Ba\u015fbakan \u00dcstel, UBP\u2019nin K\u00f6\u015fkl\u00fc\u00e7iftlik\u2019teki Genel Merkezi\u2019nde partililerle bayramla\u015ft\u0131 Lefko\u015fa\",\"datePublished\":\"2025-03-30T09:40:51+00:00\",\"mainEntityOfPage\":{\"@id\":\"https:\\\/\\\/kibrisdakik.com\\\/?p=79119\"},\"wordCount\":137,\"commentCount\":0,\"image\":{\"@id\":\"https:\\\/\\\/kibrisdakik.com\\\/?p=79119#primaryimage\"},\"thumbnailUrl\":\"https:\\\/\\\/kibrisdakik.com\\\/wp-content\\\/uploads\\\/2025\\\/03\\\/1743322869463WhatsApp-Image-2025-03-30-at-11.19.18-740x420.jpeg\",\"articleSection\":[\"K\u0131br\u0131s\",\"Man\u015fet\"],\"inLanguage\":\"tr\",\"potentialAction\":[{\"@type\":\"CommentAction\",\"name\":\"Comment\",\"target\":[\"https:\\\/\\\/kibrisdakik.com\\\/?p=79119#respond\"]}]},{\"@type\":\"WebPage\",\"@id\":\"https:\\\/\\\/kibrisdakik.com\\\/?p=79119\",\"url\":\"https:\\\/\\\/kibrisdakik.com\\\/?p=79119\",\"name\":\"Ba\u015fbakan \u00dcstel, UBP\u2019nin K\u00f6\u015fkl\u00fc\u00e7iftlik\u2019teki Genel Merkezi\u2019nde partililerle bayramla\u015ft\u0131 Lefko\u015fa -\",\"isPartOf\":{\"@id\":\"https:\\\/\\\/kibrisdakik.com\\\/#website\"},\"primaryImageOfPage\":{\"@id\":\"https:\\\/\\\/kibrisdakik.com\\\/?p=79119#primaryimage\"},\"image\":{\"@id\":\"https:\\\/\\\/kibrisdakik.com\\\/?p=79119#primaryimage\"},\"thumbnailUrl\":\"https:\\\/\\\/kibrisdakik.com\\\/wp-content\\\/uploads\\\/2025\\\/03\\\/1743322869463WhatsApp-Image-2025-03-30-at-11.19.18-740x420.jpeg\",\"datePublished\":\"2025-03-30T09:40:51+00:00\",\"author\":{\"@id\":\"https:\\\/\\\/kibrisdakik.com\\\/#\\\/schema\\\/person\\\/9cd9d437bbb44f72b73ba127e06d8e79\"},\"breadcrumb\":{\"@id\":\"https:\\\/\\\/kibrisdakik.com\\\/?p=79119#breadcrumb\"},\"inLanguage\":\"tr\",\"potentialAction\":[{\"@type\":\"ReadAction\",\"target\":[\"https:\\\/\\\/kibrisdakik.com\\\/?p=79119\"]}]},{\"@type\":\"ImageObject\",\"inLanguage\":\"tr\",\"@id\":\"https:\\\/\\\/kibrisdakik.com\\\/?p=79119#primaryimage\",\"url\":\"https:\\\/\\\/kibrisdakik.com\\\/wp-content\\\/uploads\\\/2025\\\/03\\\/1743322869463WhatsApp-Image-2025-03-30-at-11.19.18-740x420.jpeg\",\"contentUrl\":\"https:\\\/\\\/kibrisdakik.com\\\/wp-content\\\/uploads\\\/2025\\\/03\\\/1743322869463WhatsApp-Image-2025-03-30-at-11.19.18-740x420.jpeg\",\"width\":1600,\"height\":1067},{\"@type\":\"BreadcrumbList\",\"@id\":\"https:\\\/\\\/kibrisdakik.com\\\/?p=79119#breadcrumb\",\"itemListElement\":[{\"@type\":\"ListItem\",\"position\":1,\"name\":\"Home\",\"item\":\"https:\\\/\\\/kibrisdakik.com\\\/\"},{\"@type\":\"ListItem\",\"position\":2,\"name\":\"Ba\u015fbakan \u00dcstel, UBP\u2019nin K\u00f6\u015fkl\u00fc\u00e7iftlik\u2019teki Genel Merkezi\u2019nde partililerle bayramla\u015ft\u0131 Lefko\u015fa\"}]},{\"@type\":\"WebSite\",\"@id\":\"https:\\\/\\\/kibrisdakik.com\\\/#website\",\"url\":\"https:\\\/\\\/kibrisdakik.com\\\/\",\"name\":\"\",\"description\":\"Tam vaktinde haber\",\"potentialAction\":[{\"@type\":\"SearchAction\",\"target\":{\"@type\":\"EntryPoint\",\"urlTemplate\":\"https:\\\/\\\/kibrisdakik.com\\\/?s={search_term_string}\"},\"query-input\":{\"@type\":\"PropertyValueSpecification\",\"valueRequired\":true,\"valueName\":\"search_term_string\"}}],\"inLanguage\":\"tr\"},{\"@type\":\"Person\",\"@id\":\"https:\\\/\\\/kibrisdakik.com\\\/#\\\/schema\\\/person\\\/9cd9d437bbb44f72b73ba127e06d8e79\",\"name\":\"admin\",\"image\":{\"@type\":\"ImageObject\",\"inLanguage\":\"tr\",\"@id\":\"https:\\\/\\\/secure.gravatar.com\\\/avatar\\\/ccc17943b9d660506c869530f897617f7cb1c21a4bf30023f252596d83e1f007?s=96&d=mm&r=g\",\"url\":\"https:\\\/\\\/secure.gravatar.com\\\/avatar\\\/ccc17943b9d660506c869530f897617f7cb1c21a4bf30023f252596d83e1f007?s=96&d=mm&r=g\",\"contentUrl\":\"https:\\\/\\\/secure.gravatar.com\\\/avatar\\\/ccc17943b9d660506c869530f897617f7cb1c21a4bf30023f252596d83e1f007?s=96&d=mm&r=g\",\"caption\":\"admin\"},\"sameAs\":[\"https:\\\/\\\/kibrisdakik.com\"],\"url\":\"https:\\\/\\\/kibrisdakik.com\\\/?author=1\"}]}<\/script>\n<!-- \/ Yoast SEO plugin. -->","yoast_head_json":{"title":"Ba\u015fbakan \u00dcstel, UBP\u2019nin K\u00f6\u015fkl\u00fc\u00e7iftlik\u2019teki Genel Merkezi\u2019nde partililerle bayramla\u015ft\u0131 Lefko\u015fa -","robots":{"index":"index","follow":"follow","max-snippet":"max-snippet:-1","max-image-preview":"max-image-preview:large","max-video-preview":"max-video-preview:-1"},"canonical":"https:\/\/kibrisdakik.com\/?p=79119","og_locale":"tr_TR","og_type":"article","og_title":"Ba\u015fbakan \u00dcstel, UBP\u2019nin K\u00f6\u015fkl\u00fc\u00e7iftlik\u2019teki Genel Merkezi\u2019nde partililerle bayramla\u015ft\u0131 Lefko\u015fa -","og_description":"\u00a0Ulusal Birlik Partisi (UBP) Genel Ba\u015fkan\u0131 ve Ba\u015fbakan \u00dcnal \u00dcstel ile e\u015fi Zerrin \u00dcstel, UBP\u2019nin K\u00f6\u015fkl\u00fc\u00e7iftlik\u2019teki Genel Merkezi\u2019nde partililerle bayramla\u015ft\u0131. \u00a0Bayramla\u015fmaya; Meclis Ba\u015fkan\u0131 Ziya \u00d6zt\u00fcrkler, baz\u0131 bakanlar ve h\u00fck\u00fcmet yetkilileri de kat\u0131ld\u0131. \u00a0Bayramla\u015fma sonras\u0131 Ba\u015fbakan \u00dcnal \u00dcstel bas\u0131na yapt\u0131\u011f\u0131 a\u00e7\u0131klamada, vatanda\u015flara seyahat ederken dikkatli olunmas\u0131, gece bir yerlere gidilecekse geri d\u00f6n\u00fc\u015f\u00fcn de\u00a0 d\u00fc\u015f\u00fcn\u00fclmesi tavsiyesinde bulundu.","og_url":"https:\/\/kibrisdakik.com\/?p=79119","article_published_time":"2025-03-30T09:40:51+00:00","og_image":[{"width":1600,"height":1067,"url":"https:\/\/kibrisdakik.com\/wp-content\/uploads\/2025\/03\/1743322869463WhatsApp-Image-2025-03-30-at-11.19.18-740x420.jpeg","type":"image\/jpeg"}],"author":"admin","twitter_card":"summary_large_image","twitter_misc":{"Yazan:":"admin","Tahmini okuma s\u00fcresi":"1 dakika"},"schema":{"@context":"https:\/\/schema.org","@graph":[{"@type":"Article","@id":"https:\/\/kibrisdakik.com\/?p=79119#article","isPartOf":{"@id":"https:\/\/kibrisdakik.com\/?p=79119"},"author":{"name":"admin","@id":"https:\/\/kibrisdakik.com\/#\/schema\/person\/9cd9d437bbb44f72b73ba127e06d8e79"},"headline":"Ba\u015fbakan \u00dcstel, UBP\u2019nin K\u00f6\u015fkl\u00fc\u00e7iftlik\u2019teki Genel Merkezi\u2019nde partililerle bayramla\u015ft\u0131 Lefko\u015fa","datePublished":"2025-03-30T09:40:51+00:00","mainEntityOfPage":{"@id":"https:\/\/kibrisdakik.com\/?p=79119"},"wordCount":137,"commentCount":0,"image":{"@id":"https:\/\/kibrisdakik.com\/?p=79119#primaryimage"},"thumbnailUrl":"https:\/\/kibrisdakik.com\/wp-content\/uploads\/2025\/03\/1743322869463WhatsApp-Image-2025-03-30-at-11.19.18-740x420.jpeg","articleSection":["K\u0131br\u0131s","Man\u015fet"],"inLanguage":"tr","potentialAction":[{"@type":"CommentAction","name":"Comment","target":["https:\/\/kibrisdakik.com\/?p=79119#respond"]}]},{"@type":"WebPage","@id":"https:\/\/kibrisdakik.com\/?p=79119","url":"https:\/\/kibrisdakik.com\/?p=79119","name":"Ba\u015fbakan \u00dcstel, UBP\u2019nin K\u00f6\u015fkl\u00fc\u00e7iftlik\u2019teki Genel Merkezi\u2019nde partililerle bayramla\u015ft\u0131 Lefko\u015fa -","isPartOf":{"@id":"https:\/\/kibrisdakik.com\/#website"},"primaryImageOfPage":{"@id":"https:\/\/kibrisdakik.com\/?p=79119#primaryimage"},"image":{"@id":"https:\/\/kibrisdakik.com\/?p=79119#primaryimage"},"thumbnailUrl":"https:\/\/kibrisdakik.com\/wp-content\/uploads\/2025\/03\/1743322869463WhatsApp-Image-2025-03-30-at-11.19.18-740x420.jpeg","datePublished":"2025-03-30T09:40:51+00:00","author":{"@id":"https:\/\/kibrisdakik.com\/#\/schema\/person\/9cd9d437bbb44f72b73ba127e06d8e79"},"breadcrumb":{"@id":"https:\/\/kibrisdakik.com\/?p=79119#breadcrumb"},"inLanguage":"tr","potentialAction":[{"@type":"ReadAction","target":["https:\/\/kibrisdakik.com\/?p=79119"]}]},{"@type":"ImageObject","inLanguage":"tr","@id":"https:\/\/kibrisdakik.com\/?p=79119#primaryimage","url":"https:\/\/kibrisdakik.com\/wp-content\/uploads\/2025\/03\/1743322869463WhatsApp-Image-2025-03-30-at-11.19.18-740x420.jpeg","contentUrl":"https:\/\/kibrisdakik.com\/wp-content\/uploads\/2025\/03\/1743322869463WhatsApp-Image-2025-03-30-at-11.19.18-740x420.jpeg","width":1600,"height":1067},{"@type":"BreadcrumbList","@id":"https:\/\/kibrisdakik.com\/?p=79119#breadcrumb","itemListElement":[{"@type":"ListItem","position":1,"name":"Home","item":"https:\/\/kibrisdakik.com\/"},{"@type":"ListItem","position":2,"name":"Ba\u015fbakan \u00dcstel, UBP\u2019nin K\u00f6\u015fkl\u00fc\u00e7iftlik\u2019teki Genel Merkezi\u2019nde partililerle bayramla\u015ft\u0131 Lefko\u015fa"}]},{"@type":"WebSite","@id":"https:\/\/kibrisdakik.com\/#website","url":"https:\/\/kibrisdakik.com\/","name":"","description":"Tam vaktinde haber","potentialAction":[{"@type":"SearchAction","target":{"@type":"EntryPoint","urlTemplate":"https:\/\/kibrisdakik.com\/?s={search_term_string}"},"query-input":{"@type":"PropertyValueSpecification","valueRequired":true,"valueName":"search_term_string"}}],"inLanguage":"tr"},{"@type":"Person","@id":"https:\/\/kibrisdakik.com\/#\/schema\/person\/9cd9d437bbb44f72b73ba127e06d8e79","name":"admin","image":{"@type":"ImageObject","inLanguage":"tr","@id":"https:\/\/secure.gravatar.com\/avatar\/ccc17943b9d660506c869530f897617f7cb1c21a4bf30023f252596d83e1f007?s=96&d=mm&r=g","url":"https:\/\/secure.gravatar.com\/avatar\/ccc17943b9d660506c869530f897617f7cb1c21a4bf30023f252596d83e1f007?s=96&d=mm&r=g","contentUrl":"https:\/\/secure.gravatar.com\/avatar\/ccc17943b9d660506c869530f897617f7cb1c21a4bf30023f252596d83e1f007?s=96&d=mm&r=g","caption":"admin"},"sameAs":["https:\/\/kibrisdakik.com"],"url":"https:\/\/kibrisdakik.com\/?author=1"}]}},"_links":{"self":[{"href":"https:\/\/kibrisdakik.com\/index.php?rest_route=\/wp\/v2\/posts\/79119","targetHints":{"allow":["GET"]}}],"collection":[{"href":"https:\/\/kibrisdakik.com\/index.php?rest_route=\/wp\/v2\/posts"}],"about":[{"href":"https:\/\/kibrisdakik.com\/index.php?rest_route=\/wp\/v2\/types\/post"}],"author":[{"embeddable":true,"href":"https:\/\/kibrisdakik.com\/index.php?rest_route=\/wp\/v2\/users\/1"}],"replies":[{"embeddable":true,"href":"https:\/\/kibrisdakik.com\/index.php?rest_route=%2Fwp%2Fv2%2Fcomments&post=79119"}],"version-history":[{"count":0,"href":"https:\/\/kibrisdakik.com\/index.php?rest_route=\/wp\/v2\/posts\/79119\/revisions"}],"wp:featuredmedia":[{"embeddable":true,"href":"https:\/\/kibrisdakik.com\/index.php?rest_route=\/wp\/v2\/media\/79120"}],"wp:attachment":[{"href":"https:\/\/kibrisdakik.com\/index.php?rest_route=%2Fwp%2Fv2%2Fmedia&parent=79119"}],"wp:term":[{"taxonomy":"category","embeddable":true,"href":"https:\/\/kibrisdakik.com\/index.php?rest_route=%2Fwp%2Fv2%2Fcategories&post=79119"},{"taxonomy":"post_tag","embeddable":true,"href":"https:\/\/kibrisdakik.com\/index.php?rest_route=%2Fwp%2Fv2%2Ftags&post=79119"}],"curies":[{"name":"wp","href":"https:\/\/api.w.org\/{rel}","templated":true}]}}