{"id":79131,"date":"2025-03-30T16:23:00","date_gmt":"2025-03-30T13:23:00","guid":{"rendered":"https:\/\/kibrisdakik.com\/index.php\/2025\/03\/30\/tc-milli-savunma-bakani-yasar-guler-muhataplarimizi-artik-konuya-kibrisa-cozum-odakli-makul-ve-mantikli-bir-sekilde-yaklasmaya-davet-ediyoruz\/"},"modified":"2025-03-30T16:23:00","modified_gmt":"2025-03-30T13:23:00","slug":"tc-milli-savunma-bakani-yasar-guler-muhataplarimizi-artik-konuya-kibrisa-cozum-odakli-makul-ve-mantikli-bir-sekilde-yaklasmaya-davet-ediyoruz","status":"publish","type":"post","link":"https:\/\/kibrisdakik.com\/?p=79131","title":{"rendered":"TC Milli Savunma Bakan\u0131 Ya\u015far G\u00fcler: \u201cMuhataplar\u0131m\u0131z\u0131 art\u0131k konuya (K\u0131br\u0131s\u2019a) \u00e7\u00f6z\u00fcm odakl\u0131, makul ve mant\u0131kl\u0131 bir \u015fekilde yakla\u015fmaya davet ediyoruz\u201d"},"content":{"rendered":"<p><\/p>\n<div>\n<div class=\"mariselle-image-container center\">\n                <img loading=\"lazy\" decoding=\"async\" width=\"864\" height=\"486\" class=\"lazy-image\" alt=\"\" sizes=\"auto, (max-width: 864px) 100vw, 864px\" src=\"https:\/\/brtk.net\/wp-content\/uploads\/2024\/12\/16\/guler-rum-silahlanma-1.jpg?ver=937700ff4214bd00aeebfd0fafdac537\" srcset=\"https:\/\/brtk.net\/wp-content\/uploads\/2024\/12\/16\/guler-rum-silahlanma-1.jpg?ver=937700ff4214bd00aeebfd0fafdac537 864w, https:\/\/brtk.net\/wp-content\/uploads\/2024\/12\/16\/guler-rum-silahlanma-1-300x169.jpg?ver=ef206558c90b9487c36cf19fefc1be2d 300w, https:\/\/brtk.net\/wp-content\/uploads\/2024\/12\/16\/guler-rum-silahlanma-1-768x432.jpg?ver=ef206558c90b9487c36cf19fefc1be2d 768w\"\/>                            <\/div>\n<p>TC  Cumhurba\u015fkan\u0131 Recep Tayyip Erdo\u011fan, \u201cYurt i\u00e7inde, s\u0131n\u0131rlar\u0131m\u0131zda, b\u00f6lgemizde ve d\u00fcnyan\u0131n farkl\u0131 \u00fclkelerinde fedakarca g\u00f6rev yapan ordumuzun t\u00fcm mensuplar\u0131n\u0131n ve ailelerinin bayram\u0131n\u0131 y\u00fcrekten kutluyorum.\u201d dedi.<\/p>\n<p>TC Milli Savunma Bakan\u0131 Ya\u015far G\u00fcler, \u00c7anakkale\u2019deki Amfibi Kolordu Komutanl\u0131\u011f\u0131n\u0131 ziyareti s\u0131ras\u0131nda, Cumhurba\u015fkan\u0131 Recep Tayyip Erdo\u011fan ile telefonda g\u00f6r\u00fc\u015ft\u00fc.<\/p>\n<p>Bakan G\u00fcler\u2019in telefonu arac\u0131l\u0131\u011f\u0131yla Mehmet\u00e7i\u011fe hitap eden Erdo\u011fan, \u201cT\u00fcrk Silahl\u0131 Kuvvetlerimizin k\u0131ymetli mensuplar\u0131, kahraman bahriyelilerimiz. Sizleri en kalbi duygularla, muhabbetle selaml\u0131yorum. Amfibi Kolordu Komutanl\u0131\u011f\u0131m\u0131 ve Deniz Kuvvetlerimizin g\u00fczide birliklerinde vazife icra eden t\u00fcm askerlerimizin, her bir personelimizin Ramazan Bayram\u0131\u2019n\u0131 tebrik ediyorum. Sizlerin \u015fahs\u0131nda yurt i\u00e7inde, s\u0131n\u0131rlar\u0131m\u0131zda, b\u00f6lgemizde ve d\u00fcnyan\u0131n farkl\u0131 \u00fclkelerinde fedakarca g\u00f6rev yapan ordumuzun t\u00fcm mensuplar\u0131n\u0131n ve ailelerinin bayram\u0131n\u0131 y\u00fcrekten kutluyorum.\u201d ifadelerini kulland\u0131.<\/p>\n<p>TC Cumhurba\u015fkan\u0131 Erdo\u011fan, bin y\u0131ld\u0131r vatan\u0131n bekas\u0131, milletin istikbal ve istiklali u\u011frunda canlar\u0131n\u0131 feda eden t\u00fcm \u015fehitleri de rahmetle yad etti\u011fini belirterek, \u015funlar\u0131 kaydetti:<\/p>\n<p>\u201cBu \u00fclke i\u00e7in g\u00f6zlerini k\u0131rpmadan nice bedeller \u00f6deyen t\u00fcm gazilerimize \u015fahs\u0131m ve milletim ad\u0131na \u015f\u00fckranlar\u0131m\u0131 sunuyor, kendilerine ve ailelerine ayn\u0131 \u015fekilde hay\u0131rl\u0131 bayramlar diliyorum. Amfibi Kolordu Komutanl\u0131\u011f\u0131m\u0131z\u0131n k\u0131ymetli mensuplar\u0131, sizler her kar\u0131\u015f\u0131nda bir aslan\u0131n, bir yi\u011fidin yatt\u0131\u011f\u0131 mukaddes bir vatan topra\u011f\u0131nda, \u00c7anakkale\u2019de g\u00f6rev yap\u0131yorsunuz. Bug\u00fcne kadar \u00e7evre denizlerimizde \u00fcstlendi\u011finiz g\u00f6revlerin yan\u0131 s\u0131ra Arnavutluk, Afganistan, Kosova, L\u00fcbnan ve Libya\u2019da yak\u0131n zamanda ba\u015far\u0131yla icra etti\u011finiz insani yard\u0131m, uluslararas\u0131 destek, tahliye ve afet yard\u0131m harekatlar\u0131nda \u00fcst\u00fcn gayretler sergilediniz.<\/p>\n<p>Halihaz\u0131rda Suriye ve Irak\u2019\u0131n kuzeyinde devam eden ter\u00f6ristle m\u00fccadele operasyonlar\u0131 ile birlikte Arnavutluk, Libya, Azerbaycan ve Katar\u2019da bar\u0131\u015f ve g\u00fcvenli\u011fin tesisine \u00f6nemli katk\u0131lar sunuyorsunuz. \u00d6n\u00fcm\u00fczdeki temmuzdan itibaren bir y\u0131l s\u00fcreyle NATO \u00c7\u0131karma Kuvveti Komutanl\u0131\u011f\u0131 g\u00f6revini de in\u015fallah yine ordumuza yak\u0131\u015f\u0131r \u015fekilde ba\u015far\u0131yla deruhte edeceksiniz. \u0130n\u015fallah Amfibi Komandolar\u0131m\u0131zla k\u0131y\u0131lar\u0131m\u0131z art\u0131k \u00e7ok daha g\u00fcvenli, \u00e7ok daha istikrarl\u0131 olacak. Mavi Vatan\u2019\u0131n muhafazas\u0131 ve m\u00fcdafaas\u0131ndaki \u00fcst\u00fcn gayretleriniz dolay\u0131s\u0131yla her birinizi tebrik ediyor, bahriyelilerimizin her birinin aln\u0131ndan \u00f6p\u00fcyorum. Denizleriniz sakin, yolunuz ve baht\u0131n\u0131z a\u00e7\u0131k olsun diyorum.\u201d<\/p>\n<p>\u2013 Bayramla\u015fmada TSK Komuta Kademesi de yer ald\u0131<\/p>\n<p>TC Cumhurba\u015fkan\u0131 Erdo\u011fan\u2019\u0131n hitaplar\u0131n\u0131n ard\u0131ndan Milli Savunma Bakan\u0131 Ya\u015far G\u00fcler de Mehmet\u00e7i\u011fe seslendi.<\/p>\n<p>G\u00fcler konu\u015fmas\u0131nda, Amfibi Kolordu Komutanl\u0131\u011f\u0131 ziyaretinde, T\u00fcrk Silahl\u0131 Kuvvetlerinin (TSK) Komuta Kademesini olu\u015fturan Genelkurmay Ba\u015fkan\u0131 Orgeneral Metin G\u00fcrak, Deniz Kuvvetleri Komutan\u0131 Oramiral Erc\u00fcment Tatl\u0131o\u011flu, Kara Kuvvetleri Komutan\u0131 Orgeneral Sel\u00e7uk Bayraktaro\u011flu ve Hava Kuvvetleri Komutan\u0131 Orgeneral Ziya Cemal Kad\u0131o\u011flu\u2019nun da yer ald\u0131\u011f\u0131n\u0131 hat\u0131rlatt\u0131.<\/p>\n<p>Mehmet\u00e7i\u011fin sevdikleriyle birlikte, sa\u011fl\u0131k ve mutluluk dolu nice bayramlar ge\u00e7irmesi temennisinde bulunan G\u00fcler, \u015fu ifadelere yer verdi:<\/p>\n<p>\u201cBayramlar milletimizi bir arada tutan, bizi biz yapan k\u00f6kl\u00fc de\u011ferlerin en g\u00fczel yans\u0131malar\u0131d\u0131r. Milli kimli\u011fimizi ve karakterimizi olu\u015fturan bu k\u0131ymetli miras\u0131 koruyarak gelecek nesillere aktarmak hepimize d\u00fc\u015fen \u00f6nemli bir sorumluluktur. Aziz vatan\u0131m\u0131z\u0131n bekas\u0131 ve g\u00fcvenli\u011finin en g\u00fc\u00e7l\u00fc teminat\u0131 olan sizler de asil milletimizin bayramlar\u0131 huzur i\u00e7erisinde ge\u00e7irmesi i\u00e7in sevdiklerinizden uzakta fedakarl\u0131kla g\u00f6rev yapmaktas\u0131n\u0131z. Ortaya koydu\u011funuz g\u00f6rev ve sorumluluk bilinci ile \u00fcst\u00fcn gayretleriniz, her t\u00fcrl\u00fc takdirin \u00fczerindedir. Sizlerin \u015fahs\u0131nda \u015fu anda yurt i\u00e7inde ve s\u0131n\u0131r \u00f6tesinde \u00f6zveriyle g\u00f6rev yapan t\u00fcm kahraman silah ve mesai arkada\u015flar\u0131m\u0131 can\u0131 g\u00f6n\u00fclden tebrik ediyor, her birinin g\u00f6zlerinden \u00f6p\u00fcyorum.\u201d<\/p>\n<p>\u2013 \u201cG\u00fc\u00e7l\u00fc bir orduya sahip olmak zorunday\u0131z\u201d<\/p>\n<p>Bakan G\u00fcler, yak\u0131n \u00e7evre ba\u015fta olmak \u00fczere d\u00fcnya genelinde ya\u015fanan geli\u015fmelerin, risk ve tehditleri de beraberinde getirdi\u011fini belirterek, bunun T\u00fcrkiye\u2019nin b\u00f6lgesindeki ve d\u00fcnyadaki \u00f6nemini daha da art\u0131rd\u0131\u011f\u0131n\u0131 vurgulad\u0131.<\/p>\n<p>G\u00fcler, konu\u015fmas\u0131n\u0131 \u015f\u00f6yle s\u00fcrd\u00fcrd\u00fc:<\/p>\n<p>\u201cB\u00f6ylesine stratejik ve hassas bir co\u011frafyada var olabilmek, her alanda hak ve menfaatlerimizi koruyabilmek ayn\u0131 zamanda d\u00fcnya bar\u0131\u015f\u0131 ve istikrar\u0131na katk\u0131 sunabilmek i\u00e7in g\u00fc\u00e7l\u00fc bir orduya sahip olmak zorunday\u0131z. Bu g\u00fc\u00e7l\u00fc ordu da elbette ki personeliyle, teknolojik imkan ve kabiliyetleriyle karada, denizde, havada, uzayda ve siber alanda her an harekata haz\u0131r, etkin ve cayd\u0131r\u0131c\u0131 niteliklere haiz olmal\u0131d\u0131r.\u201d<\/p>\n<p>T\u00fcrkiye\u2019nin, uluslararas\u0131 arenadaki etkinli\u011finin her ge\u00e7en g\u00fcn artt\u0131\u011f\u0131na, k\u00fcresel g\u00fcvenlik mimarisinin ve m\u00fczakere masalar\u0131n\u0131n vazge\u00e7ilmez bir akt\u00f6r\u00fc haline geldi\u011fine dikkati \u00e7eken G\u00fcler, bakanl\u0131k olarak gece g\u00fcnd\u00fcz demeden, b\u00fcy\u00fck bir azim ve kararl\u0131l\u0131kla g\u00f6revlerini yerine getirdiklerini s\u00f6yledi.<\/p>\n<p>G\u00fcler, belirlenen \u00e7ok y\u00f6nl\u00fc savunma g\u00fcvenlik politikas\u0131 \u00e7er\u00e7evesinde ve Mehmet\u00e7i\u011fin fedakarl\u0131klar\u0131yla Cumhuriyet tarihinin en yo\u011fun ve en etkili faaliyetlerini icra ettiklerini vurgulayarak, \u015funlar\u0131 kaydetti:<\/p>\n<p>\u201c\u015eanl\u0131 ordumuz, hudutlar\u0131m\u0131z\u0131 en etkin tedbirlerle korumakta, ter\u00f6rle m\u00fccadelede b\u00fcy\u00fck ba\u015far\u0131lar elde etmekte, Mavi ve G\u00f6k Vatan\u0131m\u0131zda hak ve menfaatlerimizin muhafazas\u0131na y\u00f6nelik faaliyetlerini de ba\u015far\u0131yla s\u00fcrd\u00fcrmektedir. Bu faaliyetlerinin yan\u0131 s\u0131ra ba\u015fta K\u0131br\u0131s olmak \u00fczere Azerbaycan\u2019da, Libya\u2019da, Katar\u2019da, Somali\u2019de, Kosova\u2019da, Bosna Hersek\u2019te ve daha bir\u00e7ok co\u011frafyada karde\u015f, dost ve m\u00fcttefik \u00fclkelerin hakl\u0131 davas\u0131na destek vermekte, k\u00fcresel bar\u0131\u015f ve istikrara katk\u0131 sa\u011flamaktad\u0131r. Ayr\u0131ca \u015fanl\u0131 ordumuz bu faaliyetlerle e\u015f zamanl\u0131 olarak bug\u00fcne kadarki en b\u00fcy\u00fck ve en geni\u015f kat\u0131l\u0131ml\u0131 tatbikatlar\u0131 da ger\u00e7ekle\u015ftirmektedir. Ordumuzun b\u00f6ylesine kritik g\u00f6revleri ba\u015far\u0131yla ifa edebilmesi, g\u00fcc\u00fcn\u00fc ve etkinli\u011fini s\u00fcrd\u00fcrebilmesi i\u00e7in bizler de yerli, milli ve modern savunma sanayi \u00fcr\u00fcnleriyle ordumuzun imkan ve kabiliyetlerini m\u00fctemadiyen geli\u015ftiriyoruz.<\/p>\n<p>\u2013 \u201cProvokatif yakla\u015f\u0131mlar\u0131 asla kabul etmeyece\u011fimizi ifade ediyoruz\u201d<\/p>\n<p>Bakan G\u00fcler, \u00fclkeler aras\u0131ndaki kriz ve sorunlar\u0131n \u00e7\u00f6z\u00fclmesi i\u00e7in uluslararas\u0131 hukuku ve bar\u0131\u015f\u0131 esas ald\u0131klar\u0131n\u0131 her f\u0131rsatta dile getirdiklerini belirtti.<\/p>\n<p>Yunanistan ile sorunlar\u0131n \u00e7\u00f6z\u00fcm\u00fcne de bu esaslar \u00e7er\u00e7evesinde yakla\u015f\u0131ld\u0131\u011f\u0131na, ili\u015fkilerin geli\u015ftirilmesi i\u00e7in \u00f6nemli ad\u0131mlar at\u0131ld\u0131\u011f\u0131na dikkati \u00e7eken G\u00fcler, \u015f\u00f6yle devam etti:<\/p>\n<p>\u201cKimi zaman baz\u0131 Yunan yetkililerin \u00fclkelerimiz aras\u0131ndaki ili\u015fkileri sabote edebilecek s\u00f6z ve davran\u0131\u015flar sergiledi\u011fine \u015fahit oluyor, bu provokatif yakla\u015f\u0131mlar\u0131 asla kabul etmeyece\u011fimizi ifade ediyoruz. \u00c7\u00f6z\u00fcm odakl\u0131 ve samimi bir tutumun, \u00fclkelerimiz aras\u0131ndaki sorunlar\u0131n giderilmesi i\u00e7in \u00f6nemli bir ad\u0131m olaca\u011f\u0131na inan\u0131yoruz. Yine ayn\u0131 \u015fekilde baz\u0131 muhataplar\u0131m\u0131z\u0131n K\u0131br\u0131s konusunda da tarihi ve mevcut ger\u00e7eklere uygun olmayan, 50 y\u0131l \u00f6ncesinden kalma ve miad\u0131 dolmu\u015f s\u00f6ylemleri b\u0131kmadan usanmadan dile getirmelerine \u015fahit oluyoruz. Muhataplar\u0131m\u0131z\u0131 art\u0131k konuya \u00e7\u00f6z\u00fcm odakl\u0131, makul ve mant\u0131kl\u0131 bir \u015fekilde yakla\u015fmaya davet ediyoruz. Kendilerine, uluslararas\u0131 kamuoyunda da a\u00e7\u0131k\u00e7a dile getirilmeye ba\u015fland\u0131\u011f\u0131 gibi tek ve kesin \u00e7\u00f6z\u00fcm\u00fcn adada iki ayr\u0131 devlet, iki ayr\u0131 halk oldu\u011fu ger\u00e7e\u011fiyle hareket edilmesi gerekti\u011fini bir kez daha hat\u0131rlat\u0131yoruz. Unutulmamal\u0131d\u0131r ki adalet \u00fczerinde y\u00fckselen bir i\u015fbirli\u011finin kaybedeni olmaz.\u201d<\/p>\n<p>\u2013 \u201cDonanmam\u0131z sadece b\u00f6lgemizin de\u011fil d\u00fcnyan\u0131n en sayg\u0131n deniz g\u00fc\u00e7lerinden biri\u201d<\/p>\n<p>T\u00fcrkiye\u2019nin \u00fc\u00e7 taraf\u0131n\u0131n denizlerle \u00e7evrili oldu\u011funu, enginlere ula\u015fmas\u0131 ve hakk\u0131n\u0131 hukukunu korumas\u0131 i\u00e7in g\u00fc\u00e7l\u00fc bir donanmaya sahip olmas\u0131n\u0131n gereklili\u011fine vurgu yapan G\u00fcler, \u201cDeniz Kuvvetlerimiz y\u00fcksek e\u011fitim seviyesi teknolojik donan\u0131m\u0131 ve cayd\u0131r\u0131c\u0131l\u0131\u011f\u0131yla sadece b\u00f6lgemizin de\u011fil d\u00fcnyan\u0131n da en sayg\u0131n deniz g\u00fc\u00e7lerinden biridir.\u201d dedi.<\/p>\n<p>G\u00fcler, amfibi birliklerinin, donanman\u0131n se\u00e7kin unsurlar\u0131ndan oldu\u011funa dikkati \u00e7ekerek, \u015fu ifadeleri kulland\u0131:<\/p>\n<p>\u201cAmfibi birliklerimize verdi\u011fimiz \u00f6nem neticesinde Amfibi G\u00f6rev Grubu Komutanl\u0131\u011f\u0131m\u0131z\u0131n yan\u0131nda Amfibi Kolordu Komutanl\u0131\u011f\u0131m\u0131z\u0131 da kurarak harekat kabiliyetimizi ve operasyonel etkinli\u011fimizi daha da art\u0131rd\u0131k. Amfibi Kolordu Komutanl\u0131\u011f\u0131m\u0131z\u0131n da varl\u0131\u011f\u0131yla Ege ve Do\u011fu Akdeniz\u2019deki menfaatlerimizin korunmas\u0131 oldubittilere asla m\u00fcsaade edilmemesi noktas\u0131nda art\u0131k daha g\u00fc\u00e7l\u00fc, etkin ve cayd\u0131r\u0131c\u0131 bir seviyede oldu\u011fumuzu gururla ifade etmeliyim. Ayr\u0131ca Amfibi birliklerimiz, denizlerdeki g\u00f6revlerinin yan\u0131 s\u0131ra Suriye\u2019de ve di\u011fer ter\u00f6rle m\u00fccadele b\u00f6lgelerinde de kritik vazifeler \u00fcstlenmektedirler.\u201d<\/p>\n<p>\u2013 \u201cKritik g\u00f6revler icra etmektesiniz\u201d<\/p>\n<p>Donanman\u0131n mevcudiyetinin, millete huzur, dosta g\u00fcven, d\u00fc\u015fmana ise korku verdi\u011fine i\u015faret eden G\u00fcler, \u201cT\u00fcrk Amfibi Kuvvetleri olarak \u00fcst\u00fcn muharebe tecr\u00fcbeniz, y\u00fcksek e\u011fitim seviyeniz ve disiplin anlay\u0131\u015f\u0131n\u0131z ile d\u00fcnyada m\u00fcmtaz bir konumdas\u0131n\u0131z. Ordumuzun her alanda etkin oldu\u011fu bu d\u00f6nemde, siz kahraman denizcilerimiz \u00fcst\u00fcn niteliklerinizle birbirinden kritik g\u00f6revler icra etmektesiniz.\u201d diye konu\u015ftu.<\/p>\n<p>Bakan G\u00fcler, Deniz Kuvvetlerinin, Cumhuriyetin ikinci asr\u0131na ba\u015flanan tarihi s\u00fcre\u00e7te \u201cT\u00fcrkiye Y\u00fczy\u0131l\u0131\u201d hedefleri do\u011frultusunda, denizlerdeki hak ve menfaatleri korumaya, kendisine verilen her t\u00fcrl\u00fc g\u00f6revi b\u00fcy\u00fck bir ba\u015far\u0131yla ger\u00e7ekle\u015ftirmeye, \u015fanl\u0131 sanca\u011f\u0131 d\u00fcnya denizlerinde dalgaland\u0131rmaya ve asil milletin gururu olmaya devam edece\u011fini s\u00f6yledi.<\/p>\n<\/p><\/div>\n<p><script async\n                    defer\n                    crossorigin=\"anonymous\"\n                    src=\"https:\/\/connect.facebook.net\/tr_TR\/sdk.js#xfbml=1&#038;version=v3.3\"\n            ><\/script><\/p>\n","protected":false},"excerpt":{"rendered":"<p>TC Cumhurba\u015fkan\u0131 Recep Tayyip Erdo\u011fan, \u201cYurt i\u00e7inde, s\u0131n\u0131rlar\u0131m\u0131zda, b\u00f6lgemizde ve d\u00fcnyan\u0131n farkl\u0131 \u00fclkelerinde fedakarca g\u00f6rev yapan ordumuzun t\u00fcm mensuplar\u0131n\u0131n ve ailelerinin bayram\u0131n\u0131 y\u00fcrekten kutluyorum.\u201d dedi. TC Milli Savunma Bakan\u0131 Ya\u015far G\u00fcler, \u00c7anakkale\u2019deki Amfibi Kolordu Komutanl\u0131\u011f\u0131n\u0131 ziyareti s\u0131ras\u0131nda, Cumhurba\u015fkan\u0131 Recep Tayyip Erdo\u011fan ile telefonda g\u00f6r\u00fc\u015ft\u00fc. Bakan G\u00fcler\u2019in telefonu arac\u0131l\u0131\u011f\u0131yla Mehmet\u00e7i\u011fe hitap eden Erdo\u011fan, \u201cT\u00fcrk Silahl\u0131 Kuvvetlerimizin<\/p>\n","protected":false},"author":1,"featured_media":79132,"comment_status":"open","ping_status":"open","sticky":false,"template":"","format":"standard","meta":{"footnotes":""},"categories":[86],"tags":[],"class_list":["post-79131","post","type-post","status-publish","format-standard","has-post-thumbnail","hentry","category-turkiye"],"yoast_head":"<!-- This site is optimized with the Yoast SEO plugin v27.5 - https:\/\/yoast.com\/product\/yoast-seo-wordpress\/ -->\n<title>TC Milli Savunma Bakan\u0131 Ya\u015far G\u00fcler: \u201cMuhataplar\u0131m\u0131z\u0131 art\u0131k konuya (K\u0131br\u0131s\u2019a) \u00e7\u00f6z\u00fcm odakl\u0131, makul ve mant\u0131kl\u0131 bir \u015fekilde yakla\u015fmaya davet ediyoruz\u201d -<\/title>\n<meta name=\"robots\" content=\"index, follow, max-snippet:-1, max-image-preview:large, max-video-preview:-1\" \/>\n<link rel=\"canonical\" href=\"https:\/\/kibrisdakik.com\/?p=79131\" \/>\n<meta property=\"og:locale\" content=\"tr_TR\" \/>\n<meta property=\"og:type\" content=\"article\" \/>\n<meta property=\"og:title\" content=\"TC Milli Savunma Bakan\u0131 Ya\u015far G\u00fcler: \u201cMuhataplar\u0131m\u0131z\u0131 art\u0131k konuya (K\u0131br\u0131s\u2019a) \u00e7\u00f6z\u00fcm odakl\u0131, makul ve mant\u0131kl\u0131 bir \u015fekilde yakla\u015fmaya davet ediyoruz\u201d -\" \/>\n<meta property=\"og:description\" content=\"TC Cumhurba\u015fkan\u0131 Recep Tayyip Erdo\u011fan, \u201cYurt i\u00e7inde, s\u0131n\u0131rlar\u0131m\u0131zda, b\u00f6lgemizde ve d\u00fcnyan\u0131n farkl\u0131 \u00fclkelerinde fedakarca g\u00f6rev yapan ordumuzun t\u00fcm mensuplar\u0131n\u0131n ve ailelerinin bayram\u0131n\u0131 y\u00fcrekten kutluyorum.\u201d dedi. TC Milli Savunma Bakan\u0131 Ya\u015far G\u00fcler, \u00c7anakkale\u2019deki Amfibi Kolordu Komutanl\u0131\u011f\u0131n\u0131 ziyareti s\u0131ras\u0131nda, Cumhurba\u015fkan\u0131 Recep Tayyip Erdo\u011fan ile telefonda g\u00f6r\u00fc\u015ft\u00fc. Bakan G\u00fcler\u2019in telefonu arac\u0131l\u0131\u011f\u0131yla Mehmet\u00e7i\u011fe hitap eden Erdo\u011fan, \u201cT\u00fcrk Silahl\u0131 Kuvvetlerimizin\" \/>\n<meta property=\"og:url\" content=\"https:\/\/kibrisdakik.com\/?p=79131\" \/>\n<meta property=\"article:published_time\" content=\"2025-03-30T13:23:00+00:00\" \/>\n<meta property=\"og:image\" content=\"https:\/\/kibrisdakik.com\/wp-content\/uploads\/2025\/03\/guler-rum-silahlanma-1-740x420.jpg\" \/>\n\t<meta property=\"og:image:width\" content=\"864\" \/>\n\t<meta property=\"og:image:height\" content=\"486\" \/>\n\t<meta property=\"og:image:type\" content=\"image\/jpeg\" \/>\n<meta name=\"author\" content=\"admin\" \/>\n<meta name=\"twitter:card\" content=\"summary_large_image\" \/>\n<meta name=\"twitter:label1\" content=\"Yazan:\" \/>\n\t<meta name=\"twitter:data1\" content=\"admin\" \/>\n\t<meta name=\"twitter:label2\" content=\"Tahmini okuma s\u00fcresi\" \/>\n\t<meta name=\"twitter:data2\" content=\"8 dakika\" \/>\n<script type=\"application\/ld+json\" class=\"yoast-schema-graph\">{\"@context\":\"https:\\\/\\\/schema.org\",\"@graph\":[{\"@type\":\"Article\",\"@id\":\"https:\\\/\\\/kibrisdakik.com\\\/?p=79131#article\",\"isPartOf\":{\"@id\":\"https:\\\/\\\/kibrisdakik.com\\\/?p=79131\"},\"author\":{\"name\":\"admin\",\"@id\":\"https:\\\/\\\/kibrisdakik.com\\\/#\\\/schema\\\/person\\\/9cd9d437bbb44f72b73ba127e06d8e79\"},\"headline\":\"TC Milli Savunma Bakan\u0131 Ya\u015far G\u00fcler: \u201cMuhataplar\u0131m\u0131z\u0131 art\u0131k konuya (K\u0131br\u0131s\u2019a) \u00e7\u00f6z\u00fcm odakl\u0131, makul ve mant\u0131kl\u0131 bir \u015fekilde yakla\u015fmaya davet ediyoruz\u201d\",\"datePublished\":\"2025-03-30T13:23:00+00:00\",\"mainEntityOfPage\":{\"@id\":\"https:\\\/\\\/kibrisdakik.com\\\/?p=79131\"},\"wordCount\":1653,\"commentCount\":0,\"image\":{\"@id\":\"https:\\\/\\\/kibrisdakik.com\\\/?p=79131#primaryimage\"},\"thumbnailUrl\":\"https:\\\/\\\/kibrisdakik.com\\\/wp-content\\\/uploads\\\/2025\\\/03\\\/guler-rum-silahlanma-1-740x420.jpg\",\"articleSection\":[\"T\u00fcrkiye\"],\"inLanguage\":\"tr\",\"potentialAction\":[{\"@type\":\"CommentAction\",\"name\":\"Comment\",\"target\":[\"https:\\\/\\\/kibrisdakik.com\\\/?p=79131#respond\"]}]},{\"@type\":\"WebPage\",\"@id\":\"https:\\\/\\\/kibrisdakik.com\\\/?p=79131\",\"url\":\"https:\\\/\\\/kibrisdakik.com\\\/?p=79131\",\"name\":\"TC Milli Savunma Bakan\u0131 Ya\u015far G\u00fcler: \u201cMuhataplar\u0131m\u0131z\u0131 art\u0131k konuya (K\u0131br\u0131s\u2019a) \u00e7\u00f6z\u00fcm odakl\u0131, makul ve mant\u0131kl\u0131 bir \u015fekilde yakla\u015fmaya davet ediyoruz\u201d -\",\"isPartOf\":{\"@id\":\"https:\\\/\\\/kibrisdakik.com\\\/#website\"},\"primaryImageOfPage\":{\"@id\":\"https:\\\/\\\/kibrisdakik.com\\\/?p=79131#primaryimage\"},\"image\":{\"@id\":\"https:\\\/\\\/kibrisdakik.com\\\/?p=79131#primaryimage\"},\"thumbnailUrl\":\"https:\\\/\\\/kibrisdakik.com\\\/wp-content\\\/uploads\\\/2025\\\/03\\\/guler-rum-silahlanma-1-740x420.jpg\",\"datePublished\":\"2025-03-30T13:23:00+00:00\",\"author\":{\"@id\":\"https:\\\/\\\/kibrisdakik.com\\\/#\\\/schema\\\/person\\\/9cd9d437bbb44f72b73ba127e06d8e79\"},\"breadcrumb\":{\"@id\":\"https:\\\/\\\/kibrisdakik.com\\\/?p=79131#breadcrumb\"},\"inLanguage\":\"tr\",\"potentialAction\":[{\"@type\":\"ReadAction\",\"target\":[\"https:\\\/\\\/kibrisdakik.com\\\/?p=79131\"]}]},{\"@type\":\"ImageObject\",\"inLanguage\":\"tr\",\"@id\":\"https:\\\/\\\/kibrisdakik.com\\\/?p=79131#primaryimage\",\"url\":\"https:\\\/\\\/kibrisdakik.com\\\/wp-content\\\/uploads\\\/2025\\\/03\\\/guler-rum-silahlanma-1-740x420.jpg\",\"contentUrl\":\"https:\\\/\\\/kibrisdakik.com\\\/wp-content\\\/uploads\\\/2025\\\/03\\\/guler-rum-silahlanma-1-740x420.jpg\",\"width\":864,\"height\":486},{\"@type\":\"BreadcrumbList\",\"@id\":\"https:\\\/\\\/kibrisdakik.com\\\/?p=79131#breadcrumb\",\"itemListElement\":[{\"@type\":\"ListItem\",\"position\":1,\"name\":\"Home\",\"item\":\"https:\\\/\\\/kibrisdakik.com\\\/\"},{\"@type\":\"ListItem\",\"position\":2,\"name\":\"TC Milli Savunma Bakan\u0131 Ya\u015far G\u00fcler: \u201cMuhataplar\u0131m\u0131z\u0131 art\u0131k konuya (K\u0131br\u0131s\u2019a) \u00e7\u00f6z\u00fcm odakl\u0131, makul ve mant\u0131kl\u0131 bir \u015fekilde yakla\u015fmaya davet ediyoruz\u201d\"}]},{\"@type\":\"WebSite\",\"@id\":\"https:\\\/\\\/kibrisdakik.com\\\/#website\",\"url\":\"https:\\\/\\\/kibrisdakik.com\\\/\",\"name\":\"\",\"description\":\"Tam vaktinde haber\",\"potentialAction\":[{\"@type\":\"SearchAction\",\"target\":{\"@type\":\"EntryPoint\",\"urlTemplate\":\"https:\\\/\\\/kibrisdakik.com\\\/?s={search_term_string}\"},\"query-input\":{\"@type\":\"PropertyValueSpecification\",\"valueRequired\":true,\"valueName\":\"search_term_string\"}}],\"inLanguage\":\"tr\"},{\"@type\":\"Person\",\"@id\":\"https:\\\/\\\/kibrisdakik.com\\\/#\\\/schema\\\/person\\\/9cd9d437bbb44f72b73ba127e06d8e79\",\"name\":\"admin\",\"image\":{\"@type\":\"ImageObject\",\"inLanguage\":\"tr\",\"@id\":\"https:\\\/\\\/secure.gravatar.com\\\/avatar\\\/ccc17943b9d660506c869530f897617f7cb1c21a4bf30023f252596d83e1f007?s=96&d=mm&r=g\",\"url\":\"https:\\\/\\\/secure.gravatar.com\\\/avatar\\\/ccc17943b9d660506c869530f897617f7cb1c21a4bf30023f252596d83e1f007?s=96&d=mm&r=g\",\"contentUrl\":\"https:\\\/\\\/secure.gravatar.com\\\/avatar\\\/ccc17943b9d660506c869530f897617f7cb1c21a4bf30023f252596d83e1f007?s=96&d=mm&r=g\",\"caption\":\"admin\"},\"sameAs\":[\"https:\\\/\\\/kibrisdakik.com\"],\"url\":\"https:\\\/\\\/kibrisdakik.com\\\/?author=1\"}]}<\/script>\n<!-- \/ Yoast SEO plugin. -->","yoast_head_json":{"title":"TC Milli Savunma Bakan\u0131 Ya\u015far G\u00fcler: \u201cMuhataplar\u0131m\u0131z\u0131 art\u0131k konuya (K\u0131br\u0131s\u2019a) \u00e7\u00f6z\u00fcm odakl\u0131, makul ve mant\u0131kl\u0131 bir \u015fekilde yakla\u015fmaya davet ediyoruz\u201d -","robots":{"index":"index","follow":"follow","max-snippet":"max-snippet:-1","max-image-preview":"max-image-preview:large","max-video-preview":"max-video-preview:-1"},"canonical":"https:\/\/kibrisdakik.com\/?p=79131","og_locale":"tr_TR","og_type":"article","og_title":"TC Milli Savunma Bakan\u0131 Ya\u015far G\u00fcler: \u201cMuhataplar\u0131m\u0131z\u0131 art\u0131k konuya (K\u0131br\u0131s\u2019a) \u00e7\u00f6z\u00fcm odakl\u0131, makul ve mant\u0131kl\u0131 bir \u015fekilde yakla\u015fmaya davet ediyoruz\u201d -","og_description":"TC Cumhurba\u015fkan\u0131 Recep Tayyip Erdo\u011fan, \u201cYurt i\u00e7inde, s\u0131n\u0131rlar\u0131m\u0131zda, b\u00f6lgemizde ve d\u00fcnyan\u0131n farkl\u0131 \u00fclkelerinde fedakarca g\u00f6rev yapan ordumuzun t\u00fcm mensuplar\u0131n\u0131n ve ailelerinin bayram\u0131n\u0131 y\u00fcrekten kutluyorum.\u201d dedi. TC Milli Savunma Bakan\u0131 Ya\u015far G\u00fcler, \u00c7anakkale\u2019deki Amfibi Kolordu Komutanl\u0131\u011f\u0131n\u0131 ziyareti s\u0131ras\u0131nda, Cumhurba\u015fkan\u0131 Recep Tayyip Erdo\u011fan ile telefonda g\u00f6r\u00fc\u015ft\u00fc. Bakan G\u00fcler\u2019in telefonu arac\u0131l\u0131\u011f\u0131yla Mehmet\u00e7i\u011fe hitap eden Erdo\u011fan, \u201cT\u00fcrk Silahl\u0131 Kuvvetlerimizin","og_url":"https:\/\/kibrisdakik.com\/?p=79131","article_published_time":"2025-03-30T13:23:00+00:00","og_image":[{"width":864,"height":486,"url":"https:\/\/kibrisdakik.com\/wp-content\/uploads\/2025\/03\/guler-rum-silahlanma-1-740x420.jpg","type":"image\/jpeg"}],"author":"admin","twitter_card":"summary_large_image","twitter_misc":{"Yazan:":"admin","Tahmini okuma s\u00fcresi":"8 dakika"},"schema":{"@context":"https:\/\/schema.org","@graph":[{"@type":"Article","@id":"https:\/\/kibrisdakik.com\/?p=79131#article","isPartOf":{"@id":"https:\/\/kibrisdakik.com\/?p=79131"},"author":{"name":"admin","@id":"https:\/\/kibrisdakik.com\/#\/schema\/person\/9cd9d437bbb44f72b73ba127e06d8e79"},"headline":"TC Milli Savunma Bakan\u0131 Ya\u015far G\u00fcler: \u201cMuhataplar\u0131m\u0131z\u0131 art\u0131k konuya (K\u0131br\u0131s\u2019a) \u00e7\u00f6z\u00fcm odakl\u0131, makul ve mant\u0131kl\u0131 bir \u015fekilde yakla\u015fmaya davet ediyoruz\u201d","datePublished":"2025-03-30T13:23:00+00:00","mainEntityOfPage":{"@id":"https:\/\/kibrisdakik.com\/?p=79131"},"wordCount":1653,"commentCount":0,"image":{"@id":"https:\/\/kibrisdakik.com\/?p=79131#primaryimage"},"thumbnailUrl":"https:\/\/kibrisdakik.com\/wp-content\/uploads\/2025\/03\/guler-rum-silahlanma-1-740x420.jpg","articleSection":["T\u00fcrkiye"],"inLanguage":"tr","potentialAction":[{"@type":"CommentAction","name":"Comment","target":["https:\/\/kibrisdakik.com\/?p=79131#respond"]}]},{"@type":"WebPage","@id":"https:\/\/kibrisdakik.com\/?p=79131","url":"https:\/\/kibrisdakik.com\/?p=79131","name":"TC Milli Savunma Bakan\u0131 Ya\u015far G\u00fcler: \u201cMuhataplar\u0131m\u0131z\u0131 art\u0131k konuya (K\u0131br\u0131s\u2019a) \u00e7\u00f6z\u00fcm odakl\u0131, makul ve mant\u0131kl\u0131 bir \u015fekilde yakla\u015fmaya davet ediyoruz\u201d -","isPartOf":{"@id":"https:\/\/kibrisdakik.com\/#website"},"primaryImageOfPage":{"@id":"https:\/\/kibrisdakik.com\/?p=79131#primaryimage"},"image":{"@id":"https:\/\/kibrisdakik.com\/?p=79131#primaryimage"},"thumbnailUrl":"https:\/\/kibrisdakik.com\/wp-content\/uploads\/2025\/03\/guler-rum-silahlanma-1-740x420.jpg","datePublished":"2025-03-30T13:23:00+00:00","author":{"@id":"https:\/\/kibrisdakik.com\/#\/schema\/person\/9cd9d437bbb44f72b73ba127e06d8e79"},"breadcrumb":{"@id":"https:\/\/kibrisdakik.com\/?p=79131#breadcrumb"},"inLanguage":"tr","potentialAction":[{"@type":"ReadAction","target":["https:\/\/kibrisdakik.com\/?p=79131"]}]},{"@type":"ImageObject","inLanguage":"tr","@id":"https:\/\/kibrisdakik.com\/?p=79131#primaryimage","url":"https:\/\/kibrisdakik.com\/wp-content\/uploads\/2025\/03\/guler-rum-silahlanma-1-740x420.jpg","contentUrl":"https:\/\/kibrisdakik.com\/wp-content\/uploads\/2025\/03\/guler-rum-silahlanma-1-740x420.jpg","width":864,"height":486},{"@type":"BreadcrumbList","@id":"https:\/\/kibrisdakik.com\/?p=79131#breadcrumb","itemListElement":[{"@type":"ListItem","position":1,"name":"Home","item":"https:\/\/kibrisdakik.com\/"},{"@type":"ListItem","position":2,"name":"TC Milli Savunma Bakan\u0131 Ya\u015far G\u00fcler: \u201cMuhataplar\u0131m\u0131z\u0131 art\u0131k konuya (K\u0131br\u0131s\u2019a) \u00e7\u00f6z\u00fcm odakl\u0131, makul ve mant\u0131kl\u0131 bir \u015fekilde yakla\u015fmaya davet ediyoruz\u201d"}]},{"@type":"WebSite","@id":"https:\/\/kibrisdakik.com\/#website","url":"https:\/\/kibrisdakik.com\/","name":"","description":"Tam vaktinde haber","potentialAction":[{"@type":"SearchAction","target":{"@type":"EntryPoint","urlTemplate":"https:\/\/kibrisdakik.com\/?s={search_term_string}"},"query-input":{"@type":"PropertyValueSpecification","valueRequired":true,"valueName":"search_term_string"}}],"inLanguage":"tr"},{"@type":"Person","@id":"https:\/\/kibrisdakik.com\/#\/schema\/person\/9cd9d437bbb44f72b73ba127e06d8e79","name":"admin","image":{"@type":"ImageObject","inLanguage":"tr","@id":"https:\/\/secure.gravatar.com\/avatar\/ccc17943b9d660506c869530f897617f7cb1c21a4bf30023f252596d83e1f007?s=96&d=mm&r=g","url":"https:\/\/secure.gravatar.com\/avatar\/ccc17943b9d660506c869530f897617f7cb1c21a4bf30023f252596d83e1f007?s=96&d=mm&r=g","contentUrl":"https:\/\/secure.gravatar.com\/avatar\/ccc17943b9d660506c869530f897617f7cb1c21a4bf30023f252596d83e1f007?s=96&d=mm&r=g","caption":"admin"},"sameAs":["https:\/\/kibrisdakik.com"],"url":"https:\/\/kibrisdakik.com\/?author=1"}]}},"_links":{"self":[{"href":"https:\/\/kibrisdakik.com\/index.php?rest_route=\/wp\/v2\/posts\/79131","targetHints":{"allow":["GET"]}}],"collection":[{"href":"https:\/\/kibrisdakik.com\/index.php?rest_route=\/wp\/v2\/posts"}],"about":[{"href":"https:\/\/kibrisdakik.com\/index.php?rest_route=\/wp\/v2\/types\/post"}],"author":[{"embeddable":true,"href":"https:\/\/kibrisdakik.com\/index.php?rest_route=\/wp\/v2\/users\/1"}],"replies":[{"embeddable":true,"href":"https:\/\/kibrisdakik.com\/index.php?rest_route=%2Fwp%2Fv2%2Fcomments&post=79131"}],"version-history":[{"count":0,"href":"https:\/\/kibrisdakik.com\/index.php?rest_route=\/wp\/v2\/posts\/79131\/revisions"}],"wp:featuredmedia":[{"embeddable":true,"href":"https:\/\/kibrisdakik.com\/index.php?rest_route=\/wp\/v2\/media\/79132"}],"wp:attachment":[{"href":"https:\/\/kibrisdakik.com\/index.php?rest_route=%2Fwp%2Fv2%2Fmedia&parent=79131"}],"wp:term":[{"taxonomy":"category","embeddable":true,"href":"https:\/\/kibrisdakik.com\/index.php?rest_route=%2Fwp%2Fv2%2Fcategories&post=79131"},{"taxonomy":"post_tag","embeddable":true,"href":"https:\/\/kibrisdakik.com\/index.php?rest_route=%2Fwp%2Fv2%2Ftags&post=79131"}],"curies":[{"name":"wp","href":"https:\/\/api.w.org\/{rel}","templated":true}]}}