{"id":79170,"date":"2025-03-31T14:26:05","date_gmt":"2025-03-31T11:26:05","guid":{"rendered":"https:\/\/kibrisdakik.com\/index.php\/2025\/03\/31\/bakan-gardiyanoglu-kalkanli-yasam-evini-ziyaret-etti\/"},"modified":"2025-03-31T14:26:05","modified_gmt":"2025-03-31T11:26:05","slug":"bakan-gardiyanoglu-kalkanli-yasam-evini-ziyaret-etti","status":"publish","type":"post","link":"https:\/\/kibrisdakik.com\/?p=79170","title":{"rendered":"Bakan Gardiyano\u011flu Kalkanl\u0131 Ya\u015fam Evi\u2019ni ziyaret etti"},"content":{"rendered":"<div>\n<div class=\"mariselle-image-container center\">\n                                            <\/div>\n<p>\u00c7al\u0131\u015fma ve Sosyal G\u00fcvenlik Bakan\u0131 Sad\u0131k Gardiyano\u011flu bu sabah Kalkanl\u0131 Ya\u015fam Evi\u2019ni ziyaret ederek ya\u015fl\u0131lar\u0131n ve personelin bayram\u0131n\u0131 kutlad\u0131. <\/p>\n<p>\u00c7al\u0131\u015fma ve Sosyal G\u00fcvenlik Bakan\u0131 Sad\u0131k Gardiyano\u011flu, Ramazan Bayram\u0131 dolay\u0131s\u0131yla e\u015fi Zeli\u015f Gardiyano\u011flu ile birlikte Kalkanl\u0131 Ya\u015fam Evi\u2019ni ziyaret etti.  <\/p>\n<p>Sosyal Hizmetler Dairesi taraf\u0131ndan yenilenerek d\u00fczenlenen odalar\u0131 gezen Gardiyano\u011flu, ya\u015fl\u0131lar\u0131n ve personelin bayram\u0131n\u0131 kutlad\u0131. <\/p>\n<p>\u201cBayramlar, bizler i\u00e7in \u00e7ok de\u011ferli olan b\u00fcy\u00fcklerimizin g\u00f6nl\u00fcn\u00fc ho\u015fnut etme g\u00fcnleridir\u201d diyen Gardiyano\u011flu, Kalkanl\u0131 Ya\u015fam Evi\u2019nde kalan ya\u015fl\u0131lar\u0131 ziyaret ederek bayramlar\u0131n\u0131 kutlamak istediklerini s\u00f6yledi.  <\/p>\n<p>Gardiyano\u011flu, \u201cYa\u015fl\u0131lar\u0131m\u0131z tecr\u00fcbe \u00e7\u0131narlar\u0131d\u0131r. Onun i\u00e7in onlara h\u00fcrmet, sevgi ve sayg\u0131y\u0131 elden b\u0131rakmamal\u0131 ve hepimizin bir g\u00fcn ya\u015flanaca\u011f\u0131n\u0131 akl\u0131m\u0131zdan \u00e7\u0131karmamal\u0131y\u0131z\u201d dedi.   Ramazan Bayram\u0131 Bakan Gardiyano\u011flu Kalkanl\u0131 Ya\u015fam Evi\u2019ni ziyaret etti Gardiyano\u011flu: Ya\u015fl\u0131lar\u0131m\u0131z tecr\u00fcbe \u00e7\u0131narlar\u0131d\u0131r<\/p>\n<\/p><\/div>\n<p><script async\n                    defer\n                    crossorigin=\"anonymous\"\n                    src=\"https:\/\/connect.facebook.net\/tr_TR\/sdk.js#xfbml=1&#038;version=v3.3\"\n            ><\/script><\/p>\n","protected":false},"excerpt":{"rendered":"<p>\u00c7al\u0131\u015fma ve Sosyal G\u00fcvenlik Bakan\u0131 Sad\u0131k Gardiyano\u011flu bu sabah Kalkanl\u0131 Ya\u015fam Evi\u2019ni ziyaret ederek ya\u015fl\u0131lar\u0131n ve personelin bayram\u0131n\u0131 kutlad\u0131. \u00c7al\u0131\u015fma ve Sosyal G\u00fcvenlik Bakan\u0131 Sad\u0131k Gardiyano\u011flu, Ramazan Bayram\u0131 dolay\u0131s\u0131yla e\u015fi Zeli\u015f Gardiyano\u011flu ile birlikte Kalkanl\u0131 Ya\u015fam Evi\u2019ni ziyaret etti. Sosyal Hizmetler Dairesi taraf\u0131ndan yenilenerek d\u00fczenlenen odalar\u0131 gezen Gardiyano\u011flu, ya\u015fl\u0131lar\u0131n ve personelin bayram\u0131n\u0131 kutlad\u0131. \u201cBayramlar, bizler<\/p>\n","protected":false},"author":1,"featured_media":79171,"comment_status":"open","ping_status":"open","sticky":false,"template":"","format":"standard","meta":{"footnotes":""},"categories":[81,101],"tags":[],"class_list":["post-79170","post","type-post","status-publish","format-standard","has-post-thumbnail","hentry","category-kibris","category-manset"],"yoast_head":"<!-- This site is optimized with the Yoast SEO plugin v27.4 - https:\/\/yoast.com\/product\/yoast-seo-wordpress\/ -->\n<title>Bakan Gardiyano\u011flu Kalkanl\u0131 Ya\u015fam Evi\u2019ni ziyaret etti -<\/title>\n<meta name=\"robots\" content=\"index, follow, max-snippet:-1, max-image-preview:large, max-video-preview:-1\" \/>\n<link rel=\"canonical\" href=\"https:\/\/kibrisdakik.com\/?p=79170\" \/>\n<meta property=\"og:locale\" content=\"tr_TR\" \/>\n<meta property=\"og:type\" content=\"article\" \/>\n<meta property=\"og:title\" content=\"Bakan Gardiyano\u011flu Kalkanl\u0131 Ya\u015fam Evi\u2019ni ziyaret etti -\" \/>\n<meta property=\"og:description\" content=\"\u00c7al\u0131\u015fma ve Sosyal G\u00fcvenlik Bakan\u0131 Sad\u0131k Gardiyano\u011flu bu sabah Kalkanl\u0131 Ya\u015fam Evi\u2019ni ziyaret ederek ya\u015fl\u0131lar\u0131n ve personelin bayram\u0131n\u0131 kutlad\u0131. \u00c7al\u0131\u015fma ve Sosyal G\u00fcvenlik Bakan\u0131 Sad\u0131k Gardiyano\u011flu, Ramazan Bayram\u0131 dolay\u0131s\u0131yla e\u015fi Zeli\u015f Gardiyano\u011flu ile birlikte Kalkanl\u0131 Ya\u015fam Evi\u2019ni ziyaret etti. Sosyal Hizmetler Dairesi taraf\u0131ndan yenilenerek d\u00fczenlenen odalar\u0131 gezen Gardiyano\u011flu, ya\u015fl\u0131lar\u0131n ve personelin bayram\u0131n\u0131 kutlad\u0131. \u201cBayramlar, bizler\" \/>\n<meta property=\"og:url\" content=\"https:\/\/kibrisdakik.com\/?p=79170\" \/>\n<meta property=\"article:published_time\" content=\"2025-03-31T11:26:05+00:00\" \/>\n<meta property=\"og:image\" content=\"https:\/\/kibrisdakik.com\/wp-content\/uploads\/2025\/03\/Screenshot_20250331_144111_Facebook-740x420.jpg\" \/>\n\t<meta property=\"og:image:width\" content=\"1080\" \/>\n\t<meta property=\"og:image:height\" content=\"565\" \/>\n\t<meta property=\"og:image:type\" content=\"image\/jpeg\" \/>\n<meta name=\"author\" content=\"admin\" \/>\n<meta name=\"twitter:card\" content=\"summary_large_image\" \/>\n<meta name=\"twitter:label1\" content=\"Yazan:\" \/>\n\t<meta name=\"twitter:data1\" content=\"admin\" \/>\n\t<meta name=\"twitter:label2\" content=\"Tahmini okuma s\u00fcresi\" \/>\n\t<meta name=\"twitter:data2\" content=\"1 dakika\" \/>\n<script type=\"application\/ld+json\" class=\"yoast-schema-graph\">{\"@context\":\"https:\\\/\\\/schema.org\",\"@graph\":[{\"@type\":\"Article\",\"@id\":\"https:\\\/\\\/kibrisdakik.com\\\/?p=79170#article\",\"isPartOf\":{\"@id\":\"https:\\\/\\\/kibrisdakik.com\\\/?p=79170\"},\"author\":{\"name\":\"admin\",\"@id\":\"https:\\\/\\\/kibrisdakik.com\\\/#\\\/schema\\\/person\\\/9cd9d437bbb44f72b73ba127e06d8e79\"},\"headline\":\"Bakan Gardiyano\u011flu Kalkanl\u0131 Ya\u015fam Evi\u2019ni ziyaret etti\",\"datePublished\":\"2025-03-31T11:26:05+00:00\",\"mainEntityOfPage\":{\"@id\":\"https:\\\/\\\/kibrisdakik.com\\\/?p=79170\"},\"wordCount\":193,\"commentCount\":0,\"image\":{\"@id\":\"https:\\\/\\\/kibrisdakik.com\\\/?p=79170#primaryimage\"},\"thumbnailUrl\":\"https:\\\/\\\/kibrisdakik.com\\\/wp-content\\\/uploads\\\/2025\\\/03\\\/Screenshot_20250331_144111_Facebook-740x420.jpg\",\"articleSection\":[\"K\u0131br\u0131s\",\"Man\u015fet\"],\"inLanguage\":\"tr\",\"potentialAction\":[{\"@type\":\"CommentAction\",\"name\":\"Comment\",\"target\":[\"https:\\\/\\\/kibrisdakik.com\\\/?p=79170#respond\"]}]},{\"@type\":\"WebPage\",\"@id\":\"https:\\\/\\\/kibrisdakik.com\\\/?p=79170\",\"url\":\"https:\\\/\\\/kibrisdakik.com\\\/?p=79170\",\"name\":\"Bakan Gardiyano\u011flu Kalkanl\u0131 Ya\u015fam Evi\u2019ni ziyaret etti -\",\"isPartOf\":{\"@id\":\"https:\\\/\\\/kibrisdakik.com\\\/#website\"},\"primaryImageOfPage\":{\"@id\":\"https:\\\/\\\/kibrisdakik.com\\\/?p=79170#primaryimage\"},\"image\":{\"@id\":\"https:\\\/\\\/kibrisdakik.com\\\/?p=79170#primaryimage\"},\"thumbnailUrl\":\"https:\\\/\\\/kibrisdakik.com\\\/wp-content\\\/uploads\\\/2025\\\/03\\\/Screenshot_20250331_144111_Facebook-740x420.jpg\",\"datePublished\":\"2025-03-31T11:26:05+00:00\",\"author\":{\"@id\":\"https:\\\/\\\/kibrisdakik.com\\\/#\\\/schema\\\/person\\\/9cd9d437bbb44f72b73ba127e06d8e79\"},\"breadcrumb\":{\"@id\":\"https:\\\/\\\/kibrisdakik.com\\\/?p=79170#breadcrumb\"},\"inLanguage\":\"tr\",\"potentialAction\":[{\"@type\":\"ReadAction\",\"target\":[\"https:\\\/\\\/kibrisdakik.com\\\/?p=79170\"]}]},{\"@type\":\"ImageObject\",\"inLanguage\":\"tr\",\"@id\":\"https:\\\/\\\/kibrisdakik.com\\\/?p=79170#primaryimage\",\"url\":\"https:\\\/\\\/kibrisdakik.com\\\/wp-content\\\/uploads\\\/2025\\\/03\\\/Screenshot_20250331_144111_Facebook-740x420.jpg\",\"contentUrl\":\"https:\\\/\\\/kibrisdakik.com\\\/wp-content\\\/uploads\\\/2025\\\/03\\\/Screenshot_20250331_144111_Facebook-740x420.jpg\",\"width\":1080,\"height\":565},{\"@type\":\"BreadcrumbList\",\"@id\":\"https:\\\/\\\/kibrisdakik.com\\\/?p=79170#breadcrumb\",\"itemListElement\":[{\"@type\":\"ListItem\",\"position\":1,\"name\":\"Home\",\"item\":\"https:\\\/\\\/kibrisdakik.com\\\/\"},{\"@type\":\"ListItem\",\"position\":2,\"name\":\"Bakan Gardiyano\u011flu Kalkanl\u0131 Ya\u015fam Evi\u2019ni ziyaret etti\"}]},{\"@type\":\"WebSite\",\"@id\":\"https:\\\/\\\/kibrisdakik.com\\\/#website\",\"url\":\"https:\\\/\\\/kibrisdakik.com\\\/\",\"name\":\"\",\"description\":\"Tam vaktinde haber\",\"potentialAction\":[{\"@type\":\"SearchAction\",\"target\":{\"@type\":\"EntryPoint\",\"urlTemplate\":\"https:\\\/\\\/kibrisdakik.com\\\/?s={search_term_string}\"},\"query-input\":{\"@type\":\"PropertyValueSpecification\",\"valueRequired\":true,\"valueName\":\"search_term_string\"}}],\"inLanguage\":\"tr\"},{\"@type\":\"Person\",\"@id\":\"https:\\\/\\\/kibrisdakik.com\\\/#\\\/schema\\\/person\\\/9cd9d437bbb44f72b73ba127e06d8e79\",\"name\":\"admin\",\"image\":{\"@type\":\"ImageObject\",\"inLanguage\":\"tr\",\"@id\":\"https:\\\/\\\/secure.gravatar.com\\\/avatar\\\/ccc17943b9d660506c869530f897617f7cb1c21a4bf30023f252596d83e1f007?s=96&d=mm&r=g\",\"url\":\"https:\\\/\\\/secure.gravatar.com\\\/avatar\\\/ccc17943b9d660506c869530f897617f7cb1c21a4bf30023f252596d83e1f007?s=96&d=mm&r=g\",\"contentUrl\":\"https:\\\/\\\/secure.gravatar.com\\\/avatar\\\/ccc17943b9d660506c869530f897617f7cb1c21a4bf30023f252596d83e1f007?s=96&d=mm&r=g\",\"caption\":\"admin\"},\"sameAs\":[\"https:\\\/\\\/kibrisdakik.com\"],\"url\":\"https:\\\/\\\/kibrisdakik.com\\\/?author=1\"}]}<\/script>\n<!-- \/ Yoast SEO plugin. -->","yoast_head_json":{"title":"Bakan Gardiyano\u011flu Kalkanl\u0131 Ya\u015fam Evi\u2019ni ziyaret etti -","robots":{"index":"index","follow":"follow","max-snippet":"max-snippet:-1","max-image-preview":"max-image-preview:large","max-video-preview":"max-video-preview:-1"},"canonical":"https:\/\/kibrisdakik.com\/?p=79170","og_locale":"tr_TR","og_type":"article","og_title":"Bakan Gardiyano\u011flu Kalkanl\u0131 Ya\u015fam Evi\u2019ni ziyaret etti -","og_description":"\u00c7al\u0131\u015fma ve Sosyal G\u00fcvenlik Bakan\u0131 Sad\u0131k Gardiyano\u011flu bu sabah Kalkanl\u0131 Ya\u015fam Evi\u2019ni ziyaret ederek ya\u015fl\u0131lar\u0131n ve personelin bayram\u0131n\u0131 kutlad\u0131. \u00c7al\u0131\u015fma ve Sosyal G\u00fcvenlik Bakan\u0131 Sad\u0131k Gardiyano\u011flu, Ramazan Bayram\u0131 dolay\u0131s\u0131yla e\u015fi Zeli\u015f Gardiyano\u011flu ile birlikte Kalkanl\u0131 Ya\u015fam Evi\u2019ni ziyaret etti. Sosyal Hizmetler Dairesi taraf\u0131ndan yenilenerek d\u00fczenlenen odalar\u0131 gezen Gardiyano\u011flu, ya\u015fl\u0131lar\u0131n ve personelin bayram\u0131n\u0131 kutlad\u0131. \u201cBayramlar, bizler","og_url":"https:\/\/kibrisdakik.com\/?p=79170","article_published_time":"2025-03-31T11:26:05+00:00","og_image":[{"width":1080,"height":565,"url":"https:\/\/kibrisdakik.com\/wp-content\/uploads\/2025\/03\/Screenshot_20250331_144111_Facebook-740x420.jpg","type":"image\/jpeg"}],"author":"admin","twitter_card":"summary_large_image","twitter_misc":{"Yazan:":"admin","Tahmini okuma s\u00fcresi":"1 dakika"},"schema":{"@context":"https:\/\/schema.org","@graph":[{"@type":"Article","@id":"https:\/\/kibrisdakik.com\/?p=79170#article","isPartOf":{"@id":"https:\/\/kibrisdakik.com\/?p=79170"},"author":{"name":"admin","@id":"https:\/\/kibrisdakik.com\/#\/schema\/person\/9cd9d437bbb44f72b73ba127e06d8e79"},"headline":"Bakan Gardiyano\u011flu Kalkanl\u0131 Ya\u015fam Evi\u2019ni ziyaret etti","datePublished":"2025-03-31T11:26:05+00:00","mainEntityOfPage":{"@id":"https:\/\/kibrisdakik.com\/?p=79170"},"wordCount":193,"commentCount":0,"image":{"@id":"https:\/\/kibrisdakik.com\/?p=79170#primaryimage"},"thumbnailUrl":"https:\/\/kibrisdakik.com\/wp-content\/uploads\/2025\/03\/Screenshot_20250331_144111_Facebook-740x420.jpg","articleSection":["K\u0131br\u0131s","Man\u015fet"],"inLanguage":"tr","potentialAction":[{"@type":"CommentAction","name":"Comment","target":["https:\/\/kibrisdakik.com\/?p=79170#respond"]}]},{"@type":"WebPage","@id":"https:\/\/kibrisdakik.com\/?p=79170","url":"https:\/\/kibrisdakik.com\/?p=79170","name":"Bakan Gardiyano\u011flu Kalkanl\u0131 Ya\u015fam Evi\u2019ni ziyaret etti -","isPartOf":{"@id":"https:\/\/kibrisdakik.com\/#website"},"primaryImageOfPage":{"@id":"https:\/\/kibrisdakik.com\/?p=79170#primaryimage"},"image":{"@id":"https:\/\/kibrisdakik.com\/?p=79170#primaryimage"},"thumbnailUrl":"https:\/\/kibrisdakik.com\/wp-content\/uploads\/2025\/03\/Screenshot_20250331_144111_Facebook-740x420.jpg","datePublished":"2025-03-31T11:26:05+00:00","author":{"@id":"https:\/\/kibrisdakik.com\/#\/schema\/person\/9cd9d437bbb44f72b73ba127e06d8e79"},"breadcrumb":{"@id":"https:\/\/kibrisdakik.com\/?p=79170#breadcrumb"},"inLanguage":"tr","potentialAction":[{"@type":"ReadAction","target":["https:\/\/kibrisdakik.com\/?p=79170"]}]},{"@type":"ImageObject","inLanguage":"tr","@id":"https:\/\/kibrisdakik.com\/?p=79170#primaryimage","url":"https:\/\/kibrisdakik.com\/wp-content\/uploads\/2025\/03\/Screenshot_20250331_144111_Facebook-740x420.jpg","contentUrl":"https:\/\/kibrisdakik.com\/wp-content\/uploads\/2025\/03\/Screenshot_20250331_144111_Facebook-740x420.jpg","width":1080,"height":565},{"@type":"BreadcrumbList","@id":"https:\/\/kibrisdakik.com\/?p=79170#breadcrumb","itemListElement":[{"@type":"ListItem","position":1,"name":"Home","item":"https:\/\/kibrisdakik.com\/"},{"@type":"ListItem","position":2,"name":"Bakan Gardiyano\u011flu Kalkanl\u0131 Ya\u015fam Evi\u2019ni ziyaret etti"}]},{"@type":"WebSite","@id":"https:\/\/kibrisdakik.com\/#website","url":"https:\/\/kibrisdakik.com\/","name":"","description":"Tam vaktinde haber","potentialAction":[{"@type":"SearchAction","target":{"@type":"EntryPoint","urlTemplate":"https:\/\/kibrisdakik.com\/?s={search_term_string}"},"query-input":{"@type":"PropertyValueSpecification","valueRequired":true,"valueName":"search_term_string"}}],"inLanguage":"tr"},{"@type":"Person","@id":"https:\/\/kibrisdakik.com\/#\/schema\/person\/9cd9d437bbb44f72b73ba127e06d8e79","name":"admin","image":{"@type":"ImageObject","inLanguage":"tr","@id":"https:\/\/secure.gravatar.com\/avatar\/ccc17943b9d660506c869530f897617f7cb1c21a4bf30023f252596d83e1f007?s=96&d=mm&r=g","url":"https:\/\/secure.gravatar.com\/avatar\/ccc17943b9d660506c869530f897617f7cb1c21a4bf30023f252596d83e1f007?s=96&d=mm&r=g","contentUrl":"https:\/\/secure.gravatar.com\/avatar\/ccc17943b9d660506c869530f897617f7cb1c21a4bf30023f252596d83e1f007?s=96&d=mm&r=g","caption":"admin"},"sameAs":["https:\/\/kibrisdakik.com"],"url":"https:\/\/kibrisdakik.com\/?author=1"}]}},"_links":{"self":[{"href":"https:\/\/kibrisdakik.com\/index.php?rest_route=\/wp\/v2\/posts\/79170","targetHints":{"allow":["GET"]}}],"collection":[{"href":"https:\/\/kibrisdakik.com\/index.php?rest_route=\/wp\/v2\/posts"}],"about":[{"href":"https:\/\/kibrisdakik.com\/index.php?rest_route=\/wp\/v2\/types\/post"}],"author":[{"embeddable":true,"href":"https:\/\/kibrisdakik.com\/index.php?rest_route=\/wp\/v2\/users\/1"}],"replies":[{"embeddable":true,"href":"https:\/\/kibrisdakik.com\/index.php?rest_route=%2Fwp%2Fv2%2Fcomments&post=79170"}],"version-history":[{"count":0,"href":"https:\/\/kibrisdakik.com\/index.php?rest_route=\/wp\/v2\/posts\/79170\/revisions"}],"wp:featuredmedia":[{"embeddable":true,"href":"https:\/\/kibrisdakik.com\/index.php?rest_route=\/wp\/v2\/media\/79171"}],"wp:attachment":[{"href":"https:\/\/kibrisdakik.com\/index.php?rest_route=%2Fwp%2Fv2%2Fmedia&parent=79170"}],"wp:term":[{"taxonomy":"category","embeddable":true,"href":"https:\/\/kibrisdakik.com\/index.php?rest_route=%2Fwp%2Fv2%2Fcategories&post=79170"},{"taxonomy":"post_tag","embeddable":true,"href":"https:\/\/kibrisdakik.com\/index.php?rest_route=%2Fwp%2Fv2%2Ftags&post=79170"}],"curies":[{"name":"wp","href":"https:\/\/api.w.org\/{rel}","templated":true}]}}