{"id":79174,"date":"2025-03-31T15:21:03","date_gmt":"2025-03-31T12:21:03","guid":{"rendered":"https:\/\/kibrisdakik.com\/index.php\/2025\/03\/31\/ataoglundan-konak-icin-taziye-mesaji\/"},"modified":"2025-03-31T15:21:03","modified_gmt":"2025-03-31T12:21:03","slug":"ataoglundan-konak-icin-taziye-mesaji","status":"publish","type":"post","link":"https:\/\/kibrisdakik.com\/?p=79174","title":{"rendered":"Atao\u011flu\u2019ndan Konak i\u00e7in taziye mesaj\u0131"},"content":{"rendered":"<div>\n<div class=\"mariselle-image-container center\">\n                                            <\/div>\n<p>Ba\u015fbakan Yard\u0131mc\u0131s\u0131, Turizm, K\u00fclt\u00fcr, Gen\u00e7lik ve \u00c7evre Bakan\u0131, Demokrat Parti (DP) Genel Ba\u015fkan\u0131 Fikri Atao\u011flu, Volkan Konak i\u00e7in taziye mesaj\u0131 yay\u0131mlad\u0131.<\/p>\n<p>Bakan Atao\u011flu yay\u0131mlad\u0131\u011f\u0131 mesajda, \u201cKuzey K\u0131br\u0131s T\u00fcrk Cumhuriyeti\u2019ne derin sevgisi ve ba\u011fl\u0131l\u0131\u011f\u0131yla tan\u0131nan de\u011ferli sanat\u00e7\u0131 Volkan Konak\u2019\u0131n, Gazima\u011fusa\u2019da verdi\u011fi konser s\u0131ras\u0131nda rahats\u0131zlanarak hayat\u0131n\u0131 kaybetmesi, bizleri derinden \u00fczd\u00fc. Sanat\u0131 ve y\u00fcre\u011fiyle adam\u0131z\u0131n k\u00fclt\u00fcrel zenginli\u011fine katk\u0131da bulunan Volkan Konak, Kuzey K\u0131br\u0131s\u2019\u0131 ne kadar sevdi\u011fini her f\u0131rsatta dile getirmi\u015f bir sanat\u00e7\u0131yd\u0131.\u201d ifadelerine yer verdi.   <\/p>\n<p>Konak\u2019\u0131n \u00fclkede d\u00fczenledi\u011fi konserlerle hem halk\u0131n g\u00f6nl\u00fcnde \u201ctaht kurdu\u011fu\u201d hem de \u00fclkenin k\u00fclt\u00fcr ve turizm hayat\u0131na katk\u0131lar sa\u011flad\u0131\u011f\u0131n\u0131 belirten Atao\u011flu, \u00f6zellikle Girne Amfi Tiyatro\u2019da binlerce ki\u015finin kat\u0131ld\u0131\u011f\u0131 konserinin haf\u0131zalardan silinmeyece\u011fini kaydetti.  <\/p>\n<p>Atao\u011flu, \u201cVolkan Konak\u2019\u0131n ani kayb\u0131 KKTC\u2019nin k\u00fclt\u00fcr ve sanat camias\u0131 i\u00e7in b\u00fcy\u00fck bir kay\u0131pt\u0131r. Onun \u015fark\u0131lar\u0131 ve \u015fiirleri, y\u00fcre\u011fimizde ya\u015famaya devam edecek; \u00fclkemize duydu\u011fu sevgi ve ba\u011fl\u0131l\u0131k, bizlere her zaman ilham kayna\u011f\u0131 olacakt\u0131r. Merhuma Allah\u2019tan rahmet, ailesine, sevenlerine ve t\u00fcm sanat camias\u0131na ba\u015fsa\u011fl\u0131\u011f\u0131 diliyorum.\u201d dedi.<\/p>\n<\/p><\/div>\n<p><script async\n                    defer\n                    crossorigin=\"anonymous\"\n                    src=\"https:\/\/connect.facebook.net\/tr_TR\/sdk.js#xfbml=1&#038;version=v3.3\"\n            ><\/script><\/p>\n","protected":false},"excerpt":{"rendered":"<p>Ba\u015fbakan Yard\u0131mc\u0131s\u0131, Turizm, K\u00fclt\u00fcr, Gen\u00e7lik ve \u00c7evre Bakan\u0131, Demokrat Parti (DP) Genel Ba\u015fkan\u0131 Fikri Atao\u011flu, Volkan Konak i\u00e7in taziye mesaj\u0131 yay\u0131mlad\u0131. Bakan Atao\u011flu yay\u0131mlad\u0131\u011f\u0131 mesajda, \u201cKuzey K\u0131br\u0131s T\u00fcrk Cumhuriyeti\u2019ne derin sevgisi ve ba\u011fl\u0131l\u0131\u011f\u0131yla tan\u0131nan de\u011ferli sanat\u00e7\u0131 Volkan Konak\u2019\u0131n, Gazima\u011fusa\u2019da verdi\u011fi konser s\u0131ras\u0131nda rahats\u0131zlanarak hayat\u0131n\u0131 kaybetmesi, bizleri derinden \u00fczd\u00fc. Sanat\u0131 ve y\u00fcre\u011fiyle adam\u0131z\u0131n k\u00fclt\u00fcrel zenginli\u011fine katk\u0131da<\/p>\n","protected":false},"author":1,"featured_media":79175,"comment_status":"open","ping_status":"open","sticky":false,"template":"","format":"standard","meta":{"footnotes":""},"categories":[81,101],"tags":[],"class_list":["post-79174","post","type-post","status-publish","format-standard","has-post-thumbnail","hentry","category-kibris","category-manset"],"yoast_head":"<!-- This site is optimized with the Yoast SEO plugin v27.5 - https:\/\/yoast.com\/product\/yoast-seo-wordpress\/ -->\n<title>Atao\u011flu\u2019ndan Konak i\u00e7in taziye mesaj\u0131 -<\/title>\n<meta name=\"robots\" content=\"index, follow, max-snippet:-1, max-image-preview:large, max-video-preview:-1\" \/>\n<link rel=\"canonical\" href=\"https:\/\/kibrisdakik.com\/?p=79174\" \/>\n<meta property=\"og:locale\" content=\"tr_TR\" \/>\n<meta property=\"og:type\" content=\"article\" \/>\n<meta property=\"og:title\" content=\"Atao\u011flu\u2019ndan Konak i\u00e7in taziye mesaj\u0131 -\" \/>\n<meta property=\"og:description\" content=\"Ba\u015fbakan Yard\u0131mc\u0131s\u0131, Turizm, K\u00fclt\u00fcr, Gen\u00e7lik ve \u00c7evre Bakan\u0131, Demokrat Parti (DP) Genel Ba\u015fkan\u0131 Fikri Atao\u011flu, Volkan Konak i\u00e7in taziye mesaj\u0131 yay\u0131mlad\u0131. Bakan Atao\u011flu yay\u0131mlad\u0131\u011f\u0131 mesajda, \u201cKuzey K\u0131br\u0131s T\u00fcrk Cumhuriyeti\u2019ne derin sevgisi ve ba\u011fl\u0131l\u0131\u011f\u0131yla tan\u0131nan de\u011ferli sanat\u00e7\u0131 Volkan Konak\u2019\u0131n, Gazima\u011fusa\u2019da verdi\u011fi konser s\u0131ras\u0131nda rahats\u0131zlanarak hayat\u0131n\u0131 kaybetmesi, bizleri derinden \u00fczd\u00fc. Sanat\u0131 ve y\u00fcre\u011fiyle adam\u0131z\u0131n k\u00fclt\u00fcrel zenginli\u011fine katk\u0131da\" \/>\n<meta property=\"og:url\" content=\"https:\/\/kibrisdakik.com\/?p=79174\" \/>\n<meta property=\"article:published_time\" content=\"2025-03-31T12:21:03+00:00\" \/>\n<meta property=\"og:image\" content=\"https:\/\/kibrisdakik.com\/wp-content\/uploads\/2025\/03\/1743418991418558600-740x420.jpg\" \/>\n\t<meta property=\"og:image:width\" content=\"1280\" \/>\n\t<meta property=\"og:image:height\" content=\"640\" \/>\n\t<meta property=\"og:image:type\" content=\"image\/jpeg\" \/>\n<meta name=\"author\" content=\"admin\" \/>\n<meta name=\"twitter:card\" content=\"summary_large_image\" \/>\n<meta name=\"twitter:label1\" content=\"Yazan:\" \/>\n\t<meta name=\"twitter:data1\" content=\"admin\" \/>\n\t<meta name=\"twitter:label2\" content=\"Tahmini okuma s\u00fcresi\" \/>\n\t<meta name=\"twitter:data2\" content=\"1 dakika\" \/>\n<script type=\"application\/ld+json\" class=\"yoast-schema-graph\">{\"@context\":\"https:\\\/\\\/schema.org\",\"@graph\":[{\"@type\":\"Article\",\"@id\":\"https:\\\/\\\/kibrisdakik.com\\\/?p=79174#article\",\"isPartOf\":{\"@id\":\"https:\\\/\\\/kibrisdakik.com\\\/?p=79174\"},\"author\":{\"name\":\"admin\",\"@id\":\"https:\\\/\\\/kibrisdakik.com\\\/#\\\/schema\\\/person\\\/9cd9d437bbb44f72b73ba127e06d8e79\"},\"headline\":\"Atao\u011flu\u2019ndan Konak i\u00e7in taziye mesaj\u0131\",\"datePublished\":\"2025-03-31T12:21:03+00:00\",\"mainEntityOfPage\":{\"@id\":\"https:\\\/\\\/kibrisdakik.com\\\/?p=79174\"},\"wordCount\":241,\"commentCount\":0,\"image\":{\"@id\":\"https:\\\/\\\/kibrisdakik.com\\\/?p=79174#primaryimage\"},\"thumbnailUrl\":\"https:\\\/\\\/kibrisdakik.com\\\/wp-content\\\/uploads\\\/2025\\\/03\\\/1743418991418558600-740x420.jpg\",\"articleSection\":[\"K\u0131br\u0131s\",\"Man\u015fet\"],\"inLanguage\":\"tr\",\"potentialAction\":[{\"@type\":\"CommentAction\",\"name\":\"Comment\",\"target\":[\"https:\\\/\\\/kibrisdakik.com\\\/?p=79174#respond\"]}]},{\"@type\":\"WebPage\",\"@id\":\"https:\\\/\\\/kibrisdakik.com\\\/?p=79174\",\"url\":\"https:\\\/\\\/kibrisdakik.com\\\/?p=79174\",\"name\":\"Atao\u011flu\u2019ndan Konak i\u00e7in taziye mesaj\u0131 -\",\"isPartOf\":{\"@id\":\"https:\\\/\\\/kibrisdakik.com\\\/#website\"},\"primaryImageOfPage\":{\"@id\":\"https:\\\/\\\/kibrisdakik.com\\\/?p=79174#primaryimage\"},\"image\":{\"@id\":\"https:\\\/\\\/kibrisdakik.com\\\/?p=79174#primaryimage\"},\"thumbnailUrl\":\"https:\\\/\\\/kibrisdakik.com\\\/wp-content\\\/uploads\\\/2025\\\/03\\\/1743418991418558600-740x420.jpg\",\"datePublished\":\"2025-03-31T12:21:03+00:00\",\"author\":{\"@id\":\"https:\\\/\\\/kibrisdakik.com\\\/#\\\/schema\\\/person\\\/9cd9d437bbb44f72b73ba127e06d8e79\"},\"breadcrumb\":{\"@id\":\"https:\\\/\\\/kibrisdakik.com\\\/?p=79174#breadcrumb\"},\"inLanguage\":\"tr\",\"potentialAction\":[{\"@type\":\"ReadAction\",\"target\":[\"https:\\\/\\\/kibrisdakik.com\\\/?p=79174\"]}]},{\"@type\":\"ImageObject\",\"inLanguage\":\"tr\",\"@id\":\"https:\\\/\\\/kibrisdakik.com\\\/?p=79174#primaryimage\",\"url\":\"https:\\\/\\\/kibrisdakik.com\\\/wp-content\\\/uploads\\\/2025\\\/03\\\/1743418991418558600-740x420.jpg\",\"contentUrl\":\"https:\\\/\\\/kibrisdakik.com\\\/wp-content\\\/uploads\\\/2025\\\/03\\\/1743418991418558600-740x420.jpg\",\"width\":1280,\"height\":640},{\"@type\":\"BreadcrumbList\",\"@id\":\"https:\\\/\\\/kibrisdakik.com\\\/?p=79174#breadcrumb\",\"itemListElement\":[{\"@type\":\"ListItem\",\"position\":1,\"name\":\"Home\",\"item\":\"https:\\\/\\\/kibrisdakik.com\\\/\"},{\"@type\":\"ListItem\",\"position\":2,\"name\":\"Atao\u011flu\u2019ndan Konak i\u00e7in taziye mesaj\u0131\"}]},{\"@type\":\"WebSite\",\"@id\":\"https:\\\/\\\/kibrisdakik.com\\\/#website\",\"url\":\"https:\\\/\\\/kibrisdakik.com\\\/\",\"name\":\"\",\"description\":\"Tam vaktinde haber\",\"potentialAction\":[{\"@type\":\"SearchAction\",\"target\":{\"@type\":\"EntryPoint\",\"urlTemplate\":\"https:\\\/\\\/kibrisdakik.com\\\/?s={search_term_string}\"},\"query-input\":{\"@type\":\"PropertyValueSpecification\",\"valueRequired\":true,\"valueName\":\"search_term_string\"}}],\"inLanguage\":\"tr\"},{\"@type\":\"Person\",\"@id\":\"https:\\\/\\\/kibrisdakik.com\\\/#\\\/schema\\\/person\\\/9cd9d437bbb44f72b73ba127e06d8e79\",\"name\":\"admin\",\"image\":{\"@type\":\"ImageObject\",\"inLanguage\":\"tr\",\"@id\":\"https:\\\/\\\/secure.gravatar.com\\\/avatar\\\/ccc17943b9d660506c869530f897617f7cb1c21a4bf30023f252596d83e1f007?s=96&d=mm&r=g\",\"url\":\"https:\\\/\\\/secure.gravatar.com\\\/avatar\\\/ccc17943b9d660506c869530f897617f7cb1c21a4bf30023f252596d83e1f007?s=96&d=mm&r=g\",\"contentUrl\":\"https:\\\/\\\/secure.gravatar.com\\\/avatar\\\/ccc17943b9d660506c869530f897617f7cb1c21a4bf30023f252596d83e1f007?s=96&d=mm&r=g\",\"caption\":\"admin\"},\"sameAs\":[\"https:\\\/\\\/kibrisdakik.com\"],\"url\":\"https:\\\/\\\/kibrisdakik.com\\\/?author=1\"}]}<\/script>\n<!-- \/ Yoast SEO plugin. -->","yoast_head_json":{"title":"Atao\u011flu\u2019ndan Konak i\u00e7in taziye mesaj\u0131 -","robots":{"index":"index","follow":"follow","max-snippet":"max-snippet:-1","max-image-preview":"max-image-preview:large","max-video-preview":"max-video-preview:-1"},"canonical":"https:\/\/kibrisdakik.com\/?p=79174","og_locale":"tr_TR","og_type":"article","og_title":"Atao\u011flu\u2019ndan Konak i\u00e7in taziye mesaj\u0131 -","og_description":"Ba\u015fbakan Yard\u0131mc\u0131s\u0131, Turizm, K\u00fclt\u00fcr, Gen\u00e7lik ve \u00c7evre Bakan\u0131, Demokrat Parti (DP) Genel Ba\u015fkan\u0131 Fikri Atao\u011flu, Volkan Konak i\u00e7in taziye mesaj\u0131 yay\u0131mlad\u0131. Bakan Atao\u011flu yay\u0131mlad\u0131\u011f\u0131 mesajda, \u201cKuzey K\u0131br\u0131s T\u00fcrk Cumhuriyeti\u2019ne derin sevgisi ve ba\u011fl\u0131l\u0131\u011f\u0131yla tan\u0131nan de\u011ferli sanat\u00e7\u0131 Volkan Konak\u2019\u0131n, Gazima\u011fusa\u2019da verdi\u011fi konser s\u0131ras\u0131nda rahats\u0131zlanarak hayat\u0131n\u0131 kaybetmesi, bizleri derinden \u00fczd\u00fc. Sanat\u0131 ve y\u00fcre\u011fiyle adam\u0131z\u0131n k\u00fclt\u00fcrel zenginli\u011fine katk\u0131da","og_url":"https:\/\/kibrisdakik.com\/?p=79174","article_published_time":"2025-03-31T12:21:03+00:00","og_image":[{"width":1280,"height":640,"url":"https:\/\/kibrisdakik.com\/wp-content\/uploads\/2025\/03\/1743418991418558600-740x420.jpg","type":"image\/jpeg"}],"author":"admin","twitter_card":"summary_large_image","twitter_misc":{"Yazan:":"admin","Tahmini okuma s\u00fcresi":"1 dakika"},"schema":{"@context":"https:\/\/schema.org","@graph":[{"@type":"Article","@id":"https:\/\/kibrisdakik.com\/?p=79174#article","isPartOf":{"@id":"https:\/\/kibrisdakik.com\/?p=79174"},"author":{"name":"admin","@id":"https:\/\/kibrisdakik.com\/#\/schema\/person\/9cd9d437bbb44f72b73ba127e06d8e79"},"headline":"Atao\u011flu\u2019ndan Konak i\u00e7in taziye mesaj\u0131","datePublished":"2025-03-31T12:21:03+00:00","mainEntityOfPage":{"@id":"https:\/\/kibrisdakik.com\/?p=79174"},"wordCount":241,"commentCount":0,"image":{"@id":"https:\/\/kibrisdakik.com\/?p=79174#primaryimage"},"thumbnailUrl":"https:\/\/kibrisdakik.com\/wp-content\/uploads\/2025\/03\/1743418991418558600-740x420.jpg","articleSection":["K\u0131br\u0131s","Man\u015fet"],"inLanguage":"tr","potentialAction":[{"@type":"CommentAction","name":"Comment","target":["https:\/\/kibrisdakik.com\/?p=79174#respond"]}]},{"@type":"WebPage","@id":"https:\/\/kibrisdakik.com\/?p=79174","url":"https:\/\/kibrisdakik.com\/?p=79174","name":"Atao\u011flu\u2019ndan Konak i\u00e7in taziye mesaj\u0131 -","isPartOf":{"@id":"https:\/\/kibrisdakik.com\/#website"},"primaryImageOfPage":{"@id":"https:\/\/kibrisdakik.com\/?p=79174#primaryimage"},"image":{"@id":"https:\/\/kibrisdakik.com\/?p=79174#primaryimage"},"thumbnailUrl":"https:\/\/kibrisdakik.com\/wp-content\/uploads\/2025\/03\/1743418991418558600-740x420.jpg","datePublished":"2025-03-31T12:21:03+00:00","author":{"@id":"https:\/\/kibrisdakik.com\/#\/schema\/person\/9cd9d437bbb44f72b73ba127e06d8e79"},"breadcrumb":{"@id":"https:\/\/kibrisdakik.com\/?p=79174#breadcrumb"},"inLanguage":"tr","potentialAction":[{"@type":"ReadAction","target":["https:\/\/kibrisdakik.com\/?p=79174"]}]},{"@type":"ImageObject","inLanguage":"tr","@id":"https:\/\/kibrisdakik.com\/?p=79174#primaryimage","url":"https:\/\/kibrisdakik.com\/wp-content\/uploads\/2025\/03\/1743418991418558600-740x420.jpg","contentUrl":"https:\/\/kibrisdakik.com\/wp-content\/uploads\/2025\/03\/1743418991418558600-740x420.jpg","width":1280,"height":640},{"@type":"BreadcrumbList","@id":"https:\/\/kibrisdakik.com\/?p=79174#breadcrumb","itemListElement":[{"@type":"ListItem","position":1,"name":"Home","item":"https:\/\/kibrisdakik.com\/"},{"@type":"ListItem","position":2,"name":"Atao\u011flu\u2019ndan Konak i\u00e7in taziye mesaj\u0131"}]},{"@type":"WebSite","@id":"https:\/\/kibrisdakik.com\/#website","url":"https:\/\/kibrisdakik.com\/","name":"","description":"Tam vaktinde haber","potentialAction":[{"@type":"SearchAction","target":{"@type":"EntryPoint","urlTemplate":"https:\/\/kibrisdakik.com\/?s={search_term_string}"},"query-input":{"@type":"PropertyValueSpecification","valueRequired":true,"valueName":"search_term_string"}}],"inLanguage":"tr"},{"@type":"Person","@id":"https:\/\/kibrisdakik.com\/#\/schema\/person\/9cd9d437bbb44f72b73ba127e06d8e79","name":"admin","image":{"@type":"ImageObject","inLanguage":"tr","@id":"https:\/\/secure.gravatar.com\/avatar\/ccc17943b9d660506c869530f897617f7cb1c21a4bf30023f252596d83e1f007?s=96&d=mm&r=g","url":"https:\/\/secure.gravatar.com\/avatar\/ccc17943b9d660506c869530f897617f7cb1c21a4bf30023f252596d83e1f007?s=96&d=mm&r=g","contentUrl":"https:\/\/secure.gravatar.com\/avatar\/ccc17943b9d660506c869530f897617f7cb1c21a4bf30023f252596d83e1f007?s=96&d=mm&r=g","caption":"admin"},"sameAs":["https:\/\/kibrisdakik.com"],"url":"https:\/\/kibrisdakik.com\/?author=1"}]}},"_links":{"self":[{"href":"https:\/\/kibrisdakik.com\/index.php?rest_route=\/wp\/v2\/posts\/79174","targetHints":{"allow":["GET"]}}],"collection":[{"href":"https:\/\/kibrisdakik.com\/index.php?rest_route=\/wp\/v2\/posts"}],"about":[{"href":"https:\/\/kibrisdakik.com\/index.php?rest_route=\/wp\/v2\/types\/post"}],"author":[{"embeddable":true,"href":"https:\/\/kibrisdakik.com\/index.php?rest_route=\/wp\/v2\/users\/1"}],"replies":[{"embeddable":true,"href":"https:\/\/kibrisdakik.com\/index.php?rest_route=%2Fwp%2Fv2%2Fcomments&post=79174"}],"version-history":[{"count":0,"href":"https:\/\/kibrisdakik.com\/index.php?rest_route=\/wp\/v2\/posts\/79174\/revisions"}],"wp:featuredmedia":[{"embeddable":true,"href":"https:\/\/kibrisdakik.com\/index.php?rest_route=\/wp\/v2\/media\/79175"}],"wp:attachment":[{"href":"https:\/\/kibrisdakik.com\/index.php?rest_route=%2Fwp%2Fv2%2Fmedia&parent=79174"}],"wp:term":[{"taxonomy":"category","embeddable":true,"href":"https:\/\/kibrisdakik.com\/index.php?rest_route=%2Fwp%2Fv2%2Fcategories&post=79174"},{"taxonomy":"post_tag","embeddable":true,"href":"https:\/\/kibrisdakik.com\/index.php?rest_route=%2Fwp%2Fv2%2Ftags&post=79174"}],"curies":[{"name":"wp","href":"https:\/\/api.w.org\/{rel}","templated":true}]}}