{"id":79176,"date":"2025-03-31T15:34:30","date_gmt":"2025-03-31T12:34:30","guid":{"rendered":"https:\/\/kibrisdakik.com\/index.php\/2025\/03\/31\/cumhurbaskani-tatar-tbk-gaziler-dernegini-ziyaret-etti\/"},"modified":"2025-03-31T15:34:30","modified_gmt":"2025-03-31T12:34:30","slug":"cumhurbaskani-tatar-tbk-gaziler-dernegini-ziyaret-etti","status":"publish","type":"post","link":"https:\/\/kibrisdakik.com\/?p=79176","title":{"rendered":"Cumhurba\u015fkan\u0131 Tatar, TBK Gaziler Derne\u011fi\u2019ni ziyaret etti"},"content":{"rendered":"<div>\n<div class=\"mariselle-image-container center\">\n                                            <\/div>\n<p>Cumhurba\u015fkan\u0131 Ersin Tatar Ramazan Bayram\u0131 dolay\u0131s\u0131yla T\u00fcrk Bar\u0131\u015f Kuvvetleri Gaziler Derne\u011fini ziyaret etti.<\/p>\n<p>Cumhurba\u015fkan\u0131 Ersin Tatar,\u2019a ziyaretinde Ba\u015fbakan \u00dcnal \u00dcstel de e\u015flik etti.<\/p>\n<p>Tatar a\u00e7\u0131klamas\u0131nda, gazilerin Kuzey K\u0131br\u0131s T\u00fcrk Cumhuriyeti\u2019nin kurulu\u015funda \u00f6nemli katk\u0131lar\u0131 oldu\u011funu vurgulad\u0131.<\/p>\n<p>Cumhurba\u015fkan\u0131 Ersin Tatar Ramazan Bayram\u0131 \u00e7er\u00e7evesinde K\u0131br\u0131s T\u00fcrk Bar\u0131\u015f Kuvvetleri Gaziler Derne\u011fini ziyaret ederek, gazilerle bayramla\u015ft\u0131 . <\/p>\n<p>Ziyarette, Ba\u015fbakan \u00dcnal \u00dcstel, baz\u0131 bakan, milletvekili ve h\u00fck\u00fcmet yetkilileri de yer ald\u0131.<\/p>\n<p>Ziyarette konu\u015fan K\u0131br\u0131s T\u00fcrk Gaziler Derne\u011fi Genel Ba\u015fkan\u0131 Nusrettin Yuca bayram vesilesiyle devlet ve h\u00fck\u00fcmet yetkililerinin kendilerine yapt\u0131\u011f\u0131 ziyaretten b\u00fcy\u00fck mutluluk duyduklar\u0131n\u0131 ifade etti. <\/p>\n<p>Cumhurba\u015fkan\u0131 Ersin Tatar da, herkesin bayram\u0131n\u0131 kutlad\u0131. <\/p>\n<p>Tatar, g\u00fcn vesilesiyle K\u0131br\u0131s T\u00fcrk halk\u0131 \u00fcst\u00fcnde oynanan \u00e7e\u015fitli oyunlara da i\u015faret ederek, K\u0131br\u0131s T\u00fcrk halk\u0131n\u0131n her \u015feye ra\u011fmen ba\u015f\u0131 dik, onurlu bir \u015fekilde, birlik ve beraberlik i\u00e7erisinde m\u00fccadelesini s\u00fcrd\u00fcrd\u00fc\u011f\u00fcne vurgu yapt\u0131. <\/p>\n<p>Tatar, birlik, beraberlik ve kar\u015f\u0131l\u0131kl\u0131 sayg\u0131n\u0131n korunmas\u0131n\u0131n \u00f6nemine de\u011finerek, Gazilerin toplum i\u00e7in \u00e7ok \u00f6nemli oldu\u011funu s\u00f6yledi ve KKTC\u2019nin kurulu\u015funda gazilerin b\u00fcy\u00fck katk\u0131lar\u0131 oldu\u011funu kaydetti. <\/p>\n<p>K\u0131br\u0131s T\u00fcrk halk\u0131n\u0131n Anavatan T\u00fcrkiye\u2019nin  deste\u011fiyle, iki devletli bir \u00e7\u00f6z\u00fcmden yana oldu\u011funu an\u0131msatan Tatar, Anavatan T\u00fcrkiye\u2019nin Kuzey K\u0131br\u0131s T\u00fcrk Cumhuriyeti\u2019ne her t\u00fcrl\u00fc deste\u011fi vermesinin \u00e7ok k\u0131ymetli oldu\u011funu da vurgulad\u0131.<\/p>\n<\/p><\/div>\n<p><script async\n                    defer\n                    crossorigin=\"anonymous\"\n                    src=\"https:\/\/connect.facebook.net\/tr_TR\/sdk.js#xfbml=1&#038;version=v3.3\"\n            ><\/script><\/p>\n","protected":false},"excerpt":{"rendered":"<p>Cumhurba\u015fkan\u0131 Ersin Tatar Ramazan Bayram\u0131 dolay\u0131s\u0131yla T\u00fcrk Bar\u0131\u015f Kuvvetleri Gaziler Derne\u011fini ziyaret etti. Cumhurba\u015fkan\u0131 Ersin Tatar,\u2019a ziyaretinde Ba\u015fbakan \u00dcnal \u00dcstel de e\u015flik etti. Tatar a\u00e7\u0131klamas\u0131nda, gazilerin Kuzey K\u0131br\u0131s T\u00fcrk Cumhuriyeti\u2019nin kurulu\u015funda \u00f6nemli katk\u0131lar\u0131 oldu\u011funu vurgulad\u0131. Cumhurba\u015fkan\u0131 Ersin Tatar Ramazan Bayram\u0131 \u00e7er\u00e7evesinde K\u0131br\u0131s T\u00fcrk Bar\u0131\u015f Kuvvetleri Gaziler Derne\u011fini ziyaret ederek, gazilerle bayramla\u015ft\u0131 . Ziyarette, Ba\u015fbakan \u00dcnal<\/p>\n","protected":false},"author":1,"featured_media":79177,"comment_status":"open","ping_status":"open","sticky":false,"template":"","format":"standard","meta":{"footnotes":""},"categories":[81,101],"tags":[],"class_list":["post-79176","post","type-post","status-publish","format-standard","has-post-thumbnail","hentry","category-kibris","category-manset"],"yoast_head":"<!-- This site is optimized with the Yoast SEO plugin v27.5 - https:\/\/yoast.com\/product\/yoast-seo-wordpress\/ -->\n<title>Cumhurba\u015fkan\u0131 Tatar, TBK Gaziler Derne\u011fi\u2019ni ziyaret etti -<\/title>\n<meta name=\"robots\" content=\"index, follow, max-snippet:-1, max-image-preview:large, max-video-preview:-1\" \/>\n<link rel=\"canonical\" href=\"https:\/\/kibrisdakik.com\/?p=79176\" \/>\n<meta property=\"og:locale\" content=\"tr_TR\" \/>\n<meta property=\"og:type\" content=\"article\" \/>\n<meta property=\"og:title\" content=\"Cumhurba\u015fkan\u0131 Tatar, TBK Gaziler Derne\u011fi\u2019ni ziyaret etti -\" \/>\n<meta property=\"og:description\" content=\"Cumhurba\u015fkan\u0131 Ersin Tatar Ramazan Bayram\u0131 dolay\u0131s\u0131yla T\u00fcrk Bar\u0131\u015f Kuvvetleri Gaziler Derne\u011fini ziyaret etti. Cumhurba\u015fkan\u0131 Ersin Tatar,\u2019a ziyaretinde Ba\u015fbakan \u00dcnal \u00dcstel de e\u015flik etti. Tatar a\u00e7\u0131klamas\u0131nda, gazilerin Kuzey K\u0131br\u0131s T\u00fcrk Cumhuriyeti\u2019nin kurulu\u015funda \u00f6nemli katk\u0131lar\u0131 oldu\u011funu vurgulad\u0131. Cumhurba\u015fkan\u0131 Ersin Tatar Ramazan Bayram\u0131 \u00e7er\u00e7evesinde K\u0131br\u0131s T\u00fcrk Bar\u0131\u015f Kuvvetleri Gaziler Derne\u011fini ziyaret ederek, gazilerle bayramla\u015ft\u0131 . Ziyarette, Ba\u015fbakan \u00dcnal\" \/>\n<meta property=\"og:url\" content=\"https:\/\/kibrisdakik.com\/?p=79176\" \/>\n<meta property=\"article:published_time\" content=\"2025-03-31T12:34:30+00:00\" \/>\n<meta property=\"og:image\" content=\"https:\/\/kibrisdakik.com\/wp-content\/uploads\/2025\/03\/Screenshot_20250331_155020_X-740x420.jpg\" \/>\n\t<meta property=\"og:image:width\" content=\"1080\" \/>\n\t<meta property=\"og:image:height\" content=\"551\" \/>\n\t<meta property=\"og:image:type\" content=\"image\/jpeg\" \/>\n<meta name=\"author\" content=\"admin\" \/>\n<meta name=\"twitter:card\" content=\"summary_large_image\" \/>\n<meta name=\"twitter:label1\" content=\"Yazan:\" \/>\n\t<meta name=\"twitter:data1\" content=\"admin\" \/>\n\t<meta name=\"twitter:label2\" content=\"Tahmini okuma s\u00fcresi\" \/>\n\t<meta name=\"twitter:data2\" content=\"1 dakika\" \/>\n<script type=\"application\/ld+json\" class=\"yoast-schema-graph\">{\"@context\":\"https:\\\/\\\/schema.org\",\"@graph\":[{\"@type\":\"Article\",\"@id\":\"https:\\\/\\\/kibrisdakik.com\\\/?p=79176#article\",\"isPartOf\":{\"@id\":\"https:\\\/\\\/kibrisdakik.com\\\/?p=79176\"},\"author\":{\"name\":\"admin\",\"@id\":\"https:\\\/\\\/kibrisdakik.com\\\/#\\\/schema\\\/person\\\/9cd9d437bbb44f72b73ba127e06d8e79\"},\"headline\":\"Cumhurba\u015fkan\u0131 Tatar, TBK Gaziler Derne\u011fi\u2019ni ziyaret etti\",\"datePublished\":\"2025-03-31T12:34:30+00:00\",\"mainEntityOfPage\":{\"@id\":\"https:\\\/\\\/kibrisdakik.com\\\/?p=79176\"},\"wordCount\":286,\"commentCount\":0,\"image\":{\"@id\":\"https:\\\/\\\/kibrisdakik.com\\\/?p=79176#primaryimage\"},\"thumbnailUrl\":\"https:\\\/\\\/kibrisdakik.com\\\/wp-content\\\/uploads\\\/2025\\\/03\\\/Screenshot_20250331_155020_X-740x420.jpg\",\"articleSection\":[\"K\u0131br\u0131s\",\"Man\u015fet\"],\"inLanguage\":\"tr\",\"potentialAction\":[{\"@type\":\"CommentAction\",\"name\":\"Comment\",\"target\":[\"https:\\\/\\\/kibrisdakik.com\\\/?p=79176#respond\"]}]},{\"@type\":\"WebPage\",\"@id\":\"https:\\\/\\\/kibrisdakik.com\\\/?p=79176\",\"url\":\"https:\\\/\\\/kibrisdakik.com\\\/?p=79176\",\"name\":\"Cumhurba\u015fkan\u0131 Tatar, TBK Gaziler Derne\u011fi\u2019ni ziyaret etti -\",\"isPartOf\":{\"@id\":\"https:\\\/\\\/kibrisdakik.com\\\/#website\"},\"primaryImageOfPage\":{\"@id\":\"https:\\\/\\\/kibrisdakik.com\\\/?p=79176#primaryimage\"},\"image\":{\"@id\":\"https:\\\/\\\/kibrisdakik.com\\\/?p=79176#primaryimage\"},\"thumbnailUrl\":\"https:\\\/\\\/kibrisdakik.com\\\/wp-content\\\/uploads\\\/2025\\\/03\\\/Screenshot_20250331_155020_X-740x420.jpg\",\"datePublished\":\"2025-03-31T12:34:30+00:00\",\"author\":{\"@id\":\"https:\\\/\\\/kibrisdakik.com\\\/#\\\/schema\\\/person\\\/9cd9d437bbb44f72b73ba127e06d8e79\"},\"breadcrumb\":{\"@id\":\"https:\\\/\\\/kibrisdakik.com\\\/?p=79176#breadcrumb\"},\"inLanguage\":\"tr\",\"potentialAction\":[{\"@type\":\"ReadAction\",\"target\":[\"https:\\\/\\\/kibrisdakik.com\\\/?p=79176\"]}]},{\"@type\":\"ImageObject\",\"inLanguage\":\"tr\",\"@id\":\"https:\\\/\\\/kibrisdakik.com\\\/?p=79176#primaryimage\",\"url\":\"https:\\\/\\\/kibrisdakik.com\\\/wp-content\\\/uploads\\\/2025\\\/03\\\/Screenshot_20250331_155020_X-740x420.jpg\",\"contentUrl\":\"https:\\\/\\\/kibrisdakik.com\\\/wp-content\\\/uploads\\\/2025\\\/03\\\/Screenshot_20250331_155020_X-740x420.jpg\",\"width\":1080,\"height\":551},{\"@type\":\"BreadcrumbList\",\"@id\":\"https:\\\/\\\/kibrisdakik.com\\\/?p=79176#breadcrumb\",\"itemListElement\":[{\"@type\":\"ListItem\",\"position\":1,\"name\":\"Home\",\"item\":\"https:\\\/\\\/kibrisdakik.com\\\/\"},{\"@type\":\"ListItem\",\"position\":2,\"name\":\"Cumhurba\u015fkan\u0131 Tatar, TBK Gaziler Derne\u011fi\u2019ni ziyaret etti\"}]},{\"@type\":\"WebSite\",\"@id\":\"https:\\\/\\\/kibrisdakik.com\\\/#website\",\"url\":\"https:\\\/\\\/kibrisdakik.com\\\/\",\"name\":\"\",\"description\":\"Tam vaktinde haber\",\"potentialAction\":[{\"@type\":\"SearchAction\",\"target\":{\"@type\":\"EntryPoint\",\"urlTemplate\":\"https:\\\/\\\/kibrisdakik.com\\\/?s={search_term_string}\"},\"query-input\":{\"@type\":\"PropertyValueSpecification\",\"valueRequired\":true,\"valueName\":\"search_term_string\"}}],\"inLanguage\":\"tr\"},{\"@type\":\"Person\",\"@id\":\"https:\\\/\\\/kibrisdakik.com\\\/#\\\/schema\\\/person\\\/9cd9d437bbb44f72b73ba127e06d8e79\",\"name\":\"admin\",\"image\":{\"@type\":\"ImageObject\",\"inLanguage\":\"tr\",\"@id\":\"https:\\\/\\\/secure.gravatar.com\\\/avatar\\\/ccc17943b9d660506c869530f897617f7cb1c21a4bf30023f252596d83e1f007?s=96&d=mm&r=g\",\"url\":\"https:\\\/\\\/secure.gravatar.com\\\/avatar\\\/ccc17943b9d660506c869530f897617f7cb1c21a4bf30023f252596d83e1f007?s=96&d=mm&r=g\",\"contentUrl\":\"https:\\\/\\\/secure.gravatar.com\\\/avatar\\\/ccc17943b9d660506c869530f897617f7cb1c21a4bf30023f252596d83e1f007?s=96&d=mm&r=g\",\"caption\":\"admin\"},\"sameAs\":[\"https:\\\/\\\/kibrisdakik.com\"],\"url\":\"https:\\\/\\\/kibrisdakik.com\\\/?author=1\"}]}<\/script>\n<!-- \/ Yoast SEO plugin. -->","yoast_head_json":{"title":"Cumhurba\u015fkan\u0131 Tatar, TBK Gaziler Derne\u011fi\u2019ni ziyaret etti -","robots":{"index":"index","follow":"follow","max-snippet":"max-snippet:-1","max-image-preview":"max-image-preview:large","max-video-preview":"max-video-preview:-1"},"canonical":"https:\/\/kibrisdakik.com\/?p=79176","og_locale":"tr_TR","og_type":"article","og_title":"Cumhurba\u015fkan\u0131 Tatar, TBK Gaziler Derne\u011fi\u2019ni ziyaret etti -","og_description":"Cumhurba\u015fkan\u0131 Ersin Tatar Ramazan Bayram\u0131 dolay\u0131s\u0131yla T\u00fcrk Bar\u0131\u015f Kuvvetleri Gaziler Derne\u011fini ziyaret etti. Cumhurba\u015fkan\u0131 Ersin Tatar,\u2019a ziyaretinde Ba\u015fbakan \u00dcnal \u00dcstel de e\u015flik etti. Tatar a\u00e7\u0131klamas\u0131nda, gazilerin Kuzey K\u0131br\u0131s T\u00fcrk Cumhuriyeti\u2019nin kurulu\u015funda \u00f6nemli katk\u0131lar\u0131 oldu\u011funu vurgulad\u0131. Cumhurba\u015fkan\u0131 Ersin Tatar Ramazan Bayram\u0131 \u00e7er\u00e7evesinde K\u0131br\u0131s T\u00fcrk Bar\u0131\u015f Kuvvetleri Gaziler Derne\u011fini ziyaret ederek, gazilerle bayramla\u015ft\u0131 . Ziyarette, Ba\u015fbakan \u00dcnal","og_url":"https:\/\/kibrisdakik.com\/?p=79176","article_published_time":"2025-03-31T12:34:30+00:00","og_image":[{"width":1080,"height":551,"url":"https:\/\/kibrisdakik.com\/wp-content\/uploads\/2025\/03\/Screenshot_20250331_155020_X-740x420.jpg","type":"image\/jpeg"}],"author":"admin","twitter_card":"summary_large_image","twitter_misc":{"Yazan:":"admin","Tahmini okuma s\u00fcresi":"1 dakika"},"schema":{"@context":"https:\/\/schema.org","@graph":[{"@type":"Article","@id":"https:\/\/kibrisdakik.com\/?p=79176#article","isPartOf":{"@id":"https:\/\/kibrisdakik.com\/?p=79176"},"author":{"name":"admin","@id":"https:\/\/kibrisdakik.com\/#\/schema\/person\/9cd9d437bbb44f72b73ba127e06d8e79"},"headline":"Cumhurba\u015fkan\u0131 Tatar, TBK Gaziler Derne\u011fi\u2019ni ziyaret etti","datePublished":"2025-03-31T12:34:30+00:00","mainEntityOfPage":{"@id":"https:\/\/kibrisdakik.com\/?p=79176"},"wordCount":286,"commentCount":0,"image":{"@id":"https:\/\/kibrisdakik.com\/?p=79176#primaryimage"},"thumbnailUrl":"https:\/\/kibrisdakik.com\/wp-content\/uploads\/2025\/03\/Screenshot_20250331_155020_X-740x420.jpg","articleSection":["K\u0131br\u0131s","Man\u015fet"],"inLanguage":"tr","potentialAction":[{"@type":"CommentAction","name":"Comment","target":["https:\/\/kibrisdakik.com\/?p=79176#respond"]}]},{"@type":"WebPage","@id":"https:\/\/kibrisdakik.com\/?p=79176","url":"https:\/\/kibrisdakik.com\/?p=79176","name":"Cumhurba\u015fkan\u0131 Tatar, TBK Gaziler Derne\u011fi\u2019ni ziyaret etti -","isPartOf":{"@id":"https:\/\/kibrisdakik.com\/#website"},"primaryImageOfPage":{"@id":"https:\/\/kibrisdakik.com\/?p=79176#primaryimage"},"image":{"@id":"https:\/\/kibrisdakik.com\/?p=79176#primaryimage"},"thumbnailUrl":"https:\/\/kibrisdakik.com\/wp-content\/uploads\/2025\/03\/Screenshot_20250331_155020_X-740x420.jpg","datePublished":"2025-03-31T12:34:30+00:00","author":{"@id":"https:\/\/kibrisdakik.com\/#\/schema\/person\/9cd9d437bbb44f72b73ba127e06d8e79"},"breadcrumb":{"@id":"https:\/\/kibrisdakik.com\/?p=79176#breadcrumb"},"inLanguage":"tr","potentialAction":[{"@type":"ReadAction","target":["https:\/\/kibrisdakik.com\/?p=79176"]}]},{"@type":"ImageObject","inLanguage":"tr","@id":"https:\/\/kibrisdakik.com\/?p=79176#primaryimage","url":"https:\/\/kibrisdakik.com\/wp-content\/uploads\/2025\/03\/Screenshot_20250331_155020_X-740x420.jpg","contentUrl":"https:\/\/kibrisdakik.com\/wp-content\/uploads\/2025\/03\/Screenshot_20250331_155020_X-740x420.jpg","width":1080,"height":551},{"@type":"BreadcrumbList","@id":"https:\/\/kibrisdakik.com\/?p=79176#breadcrumb","itemListElement":[{"@type":"ListItem","position":1,"name":"Home","item":"https:\/\/kibrisdakik.com\/"},{"@type":"ListItem","position":2,"name":"Cumhurba\u015fkan\u0131 Tatar, TBK Gaziler Derne\u011fi\u2019ni ziyaret etti"}]},{"@type":"WebSite","@id":"https:\/\/kibrisdakik.com\/#website","url":"https:\/\/kibrisdakik.com\/","name":"","description":"Tam vaktinde haber","potentialAction":[{"@type":"SearchAction","target":{"@type":"EntryPoint","urlTemplate":"https:\/\/kibrisdakik.com\/?s={search_term_string}"},"query-input":{"@type":"PropertyValueSpecification","valueRequired":true,"valueName":"search_term_string"}}],"inLanguage":"tr"},{"@type":"Person","@id":"https:\/\/kibrisdakik.com\/#\/schema\/person\/9cd9d437bbb44f72b73ba127e06d8e79","name":"admin","image":{"@type":"ImageObject","inLanguage":"tr","@id":"https:\/\/secure.gravatar.com\/avatar\/ccc17943b9d660506c869530f897617f7cb1c21a4bf30023f252596d83e1f007?s=96&d=mm&r=g","url":"https:\/\/secure.gravatar.com\/avatar\/ccc17943b9d660506c869530f897617f7cb1c21a4bf30023f252596d83e1f007?s=96&d=mm&r=g","contentUrl":"https:\/\/secure.gravatar.com\/avatar\/ccc17943b9d660506c869530f897617f7cb1c21a4bf30023f252596d83e1f007?s=96&d=mm&r=g","caption":"admin"},"sameAs":["https:\/\/kibrisdakik.com"],"url":"https:\/\/kibrisdakik.com\/?author=1"}]}},"_links":{"self":[{"href":"https:\/\/kibrisdakik.com\/index.php?rest_route=\/wp\/v2\/posts\/79176","targetHints":{"allow":["GET"]}}],"collection":[{"href":"https:\/\/kibrisdakik.com\/index.php?rest_route=\/wp\/v2\/posts"}],"about":[{"href":"https:\/\/kibrisdakik.com\/index.php?rest_route=\/wp\/v2\/types\/post"}],"author":[{"embeddable":true,"href":"https:\/\/kibrisdakik.com\/index.php?rest_route=\/wp\/v2\/users\/1"}],"replies":[{"embeddable":true,"href":"https:\/\/kibrisdakik.com\/index.php?rest_route=%2Fwp%2Fv2%2Fcomments&post=79176"}],"version-history":[{"count":0,"href":"https:\/\/kibrisdakik.com\/index.php?rest_route=\/wp\/v2\/posts\/79176\/revisions"}],"wp:featuredmedia":[{"embeddable":true,"href":"https:\/\/kibrisdakik.com\/index.php?rest_route=\/wp\/v2\/media\/79177"}],"wp:attachment":[{"href":"https:\/\/kibrisdakik.com\/index.php?rest_route=%2Fwp%2Fv2%2Fmedia&parent=79176"}],"wp:term":[{"taxonomy":"category","embeddable":true,"href":"https:\/\/kibrisdakik.com\/index.php?rest_route=%2Fwp%2Fv2%2Fcategories&post=79176"},{"taxonomy":"post_tag","embeddable":true,"href":"https:\/\/kibrisdakik.com\/index.php?rest_route=%2Fwp%2Fv2%2Ftags&post=79176"}],"curies":[{"name":"wp","href":"https:\/\/api.w.org\/{rel}","templated":true}]}}