{"id":79192,"date":"2025-03-31T17:50:00","date_gmt":"2025-03-31T14:50:00","guid":{"rendered":"https:\/\/kibrisdakik.com\/index.php\/2025\/03\/31\/ispanyada-maden-kazasinda-olu-sayisi-5e-cikti\/"},"modified":"2025-03-31T17:50:00","modified_gmt":"2025-03-31T14:50:00","slug":"ispanyada-maden-kazasinda-olu-sayisi-5e-cikti","status":"publish","type":"post","link":"https:\/\/kibrisdakik.com\/?p=79192","title":{"rendered":"\u0130spanya\u2019da maden kazas\u0131nda \u00f6l\u00fc say\u0131s\u0131 5\u2019e \u00e7\u0131kt\u0131"},"content":{"rendered":"<p><\/p>\n<div>\n<div class=\"mariselle-image-container center\">\n                <img loading=\"lazy\" decoding=\"async\" width=\"1280\" height=\"720\" class=\"lazy-image\" alt=\"\" sizes=\"auto, (max-width: 1280px) 100vw, 1280px\" src=\"https:\/\/brtk.net\/wp-content\/uploads\/2025\/03\/31\/1743423335221maden-gocuk-aa-1678966.jpg?ver=74342ddc18d02761d765cd05be5d3558\" srcset=\"https:\/\/brtk.net\/wp-content\/uploads\/2025\/03\/31\/1743423335221maden-gocuk-aa-1678966.jpg?ver=74342ddc18d02761d765cd05be5d3558 1280w, https:\/\/brtk.net\/wp-content\/uploads\/2025\/03\/31\/1743423335221maden-gocuk-aa-1678966-300x169.jpg?ver=74342ddc18d02761d765cd05be5d3558 300w, https:\/\/brtk.net\/wp-content\/uploads\/2025\/03\/31\/1743423335221maden-gocuk-aa-1678966-1024x576.jpg?ver=d2782434fa0736c297ccdd94daf26e60 1024w, https:\/\/brtk.net\/wp-content\/uploads\/2025\/03\/31\/1743423335221maden-gocuk-aa-1678966-768x432.jpg?ver=d2782434fa0736c297ccdd94daf26e60 768w\"\/>                            <\/div>\n<p>\u0130spanya\u2019n\u0131n kuzeyindeki Asturias b\u00f6lgesinin Degana yerle\u015fim yerindeki k\u00f6m\u00fcr maden oca\u011f\u0131nda meydana gelen kazada 5 ki\u015finin \u00f6ld\u00fc\u011f\u00fc, 4 ki\u015finin yaraland\u0131\u011f\u0131 bildirildi.<\/p>\n<p>Asturias \u00f6zerk y\u00f6netimi Acil Servis kurumu, Degana\u2019daki bir k\u00f6m\u00fcr madeninde yerel saatle 09.30\u2019da (TS\u0130 10.30) patlama meydana geldi\u011fini ve 5 ki\u015finin hayat\u0131n\u0131 kaybetti\u011fini a\u00e7\u0131klad\u0131.<\/p>\n<p>Yetkililer, patlaman\u0131n, madenin \u00fc\u00e7\u00fcnc\u00fc kat\u0131ndaki \u00e7al\u0131\u015fmalar s\u0131ras\u0131nda bir makinede meydana geldi\u011fini belirtti.<\/p>\n<p>Patlamada 4 ki\u015finin a\u011f\u0131r yaraland\u0131\u011f\u0131n\u0131 kaydeden yetkililer, 2 ki\u015finin ise yara almadan kurtuldu\u011fu bilgisini payla\u015ft\u0131.<\/p>\n<p>Asturias \u00f6zerk y\u00f6netim h\u00fck\u00fcmeti s\u00f6zc\u00fcs\u00fc Guillermo Pelaez, patlama s\u0131ras\u0131nda maden i\u015f\u00e7ilerinin grafit \u00fcretimi i\u00e7in bir mineral \u00fczerinde izinli \u00e7al\u0131\u015fma y\u00fcr\u00fctt\u00fc\u011f\u00fcn\u00fc duyurdu.<\/p>\n<p>B\u00f6lgeye \u00e7ok say\u0131da ambulans, itfaiye ve Sivil Yard\u0131m ekibi g\u00f6nderildi.<\/p>\n<\/p><\/div>\n<p><script async\n                    defer\n                    crossorigin=\"anonymous\"\n                    src=\"https:\/\/connect.facebook.net\/tr_TR\/sdk.js#xfbml=1&#038;version=v3.3\"\n            ><\/script><\/p>\n","protected":false},"excerpt":{"rendered":"<p>\u0130spanya\u2019n\u0131n kuzeyindeki Asturias b\u00f6lgesinin Degana yerle\u015fim yerindeki k\u00f6m\u00fcr maden oca\u011f\u0131nda meydana gelen kazada 5 ki\u015finin \u00f6ld\u00fc\u011f\u00fc, 4 ki\u015finin yaraland\u0131\u011f\u0131 bildirildi. Asturias \u00f6zerk y\u00f6netimi Acil Servis kurumu, Degana\u2019daki bir k\u00f6m\u00fcr madeninde yerel saatle 09.30\u2019da (TS\u0130 10.30) patlama meydana geldi\u011fini ve 5 ki\u015finin hayat\u0131n\u0131 kaybetti\u011fini a\u00e7\u0131klad\u0131. Yetkililer, patlaman\u0131n, madenin \u00fc\u00e7\u00fcnc\u00fc kat\u0131ndaki \u00e7al\u0131\u015fmalar s\u0131ras\u0131nda bir makinede meydana geldi\u011fini<\/p>\n","protected":false},"author":1,"featured_media":79193,"comment_status":"open","ping_status":"open","sticky":false,"template":"","format":"standard","meta":{"footnotes":""},"categories":[1],"tags":[],"class_list":["post-79192","post","type-post","status-publish","format-standard","has-post-thumbnail","hentry","category-gundem"],"yoast_head":"<!-- This site is optimized with the Yoast SEO plugin v27.5 - https:\/\/yoast.com\/product\/yoast-seo-wordpress\/ -->\n<title>\u0130spanya\u2019da maden kazas\u0131nda \u00f6l\u00fc say\u0131s\u0131 5\u2019e \u00e7\u0131kt\u0131 -<\/title>\n<meta name=\"robots\" content=\"index, follow, max-snippet:-1, max-image-preview:large, max-video-preview:-1\" \/>\n<link rel=\"canonical\" href=\"https:\/\/kibrisdakik.com\/?p=79192\" \/>\n<meta property=\"og:locale\" content=\"tr_TR\" \/>\n<meta property=\"og:type\" content=\"article\" \/>\n<meta property=\"og:title\" content=\"\u0130spanya\u2019da maden kazas\u0131nda \u00f6l\u00fc say\u0131s\u0131 5\u2019e \u00e7\u0131kt\u0131 -\" \/>\n<meta property=\"og:description\" content=\"\u0130spanya\u2019n\u0131n kuzeyindeki Asturias b\u00f6lgesinin Degana yerle\u015fim yerindeki k\u00f6m\u00fcr maden oca\u011f\u0131nda meydana gelen kazada 5 ki\u015finin \u00f6ld\u00fc\u011f\u00fc, 4 ki\u015finin yaraland\u0131\u011f\u0131 bildirildi. Asturias \u00f6zerk y\u00f6netimi Acil Servis kurumu, Degana\u2019daki bir k\u00f6m\u00fcr madeninde yerel saatle 09.30\u2019da (TS\u0130 10.30) patlama meydana geldi\u011fini ve 5 ki\u015finin hayat\u0131n\u0131 kaybetti\u011fini a\u00e7\u0131klad\u0131. Yetkililer, patlaman\u0131n, madenin \u00fc\u00e7\u00fcnc\u00fc kat\u0131ndaki \u00e7al\u0131\u015fmalar s\u0131ras\u0131nda bir makinede meydana geldi\u011fini\" \/>\n<meta property=\"og:url\" content=\"https:\/\/kibrisdakik.com\/?p=79192\" \/>\n<meta property=\"article:published_time\" content=\"2025-03-31T14:50:00+00:00\" \/>\n<meta property=\"og:image\" content=\"https:\/\/kibrisdakik.com\/wp-content\/uploads\/2025\/03\/1743423335221maden-gocuk-aa-1678966-740x420.jpg\" \/>\n\t<meta property=\"og:image:width\" content=\"1280\" \/>\n\t<meta property=\"og:image:height\" content=\"720\" \/>\n\t<meta property=\"og:image:type\" content=\"image\/jpeg\" \/>\n<meta name=\"author\" content=\"admin\" \/>\n<meta name=\"twitter:card\" content=\"summary_large_image\" \/>\n<meta name=\"twitter:label1\" content=\"Yazan:\" \/>\n\t<meta name=\"twitter:data1\" content=\"admin\" \/>\n\t<meta name=\"twitter:label2\" content=\"Tahmini okuma s\u00fcresi\" \/>\n\t<meta name=\"twitter:data2\" content=\"1 dakika\" \/>\n<script type=\"application\/ld+json\" class=\"yoast-schema-graph\">{\"@context\":\"https:\\\/\\\/schema.org\",\"@graph\":[{\"@type\":\"Article\",\"@id\":\"https:\\\/\\\/kibrisdakik.com\\\/?p=79192#article\",\"isPartOf\":{\"@id\":\"https:\\\/\\\/kibrisdakik.com\\\/?p=79192\"},\"author\":{\"name\":\"admin\",\"@id\":\"https:\\\/\\\/kibrisdakik.com\\\/#\\\/schema\\\/person\\\/9cd9d437bbb44f72b73ba127e06d8e79\"},\"headline\":\"\u0130spanya\u2019da maden kazas\u0131nda \u00f6l\u00fc say\u0131s\u0131 5\u2019e \u00e7\u0131kt\u0131\",\"datePublished\":\"2025-03-31T14:50:00+00:00\",\"mainEntityOfPage\":{\"@id\":\"https:\\\/\\\/kibrisdakik.com\\\/?p=79192\"},\"wordCount\":153,\"commentCount\":0,\"image\":{\"@id\":\"https:\\\/\\\/kibrisdakik.com\\\/?p=79192#primaryimage\"},\"thumbnailUrl\":\"https:\\\/\\\/kibrisdakik.com\\\/wp-content\\\/uploads\\\/2025\\\/03\\\/1743423335221maden-gocuk-aa-1678966-740x420.jpg\",\"articleSection\":[\"G\u00fcndem\"],\"inLanguage\":\"tr\",\"potentialAction\":[{\"@type\":\"CommentAction\",\"name\":\"Comment\",\"target\":[\"https:\\\/\\\/kibrisdakik.com\\\/?p=79192#respond\"]}]},{\"@type\":\"WebPage\",\"@id\":\"https:\\\/\\\/kibrisdakik.com\\\/?p=79192\",\"url\":\"https:\\\/\\\/kibrisdakik.com\\\/?p=79192\",\"name\":\"\u0130spanya\u2019da maden kazas\u0131nda \u00f6l\u00fc say\u0131s\u0131 5\u2019e \u00e7\u0131kt\u0131 -\",\"isPartOf\":{\"@id\":\"https:\\\/\\\/kibrisdakik.com\\\/#website\"},\"primaryImageOfPage\":{\"@id\":\"https:\\\/\\\/kibrisdakik.com\\\/?p=79192#primaryimage\"},\"image\":{\"@id\":\"https:\\\/\\\/kibrisdakik.com\\\/?p=79192#primaryimage\"},\"thumbnailUrl\":\"https:\\\/\\\/kibrisdakik.com\\\/wp-content\\\/uploads\\\/2025\\\/03\\\/1743423335221maden-gocuk-aa-1678966-740x420.jpg\",\"datePublished\":\"2025-03-31T14:50:00+00:00\",\"author\":{\"@id\":\"https:\\\/\\\/kibrisdakik.com\\\/#\\\/schema\\\/person\\\/9cd9d437bbb44f72b73ba127e06d8e79\"},\"breadcrumb\":{\"@id\":\"https:\\\/\\\/kibrisdakik.com\\\/?p=79192#breadcrumb\"},\"inLanguage\":\"tr\",\"potentialAction\":[{\"@type\":\"ReadAction\",\"target\":[\"https:\\\/\\\/kibrisdakik.com\\\/?p=79192\"]}]},{\"@type\":\"ImageObject\",\"inLanguage\":\"tr\",\"@id\":\"https:\\\/\\\/kibrisdakik.com\\\/?p=79192#primaryimage\",\"url\":\"https:\\\/\\\/kibrisdakik.com\\\/wp-content\\\/uploads\\\/2025\\\/03\\\/1743423335221maden-gocuk-aa-1678966-740x420.jpg\",\"contentUrl\":\"https:\\\/\\\/kibrisdakik.com\\\/wp-content\\\/uploads\\\/2025\\\/03\\\/1743423335221maden-gocuk-aa-1678966-740x420.jpg\",\"width\":1280,\"height\":720},{\"@type\":\"BreadcrumbList\",\"@id\":\"https:\\\/\\\/kibrisdakik.com\\\/?p=79192#breadcrumb\",\"itemListElement\":[{\"@type\":\"ListItem\",\"position\":1,\"name\":\"Home\",\"item\":\"https:\\\/\\\/kibrisdakik.com\\\/\"},{\"@type\":\"ListItem\",\"position\":2,\"name\":\"\u0130spanya\u2019da maden kazas\u0131nda \u00f6l\u00fc say\u0131s\u0131 5\u2019e \u00e7\u0131kt\u0131\"}]},{\"@type\":\"WebSite\",\"@id\":\"https:\\\/\\\/kibrisdakik.com\\\/#website\",\"url\":\"https:\\\/\\\/kibrisdakik.com\\\/\",\"name\":\"\",\"description\":\"Tam vaktinde haber\",\"potentialAction\":[{\"@type\":\"SearchAction\",\"target\":{\"@type\":\"EntryPoint\",\"urlTemplate\":\"https:\\\/\\\/kibrisdakik.com\\\/?s={search_term_string}\"},\"query-input\":{\"@type\":\"PropertyValueSpecification\",\"valueRequired\":true,\"valueName\":\"search_term_string\"}}],\"inLanguage\":\"tr\"},{\"@type\":\"Person\",\"@id\":\"https:\\\/\\\/kibrisdakik.com\\\/#\\\/schema\\\/person\\\/9cd9d437bbb44f72b73ba127e06d8e79\",\"name\":\"admin\",\"image\":{\"@type\":\"ImageObject\",\"inLanguage\":\"tr\",\"@id\":\"https:\\\/\\\/secure.gravatar.com\\\/avatar\\\/ccc17943b9d660506c869530f897617f7cb1c21a4bf30023f252596d83e1f007?s=96&d=mm&r=g\",\"url\":\"https:\\\/\\\/secure.gravatar.com\\\/avatar\\\/ccc17943b9d660506c869530f897617f7cb1c21a4bf30023f252596d83e1f007?s=96&d=mm&r=g\",\"contentUrl\":\"https:\\\/\\\/secure.gravatar.com\\\/avatar\\\/ccc17943b9d660506c869530f897617f7cb1c21a4bf30023f252596d83e1f007?s=96&d=mm&r=g\",\"caption\":\"admin\"},\"sameAs\":[\"https:\\\/\\\/kibrisdakik.com\"],\"url\":\"https:\\\/\\\/kibrisdakik.com\\\/?author=1\"}]}<\/script>\n<!-- \/ Yoast SEO plugin. -->","yoast_head_json":{"title":"\u0130spanya\u2019da maden kazas\u0131nda \u00f6l\u00fc say\u0131s\u0131 5\u2019e \u00e7\u0131kt\u0131 -","robots":{"index":"index","follow":"follow","max-snippet":"max-snippet:-1","max-image-preview":"max-image-preview:large","max-video-preview":"max-video-preview:-1"},"canonical":"https:\/\/kibrisdakik.com\/?p=79192","og_locale":"tr_TR","og_type":"article","og_title":"\u0130spanya\u2019da maden kazas\u0131nda \u00f6l\u00fc say\u0131s\u0131 5\u2019e \u00e7\u0131kt\u0131 -","og_description":"\u0130spanya\u2019n\u0131n kuzeyindeki Asturias b\u00f6lgesinin Degana yerle\u015fim yerindeki k\u00f6m\u00fcr maden oca\u011f\u0131nda meydana gelen kazada 5 ki\u015finin \u00f6ld\u00fc\u011f\u00fc, 4 ki\u015finin yaraland\u0131\u011f\u0131 bildirildi. Asturias \u00f6zerk y\u00f6netimi Acil Servis kurumu, Degana\u2019daki bir k\u00f6m\u00fcr madeninde yerel saatle 09.30\u2019da (TS\u0130 10.30) patlama meydana geldi\u011fini ve 5 ki\u015finin hayat\u0131n\u0131 kaybetti\u011fini a\u00e7\u0131klad\u0131. Yetkililer, patlaman\u0131n, madenin \u00fc\u00e7\u00fcnc\u00fc kat\u0131ndaki \u00e7al\u0131\u015fmalar s\u0131ras\u0131nda bir makinede meydana geldi\u011fini","og_url":"https:\/\/kibrisdakik.com\/?p=79192","article_published_time":"2025-03-31T14:50:00+00:00","og_image":[{"width":1280,"height":720,"url":"https:\/\/kibrisdakik.com\/wp-content\/uploads\/2025\/03\/1743423335221maden-gocuk-aa-1678966-740x420.jpg","type":"image\/jpeg"}],"author":"admin","twitter_card":"summary_large_image","twitter_misc":{"Yazan:":"admin","Tahmini okuma s\u00fcresi":"1 dakika"},"schema":{"@context":"https:\/\/schema.org","@graph":[{"@type":"Article","@id":"https:\/\/kibrisdakik.com\/?p=79192#article","isPartOf":{"@id":"https:\/\/kibrisdakik.com\/?p=79192"},"author":{"name":"admin","@id":"https:\/\/kibrisdakik.com\/#\/schema\/person\/9cd9d437bbb44f72b73ba127e06d8e79"},"headline":"\u0130spanya\u2019da maden kazas\u0131nda \u00f6l\u00fc say\u0131s\u0131 5\u2019e \u00e7\u0131kt\u0131","datePublished":"2025-03-31T14:50:00+00:00","mainEntityOfPage":{"@id":"https:\/\/kibrisdakik.com\/?p=79192"},"wordCount":153,"commentCount":0,"image":{"@id":"https:\/\/kibrisdakik.com\/?p=79192#primaryimage"},"thumbnailUrl":"https:\/\/kibrisdakik.com\/wp-content\/uploads\/2025\/03\/1743423335221maden-gocuk-aa-1678966-740x420.jpg","articleSection":["G\u00fcndem"],"inLanguage":"tr","potentialAction":[{"@type":"CommentAction","name":"Comment","target":["https:\/\/kibrisdakik.com\/?p=79192#respond"]}]},{"@type":"WebPage","@id":"https:\/\/kibrisdakik.com\/?p=79192","url":"https:\/\/kibrisdakik.com\/?p=79192","name":"\u0130spanya\u2019da maden kazas\u0131nda \u00f6l\u00fc say\u0131s\u0131 5\u2019e \u00e7\u0131kt\u0131 -","isPartOf":{"@id":"https:\/\/kibrisdakik.com\/#website"},"primaryImageOfPage":{"@id":"https:\/\/kibrisdakik.com\/?p=79192#primaryimage"},"image":{"@id":"https:\/\/kibrisdakik.com\/?p=79192#primaryimage"},"thumbnailUrl":"https:\/\/kibrisdakik.com\/wp-content\/uploads\/2025\/03\/1743423335221maden-gocuk-aa-1678966-740x420.jpg","datePublished":"2025-03-31T14:50:00+00:00","author":{"@id":"https:\/\/kibrisdakik.com\/#\/schema\/person\/9cd9d437bbb44f72b73ba127e06d8e79"},"breadcrumb":{"@id":"https:\/\/kibrisdakik.com\/?p=79192#breadcrumb"},"inLanguage":"tr","potentialAction":[{"@type":"ReadAction","target":["https:\/\/kibrisdakik.com\/?p=79192"]}]},{"@type":"ImageObject","inLanguage":"tr","@id":"https:\/\/kibrisdakik.com\/?p=79192#primaryimage","url":"https:\/\/kibrisdakik.com\/wp-content\/uploads\/2025\/03\/1743423335221maden-gocuk-aa-1678966-740x420.jpg","contentUrl":"https:\/\/kibrisdakik.com\/wp-content\/uploads\/2025\/03\/1743423335221maden-gocuk-aa-1678966-740x420.jpg","width":1280,"height":720},{"@type":"BreadcrumbList","@id":"https:\/\/kibrisdakik.com\/?p=79192#breadcrumb","itemListElement":[{"@type":"ListItem","position":1,"name":"Home","item":"https:\/\/kibrisdakik.com\/"},{"@type":"ListItem","position":2,"name":"\u0130spanya\u2019da maden kazas\u0131nda \u00f6l\u00fc say\u0131s\u0131 5\u2019e \u00e7\u0131kt\u0131"}]},{"@type":"WebSite","@id":"https:\/\/kibrisdakik.com\/#website","url":"https:\/\/kibrisdakik.com\/","name":"","description":"Tam vaktinde haber","potentialAction":[{"@type":"SearchAction","target":{"@type":"EntryPoint","urlTemplate":"https:\/\/kibrisdakik.com\/?s={search_term_string}"},"query-input":{"@type":"PropertyValueSpecification","valueRequired":true,"valueName":"search_term_string"}}],"inLanguage":"tr"},{"@type":"Person","@id":"https:\/\/kibrisdakik.com\/#\/schema\/person\/9cd9d437bbb44f72b73ba127e06d8e79","name":"admin","image":{"@type":"ImageObject","inLanguage":"tr","@id":"https:\/\/secure.gravatar.com\/avatar\/ccc17943b9d660506c869530f897617f7cb1c21a4bf30023f252596d83e1f007?s=96&d=mm&r=g","url":"https:\/\/secure.gravatar.com\/avatar\/ccc17943b9d660506c869530f897617f7cb1c21a4bf30023f252596d83e1f007?s=96&d=mm&r=g","contentUrl":"https:\/\/secure.gravatar.com\/avatar\/ccc17943b9d660506c869530f897617f7cb1c21a4bf30023f252596d83e1f007?s=96&d=mm&r=g","caption":"admin"},"sameAs":["https:\/\/kibrisdakik.com"],"url":"https:\/\/kibrisdakik.com\/?author=1"}]}},"_links":{"self":[{"href":"https:\/\/kibrisdakik.com\/index.php?rest_route=\/wp\/v2\/posts\/79192","targetHints":{"allow":["GET"]}}],"collection":[{"href":"https:\/\/kibrisdakik.com\/index.php?rest_route=\/wp\/v2\/posts"}],"about":[{"href":"https:\/\/kibrisdakik.com\/index.php?rest_route=\/wp\/v2\/types\/post"}],"author":[{"embeddable":true,"href":"https:\/\/kibrisdakik.com\/index.php?rest_route=\/wp\/v2\/users\/1"}],"replies":[{"embeddable":true,"href":"https:\/\/kibrisdakik.com\/index.php?rest_route=%2Fwp%2Fv2%2Fcomments&post=79192"}],"version-history":[{"count":0,"href":"https:\/\/kibrisdakik.com\/index.php?rest_route=\/wp\/v2\/posts\/79192\/revisions"}],"wp:featuredmedia":[{"embeddable":true,"href":"https:\/\/kibrisdakik.com\/index.php?rest_route=\/wp\/v2\/media\/79193"}],"wp:attachment":[{"href":"https:\/\/kibrisdakik.com\/index.php?rest_route=%2Fwp%2Fv2%2Fmedia&parent=79192"}],"wp:term":[{"taxonomy":"category","embeddable":true,"href":"https:\/\/kibrisdakik.com\/index.php?rest_route=%2Fwp%2Fv2%2Fcategories&post=79192"},{"taxonomy":"post_tag","embeddable":true,"href":"https:\/\/kibrisdakik.com\/index.php?rest_route=%2Fwp%2Fv2%2Ftags&post=79192"}],"curies":[{"name":"wp","href":"https:\/\/api.w.org\/{rel}","templated":true}]}}