{"id":79323,"date":"2025-04-02T18:09:27","date_gmt":"2025-04-02T15:09:27","guid":{"rendered":"https:\/\/kibrisdakik.com\/index.php\/2025\/04\/02\/ktoeos-ile-ktosten-basbakana-cagri-mesele-ogretmenlerin-degil-toplumun-meselesidir\/"},"modified":"2025-04-02T18:09:27","modified_gmt":"2025-04-02T15:09:27","slug":"ktoeos-ile-ktosten-basbakana-cagri-mesele-ogretmenlerin-degil-toplumun-meselesidir","status":"publish","type":"post","link":"https:\/\/kibrisdakik.com\/?p=79323","title":{"rendered":"KTOE\u00d6S ile KT\u00d6S\u2019ten Ba\u015fbakan\u2019a \u00e7a\u011fr\u0131: \u201cMesele \u00f6\u011fretmenlerin de\u011fil toplumun meselesidir\u201d"},"content":{"rendered":"<div>\n<div class=\"mariselle-image-container none\">\n                                            <\/div>\n<p>K\u0131br\u0131s T\u00fcrk Orta E\u011fitim \u00d6\u011fretmenler Sendikas\u0131 (KTOE\u00d6S) ile K\u0131br\u0131s T\u00fcrk \u00d6\u011fretmenler Sendikas\u0131 (KT\u00d6S) Disiplin T\u00fcz\u00fc\u011f\u00fc de\u011fi\u015fikli\u011fi ile g\u00fcndeme gelen konunun sadece \u00f6\u011fretmenlerin de\u011fil, toplumun meselesi oldu\u011funu kaydederek, Ba\u015fbakan \u00dcnal \u00dcstel\u2019e toplumsal uzla\u015f\u0131y\u0131 dikkate alma \u00e7a\u011fr\u0131s\u0131 yapt\u0131.<\/p>\n<p>Sendikalar, konunun bug\u00fcn ak\u015fam\u00fczeri KTOE\u00d6S\u2019te yap\u0131lacak toplant\u0131da ele al\u0131naca\u011f\u0131n\u0131 da a\u00e7\u0131klad\u0131.<\/p>\n<p>Disiplin T\u00fcz\u00fc\u011f\u00fc, Ba\u015fbakan \u00dcnal \u00dcstel\u2019in davetiyle h\u00fck\u00fcmet ortaklar\u0131, \u00f6\u011fretmen sendikalar\u0131, Barolar Birli\u011fi ve ana muhalefet Cumhuriyet\u00e7i T\u00fcrk Partisi (CTP) ile ikinci kez g\u00f6r\u00fc\u015f\u00fcld\u00fc.<\/p>\n<p>Cumhuriyet Meclisi\u2019nde saat 12.30\u2019da ba\u015flayan toplant\u0131ya, Ba\u015fbakan \u00dcstel\u2019in yan\u0131 s\u0131ra Ba\u015fbakan Yard\u0131mc\u0131s\u0131, Turizm, K\u00fclt\u00fcr, Gen\u00e7lik ve \u00c7evre Bakan\u0131, DP Genel Ba\u015fkan\u0131 Fikri Atao\u011flu, Milli E\u011fitim Bakan\u0131 Naz\u0131m \u00c7avu\u015fo\u011flu, Ana Muhalefet CTP Genel Ba\u015fkan\u0131 Tufan Erh\u00fcrman,\u00a0YDP Lefko\u015fa Milletvekili Talip Atalay,\u00a0K\u0131br\u0131s T\u00fcrk \u00d6\u011fretmenler Sendikas\u0131 (KT\u00d6S) ve K\u0131br\u0131s T\u00fcrk Orta E\u011fitim \u00d6\u011fretmenler Sendikas\u0131 (KTOE\u00d6S) Y\u00fcr\u00fctme Kurulu \u00fcyeleri, KTOE\u00d6S ad\u0131na Avukat \u00d6ncel Polili ve Barolar Birli\u011fi Ba\u015fkan\u0131 Avukat Hasan Esenda\u011fl\u0131 kat\u0131ld\u0131. CTP milletvekili \u00dcr\u00fcn Solyal\u0131 ile Milli E\u011fitim Bakan\u0131 M\u00fcste\u015far\u0131 Aytun\u00e7 \u015eirket de toplant\u0131da yer ald\u0131.<\/p>\n<p>Ba\u015fbakan \u00dcnal \u00dcstel\u2019e,\u00a0 Ortaokullar ile Orta\u00f6\u011fretim Kurumlar\u0131 \u0130\u00e7inde ve D\u0131\u015f\u0131nda Uyulacak Kurallar ve Disiplin T\u00fcz\u00fc\u011f\u00fc (Disiplin T\u00fcz\u00fc\u011f\u00fc) ile ilgili sivil toplum \u00f6rg\u00fctlerinin de imza koydu\u011fu ortak metni ileten KTOE\u00d6S ile KT\u00d6S, toplant\u0131dan ayr\u0131ld\u0131. \u00d6\u011fretmen sendikalar\u0131 bas\u0131na a\u00e7\u0131klama da yapt\u0131.<\/p>\n<p>\u0130lk s\u00f6z\u00fc alan KT\u00d6S Genel Sekreteri Burak Mavi\u015f, bug\u00fcn konu\u015fulan\u0131n k\u0131yafet de\u011fil hak meselesi oldu\u011funu kaydetti.<\/p>\n<p>\u00c7ocuklar\u0131n dini sembollerle tan\u0131mlanamayaca\u011f\u0131n\u0131, hen\u00fcz geli\u015fimini tamamlamam\u0131\u015f \u00e7ocuklar\u0131n ideolojik tercihle y\u00f6nlendirilemeyece\u011fini s\u00f6yleyen Mavi\u015f, \u201c12 ya\u015f\u0131ndaki bir \u00e7ocu\u011fun ba\u015f\u00f6rt\u00fcs\u00fc takmas\u0131 ger\u00e7ek \u00f6zg\u00fcrl\u00fck m\u00fc yoksa y\u00f6nlendirilmi\u015f bir uyum mu?\u201d ifadelerini kulland\u0131.<\/p>\n<p>Kamusal alan olan devlet okullar\u0131nda herkes i\u00e7in e\u015fitlik ve tarafs\u0131zl\u0131\u011f\u0131n esas oldu\u011funu kaydeden Mavi\u015f, \u201cLaiklik inan\u00e7s\u0131zl\u0131k de\u011fil, her inanca e\u015fit mesafedir. Tek bir sembole ayr\u0131cal\u0131k tan\u0131mak di\u011fer inan\u00e7lar\u0131 d\u0131\u015flamak demektir\u201d dedi.<\/p>\n<p>Avrupa \u0130nsan Haklar\u0131 Mahkemesi\u2019nin de bunu i\u015faret etti\u011fini kaydeden Mavi\u015f, \u201cLaik e\u011fitimde dini sembollere s\u0131n\u0131r getirmek \u00e7ocuklar\u0131 korumak i\u00e7in me\u015frudur. Bu mesele sadece din ve vicdan \u00f6zg\u00fcrl\u00fc\u011f\u00fc meselesi de\u011fildir. Bu \u00e7ocuk hakk\u0131d\u0131r, kamusal e\u011fitimin gelece\u011fidir ve biz biliyoruz ki \u00e7ocuk kapanmaz.\u201d dedi.<\/p>\n<p>KTOE\u00d6S Ba\u015fkan\u0131 Selma Eylem, e\u011fitime m\u00fcdahalenin yeni olmad\u0131\u011f\u0131n\u0131 savunarak, \u201cLaik e\u011fitime, laik toplum yap\u0131s\u0131na, bizim ya\u015fama bi\u00e7imimize ve irademize yap\u0131lan sald\u0131r\u0131lardan vazge\u00e7ilmeli\u201d dedi.<\/p>\n<p>Eylem, Disiplin T\u00fcz\u00fc\u011f\u00fc de\u011fi\u015fikli\u011fi ile toplumun kutupla\u015ft\u0131r\u0131ld\u0131\u011f\u0131n\u0131, gerildi\u011fini savunarak, baz\u0131 bas\u0131n organlar\u0131\u00a0 ve troller arac\u0131l\u0131\u011f\u0131yla \u00f6\u011fretmenlere sald\u0131r\u0131lar\u0131n hat safhaya ula\u015ft\u0131\u011f\u0131n\u0131 s\u00f6yledi.<\/p>\n<p>Toplant\u0131da Disiplin T\u00fcz\u00fc\u011f\u00fc konusunda \u201cuzla\u015f\u0131 komitesi\u201d kurulmas\u0131n\u0131n \u00f6nerildi\u011fini ifade ederek bunu ele\u015ftiren Selma Eylem, sivil toplum \u00f6rg\u00fctlerinin imzas\u0131n\u0131 ta\u015f\u0131yan ortak metnin Ba\u015fbakan\u2019a iletildi\u011fini aktard\u0131.<\/p>\n<p>Eylem, \u201cM\u00fccadelemiz s\u00fcrecek. Anayasaya, Milli E\u011fitim Yasas\u0131\u2019na, Atat\u00fcrk ilke ve ink\u0131laplar\u0131na, yasalara ayk\u0131r\u0131 hi\u00e7bir uygulamaya taviz vermeyece\u011fiz. E\u011fitim Bakan\u0131\u2019n\u0131n istifa etmelidir\u201d \u00a0dedi.<\/p>\n<p>KTOE\u00d6S Genel Sekreteri Tahir G\u00f6k\u00e7ebel, haz\u0131rlanan bilimsel metne, federasyonlarla onlara ba\u011fl\u0131 sendikalar\u0131n da yer ald\u0131\u011f\u0131 50\u2019ye yak\u0131n sivil toplum \u00f6rg\u00fct\u00fcn\u00fcn imza koydu\u011funu, toplumsal uzla\u015f\u0131n\u0131n oldu\u011fu bu metnin Ba\u015fbakan\u2019a iletildi\u011fini s\u00f6yledi.<\/p>\n<p>G\u00f6k\u00e7ebel, \u00fclkede n\u00fcfusla ilgili politika olmad\u0131\u011f\u0131n\u0131, k\u00fclt\u00fcr\u00fcn, dilin, dinin, ekonominin ya\u011fmaland\u0131\u011f\u0131n\u0131,\u00a0 b\u00fct\u00fcnl\u00fckl\u00fc \u00e7\u00f6z\u00fcm gerektiren ger\u00e7ek sorunlarla ilgili \u00e7\u00f6z\u00fcm \u00fcretilmedi\u011fini savundu.<\/p>\n<p>Konunun din olmad\u0131\u011f\u0131n\u0131, toplumun hassasiyetleri ve de\u011ferleriyle oynanmak istendi\u011fini iddia eden G\u00f6k\u00e7ebel, ortaokullarda ve ilkokullarda ba\u015f\u00f6rt\u00fcs\u00fc tart\u0131\u015fmalar\u0131ndan sonra k\u0131z \u00e7ocuklar\u0131n\u0131n 9 ya\u015f\u0131nda evlendirip evlendirilemeyece\u011finin mi tart\u0131\u015f\u0131laca\u011f\u0131n\u0131 sordu.<\/p>\n<p>G\u00f6k\u00e7ebel, \u201cKara \u00e7ar\u015faf\u0131 1930\u2019larda s\u00f6kerek atan, Atat\u00fcrk\u2019e ba\u011fl\u0131\u011f\u0131n\u0131 g\u00f6steren, \u00e7a\u011fda\u015f medeniyet yolunda gitmeye \u00e7al\u0131\u015fan toplumu bu zoraki, dayatma tart\u0131\u015fmalara \u00e7ekmeye \u00e7al\u0131\u015f\u0131yorlar. H\u00fck\u00fcmet, bu toplumsal uzla\u015f\u0131y\u0131 g\u00f6rmeli\u201d diye konu\u015ftu.<\/p>\n<p>Bilimsel, laik, dini, etnik sembollerden uzak, Anayasa ve Milli E\u011fitim Yasas\u0131 \u00e7er\u00e7evesinde kamusal e\u011fitimden yana olduklar\u0131n\u0131 ifade eden Tahir G\u00f6k\u00e7ebel, \u201cH\u00fck\u00fcmet, \u00e7ocuklar\u0131n, velilerin ve \u00f6\u011fretmenlerin \u00fczerinden bu y\u00fck\u00fc almal\u0131\u201d dedi.<\/p>\n<p>Tahir G\u00f6k\u00e7ebel, E\u011fitim Bakan\u0131\u2019n\u0131 da istifaya \u00e7a\u011f\u0131rarak, \u201c Bu \u00fclkenin insan\u0131 ayd\u0131n, bilin\u00e7li, de\u011ferlerine ba\u011fl\u0131, d\u00fc\u015f\u00fcncelerini ifade edebilen, eylemsel olarak da bunu hayata ge\u00e7irilen insanlard\u0131r. Biz uyuz, uyu\u015fuk bir toplum de\u011filiz. \u00c7ok dayatma g\u00f6rd\u00fck, hepsiyle de m\u00fccadele ettik. Bu sorunu gerginlik yaratarak ya da \u2018uzla\u015f\u0131 tiyatrosuyla\u2019 \u00e7\u00f6zemezsiniz\u201d diye konu\u015ftu.<\/p>\n<p>KT\u00d6S Genel Ba\u015fkan\u0131 Mustafa Baybora ise, bu filmi daha \u00f6nce g\u00f6rd\u00fcklerini kaydederek T\u00fcrkiye\u2019de demokrasinin, insan hak ve \u00f6zg\u00fcrl\u00fcklerinin, yasama, y\u00fcr\u00fctme ve yarg\u0131n\u0131n tek elde oldu\u011funu iddia etti.<\/p>\n<p>\u00d6\u011fretmenlerin laiklikten \u00f6d\u00fcn vermeyece\u011fini de vurgulayan Baybora, Bay\u0131nd\u0131rl\u0131k ve Ula\u015ft\u0131rma Bakan\u0131 Erhan Ar\u0131kl\u0131\u2019n\u0131n neden bu toplant\u0131lara kat\u0131lmad\u0131\u011f\u0131 sordu.<\/p>\n<p>Baybora, Ar\u0131kl\u0131\u2019y\u0131 \u201cetnik k\u00f6ken ve din \u00fczerinden oy dev\u015firmekle ve toplumu kutupla\u015ft\u0131rmakla\u201d da su\u00e7lad\u0131.<\/p>\n<p>\u015eura yapmayan E\u011fitim Bakan\u0131\u2019n\u0131n bug\u00fcnk\u00fc toplant\u0131da \u00e7al\u0131\u015ftaydan s\u00f6z etti\u011fini de s\u00f6yleyen Baybora, \u00c7avu\u015fo\u011flu\u2019nun \u201ctav\u015fana ka\u00e7, taz\u0131ya da tut\u201d dedi\u011fini ileri s\u00fcrd\u00fc.<\/p>\n<p>E\u011fitim Bakan\u0131 Naz\u0131m \u00c7avu\u015fo\u011flu\u2019nu da istifaya \u00e7a\u011f\u0131ran Baybora, \u201cLaik ya\u015fam tarz\u0131ndan \u00f6d\u00fcn vermeyece\u011fiz\u201d dedi.<\/p>\n<p>Baybora, \u201cBilimsel temelde, Anayasa temelinde konu net ve sarihtir. 18 ya\u015f\u0131na kadar herkes \u00e7ocuktur ve \u00e7ocuklar siyasi sembollerle okula g\u00f6nderilemez\u201d dedi.<\/p>\n<p>Toplant\u0131dan kat\u0131lan Barolar Birli\u011fi Ba\u015fkan\u0131 Hasan Esenda\u011fl\u0131 da \u00f6nerilerini Ba\u015fbakan\u2019a yaz\u0131l\u0131 olarak ilettiklerini, tarafs\u0131z ve bilimsel bir komite \u00f6nerileri oldu\u011funu kaydetti.<\/p>\n<p>Ba\u015fbakan\u2019a iletilen metne imza koyan siyasi parti ve \u00f6rg\u00fctler ise \u015f\u00f6yle a\u00e7\u0131kland\u0131:<\/p>\n<p>\u201cArif Hasan Tahsin Vakf\u0131, Ba\u011f\u0131ms\u0131zl\u0131k Yolu, Baraka K\u00fclt\u00fcr Merkezi, Bar\u0131\u015f Derne\u011fi, Bar\u0131\u015f ve Demokrasi \u0130nsiyatifi, BASIN-SEN, BES, Biyologlar Derne\u011fi, BKP, \u00c7A\u011e-SEN, DA\u00dc-B\u0130RSEN, DA\u00dc-SEN, DEV-\u0130\u015e, EL-SEN, G\u00dc\u00c7-SEN, HAKSEN, Hava Trafik Kontrol\u00f6rleri Sendikas\u0131, H\u00dcR-\u0130\u015e, Kad\u0131n E\u011fitimi Kolektifi, Kamu-Sen, K\u0131br\u0131s Sanat\u00e7\u0131 ve Yazarlar Birli\u011fi, K\u0131br\u0131s T\u00fcrk Di\u015f Tabipleri Odas\u0131, K\u0131br\u0131s T\u00fcrk Hekimler Sendikas\u0131, K\u0131br\u0131s T\u00fcrk Psikolojik Dan\u0131\u015fmanl\u0131k ve Rehberlik Derne\u011fi, K\u0131br\u0131s T\u00fcrk Tabipleri Birli\u011fi, K\u0131br\u0131s T\u00fcrk Tabipleri Odas\u0131, K\u0130EF, KKTC Alevi K\u00fclt\u00fcr Merkezi, Koop-Sen, KTAMS, KTMMOB, Maliye-Sen, Sol Hareket, TDP, T\u00dcRK-SEN, Vergi-Sen, YKP ve Yurtsever K\u0131br\u0131sl\u0131lar Hareketi.\u201d<\/p>\n<\/p><\/div>\n<p><script async\n                    defer\n                    crossorigin=\"anonymous\"\n                    src=\"https:\/\/connect.facebook.net\/tr_TR\/sdk.js#xfbml=1&#038;version=v3.3\"\n            ><\/script><\/p>\n","protected":false},"excerpt":{"rendered":"<p>K\u0131br\u0131s T\u00fcrk Orta E\u011fitim \u00d6\u011fretmenler Sendikas\u0131 (KTOE\u00d6S) ile K\u0131br\u0131s T\u00fcrk \u00d6\u011fretmenler Sendikas\u0131 (KT\u00d6S) Disiplin T\u00fcz\u00fc\u011f\u00fc de\u011fi\u015fikli\u011fi ile g\u00fcndeme gelen konunun sadece \u00f6\u011fretmenlerin de\u011fil, toplumun meselesi oldu\u011funu kaydederek, Ba\u015fbakan \u00dcnal \u00dcstel\u2019e toplumsal uzla\u015f\u0131y\u0131 dikkate alma \u00e7a\u011fr\u0131s\u0131 yapt\u0131. Sendikalar, konunun bug\u00fcn ak\u015fam\u00fczeri KTOE\u00d6S\u2019te yap\u0131lacak toplant\u0131da ele al\u0131naca\u011f\u0131n\u0131 da a\u00e7\u0131klad\u0131. Disiplin T\u00fcz\u00fc\u011f\u00fc, Ba\u015fbakan \u00dcnal \u00dcstel\u2019in davetiyle h\u00fck\u00fcmet ortaklar\u0131,<\/p>\n","protected":false},"author":1,"featured_media":79324,"comment_status":"open","ping_status":"open","sticky":false,"template":"","format":"standard","meta":{"footnotes":""},"categories":[81,101],"tags":[],"class_list":["post-79323","post","type-post","status-publish","format-standard","has-post-thumbnail","hentry","category-kibris","category-manset"],"yoast_head":"<!-- This site is optimized with the Yoast SEO plugin v27.5 - https:\/\/yoast.com\/product\/yoast-seo-wordpress\/ -->\n<title>KTOE\u00d6S ile KT\u00d6S\u2019ten Ba\u015fbakan\u2019a \u00e7a\u011fr\u0131: \u201cMesele \u00f6\u011fretmenlerin de\u011fil toplumun meselesidir\u201d -<\/title>\n<meta name=\"robots\" content=\"index, follow, max-snippet:-1, max-image-preview:large, max-video-preview:-1\" \/>\n<link rel=\"canonical\" href=\"https:\/\/kibrisdakik.com\/?p=79323\" \/>\n<meta property=\"og:locale\" content=\"tr_TR\" \/>\n<meta property=\"og:type\" content=\"article\" \/>\n<meta property=\"og:title\" content=\"KTOE\u00d6S ile KT\u00d6S\u2019ten Ba\u015fbakan\u2019a \u00e7a\u011fr\u0131: \u201cMesele \u00f6\u011fretmenlerin de\u011fil toplumun meselesidir\u201d -\" \/>\n<meta property=\"og:description\" content=\"K\u0131br\u0131s T\u00fcrk Orta E\u011fitim \u00d6\u011fretmenler Sendikas\u0131 (KTOE\u00d6S) ile K\u0131br\u0131s T\u00fcrk \u00d6\u011fretmenler Sendikas\u0131 (KT\u00d6S) Disiplin T\u00fcz\u00fc\u011f\u00fc de\u011fi\u015fikli\u011fi ile g\u00fcndeme gelen konunun sadece \u00f6\u011fretmenlerin de\u011fil, toplumun meselesi oldu\u011funu kaydederek, Ba\u015fbakan \u00dcnal \u00dcstel\u2019e toplumsal uzla\u015f\u0131y\u0131 dikkate alma \u00e7a\u011fr\u0131s\u0131 yapt\u0131. Sendikalar, konunun bug\u00fcn ak\u015fam\u00fczeri KTOE\u00d6S\u2019te yap\u0131lacak toplant\u0131da ele al\u0131naca\u011f\u0131n\u0131 da a\u00e7\u0131klad\u0131. Disiplin T\u00fcz\u00fc\u011f\u00fc, Ba\u015fbakan \u00dcnal \u00dcstel\u2019in davetiyle h\u00fck\u00fcmet ortaklar\u0131,\" \/>\n<meta property=\"og:url\" content=\"https:\/\/kibrisdakik.com\/?p=79323\" \/>\n<meta property=\"article:published_time\" content=\"2025-04-02T15:09:27+00:00\" \/>\n<meta property=\"og:image\" content=\"https:\/\/kibrisdakik.com\/wp-content\/uploads\/2025\/04\/OGRETMEN-SENDIKLARI-USTEL-CAVUSOGLU-GORUSME-ERO-6-740x420.jpeg\" \/>\n\t<meta property=\"og:image:width\" content=\"924\" \/>\n\t<meta property=\"og:image:height\" content=\"435\" \/>\n\t<meta property=\"og:image:type\" content=\"image\/jpeg\" \/>\n<meta name=\"author\" content=\"admin\" \/>\n<meta name=\"twitter:card\" content=\"summary_large_image\" \/>\n<meta name=\"twitter:label1\" content=\"Yazan:\" \/>\n\t<meta name=\"twitter:data1\" content=\"admin\" \/>\n\t<meta name=\"twitter:label2\" content=\"Tahmini okuma s\u00fcresi\" \/>\n\t<meta name=\"twitter:data2\" content=\"6 dakika\" \/>\n<script type=\"application\/ld+json\" class=\"yoast-schema-graph\">{\"@context\":\"https:\\\/\\\/schema.org\",\"@graph\":[{\"@type\":\"Article\",\"@id\":\"https:\\\/\\\/kibrisdakik.com\\\/?p=79323#article\",\"isPartOf\":{\"@id\":\"https:\\\/\\\/kibrisdakik.com\\\/?p=79323\"},\"author\":{\"name\":\"admin\",\"@id\":\"https:\\\/\\\/kibrisdakik.com\\\/#\\\/schema\\\/person\\\/9cd9d437bbb44f72b73ba127e06d8e79\"},\"headline\":\"KTOE\u00d6S ile KT\u00d6S\u2019ten Ba\u015fbakan\u2019a \u00e7a\u011fr\u0131: \u201cMesele \u00f6\u011fretmenlerin de\u011fil toplumun meselesidir\u201d\",\"datePublished\":\"2025-04-02T15:09:27+00:00\",\"mainEntityOfPage\":{\"@id\":\"https:\\\/\\\/kibrisdakik.com\\\/?p=79323\"},\"wordCount\":1256,\"commentCount\":0,\"image\":{\"@id\":\"https:\\\/\\\/kibrisdakik.com\\\/?p=79323#primaryimage\"},\"thumbnailUrl\":\"https:\\\/\\\/kibrisdakik.com\\\/wp-content\\\/uploads\\\/2025\\\/04\\\/OGRETMEN-SENDIKLARI-USTEL-CAVUSOGLU-GORUSME-ERO-6-740x420.jpeg\",\"articleSection\":[\"K\u0131br\u0131s\",\"Man\u015fet\"],\"inLanguage\":\"tr\",\"potentialAction\":[{\"@type\":\"CommentAction\",\"name\":\"Comment\",\"target\":[\"https:\\\/\\\/kibrisdakik.com\\\/?p=79323#respond\"]}]},{\"@type\":\"WebPage\",\"@id\":\"https:\\\/\\\/kibrisdakik.com\\\/?p=79323\",\"url\":\"https:\\\/\\\/kibrisdakik.com\\\/?p=79323\",\"name\":\"KTOE\u00d6S ile KT\u00d6S\u2019ten Ba\u015fbakan\u2019a \u00e7a\u011fr\u0131: \u201cMesele \u00f6\u011fretmenlerin de\u011fil toplumun meselesidir\u201d -\",\"isPartOf\":{\"@id\":\"https:\\\/\\\/kibrisdakik.com\\\/#website\"},\"primaryImageOfPage\":{\"@id\":\"https:\\\/\\\/kibrisdakik.com\\\/?p=79323#primaryimage\"},\"image\":{\"@id\":\"https:\\\/\\\/kibrisdakik.com\\\/?p=79323#primaryimage\"},\"thumbnailUrl\":\"https:\\\/\\\/kibrisdakik.com\\\/wp-content\\\/uploads\\\/2025\\\/04\\\/OGRETMEN-SENDIKLARI-USTEL-CAVUSOGLU-GORUSME-ERO-6-740x420.jpeg\",\"datePublished\":\"2025-04-02T15:09:27+00:00\",\"author\":{\"@id\":\"https:\\\/\\\/kibrisdakik.com\\\/#\\\/schema\\\/person\\\/9cd9d437bbb44f72b73ba127e06d8e79\"},\"breadcrumb\":{\"@id\":\"https:\\\/\\\/kibrisdakik.com\\\/?p=79323#breadcrumb\"},\"inLanguage\":\"tr\",\"potentialAction\":[{\"@type\":\"ReadAction\",\"target\":[\"https:\\\/\\\/kibrisdakik.com\\\/?p=79323\"]}]},{\"@type\":\"ImageObject\",\"inLanguage\":\"tr\",\"@id\":\"https:\\\/\\\/kibrisdakik.com\\\/?p=79323#primaryimage\",\"url\":\"https:\\\/\\\/kibrisdakik.com\\\/wp-content\\\/uploads\\\/2025\\\/04\\\/OGRETMEN-SENDIKLARI-USTEL-CAVUSOGLU-GORUSME-ERO-6-740x420.jpeg\",\"contentUrl\":\"https:\\\/\\\/kibrisdakik.com\\\/wp-content\\\/uploads\\\/2025\\\/04\\\/OGRETMEN-SENDIKLARI-USTEL-CAVUSOGLU-GORUSME-ERO-6-740x420.jpeg\",\"width\":924,\"height\":435},{\"@type\":\"BreadcrumbList\",\"@id\":\"https:\\\/\\\/kibrisdakik.com\\\/?p=79323#breadcrumb\",\"itemListElement\":[{\"@type\":\"ListItem\",\"position\":1,\"name\":\"Home\",\"item\":\"https:\\\/\\\/kibrisdakik.com\\\/\"},{\"@type\":\"ListItem\",\"position\":2,\"name\":\"KTOE\u00d6S ile KT\u00d6S\u2019ten Ba\u015fbakan\u2019a \u00e7a\u011fr\u0131: \u201cMesele \u00f6\u011fretmenlerin de\u011fil toplumun meselesidir\u201d\"}]},{\"@type\":\"WebSite\",\"@id\":\"https:\\\/\\\/kibrisdakik.com\\\/#website\",\"url\":\"https:\\\/\\\/kibrisdakik.com\\\/\",\"name\":\"\",\"description\":\"Tam vaktinde haber\",\"potentialAction\":[{\"@type\":\"SearchAction\",\"target\":{\"@type\":\"EntryPoint\",\"urlTemplate\":\"https:\\\/\\\/kibrisdakik.com\\\/?s={search_term_string}\"},\"query-input\":{\"@type\":\"PropertyValueSpecification\",\"valueRequired\":true,\"valueName\":\"search_term_string\"}}],\"inLanguage\":\"tr\"},{\"@type\":\"Person\",\"@id\":\"https:\\\/\\\/kibrisdakik.com\\\/#\\\/schema\\\/person\\\/9cd9d437bbb44f72b73ba127e06d8e79\",\"name\":\"admin\",\"image\":{\"@type\":\"ImageObject\",\"inLanguage\":\"tr\",\"@id\":\"https:\\\/\\\/secure.gravatar.com\\\/avatar\\\/ccc17943b9d660506c869530f897617f7cb1c21a4bf30023f252596d83e1f007?s=96&d=mm&r=g\",\"url\":\"https:\\\/\\\/secure.gravatar.com\\\/avatar\\\/ccc17943b9d660506c869530f897617f7cb1c21a4bf30023f252596d83e1f007?s=96&d=mm&r=g\",\"contentUrl\":\"https:\\\/\\\/secure.gravatar.com\\\/avatar\\\/ccc17943b9d660506c869530f897617f7cb1c21a4bf30023f252596d83e1f007?s=96&d=mm&r=g\",\"caption\":\"admin\"},\"sameAs\":[\"https:\\\/\\\/kibrisdakik.com\"],\"url\":\"https:\\\/\\\/kibrisdakik.com\\\/?author=1\"}]}<\/script>\n<!-- \/ Yoast SEO plugin. -->","yoast_head_json":{"title":"KTOE\u00d6S ile KT\u00d6S\u2019ten Ba\u015fbakan\u2019a \u00e7a\u011fr\u0131: \u201cMesele \u00f6\u011fretmenlerin de\u011fil toplumun meselesidir\u201d -","robots":{"index":"index","follow":"follow","max-snippet":"max-snippet:-1","max-image-preview":"max-image-preview:large","max-video-preview":"max-video-preview:-1"},"canonical":"https:\/\/kibrisdakik.com\/?p=79323","og_locale":"tr_TR","og_type":"article","og_title":"KTOE\u00d6S ile KT\u00d6S\u2019ten Ba\u015fbakan\u2019a \u00e7a\u011fr\u0131: \u201cMesele \u00f6\u011fretmenlerin de\u011fil toplumun meselesidir\u201d -","og_description":"K\u0131br\u0131s T\u00fcrk Orta E\u011fitim \u00d6\u011fretmenler Sendikas\u0131 (KTOE\u00d6S) ile K\u0131br\u0131s T\u00fcrk \u00d6\u011fretmenler Sendikas\u0131 (KT\u00d6S) Disiplin T\u00fcz\u00fc\u011f\u00fc de\u011fi\u015fikli\u011fi ile g\u00fcndeme gelen konunun sadece \u00f6\u011fretmenlerin de\u011fil, toplumun meselesi oldu\u011funu kaydederek, Ba\u015fbakan \u00dcnal \u00dcstel\u2019e toplumsal uzla\u015f\u0131y\u0131 dikkate alma \u00e7a\u011fr\u0131s\u0131 yapt\u0131. Sendikalar, konunun bug\u00fcn ak\u015fam\u00fczeri KTOE\u00d6S\u2019te yap\u0131lacak toplant\u0131da ele al\u0131naca\u011f\u0131n\u0131 da a\u00e7\u0131klad\u0131. Disiplin T\u00fcz\u00fc\u011f\u00fc, Ba\u015fbakan \u00dcnal \u00dcstel\u2019in davetiyle h\u00fck\u00fcmet ortaklar\u0131,","og_url":"https:\/\/kibrisdakik.com\/?p=79323","article_published_time":"2025-04-02T15:09:27+00:00","og_image":[{"width":924,"height":435,"url":"https:\/\/kibrisdakik.com\/wp-content\/uploads\/2025\/04\/OGRETMEN-SENDIKLARI-USTEL-CAVUSOGLU-GORUSME-ERO-6-740x420.jpeg","type":"image\/jpeg"}],"author":"admin","twitter_card":"summary_large_image","twitter_misc":{"Yazan:":"admin","Tahmini okuma s\u00fcresi":"6 dakika"},"schema":{"@context":"https:\/\/schema.org","@graph":[{"@type":"Article","@id":"https:\/\/kibrisdakik.com\/?p=79323#article","isPartOf":{"@id":"https:\/\/kibrisdakik.com\/?p=79323"},"author":{"name":"admin","@id":"https:\/\/kibrisdakik.com\/#\/schema\/person\/9cd9d437bbb44f72b73ba127e06d8e79"},"headline":"KTOE\u00d6S ile KT\u00d6S\u2019ten Ba\u015fbakan\u2019a \u00e7a\u011fr\u0131: \u201cMesele \u00f6\u011fretmenlerin de\u011fil toplumun meselesidir\u201d","datePublished":"2025-04-02T15:09:27+00:00","mainEntityOfPage":{"@id":"https:\/\/kibrisdakik.com\/?p=79323"},"wordCount":1256,"commentCount":0,"image":{"@id":"https:\/\/kibrisdakik.com\/?p=79323#primaryimage"},"thumbnailUrl":"https:\/\/kibrisdakik.com\/wp-content\/uploads\/2025\/04\/OGRETMEN-SENDIKLARI-USTEL-CAVUSOGLU-GORUSME-ERO-6-740x420.jpeg","articleSection":["K\u0131br\u0131s","Man\u015fet"],"inLanguage":"tr","potentialAction":[{"@type":"CommentAction","name":"Comment","target":["https:\/\/kibrisdakik.com\/?p=79323#respond"]}]},{"@type":"WebPage","@id":"https:\/\/kibrisdakik.com\/?p=79323","url":"https:\/\/kibrisdakik.com\/?p=79323","name":"KTOE\u00d6S ile KT\u00d6S\u2019ten Ba\u015fbakan\u2019a \u00e7a\u011fr\u0131: \u201cMesele \u00f6\u011fretmenlerin de\u011fil toplumun meselesidir\u201d -","isPartOf":{"@id":"https:\/\/kibrisdakik.com\/#website"},"primaryImageOfPage":{"@id":"https:\/\/kibrisdakik.com\/?p=79323#primaryimage"},"image":{"@id":"https:\/\/kibrisdakik.com\/?p=79323#primaryimage"},"thumbnailUrl":"https:\/\/kibrisdakik.com\/wp-content\/uploads\/2025\/04\/OGRETMEN-SENDIKLARI-USTEL-CAVUSOGLU-GORUSME-ERO-6-740x420.jpeg","datePublished":"2025-04-02T15:09:27+00:00","author":{"@id":"https:\/\/kibrisdakik.com\/#\/schema\/person\/9cd9d437bbb44f72b73ba127e06d8e79"},"breadcrumb":{"@id":"https:\/\/kibrisdakik.com\/?p=79323#breadcrumb"},"inLanguage":"tr","potentialAction":[{"@type":"ReadAction","target":["https:\/\/kibrisdakik.com\/?p=79323"]}]},{"@type":"ImageObject","inLanguage":"tr","@id":"https:\/\/kibrisdakik.com\/?p=79323#primaryimage","url":"https:\/\/kibrisdakik.com\/wp-content\/uploads\/2025\/04\/OGRETMEN-SENDIKLARI-USTEL-CAVUSOGLU-GORUSME-ERO-6-740x420.jpeg","contentUrl":"https:\/\/kibrisdakik.com\/wp-content\/uploads\/2025\/04\/OGRETMEN-SENDIKLARI-USTEL-CAVUSOGLU-GORUSME-ERO-6-740x420.jpeg","width":924,"height":435},{"@type":"BreadcrumbList","@id":"https:\/\/kibrisdakik.com\/?p=79323#breadcrumb","itemListElement":[{"@type":"ListItem","position":1,"name":"Home","item":"https:\/\/kibrisdakik.com\/"},{"@type":"ListItem","position":2,"name":"KTOE\u00d6S ile KT\u00d6S\u2019ten Ba\u015fbakan\u2019a \u00e7a\u011fr\u0131: \u201cMesele \u00f6\u011fretmenlerin de\u011fil toplumun meselesidir\u201d"}]},{"@type":"WebSite","@id":"https:\/\/kibrisdakik.com\/#website","url":"https:\/\/kibrisdakik.com\/","name":"","description":"Tam vaktinde haber","potentialAction":[{"@type":"SearchAction","target":{"@type":"EntryPoint","urlTemplate":"https:\/\/kibrisdakik.com\/?s={search_term_string}"},"query-input":{"@type":"PropertyValueSpecification","valueRequired":true,"valueName":"search_term_string"}}],"inLanguage":"tr"},{"@type":"Person","@id":"https:\/\/kibrisdakik.com\/#\/schema\/person\/9cd9d437bbb44f72b73ba127e06d8e79","name":"admin","image":{"@type":"ImageObject","inLanguage":"tr","@id":"https:\/\/secure.gravatar.com\/avatar\/ccc17943b9d660506c869530f897617f7cb1c21a4bf30023f252596d83e1f007?s=96&d=mm&r=g","url":"https:\/\/secure.gravatar.com\/avatar\/ccc17943b9d660506c869530f897617f7cb1c21a4bf30023f252596d83e1f007?s=96&d=mm&r=g","contentUrl":"https:\/\/secure.gravatar.com\/avatar\/ccc17943b9d660506c869530f897617f7cb1c21a4bf30023f252596d83e1f007?s=96&d=mm&r=g","caption":"admin"},"sameAs":["https:\/\/kibrisdakik.com"],"url":"https:\/\/kibrisdakik.com\/?author=1"}]}},"_links":{"self":[{"href":"https:\/\/kibrisdakik.com\/index.php?rest_route=\/wp\/v2\/posts\/79323","targetHints":{"allow":["GET"]}}],"collection":[{"href":"https:\/\/kibrisdakik.com\/index.php?rest_route=\/wp\/v2\/posts"}],"about":[{"href":"https:\/\/kibrisdakik.com\/index.php?rest_route=\/wp\/v2\/types\/post"}],"author":[{"embeddable":true,"href":"https:\/\/kibrisdakik.com\/index.php?rest_route=\/wp\/v2\/users\/1"}],"replies":[{"embeddable":true,"href":"https:\/\/kibrisdakik.com\/index.php?rest_route=%2Fwp%2Fv2%2Fcomments&post=79323"}],"version-history":[{"count":0,"href":"https:\/\/kibrisdakik.com\/index.php?rest_route=\/wp\/v2\/posts\/79323\/revisions"}],"wp:featuredmedia":[{"embeddable":true,"href":"https:\/\/kibrisdakik.com\/index.php?rest_route=\/wp\/v2\/media\/79324"}],"wp:attachment":[{"href":"https:\/\/kibrisdakik.com\/index.php?rest_route=%2Fwp%2Fv2%2Fmedia&parent=79323"}],"wp:term":[{"taxonomy":"category","embeddable":true,"href":"https:\/\/kibrisdakik.com\/index.php?rest_route=%2Fwp%2Fv2%2Fcategories&post=79323"},{"taxonomy":"post_tag","embeddable":true,"href":"https:\/\/kibrisdakik.com\/index.php?rest_route=%2Fwp%2Fv2%2Ftags&post=79323"}],"curies":[{"name":"wp","href":"https:\/\/api.w.org\/{rel}","templated":true}]}}