{"id":79327,"date":"2025-04-02T18:15:00","date_gmt":"2025-04-02T15:15:00","guid":{"rendered":"https:\/\/kibrisdakik.com\/index.php\/2025\/04\/02\/uludagda-otel-yangini-hayatini-kaybedenlerin-sayisi-uce-yukseldi\/"},"modified":"2025-04-02T18:15:00","modified_gmt":"2025-04-02T15:15:00","slug":"uludagda-otel-yangini-hayatini-kaybedenlerin-sayisi-uce-yukseldi","status":"publish","type":"post","link":"https:\/\/kibrisdakik.com\/?p=79327","title":{"rendered":"Uluda\u011f\u2019da otel yang\u0131n\u0131: Hayat\u0131n\u0131 kaybedenlerin say\u0131s\u0131 \u00fc\u00e7e y\u00fckseldi"},"content":{"rendered":"<p><\/p>\n<div>\n<div class=\"mariselle-image-container none\">\n                <img loading=\"lazy\" decoding=\"async\" width=\"864\" height=\"486\" class=\"lazy-image\" alt=\"\" sizes=\"auto, (max-width: 864px) 100vw, 864px\" src=\"https:\/\/brtk.net\/wp-content\/uploads\/2025\/04\/02\/ULUDAGOTELYANGIN.jpg?ver=864f381727cc99963a6fc4c7b21e95b6\" srcset=\"https:\/\/brtk.net\/wp-content\/uploads\/2025\/04\/02\/ULUDAGOTELYANGIN.jpg?ver=864f381727cc99963a6fc4c7b21e95b6 864w, https:\/\/brtk.net\/wp-content\/uploads\/2025\/04\/02\/ULUDAGOTELYANGIN-300x169.jpg?ver=e8ded7fa7798a0ed4eca546cfbf22ad2 300w, https:\/\/brtk.net\/wp-content\/uploads\/2025\/04\/02\/ULUDAGOTELYANGIN-768x432.jpg?ver=e8ded7fa7798a0ed4eca546cfbf22ad2 768w\"\/>                            <\/div>\n<p>Uluda\u011f\u2019daki otel yang\u0131n\u0131nda a\u011f\u0131r yaralanan Fikriye Usta, tedavi g\u00f6rd\u00fc\u011f\u00fc hastanede hayat\u0131n\u0131 kaybetti.<\/p>\n<p>Uluda\u011f\u2019daki bir otelde 27 Mart\u2019ta \u00e7\u0131kan yang\u0131nda milli kayak\u00e7\u0131 o\u011flu Berkin Usta ve eski milli kayak\u00e7\u0131 e\u015fi Yahya Usta\u2019y\u0131 kaybeden Fikriye Usta, yaral\u0131 olarak kald\u0131r\u0131ld\u0131\u011f\u0131 Y\u00fcksek \u0130htisas E\u011fitim ve Ara\u015ft\u0131rma Hastanesi\u2019nde ya\u015fam\u0131n\u0131 yitirdi.<\/p>\n<p>Yo\u011fun bak\u0131m \u00fcnitesindeki 7 g\u00fcnl\u00fck tedaviye ra\u011fmen kurtar\u0131lamayan Usta i\u00e7in yar\u0131n cenaze t\u00f6reni d\u00fczenlenece\u011fi \u00f6\u011frenildi.<\/p>\n<p>Uluda\u011f\u2019daki bir otelde yang\u0131n \u00e7\u0131km\u0131\u015f, ihbar \u00fczerine b\u00f6lgeye \u00e7e\u015fitli kamu kurum ve kurulu\u015flar\u0131ndan sevk edilen 110 personelle yang\u0131n s\u00f6nd\u00fcr\u00fclm\u00fc\u015ft\u00fc. Yang\u0131nda, T\u00fcrkiye Kayak ve Snowboard \u00d6\u011fretmenleri Derne\u011fi Ba\u015fkan\u0131 ve eski milli kayak\u00e7\u0131 Yahya Usta, e\u015fi Fikriye ve milli kayak\u00e7\u0131 o\u011flu Berkin Usta, dumandan etkilenmi\u015f, otelden bilinci kapal\u0131 \u00e7\u0131kar\u0131lan Yahya Usta ve o\u011flu Berkin m\u00fcdahaleye ra\u011fmen kurtar\u0131lamam\u0131\u015ft\u0131. Hayati tehlikesi bulunan Fikriye Usta ise Bursa Y\u00fcksek \u0130htisas E\u011fitim ve Ara\u015ft\u0131rma Hastanesine sevk edilmi\u015fti.<\/p>\n<\/p><\/div>\n<p><script async\n                    defer\n                    crossorigin=\"anonymous\"\n                    src=\"https:\/\/connect.facebook.net\/tr_TR\/sdk.js#xfbml=1&#038;version=v3.3\"\n            ><\/script><\/p>\n","protected":false},"excerpt":{"rendered":"<p>Uluda\u011f\u2019daki otel yang\u0131n\u0131nda a\u011f\u0131r yaralanan Fikriye Usta, tedavi g\u00f6rd\u00fc\u011f\u00fc hastanede hayat\u0131n\u0131 kaybetti. Uluda\u011f\u2019daki bir otelde 27 Mart\u2019ta \u00e7\u0131kan yang\u0131nda milli kayak\u00e7\u0131 o\u011flu Berkin Usta ve eski milli kayak\u00e7\u0131 e\u015fi Yahya Usta\u2019y\u0131 kaybeden Fikriye Usta, yaral\u0131 olarak kald\u0131r\u0131ld\u0131\u011f\u0131 Y\u00fcksek \u0130htisas E\u011fitim ve Ara\u015ft\u0131rma Hastanesi\u2019nde ya\u015fam\u0131n\u0131 yitirdi. Yo\u011fun bak\u0131m \u00fcnitesindeki 7 g\u00fcnl\u00fck tedaviye ra\u011fmen kurtar\u0131lamayan Usta i\u00e7in<\/p>\n","protected":false},"author":1,"featured_media":79328,"comment_status":"open","ping_status":"open","sticky":false,"template":"","format":"standard","meta":{"footnotes":""},"categories":[86],"tags":[],"class_list":["post-79327","post","type-post","status-publish","format-standard","has-post-thumbnail","hentry","category-turkiye"],"yoast_head":"<!-- This site is optimized with the Yoast SEO plugin v27.5 - https:\/\/yoast.com\/product\/yoast-seo-wordpress\/ -->\n<title>Uluda\u011f\u2019da otel yang\u0131n\u0131: Hayat\u0131n\u0131 kaybedenlerin say\u0131s\u0131 \u00fc\u00e7e y\u00fckseldi -<\/title>\n<meta name=\"robots\" content=\"index, follow, max-snippet:-1, max-image-preview:large, max-video-preview:-1\" \/>\n<link rel=\"canonical\" href=\"https:\/\/kibrisdakik.com\/?p=79327\" \/>\n<meta property=\"og:locale\" content=\"tr_TR\" \/>\n<meta property=\"og:type\" content=\"article\" \/>\n<meta property=\"og:title\" content=\"Uluda\u011f\u2019da otel yang\u0131n\u0131: Hayat\u0131n\u0131 kaybedenlerin say\u0131s\u0131 \u00fc\u00e7e y\u00fckseldi -\" \/>\n<meta property=\"og:description\" content=\"Uluda\u011f\u2019daki otel yang\u0131n\u0131nda a\u011f\u0131r yaralanan Fikriye Usta, tedavi g\u00f6rd\u00fc\u011f\u00fc hastanede hayat\u0131n\u0131 kaybetti. Uluda\u011f\u2019daki bir otelde 27 Mart\u2019ta \u00e7\u0131kan yang\u0131nda milli kayak\u00e7\u0131 o\u011flu Berkin Usta ve eski milli kayak\u00e7\u0131 e\u015fi Yahya Usta\u2019y\u0131 kaybeden Fikriye Usta, yaral\u0131 olarak kald\u0131r\u0131ld\u0131\u011f\u0131 Y\u00fcksek \u0130htisas E\u011fitim ve Ara\u015ft\u0131rma Hastanesi\u2019nde ya\u015fam\u0131n\u0131 yitirdi. Yo\u011fun bak\u0131m \u00fcnitesindeki 7 g\u00fcnl\u00fck tedaviye ra\u011fmen kurtar\u0131lamayan Usta i\u00e7in\" \/>\n<meta property=\"og:url\" content=\"https:\/\/kibrisdakik.com\/?p=79327\" \/>\n<meta property=\"article:published_time\" content=\"2025-04-02T15:15:00+00:00\" \/>\n<meta property=\"og:image\" content=\"https:\/\/kibrisdakik.com\/wp-content\/uploads\/2025\/04\/ULUDAGOTELYANGIN-740x420.jpg\" \/>\n\t<meta property=\"og:image:width\" content=\"864\" \/>\n\t<meta property=\"og:image:height\" content=\"486\" \/>\n\t<meta property=\"og:image:type\" content=\"image\/jpeg\" \/>\n<meta name=\"author\" content=\"admin\" \/>\n<meta name=\"twitter:card\" content=\"summary_large_image\" \/>\n<meta name=\"twitter:label1\" content=\"Yazan:\" \/>\n\t<meta name=\"twitter:data1\" content=\"admin\" \/>\n\t<meta name=\"twitter:label2\" content=\"Tahmini okuma s\u00fcresi\" \/>\n\t<meta name=\"twitter:data2\" content=\"1 dakika\" \/>\n<script type=\"application\/ld+json\" class=\"yoast-schema-graph\">{\"@context\":\"https:\\\/\\\/schema.org\",\"@graph\":[{\"@type\":\"Article\",\"@id\":\"https:\\\/\\\/kibrisdakik.com\\\/?p=79327#article\",\"isPartOf\":{\"@id\":\"https:\\\/\\\/kibrisdakik.com\\\/?p=79327\"},\"author\":{\"name\":\"admin\",\"@id\":\"https:\\\/\\\/kibrisdakik.com\\\/#\\\/schema\\\/person\\\/9cd9d437bbb44f72b73ba127e06d8e79\"},\"headline\":\"Uluda\u011f\u2019da otel yang\u0131n\u0131: Hayat\u0131n\u0131 kaybedenlerin say\u0131s\u0131 \u00fc\u00e7e y\u00fckseldi\",\"datePublished\":\"2025-04-02T15:15:00+00:00\",\"mainEntityOfPage\":{\"@id\":\"https:\\\/\\\/kibrisdakik.com\\\/?p=79327\"},\"wordCount\":200,\"commentCount\":0,\"image\":{\"@id\":\"https:\\\/\\\/kibrisdakik.com\\\/?p=79327#primaryimage\"},\"thumbnailUrl\":\"https:\\\/\\\/kibrisdakik.com\\\/wp-content\\\/uploads\\\/2025\\\/04\\\/ULUDAGOTELYANGIN-740x420.jpg\",\"articleSection\":[\"T\u00fcrkiye\"],\"inLanguage\":\"tr\",\"potentialAction\":[{\"@type\":\"CommentAction\",\"name\":\"Comment\",\"target\":[\"https:\\\/\\\/kibrisdakik.com\\\/?p=79327#respond\"]}]},{\"@type\":\"WebPage\",\"@id\":\"https:\\\/\\\/kibrisdakik.com\\\/?p=79327\",\"url\":\"https:\\\/\\\/kibrisdakik.com\\\/?p=79327\",\"name\":\"Uluda\u011f\u2019da otel yang\u0131n\u0131: Hayat\u0131n\u0131 kaybedenlerin say\u0131s\u0131 \u00fc\u00e7e y\u00fckseldi -\",\"isPartOf\":{\"@id\":\"https:\\\/\\\/kibrisdakik.com\\\/#website\"},\"primaryImageOfPage\":{\"@id\":\"https:\\\/\\\/kibrisdakik.com\\\/?p=79327#primaryimage\"},\"image\":{\"@id\":\"https:\\\/\\\/kibrisdakik.com\\\/?p=79327#primaryimage\"},\"thumbnailUrl\":\"https:\\\/\\\/kibrisdakik.com\\\/wp-content\\\/uploads\\\/2025\\\/04\\\/ULUDAGOTELYANGIN-740x420.jpg\",\"datePublished\":\"2025-04-02T15:15:00+00:00\",\"author\":{\"@id\":\"https:\\\/\\\/kibrisdakik.com\\\/#\\\/schema\\\/person\\\/9cd9d437bbb44f72b73ba127e06d8e79\"},\"breadcrumb\":{\"@id\":\"https:\\\/\\\/kibrisdakik.com\\\/?p=79327#breadcrumb\"},\"inLanguage\":\"tr\",\"potentialAction\":[{\"@type\":\"ReadAction\",\"target\":[\"https:\\\/\\\/kibrisdakik.com\\\/?p=79327\"]}]},{\"@type\":\"ImageObject\",\"inLanguage\":\"tr\",\"@id\":\"https:\\\/\\\/kibrisdakik.com\\\/?p=79327#primaryimage\",\"url\":\"https:\\\/\\\/kibrisdakik.com\\\/wp-content\\\/uploads\\\/2025\\\/04\\\/ULUDAGOTELYANGIN-740x420.jpg\",\"contentUrl\":\"https:\\\/\\\/kibrisdakik.com\\\/wp-content\\\/uploads\\\/2025\\\/04\\\/ULUDAGOTELYANGIN-740x420.jpg\",\"width\":864,\"height\":486},{\"@type\":\"BreadcrumbList\",\"@id\":\"https:\\\/\\\/kibrisdakik.com\\\/?p=79327#breadcrumb\",\"itemListElement\":[{\"@type\":\"ListItem\",\"position\":1,\"name\":\"Home\",\"item\":\"https:\\\/\\\/kibrisdakik.com\\\/\"},{\"@type\":\"ListItem\",\"position\":2,\"name\":\"Uluda\u011f\u2019da otel yang\u0131n\u0131: Hayat\u0131n\u0131 kaybedenlerin say\u0131s\u0131 \u00fc\u00e7e y\u00fckseldi\"}]},{\"@type\":\"WebSite\",\"@id\":\"https:\\\/\\\/kibrisdakik.com\\\/#website\",\"url\":\"https:\\\/\\\/kibrisdakik.com\\\/\",\"name\":\"\",\"description\":\"Tam vaktinde haber\",\"potentialAction\":[{\"@type\":\"SearchAction\",\"target\":{\"@type\":\"EntryPoint\",\"urlTemplate\":\"https:\\\/\\\/kibrisdakik.com\\\/?s={search_term_string}\"},\"query-input\":{\"@type\":\"PropertyValueSpecification\",\"valueRequired\":true,\"valueName\":\"search_term_string\"}}],\"inLanguage\":\"tr\"},{\"@type\":\"Person\",\"@id\":\"https:\\\/\\\/kibrisdakik.com\\\/#\\\/schema\\\/person\\\/9cd9d437bbb44f72b73ba127e06d8e79\",\"name\":\"admin\",\"image\":{\"@type\":\"ImageObject\",\"inLanguage\":\"tr\",\"@id\":\"https:\\\/\\\/secure.gravatar.com\\\/avatar\\\/ccc17943b9d660506c869530f897617f7cb1c21a4bf30023f252596d83e1f007?s=96&d=mm&r=g\",\"url\":\"https:\\\/\\\/secure.gravatar.com\\\/avatar\\\/ccc17943b9d660506c869530f897617f7cb1c21a4bf30023f252596d83e1f007?s=96&d=mm&r=g\",\"contentUrl\":\"https:\\\/\\\/secure.gravatar.com\\\/avatar\\\/ccc17943b9d660506c869530f897617f7cb1c21a4bf30023f252596d83e1f007?s=96&d=mm&r=g\",\"caption\":\"admin\"},\"sameAs\":[\"https:\\\/\\\/kibrisdakik.com\"],\"url\":\"https:\\\/\\\/kibrisdakik.com\\\/?author=1\"}]}<\/script>\n<!-- \/ Yoast SEO plugin. -->","yoast_head_json":{"title":"Uluda\u011f\u2019da otel yang\u0131n\u0131: Hayat\u0131n\u0131 kaybedenlerin say\u0131s\u0131 \u00fc\u00e7e y\u00fckseldi -","robots":{"index":"index","follow":"follow","max-snippet":"max-snippet:-1","max-image-preview":"max-image-preview:large","max-video-preview":"max-video-preview:-1"},"canonical":"https:\/\/kibrisdakik.com\/?p=79327","og_locale":"tr_TR","og_type":"article","og_title":"Uluda\u011f\u2019da otel yang\u0131n\u0131: Hayat\u0131n\u0131 kaybedenlerin say\u0131s\u0131 \u00fc\u00e7e y\u00fckseldi -","og_description":"Uluda\u011f\u2019daki otel yang\u0131n\u0131nda a\u011f\u0131r yaralanan Fikriye Usta, tedavi g\u00f6rd\u00fc\u011f\u00fc hastanede hayat\u0131n\u0131 kaybetti. Uluda\u011f\u2019daki bir otelde 27 Mart\u2019ta \u00e7\u0131kan yang\u0131nda milli kayak\u00e7\u0131 o\u011flu Berkin Usta ve eski milli kayak\u00e7\u0131 e\u015fi Yahya Usta\u2019y\u0131 kaybeden Fikriye Usta, yaral\u0131 olarak kald\u0131r\u0131ld\u0131\u011f\u0131 Y\u00fcksek \u0130htisas E\u011fitim ve Ara\u015ft\u0131rma Hastanesi\u2019nde ya\u015fam\u0131n\u0131 yitirdi. Yo\u011fun bak\u0131m \u00fcnitesindeki 7 g\u00fcnl\u00fck tedaviye ra\u011fmen kurtar\u0131lamayan Usta i\u00e7in","og_url":"https:\/\/kibrisdakik.com\/?p=79327","article_published_time":"2025-04-02T15:15:00+00:00","og_image":[{"width":864,"height":486,"url":"https:\/\/kibrisdakik.com\/wp-content\/uploads\/2025\/04\/ULUDAGOTELYANGIN-740x420.jpg","type":"image\/jpeg"}],"author":"admin","twitter_card":"summary_large_image","twitter_misc":{"Yazan:":"admin","Tahmini okuma s\u00fcresi":"1 dakika"},"schema":{"@context":"https:\/\/schema.org","@graph":[{"@type":"Article","@id":"https:\/\/kibrisdakik.com\/?p=79327#article","isPartOf":{"@id":"https:\/\/kibrisdakik.com\/?p=79327"},"author":{"name":"admin","@id":"https:\/\/kibrisdakik.com\/#\/schema\/person\/9cd9d437bbb44f72b73ba127e06d8e79"},"headline":"Uluda\u011f\u2019da otel yang\u0131n\u0131: Hayat\u0131n\u0131 kaybedenlerin say\u0131s\u0131 \u00fc\u00e7e y\u00fckseldi","datePublished":"2025-04-02T15:15:00+00:00","mainEntityOfPage":{"@id":"https:\/\/kibrisdakik.com\/?p=79327"},"wordCount":200,"commentCount":0,"image":{"@id":"https:\/\/kibrisdakik.com\/?p=79327#primaryimage"},"thumbnailUrl":"https:\/\/kibrisdakik.com\/wp-content\/uploads\/2025\/04\/ULUDAGOTELYANGIN-740x420.jpg","articleSection":["T\u00fcrkiye"],"inLanguage":"tr","potentialAction":[{"@type":"CommentAction","name":"Comment","target":["https:\/\/kibrisdakik.com\/?p=79327#respond"]}]},{"@type":"WebPage","@id":"https:\/\/kibrisdakik.com\/?p=79327","url":"https:\/\/kibrisdakik.com\/?p=79327","name":"Uluda\u011f\u2019da otel yang\u0131n\u0131: Hayat\u0131n\u0131 kaybedenlerin say\u0131s\u0131 \u00fc\u00e7e y\u00fckseldi -","isPartOf":{"@id":"https:\/\/kibrisdakik.com\/#website"},"primaryImageOfPage":{"@id":"https:\/\/kibrisdakik.com\/?p=79327#primaryimage"},"image":{"@id":"https:\/\/kibrisdakik.com\/?p=79327#primaryimage"},"thumbnailUrl":"https:\/\/kibrisdakik.com\/wp-content\/uploads\/2025\/04\/ULUDAGOTELYANGIN-740x420.jpg","datePublished":"2025-04-02T15:15:00+00:00","author":{"@id":"https:\/\/kibrisdakik.com\/#\/schema\/person\/9cd9d437bbb44f72b73ba127e06d8e79"},"breadcrumb":{"@id":"https:\/\/kibrisdakik.com\/?p=79327#breadcrumb"},"inLanguage":"tr","potentialAction":[{"@type":"ReadAction","target":["https:\/\/kibrisdakik.com\/?p=79327"]}]},{"@type":"ImageObject","inLanguage":"tr","@id":"https:\/\/kibrisdakik.com\/?p=79327#primaryimage","url":"https:\/\/kibrisdakik.com\/wp-content\/uploads\/2025\/04\/ULUDAGOTELYANGIN-740x420.jpg","contentUrl":"https:\/\/kibrisdakik.com\/wp-content\/uploads\/2025\/04\/ULUDAGOTELYANGIN-740x420.jpg","width":864,"height":486},{"@type":"BreadcrumbList","@id":"https:\/\/kibrisdakik.com\/?p=79327#breadcrumb","itemListElement":[{"@type":"ListItem","position":1,"name":"Home","item":"https:\/\/kibrisdakik.com\/"},{"@type":"ListItem","position":2,"name":"Uluda\u011f\u2019da otel yang\u0131n\u0131: Hayat\u0131n\u0131 kaybedenlerin say\u0131s\u0131 \u00fc\u00e7e y\u00fckseldi"}]},{"@type":"WebSite","@id":"https:\/\/kibrisdakik.com\/#website","url":"https:\/\/kibrisdakik.com\/","name":"","description":"Tam vaktinde haber","potentialAction":[{"@type":"SearchAction","target":{"@type":"EntryPoint","urlTemplate":"https:\/\/kibrisdakik.com\/?s={search_term_string}"},"query-input":{"@type":"PropertyValueSpecification","valueRequired":true,"valueName":"search_term_string"}}],"inLanguage":"tr"},{"@type":"Person","@id":"https:\/\/kibrisdakik.com\/#\/schema\/person\/9cd9d437bbb44f72b73ba127e06d8e79","name":"admin","image":{"@type":"ImageObject","inLanguage":"tr","@id":"https:\/\/secure.gravatar.com\/avatar\/ccc17943b9d660506c869530f897617f7cb1c21a4bf30023f252596d83e1f007?s=96&d=mm&r=g","url":"https:\/\/secure.gravatar.com\/avatar\/ccc17943b9d660506c869530f897617f7cb1c21a4bf30023f252596d83e1f007?s=96&d=mm&r=g","contentUrl":"https:\/\/secure.gravatar.com\/avatar\/ccc17943b9d660506c869530f897617f7cb1c21a4bf30023f252596d83e1f007?s=96&d=mm&r=g","caption":"admin"},"sameAs":["https:\/\/kibrisdakik.com"],"url":"https:\/\/kibrisdakik.com\/?author=1"}]}},"_links":{"self":[{"href":"https:\/\/kibrisdakik.com\/index.php?rest_route=\/wp\/v2\/posts\/79327","targetHints":{"allow":["GET"]}}],"collection":[{"href":"https:\/\/kibrisdakik.com\/index.php?rest_route=\/wp\/v2\/posts"}],"about":[{"href":"https:\/\/kibrisdakik.com\/index.php?rest_route=\/wp\/v2\/types\/post"}],"author":[{"embeddable":true,"href":"https:\/\/kibrisdakik.com\/index.php?rest_route=\/wp\/v2\/users\/1"}],"replies":[{"embeddable":true,"href":"https:\/\/kibrisdakik.com\/index.php?rest_route=%2Fwp%2Fv2%2Fcomments&post=79327"}],"version-history":[{"count":0,"href":"https:\/\/kibrisdakik.com\/index.php?rest_route=\/wp\/v2\/posts\/79327\/revisions"}],"wp:featuredmedia":[{"embeddable":true,"href":"https:\/\/kibrisdakik.com\/index.php?rest_route=\/wp\/v2\/media\/79328"}],"wp:attachment":[{"href":"https:\/\/kibrisdakik.com\/index.php?rest_route=%2Fwp%2Fv2%2Fmedia&parent=79327"}],"wp:term":[{"taxonomy":"category","embeddable":true,"href":"https:\/\/kibrisdakik.com\/index.php?rest_route=%2Fwp%2Fv2%2Fcategories&post=79327"},{"taxonomy":"post_tag","embeddable":true,"href":"https:\/\/kibrisdakik.com\/index.php?rest_route=%2Fwp%2Fv2%2Ftags&post=79327"}],"curies":[{"name":"wp","href":"https:\/\/api.w.org\/{rel}","templated":true}]}}