{"id":79332,"date":"2025-04-02T19:13:03","date_gmt":"2025-04-02T16:13:03","guid":{"rendered":"https:\/\/kibrisdakik.com\/index.php\/2025\/04\/02\/cumhurbaskani-tatar-kibris-otizm-dernegi-heyetini-kabul-etti\/"},"modified":"2025-04-02T19:13:03","modified_gmt":"2025-04-02T16:13:03","slug":"cumhurbaskani-tatar-kibris-otizm-dernegi-heyetini-kabul-etti","status":"publish","type":"post","link":"https:\/\/kibrisdakik.com\/?p=79332","title":{"rendered":"Cumhurba\u015fkan\u0131 Tatar K\u0131br\u0131s Otizm Derne\u011fi heyetini kabul etti"},"content":{"rendered":"<div>\n<div class=\"mariselle-image-container center\">\n                                            <\/div>\n<p>Cumhurba\u015fkan\u0131 Ersin Tatar  K\u0131br\u0131s Otizm Derne\u011fi Ba\u015fkan\u0131 ve Y\u00f6netim Kurulunu kabul etti<\/p>\n<p>Cumhurba\u015fkan\u0131 Ersin Tatar,   2 Nisan \u201cD\u00fcnya Otizm Fark\u0131ndal\u0131k G\u00fcn\u00fc\u201d nedeniyle K\u0131br\u0131s Otizm Derne\u011fi Ba\u015fkan\u0131  Duygu \u00c7. Erg\u00f6knil\u2019i ve Y\u00f6netim Kurulunu kabul ederek g\u00f6r\u00fc\u015ft\u00fc.<\/p>\n<p>Kabulde yapt\u0131\u011f\u0131 konu\u015fmada Cumhurba\u015fkan\u0131 Ersin Tatar, sorunlar\u0131 a\u015fmak, toplumda fark\u0131ndal\u0131\u011f\u0131 art\u0131rmak ad\u0131na kurulan derne\u011fin olduk\u00e7a \u00f6nemli oldu\u011funu vurgulayarak, bu kapsamda eme\u011fi ge\u00e7en, katk\u0131 koyan herkese te\u015fekk\u00fcr etti.  Cumhurba\u015fkan\u0131 Ersin Tatar \u201cOtizmli \u00e7ocuklar bizlerin \u00e7ocuklar\u0131d\u0131r, onlar\u0131 topluma kazand\u0131rmak, insan haklar\u0131n\u0131 sahiplenmek ad\u0131na Kuzey K\u0131br\u0131s T\u00fcrk Cumhuriyeti\u2019nin devlet olarak sorumluluklar\u0131 vard\u0131r\u201d dedi ve bu ba\u011flamda kar\u015f\u0131la\u015f\u0131lan sorunlar\u0131n a\u015f\u0131lmas\u0131 ad\u0131na gayretlerinin devam edece\u011fini belirtti. <\/p>\n<p>Otizmli bireylere sahip \u00e7\u0131kman\u0131n \u00f6nemli oldu\u011funu yineleyen Cumhurba\u015fkan\u0131 Ersin Tatar,  bu konuda hassasiyet g\u00f6sterip ad\u0131mlar at\u0131ld\u0131\u011f\u0131 i\u00e7in de duydu\u011fu memnuniyeti ifade etti.<\/p>\n<\/p><\/div>\n<p><script async\n                    defer\n                    crossorigin=\"anonymous\"\n                    src=\"https:\/\/connect.facebook.net\/tr_TR\/sdk.js#xfbml=1&#038;version=v3.3\"\n            ><\/script><\/p>\n","protected":false},"excerpt":{"rendered":"<p>Cumhurba\u015fkan\u0131 Ersin Tatar K\u0131br\u0131s Otizm Derne\u011fi Ba\u015fkan\u0131 ve Y\u00f6netim Kurulunu kabul etti Cumhurba\u015fkan\u0131 Ersin Tatar, 2 Nisan \u201cD\u00fcnya Otizm Fark\u0131ndal\u0131k G\u00fcn\u00fc\u201d nedeniyle K\u0131br\u0131s Otizm Derne\u011fi Ba\u015fkan\u0131 Duygu \u00c7. Erg\u00f6knil\u2019i ve Y\u00f6netim Kurulunu kabul ederek g\u00f6r\u00fc\u015ft\u00fc. Kabulde yapt\u0131\u011f\u0131 konu\u015fmada Cumhurba\u015fkan\u0131 Ersin Tatar, sorunlar\u0131 a\u015fmak, toplumda fark\u0131ndal\u0131\u011f\u0131 art\u0131rmak ad\u0131na kurulan derne\u011fin olduk\u00e7a \u00f6nemli oldu\u011funu vurgulayarak, bu kapsamda<\/p>\n","protected":false},"author":1,"featured_media":79333,"comment_status":"open","ping_status":"open","sticky":false,"template":"","format":"standard","meta":{"footnotes":""},"categories":[81,101],"tags":[],"class_list":["post-79332","post","type-post","status-publish","format-standard","has-post-thumbnail","hentry","category-kibris","category-manset"],"yoast_head":"<!-- This site is optimized with the Yoast SEO plugin v27.4 - https:\/\/yoast.com\/product\/yoast-seo-wordpress\/ -->\n<title>Cumhurba\u015fkan\u0131 Tatar K\u0131br\u0131s Otizm Derne\u011fi heyetini kabul etti -<\/title>\n<meta name=\"robots\" content=\"index, follow, max-snippet:-1, max-image-preview:large, max-video-preview:-1\" \/>\n<link rel=\"canonical\" href=\"https:\/\/kibrisdakik.com\/?p=79332\" \/>\n<meta property=\"og:locale\" content=\"tr_TR\" \/>\n<meta property=\"og:type\" content=\"article\" \/>\n<meta property=\"og:title\" content=\"Cumhurba\u015fkan\u0131 Tatar K\u0131br\u0131s Otizm Derne\u011fi heyetini kabul etti -\" \/>\n<meta property=\"og:description\" content=\"Cumhurba\u015fkan\u0131 Ersin Tatar K\u0131br\u0131s Otizm Derne\u011fi Ba\u015fkan\u0131 ve Y\u00f6netim Kurulunu kabul etti Cumhurba\u015fkan\u0131 Ersin Tatar, 2 Nisan \u201cD\u00fcnya Otizm Fark\u0131ndal\u0131k G\u00fcn\u00fc\u201d nedeniyle K\u0131br\u0131s Otizm Derne\u011fi Ba\u015fkan\u0131 Duygu \u00c7. Erg\u00f6knil\u2019i ve Y\u00f6netim Kurulunu kabul ederek g\u00f6r\u00fc\u015ft\u00fc. Kabulde yapt\u0131\u011f\u0131 konu\u015fmada Cumhurba\u015fkan\u0131 Ersin Tatar, sorunlar\u0131 a\u015fmak, toplumda fark\u0131ndal\u0131\u011f\u0131 art\u0131rmak ad\u0131na kurulan derne\u011fin olduk\u00e7a \u00f6nemli oldu\u011funu vurgulayarak, bu kapsamda\" \/>\n<meta property=\"og:url\" content=\"https:\/\/kibrisdakik.com\/?p=79332\" \/>\n<meta property=\"article:published_time\" content=\"2025-04-02T16:13:03+00:00\" \/>\n<meta property=\"og:image\" content=\"https:\/\/kibrisdakik.com\/wp-content\/uploads\/2025\/04\/edb2d01f-2197-42f1-9ba0-ad0e96260e59-740x385.jpg\" \/>\n\t<meta property=\"og:image:width\" content=\"768\" \/>\n\t<meta property=\"og:image:height\" content=\"385\" \/>\n\t<meta property=\"og:image:type\" content=\"image\/jpeg\" \/>\n<meta name=\"author\" content=\"admin\" \/>\n<meta name=\"twitter:card\" content=\"summary_large_image\" \/>\n<meta name=\"twitter:label1\" content=\"Yazan:\" \/>\n\t<meta name=\"twitter:data1\" content=\"admin\" \/>\n\t<meta name=\"twitter:label2\" content=\"Tahmini okuma s\u00fcresi\" \/>\n\t<meta name=\"twitter:data2\" content=\"1 dakika\" \/>\n<script type=\"application\/ld+json\" class=\"yoast-schema-graph\">{\"@context\":\"https:\\\/\\\/schema.org\",\"@graph\":[{\"@type\":\"Article\",\"@id\":\"https:\\\/\\\/kibrisdakik.com\\\/?p=79332#article\",\"isPartOf\":{\"@id\":\"https:\\\/\\\/kibrisdakik.com\\\/?p=79332\"},\"author\":{\"name\":\"admin\",\"@id\":\"https:\\\/\\\/kibrisdakik.com\\\/#\\\/schema\\\/person\\\/9cd9d437bbb44f72b73ba127e06d8e79\"},\"headline\":\"Cumhurba\u015fkan\u0131 Tatar K\u0131br\u0131s Otizm Derne\u011fi heyetini kabul etti\",\"datePublished\":\"2025-04-02T16:13:03+00:00\",\"mainEntityOfPage\":{\"@id\":\"https:\\\/\\\/kibrisdakik.com\\\/?p=79332\"},\"wordCount\":187,\"commentCount\":0,\"image\":{\"@id\":\"https:\\\/\\\/kibrisdakik.com\\\/?p=79332#primaryimage\"},\"thumbnailUrl\":\"https:\\\/\\\/kibrisdakik.com\\\/wp-content\\\/uploads\\\/2025\\\/04\\\/edb2d01f-2197-42f1-9ba0-ad0e96260e59-740x385.jpg\",\"articleSection\":[\"K\u0131br\u0131s\",\"Man\u015fet\"],\"inLanguage\":\"tr\",\"potentialAction\":[{\"@type\":\"CommentAction\",\"name\":\"Comment\",\"target\":[\"https:\\\/\\\/kibrisdakik.com\\\/?p=79332#respond\"]}]},{\"@type\":\"WebPage\",\"@id\":\"https:\\\/\\\/kibrisdakik.com\\\/?p=79332\",\"url\":\"https:\\\/\\\/kibrisdakik.com\\\/?p=79332\",\"name\":\"Cumhurba\u015fkan\u0131 Tatar K\u0131br\u0131s Otizm Derne\u011fi heyetini kabul etti -\",\"isPartOf\":{\"@id\":\"https:\\\/\\\/kibrisdakik.com\\\/#website\"},\"primaryImageOfPage\":{\"@id\":\"https:\\\/\\\/kibrisdakik.com\\\/?p=79332#primaryimage\"},\"image\":{\"@id\":\"https:\\\/\\\/kibrisdakik.com\\\/?p=79332#primaryimage\"},\"thumbnailUrl\":\"https:\\\/\\\/kibrisdakik.com\\\/wp-content\\\/uploads\\\/2025\\\/04\\\/edb2d01f-2197-42f1-9ba0-ad0e96260e59-740x385.jpg\",\"datePublished\":\"2025-04-02T16:13:03+00:00\",\"author\":{\"@id\":\"https:\\\/\\\/kibrisdakik.com\\\/#\\\/schema\\\/person\\\/9cd9d437bbb44f72b73ba127e06d8e79\"},\"breadcrumb\":{\"@id\":\"https:\\\/\\\/kibrisdakik.com\\\/?p=79332#breadcrumb\"},\"inLanguage\":\"tr\",\"potentialAction\":[{\"@type\":\"ReadAction\",\"target\":[\"https:\\\/\\\/kibrisdakik.com\\\/?p=79332\"]}]},{\"@type\":\"ImageObject\",\"inLanguage\":\"tr\",\"@id\":\"https:\\\/\\\/kibrisdakik.com\\\/?p=79332#primaryimage\",\"url\":\"https:\\\/\\\/kibrisdakik.com\\\/wp-content\\\/uploads\\\/2025\\\/04\\\/edb2d01f-2197-42f1-9ba0-ad0e96260e59-740x385.jpg\",\"contentUrl\":\"https:\\\/\\\/kibrisdakik.com\\\/wp-content\\\/uploads\\\/2025\\\/04\\\/edb2d01f-2197-42f1-9ba0-ad0e96260e59-740x385.jpg\",\"width\":768,\"height\":385},{\"@type\":\"BreadcrumbList\",\"@id\":\"https:\\\/\\\/kibrisdakik.com\\\/?p=79332#breadcrumb\",\"itemListElement\":[{\"@type\":\"ListItem\",\"position\":1,\"name\":\"Home\",\"item\":\"https:\\\/\\\/kibrisdakik.com\\\/\"},{\"@type\":\"ListItem\",\"position\":2,\"name\":\"Cumhurba\u015fkan\u0131 Tatar K\u0131br\u0131s Otizm Derne\u011fi heyetini kabul etti\"}]},{\"@type\":\"WebSite\",\"@id\":\"https:\\\/\\\/kibrisdakik.com\\\/#website\",\"url\":\"https:\\\/\\\/kibrisdakik.com\\\/\",\"name\":\"\",\"description\":\"Tam vaktinde haber\",\"potentialAction\":[{\"@type\":\"SearchAction\",\"target\":{\"@type\":\"EntryPoint\",\"urlTemplate\":\"https:\\\/\\\/kibrisdakik.com\\\/?s={search_term_string}\"},\"query-input\":{\"@type\":\"PropertyValueSpecification\",\"valueRequired\":true,\"valueName\":\"search_term_string\"}}],\"inLanguage\":\"tr\"},{\"@type\":\"Person\",\"@id\":\"https:\\\/\\\/kibrisdakik.com\\\/#\\\/schema\\\/person\\\/9cd9d437bbb44f72b73ba127e06d8e79\",\"name\":\"admin\",\"image\":{\"@type\":\"ImageObject\",\"inLanguage\":\"tr\",\"@id\":\"https:\\\/\\\/secure.gravatar.com\\\/avatar\\\/ccc17943b9d660506c869530f897617f7cb1c21a4bf30023f252596d83e1f007?s=96&d=mm&r=g\",\"url\":\"https:\\\/\\\/secure.gravatar.com\\\/avatar\\\/ccc17943b9d660506c869530f897617f7cb1c21a4bf30023f252596d83e1f007?s=96&d=mm&r=g\",\"contentUrl\":\"https:\\\/\\\/secure.gravatar.com\\\/avatar\\\/ccc17943b9d660506c869530f897617f7cb1c21a4bf30023f252596d83e1f007?s=96&d=mm&r=g\",\"caption\":\"admin\"},\"sameAs\":[\"https:\\\/\\\/kibrisdakik.com\"],\"url\":\"https:\\\/\\\/kibrisdakik.com\\\/?author=1\"}]}<\/script>\n<!-- \/ Yoast SEO plugin. -->","yoast_head_json":{"title":"Cumhurba\u015fkan\u0131 Tatar K\u0131br\u0131s Otizm Derne\u011fi heyetini kabul etti -","robots":{"index":"index","follow":"follow","max-snippet":"max-snippet:-1","max-image-preview":"max-image-preview:large","max-video-preview":"max-video-preview:-1"},"canonical":"https:\/\/kibrisdakik.com\/?p=79332","og_locale":"tr_TR","og_type":"article","og_title":"Cumhurba\u015fkan\u0131 Tatar K\u0131br\u0131s Otizm Derne\u011fi heyetini kabul etti -","og_description":"Cumhurba\u015fkan\u0131 Ersin Tatar K\u0131br\u0131s Otizm Derne\u011fi Ba\u015fkan\u0131 ve Y\u00f6netim Kurulunu kabul etti Cumhurba\u015fkan\u0131 Ersin Tatar, 2 Nisan \u201cD\u00fcnya Otizm Fark\u0131ndal\u0131k G\u00fcn\u00fc\u201d nedeniyle K\u0131br\u0131s Otizm Derne\u011fi Ba\u015fkan\u0131 Duygu \u00c7. Erg\u00f6knil\u2019i ve Y\u00f6netim Kurulunu kabul ederek g\u00f6r\u00fc\u015ft\u00fc. Kabulde yapt\u0131\u011f\u0131 konu\u015fmada Cumhurba\u015fkan\u0131 Ersin Tatar, sorunlar\u0131 a\u015fmak, toplumda fark\u0131ndal\u0131\u011f\u0131 art\u0131rmak ad\u0131na kurulan derne\u011fin olduk\u00e7a \u00f6nemli oldu\u011funu vurgulayarak, bu kapsamda","og_url":"https:\/\/kibrisdakik.com\/?p=79332","article_published_time":"2025-04-02T16:13:03+00:00","og_image":[{"width":768,"height":385,"url":"https:\/\/kibrisdakik.com\/wp-content\/uploads\/2025\/04\/edb2d01f-2197-42f1-9ba0-ad0e96260e59-740x385.jpg","type":"image\/jpeg"}],"author":"admin","twitter_card":"summary_large_image","twitter_misc":{"Yazan:":"admin","Tahmini okuma s\u00fcresi":"1 dakika"},"schema":{"@context":"https:\/\/schema.org","@graph":[{"@type":"Article","@id":"https:\/\/kibrisdakik.com\/?p=79332#article","isPartOf":{"@id":"https:\/\/kibrisdakik.com\/?p=79332"},"author":{"name":"admin","@id":"https:\/\/kibrisdakik.com\/#\/schema\/person\/9cd9d437bbb44f72b73ba127e06d8e79"},"headline":"Cumhurba\u015fkan\u0131 Tatar K\u0131br\u0131s Otizm Derne\u011fi heyetini kabul etti","datePublished":"2025-04-02T16:13:03+00:00","mainEntityOfPage":{"@id":"https:\/\/kibrisdakik.com\/?p=79332"},"wordCount":187,"commentCount":0,"image":{"@id":"https:\/\/kibrisdakik.com\/?p=79332#primaryimage"},"thumbnailUrl":"https:\/\/kibrisdakik.com\/wp-content\/uploads\/2025\/04\/edb2d01f-2197-42f1-9ba0-ad0e96260e59-740x385.jpg","articleSection":["K\u0131br\u0131s","Man\u015fet"],"inLanguage":"tr","potentialAction":[{"@type":"CommentAction","name":"Comment","target":["https:\/\/kibrisdakik.com\/?p=79332#respond"]}]},{"@type":"WebPage","@id":"https:\/\/kibrisdakik.com\/?p=79332","url":"https:\/\/kibrisdakik.com\/?p=79332","name":"Cumhurba\u015fkan\u0131 Tatar K\u0131br\u0131s Otizm Derne\u011fi heyetini kabul etti -","isPartOf":{"@id":"https:\/\/kibrisdakik.com\/#website"},"primaryImageOfPage":{"@id":"https:\/\/kibrisdakik.com\/?p=79332#primaryimage"},"image":{"@id":"https:\/\/kibrisdakik.com\/?p=79332#primaryimage"},"thumbnailUrl":"https:\/\/kibrisdakik.com\/wp-content\/uploads\/2025\/04\/edb2d01f-2197-42f1-9ba0-ad0e96260e59-740x385.jpg","datePublished":"2025-04-02T16:13:03+00:00","author":{"@id":"https:\/\/kibrisdakik.com\/#\/schema\/person\/9cd9d437bbb44f72b73ba127e06d8e79"},"breadcrumb":{"@id":"https:\/\/kibrisdakik.com\/?p=79332#breadcrumb"},"inLanguage":"tr","potentialAction":[{"@type":"ReadAction","target":["https:\/\/kibrisdakik.com\/?p=79332"]}]},{"@type":"ImageObject","inLanguage":"tr","@id":"https:\/\/kibrisdakik.com\/?p=79332#primaryimage","url":"https:\/\/kibrisdakik.com\/wp-content\/uploads\/2025\/04\/edb2d01f-2197-42f1-9ba0-ad0e96260e59-740x385.jpg","contentUrl":"https:\/\/kibrisdakik.com\/wp-content\/uploads\/2025\/04\/edb2d01f-2197-42f1-9ba0-ad0e96260e59-740x385.jpg","width":768,"height":385},{"@type":"BreadcrumbList","@id":"https:\/\/kibrisdakik.com\/?p=79332#breadcrumb","itemListElement":[{"@type":"ListItem","position":1,"name":"Home","item":"https:\/\/kibrisdakik.com\/"},{"@type":"ListItem","position":2,"name":"Cumhurba\u015fkan\u0131 Tatar K\u0131br\u0131s Otizm Derne\u011fi heyetini kabul etti"}]},{"@type":"WebSite","@id":"https:\/\/kibrisdakik.com\/#website","url":"https:\/\/kibrisdakik.com\/","name":"","description":"Tam vaktinde haber","potentialAction":[{"@type":"SearchAction","target":{"@type":"EntryPoint","urlTemplate":"https:\/\/kibrisdakik.com\/?s={search_term_string}"},"query-input":{"@type":"PropertyValueSpecification","valueRequired":true,"valueName":"search_term_string"}}],"inLanguage":"tr"},{"@type":"Person","@id":"https:\/\/kibrisdakik.com\/#\/schema\/person\/9cd9d437bbb44f72b73ba127e06d8e79","name":"admin","image":{"@type":"ImageObject","inLanguage":"tr","@id":"https:\/\/secure.gravatar.com\/avatar\/ccc17943b9d660506c869530f897617f7cb1c21a4bf30023f252596d83e1f007?s=96&d=mm&r=g","url":"https:\/\/secure.gravatar.com\/avatar\/ccc17943b9d660506c869530f897617f7cb1c21a4bf30023f252596d83e1f007?s=96&d=mm&r=g","contentUrl":"https:\/\/secure.gravatar.com\/avatar\/ccc17943b9d660506c869530f897617f7cb1c21a4bf30023f252596d83e1f007?s=96&d=mm&r=g","caption":"admin"},"sameAs":["https:\/\/kibrisdakik.com"],"url":"https:\/\/kibrisdakik.com\/?author=1"}]}},"_links":{"self":[{"href":"https:\/\/kibrisdakik.com\/index.php?rest_route=\/wp\/v2\/posts\/79332","targetHints":{"allow":["GET"]}}],"collection":[{"href":"https:\/\/kibrisdakik.com\/index.php?rest_route=\/wp\/v2\/posts"}],"about":[{"href":"https:\/\/kibrisdakik.com\/index.php?rest_route=\/wp\/v2\/types\/post"}],"author":[{"embeddable":true,"href":"https:\/\/kibrisdakik.com\/index.php?rest_route=\/wp\/v2\/users\/1"}],"replies":[{"embeddable":true,"href":"https:\/\/kibrisdakik.com\/index.php?rest_route=%2Fwp%2Fv2%2Fcomments&post=79332"}],"version-history":[{"count":0,"href":"https:\/\/kibrisdakik.com\/index.php?rest_route=\/wp\/v2\/posts\/79332\/revisions"}],"wp:featuredmedia":[{"embeddable":true,"href":"https:\/\/kibrisdakik.com\/index.php?rest_route=\/wp\/v2\/media\/79333"}],"wp:attachment":[{"href":"https:\/\/kibrisdakik.com\/index.php?rest_route=%2Fwp%2Fv2%2Fmedia&parent=79332"}],"wp:term":[{"taxonomy":"category","embeddable":true,"href":"https:\/\/kibrisdakik.com\/index.php?rest_route=%2Fwp%2Fv2%2Fcategories&post=79332"},{"taxonomy":"post_tag","embeddable":true,"href":"https:\/\/kibrisdakik.com\/index.php?rest_route=%2Fwp%2Fv2%2Ftags&post=79332"}],"curies":[{"name":"wp","href":"https:\/\/api.w.org\/{rel}","templated":true}]}}