{"id":79380,"date":"2025-04-03T15:54:40","date_gmt":"2025-04-03T12:54:40","guid":{"rendered":"https:\/\/kibrisdakik.com\/index.php\/2025\/04\/03\/kib-teke-borcu-olan-abonelerin-elektrigi-7-nisanda-kesilecek\/"},"modified":"2025-04-03T15:54:40","modified_gmt":"2025-04-03T12:54:40","slug":"kib-teke-borcu-olan-abonelerin-elektrigi-7-nisanda-kesilecek","status":"publish","type":"post","link":"https:\/\/kibrisdakik.com\/?p=79380","title":{"rendered":"K\u0131b-Tek\u2019e borcu olan abonelerin elektri\u011fi 7 Nisan\u2019da kesilecek"},"content":{"rendered":"<div>\n<div class=\"mariselle-image-container center\">\n                                            <\/div>\n<p>K\u0131br\u0131s T\u00fcrk Elektrik Kurumu (K\u0131b-Tek), borcu bulunan abonelerin elektri\u011finin 7 Nisan Pazartesi g\u00fcn\u00fc kesilece\u011fini duyurdu.<\/p>\n<p>K\u0131b-Tek\u2019ten yap\u0131lan yaz\u0131l\u0131 a\u00e7\u0131klamada, son \u00f6deme tarihi dolmu\u015f Mart 2025 d\u00f6nemi ve \u00f6ncesine ait 675 TL \u00fczeri borcu bulunan aboneler ile kuruma olan taksit borcunu \u00f6demeyen \u00f6zel ve t\u00fczel ki\u015filerin elektriklerinin kesilece\u011fi belirtildi.<\/p>\n<p>A\u00e7\u0131klamada, abonelerin ma\u011fduriyet ya\u015famamalar\u0131 i\u00e7in \u00f6demelerini zaman\u0131nda yapmalar\u0131 gerekti\u011fi vurguland\u0131.<\/p>\n<\/p><\/div>\n<p><script async\n                    defer\n                    crossorigin=\"anonymous\"\n                    src=\"https:\/\/connect.facebook.net\/tr_TR\/sdk.js#xfbml=1&#038;version=v3.3\"\n            ><\/script><\/p>\n","protected":false},"excerpt":{"rendered":"<p>K\u0131br\u0131s T\u00fcrk Elektrik Kurumu (K\u0131b-Tek), borcu bulunan abonelerin elektri\u011finin 7 Nisan Pazartesi g\u00fcn\u00fc kesilece\u011fini duyurdu. K\u0131b-Tek\u2019ten yap\u0131lan yaz\u0131l\u0131 a\u00e7\u0131klamada, son \u00f6deme tarihi dolmu\u015f Mart 2025 d\u00f6nemi ve \u00f6ncesine ait 675 TL \u00fczeri borcu bulunan aboneler ile kuruma olan taksit borcunu \u00f6demeyen \u00f6zel ve t\u00fczel ki\u015filerin elektriklerinin kesilece\u011fi belirtildi. A\u00e7\u0131klamada, abonelerin ma\u011fduriyet ya\u015famamalar\u0131 i\u00e7in \u00f6demelerini zaman\u0131nda<\/p>\n","protected":false},"author":1,"featured_media":79381,"comment_status":"open","ping_status":"open","sticky":false,"template":"","format":"standard","meta":{"footnotes":""},"categories":[81,101],"tags":[],"class_list":["post-79380","post","type-post","status-publish","format-standard","has-post-thumbnail","hentry","category-kibris","category-manset"],"yoast_head":"<!-- This site is optimized with the Yoast SEO plugin v27.5 - https:\/\/yoast.com\/product\/yoast-seo-wordpress\/ -->\n<title>K\u0131b-Tek\u2019e borcu olan abonelerin elektri\u011fi 7 Nisan\u2019da kesilecek -<\/title>\n<meta name=\"robots\" content=\"index, follow, max-snippet:-1, max-image-preview:large, max-video-preview:-1\" \/>\n<link rel=\"canonical\" href=\"https:\/\/kibrisdakik.com\/?p=79380\" \/>\n<meta property=\"og:locale\" content=\"tr_TR\" \/>\n<meta property=\"og:type\" content=\"article\" \/>\n<meta property=\"og:title\" content=\"K\u0131b-Tek\u2019e borcu olan abonelerin elektri\u011fi 7 Nisan\u2019da kesilecek -\" \/>\n<meta property=\"og:description\" content=\"K\u0131br\u0131s T\u00fcrk Elektrik Kurumu (K\u0131b-Tek), borcu bulunan abonelerin elektri\u011finin 7 Nisan Pazartesi g\u00fcn\u00fc kesilece\u011fini duyurdu. K\u0131b-Tek\u2019ten yap\u0131lan yaz\u0131l\u0131 a\u00e7\u0131klamada, son \u00f6deme tarihi dolmu\u015f Mart 2025 d\u00f6nemi ve \u00f6ncesine ait 675 TL \u00fczeri borcu bulunan aboneler ile kuruma olan taksit borcunu \u00f6demeyen \u00f6zel ve t\u00fczel ki\u015filerin elektriklerinin kesilece\u011fi belirtildi. A\u00e7\u0131klamada, abonelerin ma\u011fduriyet ya\u015famamalar\u0131 i\u00e7in \u00f6demelerini zaman\u0131nda\" \/>\n<meta property=\"og:url\" content=\"https:\/\/kibrisdakik.com\/?p=79380\" \/>\n<meta property=\"article:published_time\" content=\"2025-04-03T12:54:40+00:00\" \/>\n<meta property=\"og:image\" content=\"https:\/\/kibrisdakik.com\/wp-content\/uploads\/2025\/04\/1743681226741kib-tek-logo1.jpg\" \/>\n\t<meta property=\"og:image:width\" content=\"474\" \/>\n\t<meta property=\"og:image:height\" content=\"288\" \/>\n\t<meta property=\"og:image:type\" content=\"image\/jpeg\" \/>\n<meta name=\"author\" content=\"admin\" \/>\n<meta name=\"twitter:card\" content=\"summary_large_image\" \/>\n<meta name=\"twitter:label1\" content=\"Yazan:\" \/>\n\t<meta name=\"twitter:data1\" content=\"admin\" \/>\n<script type=\"application\/ld+json\" class=\"yoast-schema-graph\">{\"@context\":\"https:\\\/\\\/schema.org\",\"@graph\":[{\"@type\":\"Article\",\"@id\":\"https:\\\/\\\/kibrisdakik.com\\\/?p=79380#article\",\"isPartOf\":{\"@id\":\"https:\\\/\\\/kibrisdakik.com\\\/?p=79380\"},\"author\":{\"name\":\"admin\",\"@id\":\"https:\\\/\\\/kibrisdakik.com\\\/#\\\/schema\\\/person\\\/9cd9d437bbb44f72b73ba127e06d8e79\"},\"headline\":\"K\u0131b-Tek\u2019e borcu olan abonelerin elektri\u011fi 7 Nisan\u2019da kesilecek\",\"datePublished\":\"2025-04-03T12:54:40+00:00\",\"mainEntityOfPage\":{\"@id\":\"https:\\\/\\\/kibrisdakik.com\\\/?p=79380\"},\"wordCount\":88,\"commentCount\":0,\"image\":{\"@id\":\"https:\\\/\\\/kibrisdakik.com\\\/?p=79380#primaryimage\"},\"thumbnailUrl\":\"https:\\\/\\\/kibrisdakik.com\\\/wp-content\\\/uploads\\\/2025\\\/04\\\/1743681226741kib-tek-logo1.jpg\",\"articleSection\":[\"K\u0131br\u0131s\",\"Man\u015fet\"],\"inLanguage\":\"tr\",\"potentialAction\":[{\"@type\":\"CommentAction\",\"name\":\"Comment\",\"target\":[\"https:\\\/\\\/kibrisdakik.com\\\/?p=79380#respond\"]}]},{\"@type\":\"WebPage\",\"@id\":\"https:\\\/\\\/kibrisdakik.com\\\/?p=79380\",\"url\":\"https:\\\/\\\/kibrisdakik.com\\\/?p=79380\",\"name\":\"K\u0131b-Tek\u2019e borcu olan abonelerin elektri\u011fi 7 Nisan\u2019da kesilecek -\",\"isPartOf\":{\"@id\":\"https:\\\/\\\/kibrisdakik.com\\\/#website\"},\"primaryImageOfPage\":{\"@id\":\"https:\\\/\\\/kibrisdakik.com\\\/?p=79380#primaryimage\"},\"image\":{\"@id\":\"https:\\\/\\\/kibrisdakik.com\\\/?p=79380#primaryimage\"},\"thumbnailUrl\":\"https:\\\/\\\/kibrisdakik.com\\\/wp-content\\\/uploads\\\/2025\\\/04\\\/1743681226741kib-tek-logo1.jpg\",\"datePublished\":\"2025-04-03T12:54:40+00:00\",\"author\":{\"@id\":\"https:\\\/\\\/kibrisdakik.com\\\/#\\\/schema\\\/person\\\/9cd9d437bbb44f72b73ba127e06d8e79\"},\"breadcrumb\":{\"@id\":\"https:\\\/\\\/kibrisdakik.com\\\/?p=79380#breadcrumb\"},\"inLanguage\":\"tr\",\"potentialAction\":[{\"@type\":\"ReadAction\",\"target\":[\"https:\\\/\\\/kibrisdakik.com\\\/?p=79380\"]}]},{\"@type\":\"ImageObject\",\"inLanguage\":\"tr\",\"@id\":\"https:\\\/\\\/kibrisdakik.com\\\/?p=79380#primaryimage\",\"url\":\"https:\\\/\\\/kibrisdakik.com\\\/wp-content\\\/uploads\\\/2025\\\/04\\\/1743681226741kib-tek-logo1.jpg\",\"contentUrl\":\"https:\\\/\\\/kibrisdakik.com\\\/wp-content\\\/uploads\\\/2025\\\/04\\\/1743681226741kib-tek-logo1.jpg\",\"width\":474,\"height\":288},{\"@type\":\"BreadcrumbList\",\"@id\":\"https:\\\/\\\/kibrisdakik.com\\\/?p=79380#breadcrumb\",\"itemListElement\":[{\"@type\":\"ListItem\",\"position\":1,\"name\":\"Home\",\"item\":\"https:\\\/\\\/kibrisdakik.com\\\/\"},{\"@type\":\"ListItem\",\"position\":2,\"name\":\"K\u0131b-Tek\u2019e borcu olan abonelerin elektri\u011fi 7 Nisan\u2019da kesilecek\"}]},{\"@type\":\"WebSite\",\"@id\":\"https:\\\/\\\/kibrisdakik.com\\\/#website\",\"url\":\"https:\\\/\\\/kibrisdakik.com\\\/\",\"name\":\"\",\"description\":\"Tam vaktinde haber\",\"potentialAction\":[{\"@type\":\"SearchAction\",\"target\":{\"@type\":\"EntryPoint\",\"urlTemplate\":\"https:\\\/\\\/kibrisdakik.com\\\/?s={search_term_string}\"},\"query-input\":{\"@type\":\"PropertyValueSpecification\",\"valueRequired\":true,\"valueName\":\"search_term_string\"}}],\"inLanguage\":\"tr\"},{\"@type\":\"Person\",\"@id\":\"https:\\\/\\\/kibrisdakik.com\\\/#\\\/schema\\\/person\\\/9cd9d437bbb44f72b73ba127e06d8e79\",\"name\":\"admin\",\"image\":{\"@type\":\"ImageObject\",\"inLanguage\":\"tr\",\"@id\":\"https:\\\/\\\/secure.gravatar.com\\\/avatar\\\/ccc17943b9d660506c869530f897617f7cb1c21a4bf30023f252596d83e1f007?s=96&d=mm&r=g\",\"url\":\"https:\\\/\\\/secure.gravatar.com\\\/avatar\\\/ccc17943b9d660506c869530f897617f7cb1c21a4bf30023f252596d83e1f007?s=96&d=mm&r=g\",\"contentUrl\":\"https:\\\/\\\/secure.gravatar.com\\\/avatar\\\/ccc17943b9d660506c869530f897617f7cb1c21a4bf30023f252596d83e1f007?s=96&d=mm&r=g\",\"caption\":\"admin\"},\"sameAs\":[\"https:\\\/\\\/kibrisdakik.com\"],\"url\":\"https:\\\/\\\/kibrisdakik.com\\\/?author=1\"}]}<\/script>\n<!-- \/ Yoast SEO plugin. -->","yoast_head_json":{"title":"K\u0131b-Tek\u2019e borcu olan abonelerin elektri\u011fi 7 Nisan\u2019da kesilecek -","robots":{"index":"index","follow":"follow","max-snippet":"max-snippet:-1","max-image-preview":"max-image-preview:large","max-video-preview":"max-video-preview:-1"},"canonical":"https:\/\/kibrisdakik.com\/?p=79380","og_locale":"tr_TR","og_type":"article","og_title":"K\u0131b-Tek\u2019e borcu olan abonelerin elektri\u011fi 7 Nisan\u2019da kesilecek -","og_description":"K\u0131br\u0131s T\u00fcrk Elektrik Kurumu (K\u0131b-Tek), borcu bulunan abonelerin elektri\u011finin 7 Nisan Pazartesi g\u00fcn\u00fc kesilece\u011fini duyurdu. K\u0131b-Tek\u2019ten yap\u0131lan yaz\u0131l\u0131 a\u00e7\u0131klamada, son \u00f6deme tarihi dolmu\u015f Mart 2025 d\u00f6nemi ve \u00f6ncesine ait 675 TL \u00fczeri borcu bulunan aboneler ile kuruma olan taksit borcunu \u00f6demeyen \u00f6zel ve t\u00fczel ki\u015filerin elektriklerinin kesilece\u011fi belirtildi. A\u00e7\u0131klamada, abonelerin ma\u011fduriyet ya\u015famamalar\u0131 i\u00e7in \u00f6demelerini zaman\u0131nda","og_url":"https:\/\/kibrisdakik.com\/?p=79380","article_published_time":"2025-04-03T12:54:40+00:00","og_image":[{"width":474,"height":288,"url":"https:\/\/kibrisdakik.com\/wp-content\/uploads\/2025\/04\/1743681226741kib-tek-logo1.jpg","type":"image\/jpeg"}],"author":"admin","twitter_card":"summary_large_image","twitter_misc":{"Yazan:":"admin"},"schema":{"@context":"https:\/\/schema.org","@graph":[{"@type":"Article","@id":"https:\/\/kibrisdakik.com\/?p=79380#article","isPartOf":{"@id":"https:\/\/kibrisdakik.com\/?p=79380"},"author":{"name":"admin","@id":"https:\/\/kibrisdakik.com\/#\/schema\/person\/9cd9d437bbb44f72b73ba127e06d8e79"},"headline":"K\u0131b-Tek\u2019e borcu olan abonelerin elektri\u011fi 7 Nisan\u2019da kesilecek","datePublished":"2025-04-03T12:54:40+00:00","mainEntityOfPage":{"@id":"https:\/\/kibrisdakik.com\/?p=79380"},"wordCount":88,"commentCount":0,"image":{"@id":"https:\/\/kibrisdakik.com\/?p=79380#primaryimage"},"thumbnailUrl":"https:\/\/kibrisdakik.com\/wp-content\/uploads\/2025\/04\/1743681226741kib-tek-logo1.jpg","articleSection":["K\u0131br\u0131s","Man\u015fet"],"inLanguage":"tr","potentialAction":[{"@type":"CommentAction","name":"Comment","target":["https:\/\/kibrisdakik.com\/?p=79380#respond"]}]},{"@type":"WebPage","@id":"https:\/\/kibrisdakik.com\/?p=79380","url":"https:\/\/kibrisdakik.com\/?p=79380","name":"K\u0131b-Tek\u2019e borcu olan abonelerin elektri\u011fi 7 Nisan\u2019da kesilecek -","isPartOf":{"@id":"https:\/\/kibrisdakik.com\/#website"},"primaryImageOfPage":{"@id":"https:\/\/kibrisdakik.com\/?p=79380#primaryimage"},"image":{"@id":"https:\/\/kibrisdakik.com\/?p=79380#primaryimage"},"thumbnailUrl":"https:\/\/kibrisdakik.com\/wp-content\/uploads\/2025\/04\/1743681226741kib-tek-logo1.jpg","datePublished":"2025-04-03T12:54:40+00:00","author":{"@id":"https:\/\/kibrisdakik.com\/#\/schema\/person\/9cd9d437bbb44f72b73ba127e06d8e79"},"breadcrumb":{"@id":"https:\/\/kibrisdakik.com\/?p=79380#breadcrumb"},"inLanguage":"tr","potentialAction":[{"@type":"ReadAction","target":["https:\/\/kibrisdakik.com\/?p=79380"]}]},{"@type":"ImageObject","inLanguage":"tr","@id":"https:\/\/kibrisdakik.com\/?p=79380#primaryimage","url":"https:\/\/kibrisdakik.com\/wp-content\/uploads\/2025\/04\/1743681226741kib-tek-logo1.jpg","contentUrl":"https:\/\/kibrisdakik.com\/wp-content\/uploads\/2025\/04\/1743681226741kib-tek-logo1.jpg","width":474,"height":288},{"@type":"BreadcrumbList","@id":"https:\/\/kibrisdakik.com\/?p=79380#breadcrumb","itemListElement":[{"@type":"ListItem","position":1,"name":"Home","item":"https:\/\/kibrisdakik.com\/"},{"@type":"ListItem","position":2,"name":"K\u0131b-Tek\u2019e borcu olan abonelerin elektri\u011fi 7 Nisan\u2019da kesilecek"}]},{"@type":"WebSite","@id":"https:\/\/kibrisdakik.com\/#website","url":"https:\/\/kibrisdakik.com\/","name":"","description":"Tam vaktinde haber","potentialAction":[{"@type":"SearchAction","target":{"@type":"EntryPoint","urlTemplate":"https:\/\/kibrisdakik.com\/?s={search_term_string}"},"query-input":{"@type":"PropertyValueSpecification","valueRequired":true,"valueName":"search_term_string"}}],"inLanguage":"tr"},{"@type":"Person","@id":"https:\/\/kibrisdakik.com\/#\/schema\/person\/9cd9d437bbb44f72b73ba127e06d8e79","name":"admin","image":{"@type":"ImageObject","inLanguage":"tr","@id":"https:\/\/secure.gravatar.com\/avatar\/ccc17943b9d660506c869530f897617f7cb1c21a4bf30023f252596d83e1f007?s=96&d=mm&r=g","url":"https:\/\/secure.gravatar.com\/avatar\/ccc17943b9d660506c869530f897617f7cb1c21a4bf30023f252596d83e1f007?s=96&d=mm&r=g","contentUrl":"https:\/\/secure.gravatar.com\/avatar\/ccc17943b9d660506c869530f897617f7cb1c21a4bf30023f252596d83e1f007?s=96&d=mm&r=g","caption":"admin"},"sameAs":["https:\/\/kibrisdakik.com"],"url":"https:\/\/kibrisdakik.com\/?author=1"}]}},"_links":{"self":[{"href":"https:\/\/kibrisdakik.com\/index.php?rest_route=\/wp\/v2\/posts\/79380","targetHints":{"allow":["GET"]}}],"collection":[{"href":"https:\/\/kibrisdakik.com\/index.php?rest_route=\/wp\/v2\/posts"}],"about":[{"href":"https:\/\/kibrisdakik.com\/index.php?rest_route=\/wp\/v2\/types\/post"}],"author":[{"embeddable":true,"href":"https:\/\/kibrisdakik.com\/index.php?rest_route=\/wp\/v2\/users\/1"}],"replies":[{"embeddable":true,"href":"https:\/\/kibrisdakik.com\/index.php?rest_route=%2Fwp%2Fv2%2Fcomments&post=79380"}],"version-history":[{"count":0,"href":"https:\/\/kibrisdakik.com\/index.php?rest_route=\/wp\/v2\/posts\/79380\/revisions"}],"wp:featuredmedia":[{"embeddable":true,"href":"https:\/\/kibrisdakik.com\/index.php?rest_route=\/wp\/v2\/media\/79381"}],"wp:attachment":[{"href":"https:\/\/kibrisdakik.com\/index.php?rest_route=%2Fwp%2Fv2%2Fmedia&parent=79380"}],"wp:term":[{"taxonomy":"category","embeddable":true,"href":"https:\/\/kibrisdakik.com\/index.php?rest_route=%2Fwp%2Fv2%2Fcategories&post=79380"},{"taxonomy":"post_tag","embeddable":true,"href":"https:\/\/kibrisdakik.com\/index.php?rest_route=%2Fwp%2Fv2%2Ftags&post=79380"}],"curies":[{"name":"wp","href":"https:\/\/api.w.org\/{rel}","templated":true}]}}