{"id":79390,"date":"2025-04-03T16:34:01","date_gmt":"2025-04-03T13:34:01","guid":{"rendered":"https:\/\/kibrisdakik.com\/index.php\/2025\/04\/03\/cumhurbaskani-tatar-2-merit-ilkokullararasi-futbol-senligine-katilan-ogrencilere-kupa-ve-madalyalarini-takdim-etti\/"},"modified":"2025-04-03T16:34:01","modified_gmt":"2025-04-03T13:34:01","slug":"cumhurbaskani-tatar-2-merit-ilkokullararasi-futbol-senligine-katilan-ogrencilere-kupa-ve-madalyalarini-takdim-etti","status":"publish","type":"post","link":"https:\/\/kibrisdakik.com\/?p=79390","title":{"rendered":"Cumhurba\u015fkan\u0131  Tatar, 2. Merit \u0130lkokullararas\u0131 Futbol \u015eenli\u011fi\u2019ne kat\u0131lan \u00f6\u011frencilere kupa ve madalyalar\u0131n\u0131 takdim etti"},"content":{"rendered":"<div>\n<div class=\"mariselle-image-container center\">\n                                            <\/div>\n<p>Cumhurba\u015fkan\u0131 Ersin Tatar, Girne B\u00f6lgesi\u2019nden 9 ilkokulun kat\u0131l\u0131m\u0131yla ger\u00e7ekle\u015fen 2. Merit \u0130lkokullararas\u0131 Futbol \u015eenli\u011fi\u2019nin kupa ve madalya t\u00f6renine kat\u0131ld\u0131.<\/p>\n<p>Karaoglanoglu Orhan Dural Stadyumu\u2019nda ger\u00e7ekle\u015fen etkinlikte konu\u015fan Cumhurba\u015fkan\u0131 Ersin Tatar, spor faaliyetlerinde \u00e7ocuklar\u0131n bir araya gelmesinin \u00f6nemine dikkat \u00e7ekerek, \u015fenli\u011fe kat\u0131lan ve m\u00fccadele eden \u00e7ocuklar\u0131 tebrik ederek, ba\u015far\u0131lar diledi.<\/p>\n<p>Organizasyonu d\u00fczenleyenlere te\u015fekk\u00fcr eden Cumhurba\u015fkan\u0131 Tatar, \u201c\u00c7ocuklar\u0131 seviyoruz ve de\u011fer veriyoruz. Sizlerin mutlulu\u011fu bizlerin ve Kuzey K\u0131br\u0131s T\u00fcrk Cumhuriyeti\u2019nin mutlulu\u011fudur\u201d dedi.<\/p>\n<p>\u00c7ocuklar\u0131n her zaman yan\u0131nda olduklar\u0131n\u0131 belirten Cumhurba\u015fkan\u0131 Tatar, e\u011fitim yan\u0131nda sosyal ileti\u015fim i\u00e7in spor ve di\u011fer faaliyetlerin \u00f6nemine vurgu yapt\u0131.<\/p>\n<p>Gelecekte \u00fclkeyi y\u00f6netecek \u00e7ocuklara g\u00fcvendi\u011fini dile getiren Cumhurba\u015fkan\u0131 Tatar, \u00e7ocuklar\u0131n sosyal ileti\u015fiminin geli\u015fmesinin \u00fclkenin geli\u015fmesine katk\u0131da bulunulaca\u011f\u0131n\u0131 kaydetti.<\/p>\n<p>Konu\u015fmas\u0131n\u0131 ard\u0131ndan Cumhurba\u015fkan\u0131 Tatar, \u015fenli\u011fe kat\u0131lan okullar\u0131n \u00f6\u011frencilerin kupa ve madalyalar\u0131n\u0131 takdim etti.<\/p>\n<\/p><\/div>\n<p><script async\n                    defer\n                    crossorigin=\"anonymous\"\n                    src=\"https:\/\/connect.facebook.net\/tr_TR\/sdk.js#xfbml=1&#038;version=v3.3\"\n            ><\/script><\/p>\n","protected":false},"excerpt":{"rendered":"<p>Cumhurba\u015fkan\u0131 Ersin Tatar, Girne B\u00f6lgesi\u2019nden 9 ilkokulun kat\u0131l\u0131m\u0131yla ger\u00e7ekle\u015fen 2. Merit \u0130lkokullararas\u0131 Futbol \u015eenli\u011fi\u2019nin kupa ve madalya t\u00f6renine kat\u0131ld\u0131. Karaoglanoglu Orhan Dural Stadyumu\u2019nda ger\u00e7ekle\u015fen etkinlikte konu\u015fan Cumhurba\u015fkan\u0131 Ersin Tatar, spor faaliyetlerinde \u00e7ocuklar\u0131n bir araya gelmesinin \u00f6nemine dikkat \u00e7ekerek, \u015fenli\u011fe kat\u0131lan ve m\u00fccadele eden \u00e7ocuklar\u0131 tebrik ederek, ba\u015far\u0131lar diledi. Organizasyonu d\u00fczenleyenlere te\u015fekk\u00fcr eden Cumhurba\u015fkan\u0131 Tatar, \u201c\u00c7ocuklar\u0131<\/p>\n","protected":false},"author":1,"featured_media":79391,"comment_status":"open","ping_status":"open","sticky":false,"template":"","format":"standard","meta":{"footnotes":""},"categories":[81,101],"tags":[],"class_list":["post-79390","post","type-post","status-publish","format-standard","has-post-thumbnail","hentry","category-kibris","category-manset"],"yoast_head":"<!-- This site is optimized with the Yoast SEO plugin v27.5 - https:\/\/yoast.com\/product\/yoast-seo-wordpress\/ -->\n<title>Cumhurba\u015fkan\u0131 Tatar, 2. Merit \u0130lkokullararas\u0131 Futbol \u015eenli\u011fi\u2019ne kat\u0131lan \u00f6\u011frencilere kupa ve madalyalar\u0131n\u0131 takdim etti -<\/title>\n<meta name=\"robots\" content=\"index, follow, max-snippet:-1, max-image-preview:large, max-video-preview:-1\" \/>\n<link rel=\"canonical\" href=\"https:\/\/kibrisdakik.com\/?p=79390\" \/>\n<meta property=\"og:locale\" content=\"tr_TR\" \/>\n<meta property=\"og:type\" content=\"article\" \/>\n<meta property=\"og:title\" content=\"Cumhurba\u015fkan\u0131 Tatar, 2. Merit \u0130lkokullararas\u0131 Futbol \u015eenli\u011fi\u2019ne kat\u0131lan \u00f6\u011frencilere kupa ve madalyalar\u0131n\u0131 takdim etti -\" \/>\n<meta property=\"og:description\" content=\"Cumhurba\u015fkan\u0131 Ersin Tatar, Girne B\u00f6lgesi\u2019nden 9 ilkokulun kat\u0131l\u0131m\u0131yla ger\u00e7ekle\u015fen 2. Merit \u0130lkokullararas\u0131 Futbol \u015eenli\u011fi\u2019nin kupa ve madalya t\u00f6renine kat\u0131ld\u0131. Karaoglanoglu Orhan Dural Stadyumu\u2019nda ger\u00e7ekle\u015fen etkinlikte konu\u015fan Cumhurba\u015fkan\u0131 Ersin Tatar, spor faaliyetlerinde \u00e7ocuklar\u0131n bir araya gelmesinin \u00f6nemine dikkat \u00e7ekerek, \u015fenli\u011fe kat\u0131lan ve m\u00fccadele eden \u00e7ocuklar\u0131 tebrik ederek, ba\u015far\u0131lar diledi. Organizasyonu d\u00fczenleyenlere te\u015fekk\u00fcr eden Cumhurba\u015fkan\u0131 Tatar, \u201c\u00c7ocuklar\u0131\" \/>\n<meta property=\"og:url\" content=\"https:\/\/kibrisdakik.com\/?p=79390\" \/>\n<meta property=\"article:published_time\" content=\"2025-04-03T13:34:01+00:00\" \/>\n<meta property=\"og:image\" content=\"https:\/\/kibrisdakik.com\/wp-content\/uploads\/2025\/04\/Screenshot_20250403_163533_X-740x420.jpg\" \/>\n\t<meta property=\"og:image:width\" content=\"1080\" \/>\n\t<meta property=\"og:image:height\" content=\"570\" \/>\n\t<meta property=\"og:image:type\" content=\"image\/jpeg\" \/>\n<meta name=\"author\" content=\"admin\" \/>\n<meta name=\"twitter:card\" content=\"summary_large_image\" \/>\n<meta name=\"twitter:label1\" content=\"Yazan:\" \/>\n\t<meta name=\"twitter:data1\" content=\"admin\" \/>\n\t<meta name=\"twitter:label2\" content=\"Tahmini okuma s\u00fcresi\" \/>\n\t<meta name=\"twitter:data2\" content=\"1 dakika\" \/>\n<script type=\"application\/ld+json\" class=\"yoast-schema-graph\">{\"@context\":\"https:\\\/\\\/schema.org\",\"@graph\":[{\"@type\":\"Article\",\"@id\":\"https:\\\/\\\/kibrisdakik.com\\\/?p=79390#article\",\"isPartOf\":{\"@id\":\"https:\\\/\\\/kibrisdakik.com\\\/?p=79390\"},\"author\":{\"name\":\"admin\",\"@id\":\"https:\\\/\\\/kibrisdakik.com\\\/#\\\/schema\\\/person\\\/9cd9d437bbb44f72b73ba127e06d8e79\"},\"headline\":\"Cumhurba\u015fkan\u0131 Tatar, 2. Merit \u0130lkokullararas\u0131 Futbol \u015eenli\u011fi\u2019ne kat\u0131lan \u00f6\u011frencilere kupa ve madalyalar\u0131n\u0131 takdim etti\",\"datePublished\":\"2025-04-03T13:34:01+00:00\",\"mainEntityOfPage\":{\"@id\":\"https:\\\/\\\/kibrisdakik.com\\\/?p=79390\"},\"wordCount\":197,\"commentCount\":0,\"image\":{\"@id\":\"https:\\\/\\\/kibrisdakik.com\\\/?p=79390#primaryimage\"},\"thumbnailUrl\":\"https:\\\/\\\/kibrisdakik.com\\\/wp-content\\\/uploads\\\/2025\\\/04\\\/Screenshot_20250403_163533_X-740x420.jpg\",\"articleSection\":[\"K\u0131br\u0131s\",\"Man\u015fet\"],\"inLanguage\":\"tr\",\"potentialAction\":[{\"@type\":\"CommentAction\",\"name\":\"Comment\",\"target\":[\"https:\\\/\\\/kibrisdakik.com\\\/?p=79390#respond\"]}]},{\"@type\":\"WebPage\",\"@id\":\"https:\\\/\\\/kibrisdakik.com\\\/?p=79390\",\"url\":\"https:\\\/\\\/kibrisdakik.com\\\/?p=79390\",\"name\":\"Cumhurba\u015fkan\u0131 Tatar, 2. Merit \u0130lkokullararas\u0131 Futbol \u015eenli\u011fi\u2019ne kat\u0131lan \u00f6\u011frencilere kupa ve madalyalar\u0131n\u0131 takdim etti -\",\"isPartOf\":{\"@id\":\"https:\\\/\\\/kibrisdakik.com\\\/#website\"},\"primaryImageOfPage\":{\"@id\":\"https:\\\/\\\/kibrisdakik.com\\\/?p=79390#primaryimage\"},\"image\":{\"@id\":\"https:\\\/\\\/kibrisdakik.com\\\/?p=79390#primaryimage\"},\"thumbnailUrl\":\"https:\\\/\\\/kibrisdakik.com\\\/wp-content\\\/uploads\\\/2025\\\/04\\\/Screenshot_20250403_163533_X-740x420.jpg\",\"datePublished\":\"2025-04-03T13:34:01+00:00\",\"author\":{\"@id\":\"https:\\\/\\\/kibrisdakik.com\\\/#\\\/schema\\\/person\\\/9cd9d437bbb44f72b73ba127e06d8e79\"},\"breadcrumb\":{\"@id\":\"https:\\\/\\\/kibrisdakik.com\\\/?p=79390#breadcrumb\"},\"inLanguage\":\"tr\",\"potentialAction\":[{\"@type\":\"ReadAction\",\"target\":[\"https:\\\/\\\/kibrisdakik.com\\\/?p=79390\"]}]},{\"@type\":\"ImageObject\",\"inLanguage\":\"tr\",\"@id\":\"https:\\\/\\\/kibrisdakik.com\\\/?p=79390#primaryimage\",\"url\":\"https:\\\/\\\/kibrisdakik.com\\\/wp-content\\\/uploads\\\/2025\\\/04\\\/Screenshot_20250403_163533_X-740x420.jpg\",\"contentUrl\":\"https:\\\/\\\/kibrisdakik.com\\\/wp-content\\\/uploads\\\/2025\\\/04\\\/Screenshot_20250403_163533_X-740x420.jpg\",\"width\":1080,\"height\":570},{\"@type\":\"BreadcrumbList\",\"@id\":\"https:\\\/\\\/kibrisdakik.com\\\/?p=79390#breadcrumb\",\"itemListElement\":[{\"@type\":\"ListItem\",\"position\":1,\"name\":\"Home\",\"item\":\"https:\\\/\\\/kibrisdakik.com\\\/\"},{\"@type\":\"ListItem\",\"position\":2,\"name\":\"Cumhurba\u015fkan\u0131 Tatar, 2. Merit \u0130lkokullararas\u0131 Futbol \u015eenli\u011fi\u2019ne kat\u0131lan \u00f6\u011frencilere kupa ve madalyalar\u0131n\u0131 takdim etti\"}]},{\"@type\":\"WebSite\",\"@id\":\"https:\\\/\\\/kibrisdakik.com\\\/#website\",\"url\":\"https:\\\/\\\/kibrisdakik.com\\\/\",\"name\":\"\",\"description\":\"Tam vaktinde haber\",\"potentialAction\":[{\"@type\":\"SearchAction\",\"target\":{\"@type\":\"EntryPoint\",\"urlTemplate\":\"https:\\\/\\\/kibrisdakik.com\\\/?s={search_term_string}\"},\"query-input\":{\"@type\":\"PropertyValueSpecification\",\"valueRequired\":true,\"valueName\":\"search_term_string\"}}],\"inLanguage\":\"tr\"},{\"@type\":\"Person\",\"@id\":\"https:\\\/\\\/kibrisdakik.com\\\/#\\\/schema\\\/person\\\/9cd9d437bbb44f72b73ba127e06d8e79\",\"name\":\"admin\",\"image\":{\"@type\":\"ImageObject\",\"inLanguage\":\"tr\",\"@id\":\"https:\\\/\\\/secure.gravatar.com\\\/avatar\\\/ccc17943b9d660506c869530f897617f7cb1c21a4bf30023f252596d83e1f007?s=96&d=mm&r=g\",\"url\":\"https:\\\/\\\/secure.gravatar.com\\\/avatar\\\/ccc17943b9d660506c869530f897617f7cb1c21a4bf30023f252596d83e1f007?s=96&d=mm&r=g\",\"contentUrl\":\"https:\\\/\\\/secure.gravatar.com\\\/avatar\\\/ccc17943b9d660506c869530f897617f7cb1c21a4bf30023f252596d83e1f007?s=96&d=mm&r=g\",\"caption\":\"admin\"},\"sameAs\":[\"https:\\\/\\\/kibrisdakik.com\"],\"url\":\"https:\\\/\\\/kibrisdakik.com\\\/?author=1\"}]}<\/script>\n<!-- \/ Yoast SEO plugin. -->","yoast_head_json":{"title":"Cumhurba\u015fkan\u0131 Tatar, 2. Merit \u0130lkokullararas\u0131 Futbol \u015eenli\u011fi\u2019ne kat\u0131lan \u00f6\u011frencilere kupa ve madalyalar\u0131n\u0131 takdim etti -","robots":{"index":"index","follow":"follow","max-snippet":"max-snippet:-1","max-image-preview":"max-image-preview:large","max-video-preview":"max-video-preview:-1"},"canonical":"https:\/\/kibrisdakik.com\/?p=79390","og_locale":"tr_TR","og_type":"article","og_title":"Cumhurba\u015fkan\u0131 Tatar, 2. Merit \u0130lkokullararas\u0131 Futbol \u015eenli\u011fi\u2019ne kat\u0131lan \u00f6\u011frencilere kupa ve madalyalar\u0131n\u0131 takdim etti -","og_description":"Cumhurba\u015fkan\u0131 Ersin Tatar, Girne B\u00f6lgesi\u2019nden 9 ilkokulun kat\u0131l\u0131m\u0131yla ger\u00e7ekle\u015fen 2. Merit \u0130lkokullararas\u0131 Futbol \u015eenli\u011fi\u2019nin kupa ve madalya t\u00f6renine kat\u0131ld\u0131. Karaoglanoglu Orhan Dural Stadyumu\u2019nda ger\u00e7ekle\u015fen etkinlikte konu\u015fan Cumhurba\u015fkan\u0131 Ersin Tatar, spor faaliyetlerinde \u00e7ocuklar\u0131n bir araya gelmesinin \u00f6nemine dikkat \u00e7ekerek, \u015fenli\u011fe kat\u0131lan ve m\u00fccadele eden \u00e7ocuklar\u0131 tebrik ederek, ba\u015far\u0131lar diledi. Organizasyonu d\u00fczenleyenlere te\u015fekk\u00fcr eden Cumhurba\u015fkan\u0131 Tatar, \u201c\u00c7ocuklar\u0131","og_url":"https:\/\/kibrisdakik.com\/?p=79390","article_published_time":"2025-04-03T13:34:01+00:00","og_image":[{"width":1080,"height":570,"url":"https:\/\/kibrisdakik.com\/wp-content\/uploads\/2025\/04\/Screenshot_20250403_163533_X-740x420.jpg","type":"image\/jpeg"}],"author":"admin","twitter_card":"summary_large_image","twitter_misc":{"Yazan:":"admin","Tahmini okuma s\u00fcresi":"1 dakika"},"schema":{"@context":"https:\/\/schema.org","@graph":[{"@type":"Article","@id":"https:\/\/kibrisdakik.com\/?p=79390#article","isPartOf":{"@id":"https:\/\/kibrisdakik.com\/?p=79390"},"author":{"name":"admin","@id":"https:\/\/kibrisdakik.com\/#\/schema\/person\/9cd9d437bbb44f72b73ba127e06d8e79"},"headline":"Cumhurba\u015fkan\u0131 Tatar, 2. Merit \u0130lkokullararas\u0131 Futbol \u015eenli\u011fi\u2019ne kat\u0131lan \u00f6\u011frencilere kupa ve madalyalar\u0131n\u0131 takdim etti","datePublished":"2025-04-03T13:34:01+00:00","mainEntityOfPage":{"@id":"https:\/\/kibrisdakik.com\/?p=79390"},"wordCount":197,"commentCount":0,"image":{"@id":"https:\/\/kibrisdakik.com\/?p=79390#primaryimage"},"thumbnailUrl":"https:\/\/kibrisdakik.com\/wp-content\/uploads\/2025\/04\/Screenshot_20250403_163533_X-740x420.jpg","articleSection":["K\u0131br\u0131s","Man\u015fet"],"inLanguage":"tr","potentialAction":[{"@type":"CommentAction","name":"Comment","target":["https:\/\/kibrisdakik.com\/?p=79390#respond"]}]},{"@type":"WebPage","@id":"https:\/\/kibrisdakik.com\/?p=79390","url":"https:\/\/kibrisdakik.com\/?p=79390","name":"Cumhurba\u015fkan\u0131 Tatar, 2. Merit \u0130lkokullararas\u0131 Futbol \u015eenli\u011fi\u2019ne kat\u0131lan \u00f6\u011frencilere kupa ve madalyalar\u0131n\u0131 takdim etti -","isPartOf":{"@id":"https:\/\/kibrisdakik.com\/#website"},"primaryImageOfPage":{"@id":"https:\/\/kibrisdakik.com\/?p=79390#primaryimage"},"image":{"@id":"https:\/\/kibrisdakik.com\/?p=79390#primaryimage"},"thumbnailUrl":"https:\/\/kibrisdakik.com\/wp-content\/uploads\/2025\/04\/Screenshot_20250403_163533_X-740x420.jpg","datePublished":"2025-04-03T13:34:01+00:00","author":{"@id":"https:\/\/kibrisdakik.com\/#\/schema\/person\/9cd9d437bbb44f72b73ba127e06d8e79"},"breadcrumb":{"@id":"https:\/\/kibrisdakik.com\/?p=79390#breadcrumb"},"inLanguage":"tr","potentialAction":[{"@type":"ReadAction","target":["https:\/\/kibrisdakik.com\/?p=79390"]}]},{"@type":"ImageObject","inLanguage":"tr","@id":"https:\/\/kibrisdakik.com\/?p=79390#primaryimage","url":"https:\/\/kibrisdakik.com\/wp-content\/uploads\/2025\/04\/Screenshot_20250403_163533_X-740x420.jpg","contentUrl":"https:\/\/kibrisdakik.com\/wp-content\/uploads\/2025\/04\/Screenshot_20250403_163533_X-740x420.jpg","width":1080,"height":570},{"@type":"BreadcrumbList","@id":"https:\/\/kibrisdakik.com\/?p=79390#breadcrumb","itemListElement":[{"@type":"ListItem","position":1,"name":"Home","item":"https:\/\/kibrisdakik.com\/"},{"@type":"ListItem","position":2,"name":"Cumhurba\u015fkan\u0131 Tatar, 2. Merit \u0130lkokullararas\u0131 Futbol \u015eenli\u011fi\u2019ne kat\u0131lan \u00f6\u011frencilere kupa ve madalyalar\u0131n\u0131 takdim etti"}]},{"@type":"WebSite","@id":"https:\/\/kibrisdakik.com\/#website","url":"https:\/\/kibrisdakik.com\/","name":"","description":"Tam vaktinde haber","potentialAction":[{"@type":"SearchAction","target":{"@type":"EntryPoint","urlTemplate":"https:\/\/kibrisdakik.com\/?s={search_term_string}"},"query-input":{"@type":"PropertyValueSpecification","valueRequired":true,"valueName":"search_term_string"}}],"inLanguage":"tr"},{"@type":"Person","@id":"https:\/\/kibrisdakik.com\/#\/schema\/person\/9cd9d437bbb44f72b73ba127e06d8e79","name":"admin","image":{"@type":"ImageObject","inLanguage":"tr","@id":"https:\/\/secure.gravatar.com\/avatar\/ccc17943b9d660506c869530f897617f7cb1c21a4bf30023f252596d83e1f007?s=96&d=mm&r=g","url":"https:\/\/secure.gravatar.com\/avatar\/ccc17943b9d660506c869530f897617f7cb1c21a4bf30023f252596d83e1f007?s=96&d=mm&r=g","contentUrl":"https:\/\/secure.gravatar.com\/avatar\/ccc17943b9d660506c869530f897617f7cb1c21a4bf30023f252596d83e1f007?s=96&d=mm&r=g","caption":"admin"},"sameAs":["https:\/\/kibrisdakik.com"],"url":"https:\/\/kibrisdakik.com\/?author=1"}]}},"_links":{"self":[{"href":"https:\/\/kibrisdakik.com\/index.php?rest_route=\/wp\/v2\/posts\/79390","targetHints":{"allow":["GET"]}}],"collection":[{"href":"https:\/\/kibrisdakik.com\/index.php?rest_route=\/wp\/v2\/posts"}],"about":[{"href":"https:\/\/kibrisdakik.com\/index.php?rest_route=\/wp\/v2\/types\/post"}],"author":[{"embeddable":true,"href":"https:\/\/kibrisdakik.com\/index.php?rest_route=\/wp\/v2\/users\/1"}],"replies":[{"embeddable":true,"href":"https:\/\/kibrisdakik.com\/index.php?rest_route=%2Fwp%2Fv2%2Fcomments&post=79390"}],"version-history":[{"count":0,"href":"https:\/\/kibrisdakik.com\/index.php?rest_route=\/wp\/v2\/posts\/79390\/revisions"}],"wp:featuredmedia":[{"embeddable":true,"href":"https:\/\/kibrisdakik.com\/index.php?rest_route=\/wp\/v2\/media\/79391"}],"wp:attachment":[{"href":"https:\/\/kibrisdakik.com\/index.php?rest_route=%2Fwp%2Fv2%2Fmedia&parent=79390"}],"wp:term":[{"taxonomy":"category","embeddable":true,"href":"https:\/\/kibrisdakik.com\/index.php?rest_route=%2Fwp%2Fv2%2Fcategories&post=79390"},{"taxonomy":"post_tag","embeddable":true,"href":"https:\/\/kibrisdakik.com\/index.php?rest_route=%2Fwp%2Fv2%2Ftags&post=79390"}],"curies":[{"name":"wp","href":"https:\/\/api.w.org\/{rel}","templated":true}]}}