{"id":79417,"date":"2025-04-03T20:55:52","date_gmt":"2025-04-03T17:55:52","guid":{"rendered":"https:\/\/kibrisdakik.com\/index.php\/2025\/04\/03\/cumhurbaskanliginda-istisare-toplantisi-gerceklestirildi\/"},"modified":"2025-04-03T20:55:52","modified_gmt":"2025-04-03T17:55:52","slug":"cumhurbaskanliginda-istisare-toplantisi-gerceklestirildi","status":"publish","type":"post","link":"https:\/\/kibrisdakik.com\/?p=79417","title":{"rendered":"Cumhurba\u015fkanl\u0131\u011f\u0131\u2019nda isti\u015fare toplant\u0131s\u0131 ger\u00e7ekle\u015ftirildi"},"content":{"rendered":"<div>\n<div class=\"mariselle-image-container center\">\n                                            <\/div>\n<p>Cumhurba\u015fkan\u0131 Ersin Tatar Ba\u015fkanl\u0131\u011f\u0131nda, Cumhurba\u015fkanl\u0131\u011f\u0131 Saray\u0131\u2019nda\u00a0 10 Nisan\u2019da TC Cumhurba\u015fkan\u0131 Yard\u0131mc\u0131s\u0131 Cevdet Y\u0131lmaz\u2019\u0131n adaya yapaca\u011f\u0131 ziyaret, Teknofest ve in\u015faas\u0131 tamamlanmak \u00fczere olan Cumhurba\u015fkanl\u0131\u011f\u0131 ve Meclis Yerle\u015fkelerinin durumuna y\u00f6nelik bir isti\u015fare toplant\u0131s\u0131 ger\u00e7ekle\u015ftirildi.<\/p>\n<p>Ba\u015fbakan \u00dcnal \u00dcstel, Ba\u015fbakan Yard\u0131mc\u0131s\u0131,Turizm, K\u00fclt\u00fcr, Gen\u00e7lik ve \u00c7evre Bakan\u0131 Fikri Atao\u011flu ile T\u00fcrkiye Cumhuriyeti Lefko\u015fa B\u00fcy\u00fckel\u00e7isi Ali Murat Ba\u015f\u00e7eri\u2019nin kat\u0131ld\u0131\u011f\u0131 toplant\u0131da Teknofest \u00f6ncesi KKTC\u2019yi ziyaret edecek olan TC Cumhurba\u015fkan\u0131 Yard\u0131mc\u0131s\u0131 Cevdet Y\u0131lmaz\u2019\u0131n ziyareti, KKTC Cumhurba\u015fkanl\u0131\u011f\u0131 himayesinde yap\u0131lacak olan Teknofest ve in\u015faas\u0131 tamamlanmak \u00fczere olan KKTC Cumhurba\u015fkanl\u0131\u011f\u0131 ve KKTC Meclisi yerle\u015fkelerinde gelinen son durum hakk\u0131nda bilgi al\u0131\u015fveri\u015finde bulunuldu.<\/p>\n<p>Cumhurba\u015fkan\u0131 Ersin Tatar, konu ile ilgili yapm\u0131\u015f oldu\u011fu a\u00e7\u0131klamada,\u00a0 Kuzey K\u0131br\u0131s T\u00fcrk Cumhuriyeti\u2019nde ilk defa organize edilecek olan Teknofest\u2019in b\u00fcy\u00fck heyecan yaratt\u0131\u011f\u0131n\u0131 ve bu etkinli\u011fin \u00fclkemizde yap\u0131lacak olmas\u0131ndan dolay\u0131 duymu\u015f oldu\u011fu mutlulu\u011fu dile getirerek, Cumhurba\u015fkanl\u0131\u011f\u0131 ve Meclis binalar\u0131n\u0131n ise tamamlanma ve ta\u015f\u0131nma a\u015famas\u0131na geldi\u011fini ifade etti. Hem Teknofesti \u00fclkemize getirme kararl\u0131l\u0131\u011f\u0131 g\u00f6steren T3 Vakf\u0131 ve Sel\u00e7uk Bayraktar\u2019a hem de b\u00fcy\u00fck bir h\u0131zla \u00fclkemize kazand\u0131r\u0131lan Cumburba\u015fkanl\u0131\u011f\u0131 ve Meclis binalar\u0131 ile Millet bah\u00e7esinin talimat\u0131n\u0131 veren TC Cumhurba\u015fkan\u0131 Recep Tayyip Erdo\u011fan ile t\u00fcm yetkili ve \u00e7al\u0131\u015fanlara te\u015fekk\u00fcrlerini ileten Cumhurba\u015fkan\u0131 Tatar, Yarg\u0131 binas\u0131n\u0131n da h\u0131zla devam etti\u011fini s\u00f6yledi.<\/p>\n<p>S\u00f6zkonusu haz\u0131rl\u0131k toplant\u0131s\u0131 hakk\u0131nda birka\u00e7 bas\u0131n organ\u0131nda \u00e7\u0131kanlar\u0131n g\u00fcncel baz\u0131 geli\u015fmelerle ili\u015fkilerdirilmesinin tamamen hayal \u00fcr\u00fcn\u00fc oldu\u011funu ve ger\u00e7eklerle bir ilgisi olmad\u0131\u011f\u0131n\u0131 da ifade eden Cumhurba\u015fkan\u0131 Ersin Tatar, y\u00fcr\u00fctmenin h\u00fck\u00fcmetin uhdesinde oldu\u011funu ve en do\u011fru karar\u0131n bakanlar kurulu tafaf\u0131ndan verilece\u011fine olan inanc\u0131n\u0131 dile getirdi.<\/p>\n<\/p><\/div>\n<p><script async\n                    defer\n                    crossorigin=\"anonymous\"\n                    src=\"https:\/\/connect.facebook.net\/tr_TR\/sdk.js#xfbml=1&#038;version=v3.3\"\n            ><\/script><\/p>\n","protected":false},"excerpt":{"rendered":"<p>Cumhurba\u015fkan\u0131 Ersin Tatar Ba\u015fkanl\u0131\u011f\u0131nda, Cumhurba\u015fkanl\u0131\u011f\u0131 Saray\u0131\u2019nda\u00a0 10 Nisan\u2019da TC Cumhurba\u015fkan\u0131 Yard\u0131mc\u0131s\u0131 Cevdet Y\u0131lmaz\u2019\u0131n adaya yapaca\u011f\u0131 ziyaret, Teknofest ve in\u015faas\u0131 tamamlanmak \u00fczere olan Cumhurba\u015fkanl\u0131\u011f\u0131 ve Meclis Yerle\u015fkelerinin durumuna y\u00f6nelik bir isti\u015fare toplant\u0131s\u0131 ger\u00e7ekle\u015ftirildi. Ba\u015fbakan \u00dcnal \u00dcstel, Ba\u015fbakan Yard\u0131mc\u0131s\u0131,Turizm, K\u00fclt\u00fcr, Gen\u00e7lik ve \u00c7evre Bakan\u0131 Fikri Atao\u011flu ile T\u00fcrkiye Cumhuriyeti Lefko\u015fa B\u00fcy\u00fckel\u00e7isi Ali Murat Ba\u015f\u00e7eri\u2019nin kat\u0131ld\u0131\u011f\u0131 toplant\u0131da Teknofest<\/p>\n","protected":false},"author":1,"featured_media":79418,"comment_status":"open","ping_status":"open","sticky":false,"template":"","format":"standard","meta":{"footnotes":""},"categories":[81,101],"tags":[],"class_list":["post-79417","post","type-post","status-publish","format-standard","has-post-thumbnail","hentry","category-kibris","category-manset"],"yoast_head":"<!-- This site is optimized with the Yoast SEO plugin v27.4 - https:\/\/yoast.com\/product\/yoast-seo-wordpress\/ -->\n<title>Cumhurba\u015fkanl\u0131\u011f\u0131\u2019nda isti\u015fare toplant\u0131s\u0131 ger\u00e7ekle\u015ftirildi -<\/title>\n<meta name=\"robots\" content=\"index, follow, max-snippet:-1, max-image-preview:large, max-video-preview:-1\" \/>\n<link rel=\"canonical\" href=\"https:\/\/kibrisdakik.com\/?p=79417\" \/>\n<meta property=\"og:locale\" content=\"tr_TR\" \/>\n<meta property=\"og:type\" content=\"article\" \/>\n<meta property=\"og:title\" content=\"Cumhurba\u015fkanl\u0131\u011f\u0131\u2019nda isti\u015fare toplant\u0131s\u0131 ger\u00e7ekle\u015ftirildi -\" \/>\n<meta property=\"og:description\" content=\"Cumhurba\u015fkan\u0131 Ersin Tatar Ba\u015fkanl\u0131\u011f\u0131nda, Cumhurba\u015fkanl\u0131\u011f\u0131 Saray\u0131\u2019nda\u00a0 10 Nisan\u2019da TC Cumhurba\u015fkan\u0131 Yard\u0131mc\u0131s\u0131 Cevdet Y\u0131lmaz\u2019\u0131n adaya yapaca\u011f\u0131 ziyaret, Teknofest ve in\u015faas\u0131 tamamlanmak \u00fczere olan Cumhurba\u015fkanl\u0131\u011f\u0131 ve Meclis Yerle\u015fkelerinin durumuna y\u00f6nelik bir isti\u015fare toplant\u0131s\u0131 ger\u00e7ekle\u015ftirildi. Ba\u015fbakan \u00dcnal \u00dcstel, Ba\u015fbakan Yard\u0131mc\u0131s\u0131,Turizm, K\u00fclt\u00fcr, Gen\u00e7lik ve \u00c7evre Bakan\u0131 Fikri Atao\u011flu ile T\u00fcrkiye Cumhuriyeti Lefko\u015fa B\u00fcy\u00fckel\u00e7isi Ali Murat Ba\u015f\u00e7eri\u2019nin kat\u0131ld\u0131\u011f\u0131 toplant\u0131da Teknofest\" \/>\n<meta property=\"og:url\" content=\"https:\/\/kibrisdakik.com\/?p=79417\" \/>\n<meta property=\"article:published_time\" content=\"2025-04-03T17:55:52+00:00\" \/>\n<meta property=\"og:image\" content=\"https:\/\/kibrisdakik.com\/wp-content\/uploads\/2025\/04\/1741091410927TATAR-KARAR-740x400.jpg\" \/>\n\t<meta property=\"og:image:width\" content=\"805\" \/>\n\t<meta property=\"og:image:height\" content=\"400\" \/>\n\t<meta property=\"og:image:type\" content=\"image\/jpeg\" \/>\n<meta name=\"author\" content=\"admin\" \/>\n<meta name=\"twitter:card\" content=\"summary_large_image\" \/>\n<meta name=\"twitter:label1\" content=\"Yazan:\" \/>\n\t<meta name=\"twitter:data1\" content=\"admin\" \/>\n\t<meta name=\"twitter:label2\" content=\"Tahmini okuma s\u00fcresi\" \/>\n\t<meta name=\"twitter:data2\" content=\"2 dakika\" \/>\n<script type=\"application\/ld+json\" class=\"yoast-schema-graph\">{\"@context\":\"https:\\\/\\\/schema.org\",\"@graph\":[{\"@type\":\"Article\",\"@id\":\"https:\\\/\\\/kibrisdakik.com\\\/?p=79417#article\",\"isPartOf\":{\"@id\":\"https:\\\/\\\/kibrisdakik.com\\\/?p=79417\"},\"author\":{\"name\":\"admin\",\"@id\":\"https:\\\/\\\/kibrisdakik.com\\\/#\\\/schema\\\/person\\\/9cd9d437bbb44f72b73ba127e06d8e79\"},\"headline\":\"Cumhurba\u015fkanl\u0131\u011f\u0131\u2019nda isti\u015fare toplant\u0131s\u0131 ger\u00e7ekle\u015ftirildi\",\"datePublished\":\"2025-04-03T17:55:52+00:00\",\"mainEntityOfPage\":{\"@id\":\"https:\\\/\\\/kibrisdakik.com\\\/?p=79417\"},\"wordCount\":360,\"commentCount\":0,\"image\":{\"@id\":\"https:\\\/\\\/kibrisdakik.com\\\/?p=79417#primaryimage\"},\"thumbnailUrl\":\"https:\\\/\\\/kibrisdakik.com\\\/wp-content\\\/uploads\\\/2025\\\/04\\\/1741091410927TATAR-KARAR-740x400.jpg\",\"articleSection\":[\"K\u0131br\u0131s\",\"Man\u015fet\"],\"inLanguage\":\"tr\",\"potentialAction\":[{\"@type\":\"CommentAction\",\"name\":\"Comment\",\"target\":[\"https:\\\/\\\/kibrisdakik.com\\\/?p=79417#respond\"]}]},{\"@type\":\"WebPage\",\"@id\":\"https:\\\/\\\/kibrisdakik.com\\\/?p=79417\",\"url\":\"https:\\\/\\\/kibrisdakik.com\\\/?p=79417\",\"name\":\"Cumhurba\u015fkanl\u0131\u011f\u0131\u2019nda isti\u015fare toplant\u0131s\u0131 ger\u00e7ekle\u015ftirildi -\",\"isPartOf\":{\"@id\":\"https:\\\/\\\/kibrisdakik.com\\\/#website\"},\"primaryImageOfPage\":{\"@id\":\"https:\\\/\\\/kibrisdakik.com\\\/?p=79417#primaryimage\"},\"image\":{\"@id\":\"https:\\\/\\\/kibrisdakik.com\\\/?p=79417#primaryimage\"},\"thumbnailUrl\":\"https:\\\/\\\/kibrisdakik.com\\\/wp-content\\\/uploads\\\/2025\\\/04\\\/1741091410927TATAR-KARAR-740x400.jpg\",\"datePublished\":\"2025-04-03T17:55:52+00:00\",\"author\":{\"@id\":\"https:\\\/\\\/kibrisdakik.com\\\/#\\\/schema\\\/person\\\/9cd9d437bbb44f72b73ba127e06d8e79\"},\"breadcrumb\":{\"@id\":\"https:\\\/\\\/kibrisdakik.com\\\/?p=79417#breadcrumb\"},\"inLanguage\":\"tr\",\"potentialAction\":[{\"@type\":\"ReadAction\",\"target\":[\"https:\\\/\\\/kibrisdakik.com\\\/?p=79417\"]}]},{\"@type\":\"ImageObject\",\"inLanguage\":\"tr\",\"@id\":\"https:\\\/\\\/kibrisdakik.com\\\/?p=79417#primaryimage\",\"url\":\"https:\\\/\\\/kibrisdakik.com\\\/wp-content\\\/uploads\\\/2025\\\/04\\\/1741091410927TATAR-KARAR-740x400.jpg\",\"contentUrl\":\"https:\\\/\\\/kibrisdakik.com\\\/wp-content\\\/uploads\\\/2025\\\/04\\\/1741091410927TATAR-KARAR-740x400.jpg\",\"width\":805,\"height\":400},{\"@type\":\"BreadcrumbList\",\"@id\":\"https:\\\/\\\/kibrisdakik.com\\\/?p=79417#breadcrumb\",\"itemListElement\":[{\"@type\":\"ListItem\",\"position\":1,\"name\":\"Home\",\"item\":\"https:\\\/\\\/kibrisdakik.com\\\/\"},{\"@type\":\"ListItem\",\"position\":2,\"name\":\"Cumhurba\u015fkanl\u0131\u011f\u0131\u2019nda isti\u015fare toplant\u0131s\u0131 ger\u00e7ekle\u015ftirildi\"}]},{\"@type\":\"WebSite\",\"@id\":\"https:\\\/\\\/kibrisdakik.com\\\/#website\",\"url\":\"https:\\\/\\\/kibrisdakik.com\\\/\",\"name\":\"\",\"description\":\"Tam vaktinde haber\",\"potentialAction\":[{\"@type\":\"SearchAction\",\"target\":{\"@type\":\"EntryPoint\",\"urlTemplate\":\"https:\\\/\\\/kibrisdakik.com\\\/?s={search_term_string}\"},\"query-input\":{\"@type\":\"PropertyValueSpecification\",\"valueRequired\":true,\"valueName\":\"search_term_string\"}}],\"inLanguage\":\"tr\"},{\"@type\":\"Person\",\"@id\":\"https:\\\/\\\/kibrisdakik.com\\\/#\\\/schema\\\/person\\\/9cd9d437bbb44f72b73ba127e06d8e79\",\"name\":\"admin\",\"image\":{\"@type\":\"ImageObject\",\"inLanguage\":\"tr\",\"@id\":\"https:\\\/\\\/secure.gravatar.com\\\/avatar\\\/ccc17943b9d660506c869530f897617f7cb1c21a4bf30023f252596d83e1f007?s=96&d=mm&r=g\",\"url\":\"https:\\\/\\\/secure.gravatar.com\\\/avatar\\\/ccc17943b9d660506c869530f897617f7cb1c21a4bf30023f252596d83e1f007?s=96&d=mm&r=g\",\"contentUrl\":\"https:\\\/\\\/secure.gravatar.com\\\/avatar\\\/ccc17943b9d660506c869530f897617f7cb1c21a4bf30023f252596d83e1f007?s=96&d=mm&r=g\",\"caption\":\"admin\"},\"sameAs\":[\"https:\\\/\\\/kibrisdakik.com\"],\"url\":\"https:\\\/\\\/kibrisdakik.com\\\/?author=1\"}]}<\/script>\n<!-- \/ Yoast SEO plugin. -->","yoast_head_json":{"title":"Cumhurba\u015fkanl\u0131\u011f\u0131\u2019nda isti\u015fare toplant\u0131s\u0131 ger\u00e7ekle\u015ftirildi -","robots":{"index":"index","follow":"follow","max-snippet":"max-snippet:-1","max-image-preview":"max-image-preview:large","max-video-preview":"max-video-preview:-1"},"canonical":"https:\/\/kibrisdakik.com\/?p=79417","og_locale":"tr_TR","og_type":"article","og_title":"Cumhurba\u015fkanl\u0131\u011f\u0131\u2019nda isti\u015fare toplant\u0131s\u0131 ger\u00e7ekle\u015ftirildi -","og_description":"Cumhurba\u015fkan\u0131 Ersin Tatar Ba\u015fkanl\u0131\u011f\u0131nda, Cumhurba\u015fkanl\u0131\u011f\u0131 Saray\u0131\u2019nda\u00a0 10 Nisan\u2019da TC Cumhurba\u015fkan\u0131 Yard\u0131mc\u0131s\u0131 Cevdet Y\u0131lmaz\u2019\u0131n adaya yapaca\u011f\u0131 ziyaret, Teknofest ve in\u015faas\u0131 tamamlanmak \u00fczere olan Cumhurba\u015fkanl\u0131\u011f\u0131 ve Meclis Yerle\u015fkelerinin durumuna y\u00f6nelik bir isti\u015fare toplant\u0131s\u0131 ger\u00e7ekle\u015ftirildi. Ba\u015fbakan \u00dcnal \u00dcstel, Ba\u015fbakan Yard\u0131mc\u0131s\u0131,Turizm, K\u00fclt\u00fcr, Gen\u00e7lik ve \u00c7evre Bakan\u0131 Fikri Atao\u011flu ile T\u00fcrkiye Cumhuriyeti Lefko\u015fa B\u00fcy\u00fckel\u00e7isi Ali Murat Ba\u015f\u00e7eri\u2019nin kat\u0131ld\u0131\u011f\u0131 toplant\u0131da Teknofest","og_url":"https:\/\/kibrisdakik.com\/?p=79417","article_published_time":"2025-04-03T17:55:52+00:00","og_image":[{"width":805,"height":400,"url":"https:\/\/kibrisdakik.com\/wp-content\/uploads\/2025\/04\/1741091410927TATAR-KARAR-740x400.jpg","type":"image\/jpeg"}],"author":"admin","twitter_card":"summary_large_image","twitter_misc":{"Yazan:":"admin","Tahmini okuma s\u00fcresi":"2 dakika"},"schema":{"@context":"https:\/\/schema.org","@graph":[{"@type":"Article","@id":"https:\/\/kibrisdakik.com\/?p=79417#article","isPartOf":{"@id":"https:\/\/kibrisdakik.com\/?p=79417"},"author":{"name":"admin","@id":"https:\/\/kibrisdakik.com\/#\/schema\/person\/9cd9d437bbb44f72b73ba127e06d8e79"},"headline":"Cumhurba\u015fkanl\u0131\u011f\u0131\u2019nda isti\u015fare toplant\u0131s\u0131 ger\u00e7ekle\u015ftirildi","datePublished":"2025-04-03T17:55:52+00:00","mainEntityOfPage":{"@id":"https:\/\/kibrisdakik.com\/?p=79417"},"wordCount":360,"commentCount":0,"image":{"@id":"https:\/\/kibrisdakik.com\/?p=79417#primaryimage"},"thumbnailUrl":"https:\/\/kibrisdakik.com\/wp-content\/uploads\/2025\/04\/1741091410927TATAR-KARAR-740x400.jpg","articleSection":["K\u0131br\u0131s","Man\u015fet"],"inLanguage":"tr","potentialAction":[{"@type":"CommentAction","name":"Comment","target":["https:\/\/kibrisdakik.com\/?p=79417#respond"]}]},{"@type":"WebPage","@id":"https:\/\/kibrisdakik.com\/?p=79417","url":"https:\/\/kibrisdakik.com\/?p=79417","name":"Cumhurba\u015fkanl\u0131\u011f\u0131\u2019nda isti\u015fare toplant\u0131s\u0131 ger\u00e7ekle\u015ftirildi -","isPartOf":{"@id":"https:\/\/kibrisdakik.com\/#website"},"primaryImageOfPage":{"@id":"https:\/\/kibrisdakik.com\/?p=79417#primaryimage"},"image":{"@id":"https:\/\/kibrisdakik.com\/?p=79417#primaryimage"},"thumbnailUrl":"https:\/\/kibrisdakik.com\/wp-content\/uploads\/2025\/04\/1741091410927TATAR-KARAR-740x400.jpg","datePublished":"2025-04-03T17:55:52+00:00","author":{"@id":"https:\/\/kibrisdakik.com\/#\/schema\/person\/9cd9d437bbb44f72b73ba127e06d8e79"},"breadcrumb":{"@id":"https:\/\/kibrisdakik.com\/?p=79417#breadcrumb"},"inLanguage":"tr","potentialAction":[{"@type":"ReadAction","target":["https:\/\/kibrisdakik.com\/?p=79417"]}]},{"@type":"ImageObject","inLanguage":"tr","@id":"https:\/\/kibrisdakik.com\/?p=79417#primaryimage","url":"https:\/\/kibrisdakik.com\/wp-content\/uploads\/2025\/04\/1741091410927TATAR-KARAR-740x400.jpg","contentUrl":"https:\/\/kibrisdakik.com\/wp-content\/uploads\/2025\/04\/1741091410927TATAR-KARAR-740x400.jpg","width":805,"height":400},{"@type":"BreadcrumbList","@id":"https:\/\/kibrisdakik.com\/?p=79417#breadcrumb","itemListElement":[{"@type":"ListItem","position":1,"name":"Home","item":"https:\/\/kibrisdakik.com\/"},{"@type":"ListItem","position":2,"name":"Cumhurba\u015fkanl\u0131\u011f\u0131\u2019nda isti\u015fare toplant\u0131s\u0131 ger\u00e7ekle\u015ftirildi"}]},{"@type":"WebSite","@id":"https:\/\/kibrisdakik.com\/#website","url":"https:\/\/kibrisdakik.com\/","name":"","description":"Tam vaktinde haber","potentialAction":[{"@type":"SearchAction","target":{"@type":"EntryPoint","urlTemplate":"https:\/\/kibrisdakik.com\/?s={search_term_string}"},"query-input":{"@type":"PropertyValueSpecification","valueRequired":true,"valueName":"search_term_string"}}],"inLanguage":"tr"},{"@type":"Person","@id":"https:\/\/kibrisdakik.com\/#\/schema\/person\/9cd9d437bbb44f72b73ba127e06d8e79","name":"admin","image":{"@type":"ImageObject","inLanguage":"tr","@id":"https:\/\/secure.gravatar.com\/avatar\/ccc17943b9d660506c869530f897617f7cb1c21a4bf30023f252596d83e1f007?s=96&d=mm&r=g","url":"https:\/\/secure.gravatar.com\/avatar\/ccc17943b9d660506c869530f897617f7cb1c21a4bf30023f252596d83e1f007?s=96&d=mm&r=g","contentUrl":"https:\/\/secure.gravatar.com\/avatar\/ccc17943b9d660506c869530f897617f7cb1c21a4bf30023f252596d83e1f007?s=96&d=mm&r=g","caption":"admin"},"sameAs":["https:\/\/kibrisdakik.com"],"url":"https:\/\/kibrisdakik.com\/?author=1"}]}},"_links":{"self":[{"href":"https:\/\/kibrisdakik.com\/index.php?rest_route=\/wp\/v2\/posts\/79417","targetHints":{"allow":["GET"]}}],"collection":[{"href":"https:\/\/kibrisdakik.com\/index.php?rest_route=\/wp\/v2\/posts"}],"about":[{"href":"https:\/\/kibrisdakik.com\/index.php?rest_route=\/wp\/v2\/types\/post"}],"author":[{"embeddable":true,"href":"https:\/\/kibrisdakik.com\/index.php?rest_route=\/wp\/v2\/users\/1"}],"replies":[{"embeddable":true,"href":"https:\/\/kibrisdakik.com\/index.php?rest_route=%2Fwp%2Fv2%2Fcomments&post=79417"}],"version-history":[{"count":0,"href":"https:\/\/kibrisdakik.com\/index.php?rest_route=\/wp\/v2\/posts\/79417\/revisions"}],"wp:featuredmedia":[{"embeddable":true,"href":"https:\/\/kibrisdakik.com\/index.php?rest_route=\/wp\/v2\/media\/79418"}],"wp:attachment":[{"href":"https:\/\/kibrisdakik.com\/index.php?rest_route=%2Fwp%2Fv2%2Fmedia&parent=79417"}],"wp:term":[{"taxonomy":"category","embeddable":true,"href":"https:\/\/kibrisdakik.com\/index.php?rest_route=%2Fwp%2Fv2%2Fcategories&post=79417"},{"taxonomy":"post_tag","embeddable":true,"href":"https:\/\/kibrisdakik.com\/index.php?rest_route=%2Fwp%2Fv2%2Ftags&post=79417"}],"curies":[{"name":"wp","href":"https:\/\/api.w.org\/{rel}","templated":true}]}}